{"id":96914,"date":"2023-12-26T18:23:56","date_gmt":"2023-12-26T18:23:56","guid":{"rendered":"https:\/\/www.noticiasradioreflejos.com.ar\/2021\/?p=96914"},"modified":"2023-12-26T18:24:52","modified_gmt":"2023-12-26T18:24:52","slug":"crisis-de-agua-en-villa-lo-vamos-a-solucionar-lo-antes-posible","status":"publish","type":"post","link":"https:\/\/www.noticiasradioreflejos.com.ar\/2021\/crisis-de-agua-en-villa-lo-vamos-a-solucionar-lo-antes-posible\/","title":{"rendered":"Crisis de agua en Villa: \u201clo vamos a solucionar lo antes posible\u201d"},"content":{"rendered":"<p>La delegada Florencia Testa brind\u00f3 detalles de las acciones que se llevan adelante en la localidad para volver a contar con un servicio de agua funcional. \u201cEl proveedor de nuestro proveedor a puertas cerradas nos est\u00e1 armando el motor\u201d asegur\u00f3.<!--more--><\/p>\n<p>En di\u00e1logo con<strong> Celt TV<\/strong> la delegada de Villa Ventana,<strong> Florenica Testa<\/strong>, coment\u00f3 los trabajos que se est\u00e1n llevando adelante, buscando palear la dura situaci\u00f3n con el servicio de agua que atraviesa esa localidad.<\/p>\n<p><a href=\"https:\/\/www.noticiasradioreflejos.com.ar\/2021\/villa-ventana-vecinos-prestadores-y-turistas-reclamaron-por-la-falta-de-agu\/vecinos-villa-ventana\/\" rel=\"attachment wp-att-96879\"><img loading=\"lazy\" decoding=\"async\" class=\"aligncenter size-full wp-image-96879\" src=\"https:\/\/www.noticiasradioreflejos.com.ar\/2021\/wp-content\/uploads\/2023\/12\/Vecinos-Villa-Ventana.jpg\" alt=\"\" width=\"1024\" height=\"683\" \/><\/a><\/p>\n<p>Al respecto afirm\u00f3 que \u201cno es que no tomemos cartas en el asunto, intentamos ser previsores pero los fen\u00f3menos clim\u00e1ticos nos sobrepasan a todos. Comparto la preocupaci\u00f3n de los vecinos, lo que a veces no comparto son las formas\u201d.<\/p>\n<p>En esa l\u00ednea y tras reunirse con algunos locales confirm\u00f3 que \u201cse acordaron en conjunto las medidas paliativas. Algunas cosas que solicitaron quedaron por escrito. Ah\u00ed se plasmaron las medidas paliativas sino que ellos solicitaron algunas cosas, como la copia del expediente de adquisici\u00f3n de la bomba, que quedara por escrito la comunicaci\u00f3n entre Municipio y ADA y dem\u00e1s cuestiones\u201d.<\/p>\n<p>Sobre lo ocurrido mencion\u00f3 que \u201cel sistema de bombeo, extracci\u00f3n y rebombeo de agua es funcional a un consumo racional y concientizado. La situaci\u00f3n de hoy es excepcional. Se intent\u00f3 prever una bomba de repuesto peor lastimosamente tuvimos en el medio fen\u00f3menos clim\u00e1ticos que nos sobrepasaron. Lamentablemente llegamos tarde pese a que la previsi\u00f3n inicial estuvo\u201d.<\/p>\n<p>Aunque resalt\u00f3 que \u201cahora hay paliativos, como un apoyo a la cisterna local con camiones de otras localidades. Desde la semana pasada se est\u00e1n llenando tanques domiciliarios, que eso tambi\u00e9n es importante tenerlo en cuenta. Desde la crisis de a\u00f1os atr\u00e1s se habla de la obligatoriedad de tener reservorios domiciliarios, y a\u00fan hoy hay gente que no tiene\u201d.<\/p>\n<p>De la misma forma que cont\u00f3 que \u201cen paralelo, la poca presi\u00f3n de la red hace que muchos domicilios con reservorios no puedan llenar los tanques, por eso los camiones de refuerzo que estamos teniendo\u201d.<\/p>\n<p>En otro pasaje de la charla enfatiz\u00f3 que \u201ctenemos la intenci\u00f3n de solucionarlo lo antes posible. Se probaron todas las alternativas posibles. La bomba es de una especificidad absoluta, de hecho probamos con otra bomba y no funcion\u00f3. El proveedor de nuestro proveedor a puertas cerradas nos est\u00e1 armando el motor con estas especificidades\u201d.<\/p>\n<p>Por \u00faltimo se puso del lado de los vecinos, recalcando que \u201cno quedo ajena a esta realidad. Soy local. Paso lo mismo. Quiz\u00e1s la experiencia y vivir ac\u00e1 hace mucho tiempo, hace que sea m\u00e1s previsora con el reservorio y una bomba presurizadora de apoyo. Entiendo que no todos tienen las mismas posibilidades y por eso buscamos ser emp\u00e1ticos\u201d.<\/p>\n<p>&nbsp;<\/p>\n<p><iframe loading=\"lazy\" src=\"https:\/\/w.soundcloud.com\/player\/?url=https%3A\/\/api.soundcloud.com\/tracks\/1700001462&amp;color=%23ff5500&amp;auto_play=false&amp;hide_related=false&amp;show_comments=true&amp;show_user=true&amp;show_reposts=false&amp;show_teaser=true\" width=\"100%\" height=\"166\" frameborder=\"no\" scrolling=\"no\"><\/iframe><\/p>\n<div style=\"font-size: 10px; color: #cccccc; line-break: anywhere; word-break: normal; overflow: hidden; white-space: nowrap; text-overflow: ellipsis; font-family: Interstate,Lucida Grande,Lucida Sans Unicode,Lucida Sans,Garuda,Verdana,Tahoma,sans-serif; font-weight: 100;\"><a style=\"color: #cccccc; text-decoration: none;\" title=\"fmreflejos 103.7\" href=\"https:\/\/soundcloud.com\/fmreflejos-103-7\" target=\"_blank\" rel=\"noopener\">fmreflejos 103.7<\/a> \u00b7 <a style=\"color: #cccccc; text-decoration: none;\" title=\"FLORENCIA TESTA (128 Kbps)\" href=\"https:\/\/soundcloud.com\/fmreflejos-103-7\/florencia-testa-128-kbps\" target=\"_blank\" rel=\"noopener\">FLORENCIA TESTA (128 Kbps)<\/a><\/div>\n","protected":false},"excerpt":{"rendered":"<p>La delegada Florencia Testa brind\u00f3 detalles de las acciones que se llevan adelante en la localidad para volver a contar con un servicio de agua funcional. \u201cEl proveedor de nuestro proveedor a puertas cerradas nos est\u00e1 armando el motor\u201d asegur\u00f3.<\/p>\n","protected":false},"author":3,"featured_media":0,"comment_status":"closed","ping_status":"closed","sticky":false,"template":"","format":"standard","meta":{"footnotes":""},"categories":[28],"tags":[48],"class_list":["post-96914","post","type-post","status-publish","format-standard","hentry","category-municipales","tag-destacada"],"yoast_head":"<!-- This site is optimized with the Yoast SEO plugin v25.9 - https:\/\/yoast.com\/wordpress\/plugins\/seo\/ -->\n<title>Crisis de agua en Villa: \u201clo vamos a solucionar lo antes posible\u201d - Noticias Radio Reflejos<\/title>\n<meta name=\"robots\" content=\"index, follow, max-snippet:-1, max-image-preview:large, max-video-preview:-1\" \/>\n<link rel=\"canonical\" href=\"https:\/\/www.noticiasradioreflejos.com.ar\/2021\/crisis-de-agua-en-villa-lo-vamos-a-solucionar-lo-antes-posible\/\" \/>\n<meta property=\"og:locale\" content=\"es_ES\" \/>\n<meta property=\"og:type\" content=\"article\" \/>\n<meta property=\"og:title\" content=\"Crisis de agua en Villa: \u201clo vamos a solucionar lo antes posible\u201d - Noticias Radio Reflejos\" \/>\n<meta property=\"og:description\" content=\"La delegada Florencia Testa brind\u00f3 detalles de las acciones que se llevan adelante en la localidad para volver a contar con un servicio de agua funcional. \u201cEl proveedor de nuestro proveedor a puertas cerradas nos est\u00e1 armando el motor\u201d asegur\u00f3.\" \/>\n<meta property=\"og:url\" content=\"https:\/\/www.noticiasradioreflejos.com.ar\/2021\/crisis-de-agua-en-villa-lo-vamos-a-solucionar-lo-antes-posible\/\" \/>\n<meta property=\"og:site_name\" content=\"Noticias Radio Reflejos\" \/>\n<meta property=\"article:published_time\" content=\"2023-12-26T18:23:56+00:00\" \/>\n<meta property=\"article:modified_time\" content=\"2023-12-26T18:24:52+00:00\" \/>\n<meta property=\"og:image\" content=\"https:\/\/www.noticiasradioreflejos.com.ar\/2021\/wp-content\/uploads\/2023\/12\/Vecinos-Villa-Ventana.jpg\" \/>\n<meta name=\"author\" content=\"Arnaldo Botto\" \/>\n<meta name=\"twitter:card\" content=\"summary_large_image\" \/>\n<script type=\"application\/ld+json\" class=\"yoast-schema-graph\">{\"@context\":\"https:\/\/schema.org\",\"@graph\":[{\"@type\":\"WebPage\",\"@id\":\"https:\/\/www.noticiasradioreflejos.com.ar\/2021\/crisis-de-agua-en-villa-lo-vamos-a-solucionar-lo-antes-posible\/\",\"url\":\"https:\/\/www.noticiasradioreflejos.com.ar\/2021\/crisis-de-agua-en-villa-lo-vamos-a-solucionar-lo-antes-posible\/\",\"name\":\"Crisis de agua en Villa: \u201clo vamos a solucionar lo antes posible\u201d - Noticias Radio Reflejos\",\"isPartOf\":{\"@id\":\"https:\/\/www.noticiasradioreflejos.com.ar\/2021\/#website\"},\"primaryImageOfPage\":{\"@id\":\"https:\/\/www.noticiasradioreflejos.com.ar\/2021\/crisis-de-agua-en-villa-lo-vamos-a-solucionar-lo-antes-posible\/#primaryimage\"},\"image\":{\"@id\":\"https:\/\/www.noticiasradioreflejos.com.ar\/2021\/crisis-de-agua-en-villa-lo-vamos-a-solucionar-lo-antes-posible\/#primaryimage\"},\"thumbnailUrl\":\"https:\/\/www.noticiasradioreflejos.com.ar\/2021\/wp-content\/uploads\/2023\/12\/Vecinos-Villa-Ventana.jpg\",\"datePublished\":\"2023-12-26T18:23:56+00:00\",\"dateModified\":\"2023-12-26T18:24:52+00:00\",\"author\":{\"@id\":\"https:\/\/www.noticiasradioreflejos.com.ar\/2021\/#\/schema\/person\/ad82545263dcc5ec0996818884fd5fb1\"},\"breadcrumb\":{\"@id\":\"https:\/\/www.noticiasradioreflejos.com.ar\/2021\/crisis-de-agua-en-villa-lo-vamos-a-solucionar-lo-antes-posible\/#breadcrumb\"},\"inLanguage\":\"es\",\"potentialAction\":[{\"@type\":\"ReadAction\",\"target\":[\"https:\/\/www.noticiasradioreflejos.com.ar\/2021\/crisis-de-agua-en-villa-lo-vamos-a-solucionar-lo-antes-posible\/\"]}]},{\"@type\":\"ImageObject\",\"inLanguage\":\"es\",\"@id\":\"https:\/\/www.noticiasradioreflejos.com.ar\/2021\/crisis-de-agua-en-villa-lo-vamos-a-solucionar-lo-antes-posible\/#primaryimage\",\"url\":\"\",\"contentUrl\":\"\"},{\"@type\":\"BreadcrumbList\",\"@id\":\"https:\/\/www.noticiasradioreflejos.com.ar\/2021\/crisis-de-agua-en-villa-lo-vamos-a-solucionar-lo-antes-posible\/#breadcrumb\",\"itemListElement\":[{\"@type\":\"ListItem\",\"position\":1,\"name\":\"Portada\",\"item\":\"https:\/\/www.noticiasradioreflejos.com.ar\/2021\/\"},{\"@type\":\"ListItem\",\"position\":2,\"name\":\"Crisis de agua en Villa: \u201clo vamos a solucionar lo antes posible\u201d\"}]},{\"@type\":\"WebSite\",\"@id\":\"https:\/\/www.noticiasradioreflejos.com.ar\/2021\/#website\",\"url\":\"https:\/\/www.noticiasradioreflejos.com.ar\/2021\/\",\"name\":\"Noticias Radio Reflejos\",\"description\":\"Las noticias de mi comarca\",\"potentialAction\":[{\"@type\":\"SearchAction\",\"target\":{\"@type\":\"EntryPoint\",\"urlTemplate\":\"https:\/\/www.noticiasradioreflejos.com.ar\/2021\/?s={search_term_string}\"},\"query-input\":{\"@type\":\"PropertyValueSpecification\",\"valueRequired\":true,\"valueName\":\"search_term_string\"}}],\"inLanguage\":\"es\"},{\"@type\":\"Person\",\"@id\":\"https:\/\/www.noticiasradioreflejos.com.ar\/2021\/#\/schema\/person\/ad82545263dcc5ec0996818884fd5fb1\",\"name\":\"Arnaldo Botto\",\"image\":{\"@type\":\"ImageObject\",\"inLanguage\":\"es\",\"@id\":\"https:\/\/www.noticiasradioreflejos.com.ar\/2021\/#\/schema\/person\/image\/\",\"url\":\"https:\/\/secure.gravatar.com\/avatar\/55cb5e37c1efa326397366e6974cb338056df65cb50e7d64d1cf314e87504837?s=96&d=mm&r=g\",\"contentUrl\":\"https:\/\/secure.gravatar.com\/avatar\/55cb5e37c1efa326397366e6974cb338056df65cb50e7d64d1cf314e87504837?s=96&d=mm&r=g\",\"caption\":\"Arnaldo Botto\"},\"url\":\"https:\/\/www.noticiasradioreflejos.com.ar\/2021\/author\/arnaldo\/\"}]}<\/script>\n<!-- \/ Yoast SEO plugin. -->","yoast_head_json":{"title":"Crisis de agua en Villa: \u201clo vamos a solucionar lo antes posible\u201d - Noticias Radio Reflejos","robots":{"index":"index","follow":"follow","max-snippet":"max-snippet:-1","max-image-preview":"max-image-preview:large","max-video-preview":"max-video-preview:-1"},"canonical":"https:\/\/www.noticiasradioreflejos.com.ar\/2021\/crisis-de-agua-en-villa-lo-vamos-a-solucionar-lo-antes-posible\/","og_locale":"es_ES","og_type":"article","og_title":"Crisis de agua en Villa: \u201clo vamos a solucionar lo antes posible\u201d - Noticias Radio Reflejos","og_description":"La delegada Florencia Testa brind\u00f3 detalles de las acciones que se llevan adelante en la localidad para volver a contar con un servicio de agua funcional. \u201cEl proveedor de nuestro proveedor a puertas cerradas nos est\u00e1 armando el motor\u201d asegur\u00f3.","og_url":"https:\/\/www.noticiasradioreflejos.com.ar\/2021\/crisis-de-agua-en-villa-lo-vamos-a-solucionar-lo-antes-posible\/","og_site_name":"Noticias Radio Reflejos","article_published_time":"2023-12-26T18:23:56+00:00","article_modified_time":"2023-12-26T18:24:52+00:00","og_image":[{"url":"https:\/\/www.noticiasradioreflejos.com.ar\/2021\/wp-content\/uploads\/2023\/12\/Vecinos-Villa-Ventana.jpg","type":"","width":"","height":""}],"author":"Arnaldo Botto","twitter_card":"summary_large_image","schema":{"@context":"https:\/\/schema.org","@graph":[{"@type":"WebPage","@id":"https:\/\/www.noticiasradioreflejos.com.ar\/2021\/crisis-de-agua-en-villa-lo-vamos-a-solucionar-lo-antes-posible\/","url":"https:\/\/www.noticiasradioreflejos.com.ar\/2021\/crisis-de-agua-en-villa-lo-vamos-a-solucionar-lo-antes-posible\/","name":"Crisis de agua en Villa: \u201clo vamos a solucionar lo antes posible\u201d - Noticias Radio Reflejos","isPartOf":{"@id":"https:\/\/www.noticiasradioreflejos.com.ar\/2021\/#website"},"primaryImageOfPage":{"@id":"https:\/\/www.noticiasradioreflejos.com.ar\/2021\/crisis-de-agua-en-villa-lo-vamos-a-solucionar-lo-antes-posible\/#primaryimage"},"image":{"@id":"https:\/\/www.noticiasradioreflejos.com.ar\/2021\/crisis-de-agua-en-villa-lo-vamos-a-solucionar-lo-antes-posible\/#primaryimage"},"thumbnailUrl":"https:\/\/www.noticiasradioreflejos.com.ar\/2021\/wp-content\/uploads\/2023\/12\/Vecinos-Villa-Ventana.jpg","datePublished":"2023-12-26T18:23:56+00:00","dateModified":"2023-12-26T18:24:52+00:00","author":{"@id":"https:\/\/www.noticiasradioreflejos.com.ar\/2021\/#\/schema\/person\/ad82545263dcc5ec0996818884fd5fb1"},"breadcrumb":{"@id":"https:\/\/www.noticiasradioreflejos.com.ar\/2021\/crisis-de-agua-en-villa-lo-vamos-a-solucionar-lo-antes-posible\/#breadcrumb"},"inLanguage":"es","potentialAction":[{"@type":"ReadAction","target":["https:\/\/www.noticiasradioreflejos.com.ar\/2021\/crisis-de-agua-en-villa-lo-vamos-a-solucionar-lo-antes-posible\/"]}]},{"@type":"ImageObject","inLanguage":"es","@id":"https:\/\/www.noticiasradioreflejos.com.ar\/2021\/crisis-de-agua-en-villa-lo-vamos-a-solucionar-lo-antes-posible\/#primaryimage","url":"","contentUrl":""},{"@type":"BreadcrumbList","@id":"https:\/\/www.noticiasradioreflejos.com.ar\/2021\/crisis-de-agua-en-villa-lo-vamos-a-solucionar-lo-antes-posible\/#breadcrumb","itemListElement":[{"@type":"ListItem","position":1,"name":"Portada","item":"https:\/\/www.noticiasradioreflejos.com.ar\/2021\/"},{"@type":"ListItem","position":2,"name":"Crisis de agua en Villa: \u201clo vamos a solucionar lo antes posible\u201d"}]},{"@type":"WebSite","@id":"https:\/\/www.noticiasradioreflejos.com.ar\/2021\/#website","url":"https:\/\/www.noticiasradioreflejos.com.ar\/2021\/","name":"Noticias Radio Reflejos","description":"Las noticias de mi comarca","potentialAction":[{"@type":"SearchAction","target":{"@type":"EntryPoint","urlTemplate":"https:\/\/www.noticiasradioreflejos.com.ar\/2021\/?s={search_term_string}"},"query-input":{"@type":"PropertyValueSpecification","valueRequired":true,"valueName":"search_term_string"}}],"inLanguage":"es"},{"@type":"Person","@id":"https:\/\/www.noticiasradioreflejos.com.ar\/2021\/#\/schema\/person\/ad82545263dcc5ec0996818884fd5fb1","name":"Arnaldo Botto","image":{"@type":"ImageObject","inLanguage":"es","@id":"https:\/\/www.noticiasradioreflejos.com.ar\/2021\/#\/schema\/person\/image\/","url":"https:\/\/secure.gravatar.com\/avatar\/55cb5e37c1efa326397366e6974cb338056df65cb50e7d64d1cf314e87504837?s=96&d=mm&r=g","contentUrl":"https:\/\/secure.gravatar.com\/avatar\/55cb5e37c1efa326397366e6974cb338056df65cb50e7d64d1cf314e87504837?s=96&d=mm&r=g","caption":"Arnaldo Botto"},"url":"https:\/\/www.noticiasradioreflejos.com.ar\/2021\/author\/arnaldo\/"}]}},"_links":{"self":[{"href":"https:\/\/www.noticiasradioreflejos.com.ar\/2021\/wp-json\/wp\/v2\/posts\/96914","targetHints":{"allow":["GET"]}}],"collection":[{"href":"https:\/\/www.noticiasradioreflejos.com.ar\/2021\/wp-json\/wp\/v2\/posts"}],"about":[{"href":"https:\/\/www.noticiasradioreflejos.com.ar\/2021\/wp-json\/wp\/v2\/types\/post"}],"author":[{"embeddable":true,"href":"https:\/\/www.noticiasradioreflejos.com.ar\/2021\/wp-json\/wp\/v2\/users\/3"}],"replies":[{"embeddable":true,"href":"https:\/\/www.noticiasradioreflejos.com.ar\/2021\/wp-json\/wp\/v2\/comments?post=96914"}],"version-history":[{"count":3,"href":"https:\/\/www.noticiasradioreflejos.com.ar\/2021\/wp-json\/wp\/v2\/posts\/96914\/revisions"}],"predecessor-version":[{"id":96941,"href":"https:\/\/www.noticiasradioreflejos.com.ar\/2021\/wp-json\/wp\/v2\/posts\/96914\/revisions\/96941"}],"wp:attachment":[{"href":"https:\/\/www.noticiasradioreflejos.com.ar\/2021\/wp-json\/wp\/v2\/media?parent=96914"}],"wp:term":[{"taxonomy":"category","embeddable":true,"href":"https:\/\/www.noticiasradioreflejos.com.ar\/2021\/wp-json\/wp\/v2\/categories?post=96914"},{"taxonomy":"post_tag","embeddable":true,"href":"https:\/\/www.noticiasradioreflejos.com.ar\/2021\/wp-json\/wp\/v2\/tags?post=96914"}],"curies":[{"name":"wp","href":"https:\/\/api.w.org\/{rel}","templated":true}]}}