{"id":96841,"date":"2023-12-24T12:29:24","date_gmt":"2023-12-24T12:29:24","guid":{"rendered":"https:\/\/www.noticiasradioreflejos.com.ar\/2021\/?p=96841"},"modified":"2023-12-24T12:29:24","modified_gmt":"2023-12-24T12:29:24","slug":"cae-el-consumo-de-productos-estacionales-en-las-fiestas-de-fin-de-ano","status":"publish","type":"post","link":"https:\/\/www.noticiasradioreflejos.com.ar\/2021\/cae-el-consumo-de-productos-estacionales-en-las-fiestas-de-fin-de-ano\/","title":{"rendered":"Cae el consumo de productos estacionales en las fiestas de fin de a\u00f1o"},"content":{"rendered":"<p>Respecto del 2022, las ventas en la categor\u00eda \u201cchampagne y espumantes\u201d registraron una baja de 21% en noviembre, mientras que el proyectado de diciembre muestra una baja de 38%.<!--more--><\/p>\n<p>El consumo de productos estacionales para las Fiestas ha sufrido una disminuci\u00f3n considerable este a\u00f1o, seg\u00fan un relevamiento de Nextbyn, una empresa nacida en Rosario y especializada en software de distribuci\u00f3n de consumo masivo.<\/p>\n<p>En la categor\u00eda \u201cchampagne y espumantes\u201d, las ventas registraron una baja en ventas de 21% en noviembre, respecto del a\u00f1o pasado, mientras que el proyectado de diciembre muestra una baja de 38%.<\/p>\n<p>\u00abEn este \u00faltimo mes, notamos una baja notoria en el consumo de productos de lujo y estacionales\u00bb, afirm\u00f3 Aldana Tancredi, gerente comercial de Enro Distribuci\u00f3n, distribuidora de productos de consumo masivo de zona sur del GBA.<\/p>\n<p>\u00abMuchas reservas para las vacaciones de verano han sido canceladas en estos \u00faltimos d\u00edas\u201d<cite class=\"author\">Lorena Nonaka<\/cite><\/p>\n<p>En un contexto de inflaci\u00f3n creciente y constantes cambios de precios \u201ces fundamental que las empresas dedicadas a la comercializaci\u00f3n y distribuci\u00f3n de productos de consumo masivo cuenten con herramientas que les permitan efectivizar su gesti\u00f3n\u201d dice Elvio Cescato, CEO de Nextbyn.<\/p>\n<p>Entre estas herramientas est\u00e1n actualizar los precios de forma diaria, programar cambios de precios sin tener que hacerlo de forma manual, proveer a la fuerza de ventas informaci\u00f3n actualizada, contar con sugerencias de pedidos seg\u00fan los historiales de compra de sus clientes y cargar combos y promociones de forma masiva.<\/p>\n<p>Por otro lado, en el rubro gastron\u00f3mico fue una gran idea aliarse entre colegas para poder trabajar de manera cooperativa, como sucedi\u00f3 con los miembros del Club Gastro Japo, asociaci\u00f3n civil que re\u00fane a peque\u00f1os emprendedores gastron\u00f3micos especializados en comida japonesa.<\/p>\n<p><em>\u201cEstamos viendo una gran diferencia con respecto a los que fue el Fin de A\u00f1o de 2022; por ejemplo, las reservas para la cena de A\u00f1o Nuevo, a estas alturas de diciembre, ya ten\u00edamos casi todo el cupo completo, pero este a\u00f1o a\u00fan quedan bastantes mesas disponibles\u00bb, dice Lorena Nonaka, presidente del Club Gastro Japo.<\/em><\/p>\n<p><em>\u201cEstamos viendo una gran diferencia con respecto a los que fue el Fin de A\u00f1o de 2022. Las reservas para la cena de A\u00f1o Nuevo, a estas alturas de diciembre, ya ten\u00edamos casi todo el cupo completo, pero este a\u00f1o a\u00fan quedan bastantes mesas disponibles\u00bb<\/em><br \/>\n<em>Lorena Nonaka<\/em><\/p>\n<p>En cuanto a los h\u00e1bitos de consumo, \u00abse nota un ajuste en la gente; por ejemplo, en los pedidos de sushi, si bien siguen pidiendo, ha bajado la cantidad de piezas por persona; la gente ajusta la cantidad para poder \u2018darse un gusto\u2019 \u201d, agrega la tambi\u00e9n responsable de La Grulla, complejo vacacional en Chascom\u00fas.<\/p>\n<p>\u201cPasa lo mismo con el hospedaje que tenemos en nuestro complejo. Muchas reservas para las vacaciones de verano han sido canceladas en estos \u00faltimos d\u00edas\u201d, completa.<\/p>\n<p>En esta organizaci\u00f3n que empez\u00f3 con un grupo de WhatsApp pero que hoy ya conforman m\u00e1s de 80 socios, han aprendido a realizar compras grupales para reducir costos, gestionar un club de beneficios en supermercados del Barrio Chino, compartir datos de proveedores y organizar actividades conjuntas.<\/p>\n<p>\u201cEl consumo de sushi para &#8216;grupos&#8217; baj\u00f3 notoriamente; este fin de semana, a una semana de las Fiestas, tuvimos una baja del 45% en la cantidad de pedidos; ya no se ven los pedidos grandes como otros a\u00f1os adem\u00e1s de que todos los pagos son en tarjeta o usando promociones de apps\u00bb, concluye Nuria Rimoldi de Hoshi Sushi.<\/p>\n","protected":false},"excerpt":{"rendered":"<p>Respecto del 2022, las ventas en la categor\u00eda \u201cchampagne y espumantes\u201d registraron una baja de 21% en noviembre, mientras que el proyectado de diciembre muestra una baja de 38%.<\/p>\n","protected":false},"author":3,"featured_media":0,"comment_status":"closed","ping_status":"closed","sticky":false,"template":"","format":"standard","meta":{"footnotes":""},"categories":[36],"tags":[],"class_list":["post-96841","post","type-post","status-publish","format-standard","hentry","category-economia"],"yoast_head":"<!-- This site is optimized with the Yoast SEO plugin v25.9 - https:\/\/yoast.com\/wordpress\/plugins\/seo\/ -->\n<title>Cae el consumo de productos estacionales en las fiestas de fin de a\u00f1o - Noticias Radio Reflejos<\/title>\n<meta name=\"robots\" content=\"index, follow, max-snippet:-1, max-image-preview:large, max-video-preview:-1\" \/>\n<link rel=\"canonical\" href=\"https:\/\/www.noticiasradioreflejos.com.ar\/2021\/cae-el-consumo-de-productos-estacionales-en-las-fiestas-de-fin-de-ano\/\" \/>\n<meta property=\"og:locale\" content=\"es_ES\" \/>\n<meta property=\"og:type\" content=\"article\" \/>\n<meta property=\"og:title\" content=\"Cae el consumo de productos estacionales en las fiestas de fin de a\u00f1o - Noticias Radio Reflejos\" \/>\n<meta property=\"og:description\" content=\"Respecto del 2022, las ventas en la categor\u00eda \u201cchampagne y espumantes\u201d registraron una baja de 21% en noviembre, mientras que el proyectado de diciembre muestra una baja de 38%.\" \/>\n<meta property=\"og:url\" content=\"https:\/\/www.noticiasradioreflejos.com.ar\/2021\/cae-el-consumo-de-productos-estacionales-en-las-fiestas-de-fin-de-ano\/\" \/>\n<meta property=\"og:site_name\" content=\"Noticias Radio Reflejos\" \/>\n<meta property=\"article:published_time\" content=\"2023-12-24T12:29:24+00:00\" \/>\n<meta property=\"og:image\" content=\"https:\/\/www.noticiasradioreflejos.com.ar\/2021\/wp-content\/uploads\/2021\/07\/logosol300x200.png\" \/>\n\t<meta property=\"og:image:width\" content=\"300\" \/>\n\t<meta property=\"og:image:height\" content=\"200\" \/>\n\t<meta property=\"og:image:type\" content=\"image\/png\" \/>\n<meta name=\"author\" content=\"Arnaldo Botto\" \/>\n<meta name=\"twitter:card\" content=\"summary_large_image\" \/>\n<script type=\"application\/ld+json\" class=\"yoast-schema-graph\">{\"@context\":\"https:\/\/schema.org\",\"@graph\":[{\"@type\":\"WebPage\",\"@id\":\"https:\/\/www.noticiasradioreflejos.com.ar\/2021\/cae-el-consumo-de-productos-estacionales-en-las-fiestas-de-fin-de-ano\/\",\"url\":\"https:\/\/www.noticiasradioreflejos.com.ar\/2021\/cae-el-consumo-de-productos-estacionales-en-las-fiestas-de-fin-de-ano\/\",\"name\":\"Cae el consumo de productos estacionales en las fiestas de fin de a\u00f1o - Noticias Radio Reflejos\",\"isPartOf\":{\"@id\":\"https:\/\/www.noticiasradioreflejos.com.ar\/2021\/#website\"},\"datePublished\":\"2023-12-24T12:29:24+00:00\",\"author\":{\"@id\":\"https:\/\/www.noticiasradioreflejos.com.ar\/2021\/#\/schema\/person\/ad82545263dcc5ec0996818884fd5fb1\"},\"breadcrumb\":{\"@id\":\"https:\/\/www.noticiasradioreflejos.com.ar\/2021\/cae-el-consumo-de-productos-estacionales-en-las-fiestas-de-fin-de-ano\/#breadcrumb\"},\"inLanguage\":\"es\",\"potentialAction\":[{\"@type\":\"ReadAction\",\"target\":[\"https:\/\/www.noticiasradioreflejos.com.ar\/2021\/cae-el-consumo-de-productos-estacionales-en-las-fiestas-de-fin-de-ano\/\"]}]},{\"@type\":\"BreadcrumbList\",\"@id\":\"https:\/\/www.noticiasradioreflejos.com.ar\/2021\/cae-el-consumo-de-productos-estacionales-en-las-fiestas-de-fin-de-ano\/#breadcrumb\",\"itemListElement\":[{\"@type\":\"ListItem\",\"position\":1,\"name\":\"Portada\",\"item\":\"https:\/\/www.noticiasradioreflejos.com.ar\/2021\/\"},{\"@type\":\"ListItem\",\"position\":2,\"name\":\"Cae el consumo de productos estacionales en las fiestas de fin de a\u00f1o\"}]},{\"@type\":\"WebSite\",\"@id\":\"https:\/\/www.noticiasradioreflejos.com.ar\/2021\/#website\",\"url\":\"https:\/\/www.noticiasradioreflejos.com.ar\/2021\/\",\"name\":\"Noticias Radio Reflejos\",\"description\":\"Las noticias de mi comarca\",\"potentialAction\":[{\"@type\":\"SearchAction\",\"target\":{\"@type\":\"EntryPoint\",\"urlTemplate\":\"https:\/\/www.noticiasradioreflejos.com.ar\/2021\/?s={search_term_string}\"},\"query-input\":{\"@type\":\"PropertyValueSpecification\",\"valueRequired\":true,\"valueName\":\"search_term_string\"}}],\"inLanguage\":\"es\"},{\"@type\":\"Person\",\"@id\":\"https:\/\/www.noticiasradioreflejos.com.ar\/2021\/#\/schema\/person\/ad82545263dcc5ec0996818884fd5fb1\",\"name\":\"Arnaldo Botto\",\"image\":{\"@type\":\"ImageObject\",\"inLanguage\":\"es\",\"@id\":\"https:\/\/www.noticiasradioreflejos.com.ar\/2021\/#\/schema\/person\/image\/\",\"url\":\"https:\/\/secure.gravatar.com\/avatar\/55cb5e37c1efa326397366e6974cb338056df65cb50e7d64d1cf314e87504837?s=96&d=mm&r=g\",\"contentUrl\":\"https:\/\/secure.gravatar.com\/avatar\/55cb5e37c1efa326397366e6974cb338056df65cb50e7d64d1cf314e87504837?s=96&d=mm&r=g\",\"caption\":\"Arnaldo Botto\"},\"url\":\"https:\/\/www.noticiasradioreflejos.com.ar\/2021\/author\/arnaldo\/\"}]}<\/script>\n<!-- \/ Yoast SEO plugin. -->","yoast_head_json":{"title":"Cae el consumo de productos estacionales en las fiestas de fin de a\u00f1o - Noticias Radio Reflejos","robots":{"index":"index","follow":"follow","max-snippet":"max-snippet:-1","max-image-preview":"max-image-preview:large","max-video-preview":"max-video-preview:-1"},"canonical":"https:\/\/www.noticiasradioreflejos.com.ar\/2021\/cae-el-consumo-de-productos-estacionales-en-las-fiestas-de-fin-de-ano\/","og_locale":"es_ES","og_type":"article","og_title":"Cae el consumo de productos estacionales en las fiestas de fin de a\u00f1o - Noticias Radio Reflejos","og_description":"Respecto del 2022, las ventas en la categor\u00eda \u201cchampagne y espumantes\u201d registraron una baja de 21% en noviembre, mientras que el proyectado de diciembre muestra una baja de 38%.","og_url":"https:\/\/www.noticiasradioreflejos.com.ar\/2021\/cae-el-consumo-de-productos-estacionales-en-las-fiestas-de-fin-de-ano\/","og_site_name":"Noticias Radio Reflejos","article_published_time":"2023-12-24T12:29:24+00:00","og_image":[{"width":300,"height":200,"url":"https:\/\/www.noticiasradioreflejos.com.ar\/2021\/wp-content\/uploads\/2021\/07\/logosol300x200.png","type":"image\/png"}],"author":"Arnaldo Botto","twitter_card":"summary_large_image","schema":{"@context":"https:\/\/schema.org","@graph":[{"@type":"WebPage","@id":"https:\/\/www.noticiasradioreflejos.com.ar\/2021\/cae-el-consumo-de-productos-estacionales-en-las-fiestas-de-fin-de-ano\/","url":"https:\/\/www.noticiasradioreflejos.com.ar\/2021\/cae-el-consumo-de-productos-estacionales-en-las-fiestas-de-fin-de-ano\/","name":"Cae el consumo de productos estacionales en las fiestas de fin de a\u00f1o - Noticias Radio Reflejos","isPartOf":{"@id":"https:\/\/www.noticiasradioreflejos.com.ar\/2021\/#website"},"datePublished":"2023-12-24T12:29:24+00:00","author":{"@id":"https:\/\/www.noticiasradioreflejos.com.ar\/2021\/#\/schema\/person\/ad82545263dcc5ec0996818884fd5fb1"},"breadcrumb":{"@id":"https:\/\/www.noticiasradioreflejos.com.ar\/2021\/cae-el-consumo-de-productos-estacionales-en-las-fiestas-de-fin-de-ano\/#breadcrumb"},"inLanguage":"es","potentialAction":[{"@type":"ReadAction","target":["https:\/\/www.noticiasradioreflejos.com.ar\/2021\/cae-el-consumo-de-productos-estacionales-en-las-fiestas-de-fin-de-ano\/"]}]},{"@type":"BreadcrumbList","@id":"https:\/\/www.noticiasradioreflejos.com.ar\/2021\/cae-el-consumo-de-productos-estacionales-en-las-fiestas-de-fin-de-ano\/#breadcrumb","itemListElement":[{"@type":"ListItem","position":1,"name":"Portada","item":"https:\/\/www.noticiasradioreflejos.com.ar\/2021\/"},{"@type":"ListItem","position":2,"name":"Cae el consumo de productos estacionales en las fiestas de fin de a\u00f1o"}]},{"@type":"WebSite","@id":"https:\/\/www.noticiasradioreflejos.com.ar\/2021\/#website","url":"https:\/\/www.noticiasradioreflejos.com.ar\/2021\/","name":"Noticias Radio Reflejos","description":"Las noticias de mi comarca","potentialAction":[{"@type":"SearchAction","target":{"@type":"EntryPoint","urlTemplate":"https:\/\/www.noticiasradioreflejos.com.ar\/2021\/?s={search_term_string}"},"query-input":{"@type":"PropertyValueSpecification","valueRequired":true,"valueName":"search_term_string"}}],"inLanguage":"es"},{"@type":"Person","@id":"https:\/\/www.noticiasradioreflejos.com.ar\/2021\/#\/schema\/person\/ad82545263dcc5ec0996818884fd5fb1","name":"Arnaldo Botto","image":{"@type":"ImageObject","inLanguage":"es","@id":"https:\/\/www.noticiasradioreflejos.com.ar\/2021\/#\/schema\/person\/image\/","url":"https:\/\/secure.gravatar.com\/avatar\/55cb5e37c1efa326397366e6974cb338056df65cb50e7d64d1cf314e87504837?s=96&d=mm&r=g","contentUrl":"https:\/\/secure.gravatar.com\/avatar\/55cb5e37c1efa326397366e6974cb338056df65cb50e7d64d1cf314e87504837?s=96&d=mm&r=g","caption":"Arnaldo Botto"},"url":"https:\/\/www.noticiasradioreflejos.com.ar\/2021\/author\/arnaldo\/"}]}},"_links":{"self":[{"href":"https:\/\/www.noticiasradioreflejos.com.ar\/2021\/wp-json\/wp\/v2\/posts\/96841","targetHints":{"allow":["GET"]}}],"collection":[{"href":"https:\/\/www.noticiasradioreflejos.com.ar\/2021\/wp-json\/wp\/v2\/posts"}],"about":[{"href":"https:\/\/www.noticiasradioreflejos.com.ar\/2021\/wp-json\/wp\/v2\/types\/post"}],"author":[{"embeddable":true,"href":"https:\/\/www.noticiasradioreflejos.com.ar\/2021\/wp-json\/wp\/v2\/users\/3"}],"replies":[{"embeddable":true,"href":"https:\/\/www.noticiasradioreflejos.com.ar\/2021\/wp-json\/wp\/v2\/comments?post=96841"}],"version-history":[{"count":1,"href":"https:\/\/www.noticiasradioreflejos.com.ar\/2021\/wp-json\/wp\/v2\/posts\/96841\/revisions"}],"predecessor-version":[{"id":96843,"href":"https:\/\/www.noticiasradioreflejos.com.ar\/2021\/wp-json\/wp\/v2\/posts\/96841\/revisions\/96843"}],"wp:attachment":[{"href":"https:\/\/www.noticiasradioreflejos.com.ar\/2021\/wp-json\/wp\/v2\/media?parent=96841"}],"wp:term":[{"taxonomy":"category","embeddable":true,"href":"https:\/\/www.noticiasradioreflejos.com.ar\/2021\/wp-json\/wp\/v2\/categories?post=96841"},{"taxonomy":"post_tag","embeddable":true,"href":"https:\/\/www.noticiasradioreflejos.com.ar\/2021\/wp-json\/wp\/v2\/tags?post=96841"}],"curies":[{"name":"wp","href":"https:\/\/api.w.org\/{rel}","templated":true}]}}