{"id":96838,"date":"2023-12-24T12:23:59","date_gmt":"2023-12-24T12:23:59","guid":{"rendered":"https:\/\/www.noticiasradioreflejos.com.ar\/2021\/?p=96838"},"modified":"2023-12-24T12:23:59","modified_gmt":"2023-12-24T12:23:59","slug":"alertas-por-tormentas-y-vientos-para-caba-y-11-provincias-para-nochebuena-y-navidad","status":"publish","type":"post","link":"https:\/\/www.noticiasradioreflejos.com.ar\/2021\/alertas-por-tormentas-y-vientos-para-caba-y-11-provincias-para-nochebuena-y-navidad\/","title":{"rendered":"Alertas por tormentas y vientos para CABA y 11 provincias para Nochebuena y Navidad"},"content":{"rendered":"<p>El Servicio Meteorol\u00f3gico Nacional emiti\u00f3 alertas naranjas y amarillas por tormentas y vientos fuertes la ciudad de Buenos Aires y once provincias del pa\u00eds que abarca gran parte de la jornada de hoy y en muchos casos espec\u00edficamente la Nochebuena y se extiende a ma\u00f1ana lunes, Navidad.<!--more--><\/p>\n<p>En CABA, el conurbano y el este de la provincia de Buenos Aires \u2013incluida la Costa Atl\u00e1ntica- la alerta amarilla rige para esta noche por tormentas, algunas localmente fuertes que pueden estar acompa\u00f1adas por fuerte actividad el\u00e9ctrica, r\u00e1fagas intensas, ocasional ca\u00edda de granizo y abundante ca\u00edda de agua en cortos per\u00edodos.<\/p>\n<p>Se estiman valores de precipitaci\u00f3n acumulada entre 20 y 50 mil\u00edmetros, pudiendo ser superados en forma puntual, inform\u00f3 el organismo meteorol\u00f3gico.<\/p>\n<p>Las condiciones ser\u00e1n m\u00e1s intensas en el resto de la provincia de Buenos Aires, donde la alerta por tormentas sube a nivel naranja y en la regi\u00f3n de Bah\u00eda Blanca, adem\u00e1s, rige alerta amarilla por vientos del sector sur con velocidades entre 30 y 45 kil\u00f3metros por hora y r\u00e1fagas que pueden superar los 70 kil\u00f3metros por hora.<\/p>\n<p>El nivel naranja implica que se esperan fen\u00f3menos meteorol\u00f3gicos peligrosos para la sociedad, la vida, los bienes y el medio ambiente, mientras que el amarillo indica posibles fen\u00f3menos meteorol\u00f3gicos con capacidad de da\u00f1o y riesgo de interrupci\u00f3n moment\u00e1nea de actividades cotidianas.<\/p>\n<p>La alerta naranja por tormentas tambi\u00e9n abarca los distritos de Avellaneda y Pichi Mahuida, en el norte de R\u00edo Negro; las localidades de Caleu Caleu, Hucal, Atreuc\u00f3, Capital, Catril\u00f3, Conhelo, Guatrach\u00e9, Quem\u00fa Quem\u00fa, Toay y Utrac\u00e1n, en el este de La Pampa; y Caseros y General L\u00f3pez, en el sur de Santa Fe.<\/p>\n<p>En el resto de La Pampa, gran parte de Santa Fe y sudeste de R\u00edo Negro rige una alerta amarilla tambi\u00e9n por tormentas acompa\u00f1adas por una advertencia de nivel amarillo por vientos en el centro pampeano.<\/p>\n<p>En la regi\u00f3n de Cuyo, San Luis y gran parte de Mendoza est\u00e1n bajo alerta amarilla por tormentas y lo mismo ocurre en C\u00f3rdoba. En todos los casos se prev\u00e9n valores de precipitaci\u00f3n acumulada entre 20 y 50 mil\u00edmetros.<\/p>\n<p>Hacia el norte, en toda la provincia de Chaco, gran parte de Formosa y de Jujuy, as\u00ed como el sudeste de Santiago del Estero tambi\u00e9n se esperan tormentas intensas, por lo que el SMN emiti\u00f3 alertas amarillas para toda la regi\u00f3n.<\/p>\n<p>Las recomendaciones para los pobladores de zonas bajo alertas son evitar actividades al aire libre, no sacar la basura y retirar objetos que impidan que el agua escurra y no refugiarse cerca de \u00e1rboles y postes de electricidad que puedan caerse.<\/p>\n<p>Adem\u00e1s, el SMN indic\u00f3 que, para minimizar el riesgo de ser alcanzado por un rayo, no se debe permanecer en playas, r\u00edos, lagunas o piletas.<\/p><\/div>\n<p><!--more--><\/p>\n","protected":false},"excerpt":{"rendered":"<p>El Servicio Meteorol\u00f3gico Nacional emiti\u00f3 alertas naranjas y amarillas por tormentas y vientos fuertes la ciudad de Buenos Aires y once provincias del pa\u00eds que abarca gran parte de la jornada de hoy y en muchos casos espec\u00edficamente la Nochebuena y se extiende a ma\u00f1ana lunes, Navidad.<\/p>\n","protected":false},"author":3,"featured_media":0,"comment_status":"closed","ping_status":"closed","sticky":false,"template":"","format":"standard","meta":{"footnotes":""},"categories":[46],"tags":[],"class_list":["post-96838","post","type-post","status-publish","format-standard","hentry","category-ciencia-y-tecnologia"],"yoast_head":"<!-- This site is optimized with the Yoast SEO plugin v25.9 - https:\/\/yoast.com\/wordpress\/plugins\/seo\/ -->\n<title>Alertas por tormentas y vientos para CABA y 11 provincias para Nochebuena y Navidad - Noticias Radio Reflejos<\/title>\n<meta name=\"robots\" content=\"index, follow, max-snippet:-1, max-image-preview:large, max-video-preview:-1\" \/>\n<link rel=\"canonical\" href=\"https:\/\/www.noticiasradioreflejos.com.ar\/2021\/alertas-por-tormentas-y-vientos-para-caba-y-11-provincias-para-nochebuena-y-navidad\/\" \/>\n<meta property=\"og:locale\" content=\"es_ES\" \/>\n<meta property=\"og:type\" content=\"article\" \/>\n<meta property=\"og:title\" content=\"Alertas por tormentas y vientos para CABA y 11 provincias para Nochebuena y Navidad - Noticias Radio Reflejos\" \/>\n<meta property=\"og:description\" content=\"El Servicio Meteorol\u00f3gico Nacional emiti\u00f3 alertas naranjas y amarillas por tormentas y vientos fuertes la ciudad de Buenos Aires y once provincias del pa\u00eds que abarca gran parte de la jornada de hoy y en muchos casos espec\u00edficamente la Nochebuena y se extiende a ma\u00f1ana lunes, Navidad.\" \/>\n<meta property=\"og:url\" content=\"https:\/\/www.noticiasradioreflejos.com.ar\/2021\/alertas-por-tormentas-y-vientos-para-caba-y-11-provincias-para-nochebuena-y-navidad\/\" \/>\n<meta property=\"og:site_name\" content=\"Noticias Radio Reflejos\" \/>\n<meta property=\"article:published_time\" content=\"2023-12-24T12:23:59+00:00\" \/>\n<meta property=\"og:image\" content=\"https:\/\/www.noticiasradioreflejos.com.ar\/2021\/wp-content\/uploads\/2021\/07\/logosol300x200.png\" \/>\n\t<meta property=\"og:image:width\" content=\"300\" \/>\n\t<meta property=\"og:image:height\" content=\"200\" \/>\n\t<meta property=\"og:image:type\" content=\"image\/png\" \/>\n<meta name=\"author\" content=\"Arnaldo Botto\" \/>\n<meta name=\"twitter:card\" content=\"summary_large_image\" \/>\n<script type=\"application\/ld+json\" class=\"yoast-schema-graph\">{\"@context\":\"https:\/\/schema.org\",\"@graph\":[{\"@type\":\"WebPage\",\"@id\":\"https:\/\/www.noticiasradioreflejos.com.ar\/2021\/alertas-por-tormentas-y-vientos-para-caba-y-11-provincias-para-nochebuena-y-navidad\/\",\"url\":\"https:\/\/www.noticiasradioreflejos.com.ar\/2021\/alertas-por-tormentas-y-vientos-para-caba-y-11-provincias-para-nochebuena-y-navidad\/\",\"name\":\"Alertas por tormentas y vientos para CABA y 11 provincias para Nochebuena y Navidad - Noticias Radio Reflejos\",\"isPartOf\":{\"@id\":\"https:\/\/www.noticiasradioreflejos.com.ar\/2021\/#website\"},\"datePublished\":\"2023-12-24T12:23:59+00:00\",\"author\":{\"@id\":\"https:\/\/www.noticiasradioreflejos.com.ar\/2021\/#\/schema\/person\/ad82545263dcc5ec0996818884fd5fb1\"},\"breadcrumb\":{\"@id\":\"https:\/\/www.noticiasradioreflejos.com.ar\/2021\/alertas-por-tormentas-y-vientos-para-caba-y-11-provincias-para-nochebuena-y-navidad\/#breadcrumb\"},\"inLanguage\":\"es\",\"potentialAction\":[{\"@type\":\"ReadAction\",\"target\":[\"https:\/\/www.noticiasradioreflejos.com.ar\/2021\/alertas-por-tormentas-y-vientos-para-caba-y-11-provincias-para-nochebuena-y-navidad\/\"]}]},{\"@type\":\"BreadcrumbList\",\"@id\":\"https:\/\/www.noticiasradioreflejos.com.ar\/2021\/alertas-por-tormentas-y-vientos-para-caba-y-11-provincias-para-nochebuena-y-navidad\/#breadcrumb\",\"itemListElement\":[{\"@type\":\"ListItem\",\"position\":1,\"name\":\"Portada\",\"item\":\"https:\/\/www.noticiasradioreflejos.com.ar\/2021\/\"},{\"@type\":\"ListItem\",\"position\":2,\"name\":\"Alertas por tormentas y vientos para CABA y 11 provincias para Nochebuena y Navidad\"}]},{\"@type\":\"WebSite\",\"@id\":\"https:\/\/www.noticiasradioreflejos.com.ar\/2021\/#website\",\"url\":\"https:\/\/www.noticiasradioreflejos.com.ar\/2021\/\",\"name\":\"Noticias Radio Reflejos\",\"description\":\"Las noticias de mi comarca\",\"potentialAction\":[{\"@type\":\"SearchAction\",\"target\":{\"@type\":\"EntryPoint\",\"urlTemplate\":\"https:\/\/www.noticiasradioreflejos.com.ar\/2021\/?s={search_term_string}\"},\"query-input\":{\"@type\":\"PropertyValueSpecification\",\"valueRequired\":true,\"valueName\":\"search_term_string\"}}],\"inLanguage\":\"es\"},{\"@type\":\"Person\",\"@id\":\"https:\/\/www.noticiasradioreflejos.com.ar\/2021\/#\/schema\/person\/ad82545263dcc5ec0996818884fd5fb1\",\"name\":\"Arnaldo Botto\",\"image\":{\"@type\":\"ImageObject\",\"inLanguage\":\"es\",\"@id\":\"https:\/\/www.noticiasradioreflejos.com.ar\/2021\/#\/schema\/person\/image\/\",\"url\":\"https:\/\/secure.gravatar.com\/avatar\/55cb5e37c1efa326397366e6974cb338056df65cb50e7d64d1cf314e87504837?s=96&d=mm&r=g\",\"contentUrl\":\"https:\/\/secure.gravatar.com\/avatar\/55cb5e37c1efa326397366e6974cb338056df65cb50e7d64d1cf314e87504837?s=96&d=mm&r=g\",\"caption\":\"Arnaldo Botto\"},\"url\":\"https:\/\/www.noticiasradioreflejos.com.ar\/2021\/author\/arnaldo\/\"}]}<\/script>\n<!-- \/ Yoast SEO plugin. -->","yoast_head_json":{"title":"Alertas por tormentas y vientos para CABA y 11 provincias para Nochebuena y Navidad - Noticias Radio Reflejos","robots":{"index":"index","follow":"follow","max-snippet":"max-snippet:-1","max-image-preview":"max-image-preview:large","max-video-preview":"max-video-preview:-1"},"canonical":"https:\/\/www.noticiasradioreflejos.com.ar\/2021\/alertas-por-tormentas-y-vientos-para-caba-y-11-provincias-para-nochebuena-y-navidad\/","og_locale":"es_ES","og_type":"article","og_title":"Alertas por tormentas y vientos para CABA y 11 provincias para Nochebuena y Navidad - Noticias Radio Reflejos","og_description":"El Servicio Meteorol\u00f3gico Nacional emiti\u00f3 alertas naranjas y amarillas por tormentas y vientos fuertes la ciudad de Buenos Aires y once provincias del pa\u00eds que abarca gran parte de la jornada de hoy y en muchos casos espec\u00edficamente la Nochebuena y se extiende a ma\u00f1ana lunes, Navidad.","og_url":"https:\/\/www.noticiasradioreflejos.com.ar\/2021\/alertas-por-tormentas-y-vientos-para-caba-y-11-provincias-para-nochebuena-y-navidad\/","og_site_name":"Noticias Radio Reflejos","article_published_time":"2023-12-24T12:23:59+00:00","og_image":[{"width":300,"height":200,"url":"https:\/\/www.noticiasradioreflejos.com.ar\/2021\/wp-content\/uploads\/2021\/07\/logosol300x200.png","type":"image\/png"}],"author":"Arnaldo Botto","twitter_card":"summary_large_image","schema":{"@context":"https:\/\/schema.org","@graph":[{"@type":"WebPage","@id":"https:\/\/www.noticiasradioreflejos.com.ar\/2021\/alertas-por-tormentas-y-vientos-para-caba-y-11-provincias-para-nochebuena-y-navidad\/","url":"https:\/\/www.noticiasradioreflejos.com.ar\/2021\/alertas-por-tormentas-y-vientos-para-caba-y-11-provincias-para-nochebuena-y-navidad\/","name":"Alertas por tormentas y vientos para CABA y 11 provincias para Nochebuena y Navidad - Noticias Radio Reflejos","isPartOf":{"@id":"https:\/\/www.noticiasradioreflejos.com.ar\/2021\/#website"},"datePublished":"2023-12-24T12:23:59+00:00","author":{"@id":"https:\/\/www.noticiasradioreflejos.com.ar\/2021\/#\/schema\/person\/ad82545263dcc5ec0996818884fd5fb1"},"breadcrumb":{"@id":"https:\/\/www.noticiasradioreflejos.com.ar\/2021\/alertas-por-tormentas-y-vientos-para-caba-y-11-provincias-para-nochebuena-y-navidad\/#breadcrumb"},"inLanguage":"es","potentialAction":[{"@type":"ReadAction","target":["https:\/\/www.noticiasradioreflejos.com.ar\/2021\/alertas-por-tormentas-y-vientos-para-caba-y-11-provincias-para-nochebuena-y-navidad\/"]}]},{"@type":"BreadcrumbList","@id":"https:\/\/www.noticiasradioreflejos.com.ar\/2021\/alertas-por-tormentas-y-vientos-para-caba-y-11-provincias-para-nochebuena-y-navidad\/#breadcrumb","itemListElement":[{"@type":"ListItem","position":1,"name":"Portada","item":"https:\/\/www.noticiasradioreflejos.com.ar\/2021\/"},{"@type":"ListItem","position":2,"name":"Alertas por tormentas y vientos para CABA y 11 provincias para Nochebuena y Navidad"}]},{"@type":"WebSite","@id":"https:\/\/www.noticiasradioreflejos.com.ar\/2021\/#website","url":"https:\/\/www.noticiasradioreflejos.com.ar\/2021\/","name":"Noticias Radio Reflejos","description":"Las noticias de mi comarca","potentialAction":[{"@type":"SearchAction","target":{"@type":"EntryPoint","urlTemplate":"https:\/\/www.noticiasradioreflejos.com.ar\/2021\/?s={search_term_string}"},"query-input":{"@type":"PropertyValueSpecification","valueRequired":true,"valueName":"search_term_string"}}],"inLanguage":"es"},{"@type":"Person","@id":"https:\/\/www.noticiasradioreflejos.com.ar\/2021\/#\/schema\/person\/ad82545263dcc5ec0996818884fd5fb1","name":"Arnaldo Botto","image":{"@type":"ImageObject","inLanguage":"es","@id":"https:\/\/www.noticiasradioreflejos.com.ar\/2021\/#\/schema\/person\/image\/","url":"https:\/\/secure.gravatar.com\/avatar\/55cb5e37c1efa326397366e6974cb338056df65cb50e7d64d1cf314e87504837?s=96&d=mm&r=g","contentUrl":"https:\/\/secure.gravatar.com\/avatar\/55cb5e37c1efa326397366e6974cb338056df65cb50e7d64d1cf314e87504837?s=96&d=mm&r=g","caption":"Arnaldo Botto"},"url":"https:\/\/www.noticiasradioreflejos.com.ar\/2021\/author\/arnaldo\/"}]}},"_links":{"self":[{"href":"https:\/\/www.noticiasradioreflejos.com.ar\/2021\/wp-json\/wp\/v2\/posts\/96838","targetHints":{"allow":["GET"]}}],"collection":[{"href":"https:\/\/www.noticiasradioreflejos.com.ar\/2021\/wp-json\/wp\/v2\/posts"}],"about":[{"href":"https:\/\/www.noticiasradioreflejos.com.ar\/2021\/wp-json\/wp\/v2\/types\/post"}],"author":[{"embeddable":true,"href":"https:\/\/www.noticiasradioreflejos.com.ar\/2021\/wp-json\/wp\/v2\/users\/3"}],"replies":[{"embeddable":true,"href":"https:\/\/www.noticiasradioreflejos.com.ar\/2021\/wp-json\/wp\/v2\/comments?post=96838"}],"version-history":[{"count":1,"href":"https:\/\/www.noticiasradioreflejos.com.ar\/2021\/wp-json\/wp\/v2\/posts\/96838\/revisions"}],"predecessor-version":[{"id":96840,"href":"https:\/\/www.noticiasradioreflejos.com.ar\/2021\/wp-json\/wp\/v2\/posts\/96838\/revisions\/96840"}],"wp:attachment":[{"href":"https:\/\/www.noticiasradioreflejos.com.ar\/2021\/wp-json\/wp\/v2\/media?parent=96838"}],"wp:term":[{"taxonomy":"category","embeddable":true,"href":"https:\/\/www.noticiasradioreflejos.com.ar\/2021\/wp-json\/wp\/v2\/categories?post=96838"},{"taxonomy":"post_tag","embeddable":true,"href":"https:\/\/www.noticiasradioreflejos.com.ar\/2021\/wp-json\/wp\/v2\/tags?post=96838"}],"curies":[{"name":"wp","href":"https:\/\/api.w.org\/{rel}","templated":true}]}}