{"id":96835,"date":"2023-12-24T12:17:18","date_gmt":"2023-12-24T12:17:18","guid":{"rendered":"https:\/\/www.noticiasradioreflejos.com.ar\/2021\/?p=96835"},"modified":"2023-12-24T12:17:18","modified_gmt":"2023-12-24T12:17:18","slug":"milei-defendio-el-dnu-critico-los-cacerolazos-y-sostuvo-que-estaban-prearmados","status":"publish","type":"post","link":"https:\/\/www.noticiasradioreflejos.com.ar\/2021\/milei-defendio-el-dnu-critico-los-cacerolazos-y-sostuvo-que-estaban-prearmados\/","title":{"rendered":"Milei defendi\u00f3 el DNU, critic\u00f3 los cacerolazos y sostuvo que estaban \u00abprearmados\u00bb"},"content":{"rendered":"<p>El Presidente consider\u00f3 que el pa\u00eds tiene los \u00abindicadores sociales peores que en el 2001\u00bb y remarc\u00f3 que tiene \u00abun mandato muy claro\u00bb para \u00abterminar con la inflaci\u00f3n, evitar la hiperinflaci\u00f3n\u00bb y \u00abque crezca la econom\u00eda\u00bb. Reafirm\u00f3 que el DNU convierte a las empresas del Estado en Sociedad An\u00f3nimas y que estas podr\u00e1n ser privatizadas.<!--more--><\/p>\n<p>El presidente Javier Milei dijo que hay \u00abindicadores sociales peores que en el 2001\u00bb a la vez que \u00abest\u00e1n dadas todas la condiciones para la peor crisis de la historia\u00bb y asegur\u00f3 que por eso \u00abnos vimos obligados a hacer el ajuste\u00bb<\/p>\n<p>\u00abNo lo paga el sector privado, el 60 por ciento cae sobre el sector p\u00fablico\u00bb, expres\u00f3 el jefe de Estado en declaraciones realizadas en el programa \u00abLa noche de Mirtha Legrand\u00bb que se emite por Canal 13, en el que tambi\u00e9n participa la ministra de Seguridad, Patricia Bullrich.<\/p>\n<figure class=\"mb-3\"><img decoding=\"async\" class=\" lazy \" src=\"https:\/\/www.telam.com.ar\/thumbs\/bluesteel\/advf\/imagenes\/2023\/12\/6587801d0442c_1200.jpg\" alt=\"Foto Instagram\" width=\"100%\" height=\"100%\" \/><\/p>\n<div class=\"media-icons\">Foto: Instagram.<\/div>\n<\/figure>\n<p>&nbsp;<\/p>\n<p>El mandatario remarc\u00f3 que \u00abtenemos un mandato muy claro\u00bb para \u00abterminar con la inflaci\u00f3n, evitar la hiperinflaci\u00f3n\u00bb y \u00abque crezca la econom\u00eda\u00bb.<\/p>\n<p>\u00abY un mandato muy claro en materia de seguridad\u00bb, expres\u00f3.<\/p>\n<p>Tambi\u00e9n Milei dijo que<strong>\u00a0la ministra de Seguridad, Patricia Bullrich \u00abest\u00e1 haciendo un trabajo formidable, estoy orgulloso\u00bb.<\/strong><\/p>\n<p>El Jefe de Estado indic\u00f3 que el pa\u00eds tiene \u00abtodos los elementos\u00bb para que la Argentina \u00abse ponga de pie y vuelva a ser una potencia\u00bb<\/p>\n<h2 class=\"\">Sobre el DNU<\/h2>\n<p>Milei defendi\u00f3 el Decreto de Necesidad y Urgencia que firm\u00f3 esta semana y dijo que quienes \u00abse quejan\u00bb de esa medida que desregula la econom\u00eda es porque \u00abpierden privilegios\u00bb.<\/p>\n<p>\u00abSe quejan porque pierden privilegios\u00bb, expres\u00f3 el Presidente y destac\u00f3 que con las medidas contempladas \u00abhacemos que los mercados sean m\u00e1s competitivos y terminamos con algunos privilegios. Y algunos que ven afectados sus intereses se quejan\u00bb.<\/p>\n<h2 class=\"\">Los cacerolazos<\/h2>\n<p>Tambi\u00e9n asegur\u00f3 que los cacerolazos producidos tras el anuncio del DNU y en los d\u00edas siguientes \u00abestaban prearmados\u00bb y pregunt\u00f3 \u00ab\u00bfc\u00f3mo hicieron para leer tan r\u00e1pido el decreto&#8217;.<\/p>\n<figure class=\"mb-3\"><img decoding=\"async\" class=\" lazy \" src=\"https:\/\/www.telam.com.ar\/thumbs\/bluesteel\/advf\/imagenes\/2023\/12\/6587801cdbebc_1200.jpg\" alt=\"Foto Instagram\" width=\"100%\" height=\"100%\" \/><figcaption>Foto: Instagram.<\/figcaption><\/figure>\n<h2 class=\"\">Privatizaci\u00f3n de empresas del Estado<\/h2>\n<p>Luego agreg\u00f3 que DNU da \u00abla posibilidad de que las empresas del Estado sean p\u00fablicas\u00bb, pregunt\u00f3 \u00abpor qu\u00e9 tenemos que sostener la TV P\u00fablica cuando tenemos chicos muri\u00e9ndose de hambre\u00bb y asegur\u00f3 que \u00ab<strong>hay que cerrar todas las empresas del Estado<\/strong>\u00ab.<\/p>\n<p>\u00abEn el DNU convertimos a todas las sociedades del Estado en Sociedad An\u00f3nimas y\u00a0<strong>pueden ser privatizadas y est\u00e1 la posibilidad de que sean entregadas a los empleados<\/strong>\u00ab, manifest\u00f3 el Presidente en una entrevista que se emiti\u00f3 esta noche por Canal 13.<\/p>\n<p>En ese contexto, sostuvo que \u00abhay una\u00a0<strong>cl\u00e1usula anti boicot,<\/strong>\u00a0porque los sindicatos pueden querer bloquearlo. Con uno solo que la quiera, se la puede quedar\u00bb y explic\u00f3 que \u00abnos pas\u00f3 con el caso de Aerol\u00edneas que un sindicalista de manera grosera y prepotente no le gust\u00f3 la propuesta\u00bb.<\/p>\n<blockquote class=\"\"><p>\u00abNo creo que sea el caso de la mayor\u00eda de los trabajadores, el problema es el manejo pol\u00edtico de Aerol\u00edneas\u00bb, expres\u00f3 el mandatario.<\/p><\/blockquote>\n<p>Asegur\u00f3 que \u00ab<strong>hay que cerrar todas las empresas del Estado<\/strong>. El Estado no tiene por qu\u00e9 participar de la econom\u00eda\u00bb y agreg\u00f3: \u00abPor qu\u00e9 tenemos que sostener la TV P\u00fablica cuando tenemos chicos muri\u00e9ndose de hambre\u00bb.<\/p>\n<figure class=\"mb-3\"><img decoding=\"async\" class=\" lazy \" src=\"https:\/\/www.telam.com.ar\/thumbs\/bluesteel\/advf\/imagenes\/2023\/12\/6587801d1f823_1200.jpg\" alt=\"Foto Instagram\" width=\"100%\" height=\"100%\" \/><\/p>\n<div class=\"media-icons\"><\/div><figcaption>Foto: Instagram.<\/figcaption><\/figure>\n<p>\u00abEl otro d\u00eda estaban enojados los de T\u00e9lam. Bueno, le podemos dar la empresa a la gente y que la manejen ellos, a ver qu\u00e9 hacen\u00bb, manifest\u00f3.<\/p>\n<p>Por otra parte, sostuvo que el canal 7 \u00ab<strong>fue utilizado como mecanismo de propaganda<\/strong>\u00bb y afirm\u00f3 que \u00abel 75 por ciento de la discusi\u00f3n pol\u00edtica en ese canal fue para ensuciar un candidato, independientemente que haya sido yo. No est\u00e1 bien, nos retrotrae a los peores momentos\u00bb.<\/p>\n<p>En tanto, la ministra de Seguridad, Patricia Bulrich, que compart\u00eda la entrevista con el Presidente, afirm\u00f3 que \u00abT\u00e9lam solo opera en Argentina y tiene m\u00e1s empleados que Reuters en todo el mundo\u00bb.<\/p>\n<p>\u00abReuters, la empresa m\u00e1s importante que todav\u00eda subsiste como agencia tiene 200 trabajadores en el mundo entero. T\u00e9lam tiene m\u00e1s de 1.000 en un solo pa\u00eds\u00bb, expres\u00f3\u00a0<strong>sin dar detalles o fuentes de las cifras enunciadas<\/strong>.<\/p>\n<p>\u00abHoy la agencia es Twitter\u00bb, consider\u00f3 la funcionaria al comparar la agencia de noticias estatal con la red social, que actualmente se denomina X.<\/p>\n<figure class=\"mb-3\"><img decoding=\"async\" class=\" lazy \" src=\"https:\/\/www.telam.com.ar\/thumbs\/bluesteel\/advf\/imagenes\/2023\/12\/658787678a635_1200.jpg\" alt=\"Telam SE\" width=\"100%\" height=\"100%\" \/><\/p>\n<div class=\"media-icons\"><\/div><figcaption><\/figcaption><\/figure>\n<p>En ese contexto, opin\u00f3 que\u00a0<strong>esa red social \u00abes mucho m\u00e1s importante que tener una agencia estatal\u00bb<\/strong>.<\/p>\n<p>\u00abTodas las agencias importantes cerraron\u00bb, destac\u00f3 Bullrich y mencion\u00f3 entre ellas a la agencia Diarios y Noticias (DyN), que cerr\u00f3 en 2017 durante el gobierno de Mauricio Macri cuando ella tambi\u00e9n fue ministra de Seguridad, y a la agencia Noticias Argentinas (NA),\u00a0<strong>que permanece en actividad y este a\u00f1o cumple 5 d\u00e9cadas en funciones<\/strong>.<\/p>\n<p>\u00abTodas las agencias privadas cerraron DyN, NA, no existen m\u00e1s las agencias, la \u00fanica que existe es la del Estado\u00bb, asegur\u00f3 Patricia Bullrich.<\/p>\n<h2 class=\"\">Bullrich dijo que no renunci\u00f3 a la presidencia del PRO y que Milei represent\u00f3 \u00abmucho m\u00e1s el cambio\u00bb<\/h2>\n<p>La ministra de Seguridad aclar\u00f3 que no renunci\u00f3 a la presidencia del PRO y destac\u00f3 que en las \u00faltimas elecciones \u00abla gente se dio cuenta\u00bb que el ahora presidente, Javier Miel, \u00abestaba representando mucho m\u00e1s el cambio\u00bb y \u00abhab\u00eda que garantizarlo\u00bb.<\/p>\n<p>\u00abSoy presidenta del PRO, no renunci\u00e9\u00bb, afirm\u00f3 la funcionaria en declaraciones realizadas durante una entrevista que comparti\u00f3 con el presidente Javier Milei emitida esta noche por Canal 13.<\/p>\n<p>Adem\u00e1s, se\u00f1al\u00f3 que en las \u00faltimas elecciones \u00abla gente se dio cuenta que Javier estaba representado mucho m\u00e1s el cambio\u00bb y \u00abhab\u00eda que garantizar el cambio\u00bb.<\/p>\n<p>Por otra parte, fue consultada\u00a0<strong>sobre el protocolo antipiquetes\u00a0<\/strong>que implement\u00f3 esta semana y lo describi\u00f3 como \u00abtodo una metodolog\u00eda en la que uno lo que tiene que hacer es trabajar para llevar los grupos m\u00e1s profesionales y generar cordones; y llevar a la gente a los lugares donde uno quiere que la gente vaya\u00bb en las movilizaciones.<\/p>\n<p>Tambi\u00e9n\u00a0<strong>se refiri\u00f3 a la marcha de la CTA y sostuvo que \u00aben cuatro a\u00f1os no hicieron nada\u00bb.<\/strong><\/p>\n<p>\u00ab\u00bfLa CGT a qui\u00e9n representa? A ellos, porque los trabajadores, los cuentapropistas que hoy son mayor\u00eda en argentina que los trabajadores en relaci\u00f3n de dependencia, todos fueron votantes del Presidente\u00bb, acot\u00f3.<\/p>\n","protected":false},"excerpt":{"rendered":"<p>El Presidente consider\u00f3 que el pa\u00eds tiene los \u00abindicadores sociales peores que en el 2001\u00bb y remarc\u00f3 que tiene \u00abun mandato muy claro\u00bb para \u00abterminar con la inflaci\u00f3n, evitar la hiperinflaci\u00f3n\u00bb y \u00abque crezca la econom\u00eda\u00bb. Reafirm\u00f3 que el DNU convierte a las empresas del Estado en Sociedad An\u00f3nimas y que estas podr\u00e1n ser privatizadas.<\/p>\n","protected":false},"author":3,"featured_media":0,"comment_status":"closed","ping_status":"closed","sticky":false,"template":"","format":"standard","meta":{"footnotes":""},"categories":[24],"tags":[],"class_list":["post-96835","post","type-post","status-publish","format-standard","hentry","category-politica"],"yoast_head":"<!-- This site is optimized with the Yoast SEO plugin v25.9 - https:\/\/yoast.com\/wordpress\/plugins\/seo\/ -->\n<title>Milei defendi\u00f3 el DNU, critic\u00f3 los cacerolazos y sostuvo que estaban &quot;prearmados&quot; - Noticias Radio Reflejos<\/title>\n<meta name=\"robots\" content=\"index, follow, max-snippet:-1, max-image-preview:large, max-video-preview:-1\" \/>\n<link rel=\"canonical\" href=\"https:\/\/www.noticiasradioreflejos.com.ar\/2021\/milei-defendio-el-dnu-critico-los-cacerolazos-y-sostuvo-que-estaban-prearmados\/\" \/>\n<meta property=\"og:locale\" content=\"es_ES\" \/>\n<meta property=\"og:type\" content=\"article\" \/>\n<meta property=\"og:title\" content=\"Milei defendi\u00f3 el DNU, critic\u00f3 los cacerolazos y sostuvo que estaban &quot;prearmados&quot; - Noticias Radio Reflejos\" \/>\n<meta property=\"og:description\" content=\"El Presidente consider\u00f3 que el pa\u00eds tiene los \u00abindicadores sociales peores que en el 2001\u00bb y remarc\u00f3 que tiene \u00abun mandato muy claro\u00bb para \u00abterminar con la inflaci\u00f3n, evitar la hiperinflaci\u00f3n\u00bb y \u00abque crezca la econom\u00eda\u00bb. Reafirm\u00f3 que el DNU convierte a las empresas del Estado en Sociedad An\u00f3nimas y que estas podr\u00e1n ser privatizadas.\" \/>\n<meta property=\"og:url\" content=\"https:\/\/www.noticiasradioreflejos.com.ar\/2021\/milei-defendio-el-dnu-critico-los-cacerolazos-y-sostuvo-que-estaban-prearmados\/\" \/>\n<meta property=\"og:site_name\" content=\"Noticias Radio Reflejos\" \/>\n<meta property=\"article:published_time\" content=\"2023-12-24T12:17:18+00:00\" \/>\n<meta property=\"og:image\" content=\"https:\/\/www.telam.com.ar\/thumbs\/bluesteel\/advf\/imagenes\/2023\/12\/6587801d0442c_1200.jpg\" \/>\n<meta name=\"author\" content=\"Arnaldo Botto\" \/>\n<meta name=\"twitter:card\" content=\"summary_large_image\" \/>\n<script type=\"application\/ld+json\" class=\"yoast-schema-graph\">{\"@context\":\"https:\/\/schema.org\",\"@graph\":[{\"@type\":\"WebPage\",\"@id\":\"https:\/\/www.noticiasradioreflejos.com.ar\/2021\/milei-defendio-el-dnu-critico-los-cacerolazos-y-sostuvo-que-estaban-prearmados\/\",\"url\":\"https:\/\/www.noticiasradioreflejos.com.ar\/2021\/milei-defendio-el-dnu-critico-los-cacerolazos-y-sostuvo-que-estaban-prearmados\/\",\"name\":\"Milei defendi\u00f3 el DNU, critic\u00f3 los cacerolazos y sostuvo que estaban \\\"prearmados\\\" - Noticias Radio Reflejos\",\"isPartOf\":{\"@id\":\"https:\/\/www.noticiasradioreflejos.com.ar\/2021\/#website\"},\"primaryImageOfPage\":{\"@id\":\"https:\/\/www.noticiasradioreflejos.com.ar\/2021\/milei-defendio-el-dnu-critico-los-cacerolazos-y-sostuvo-que-estaban-prearmados\/#primaryimage\"},\"image\":{\"@id\":\"https:\/\/www.noticiasradioreflejos.com.ar\/2021\/milei-defendio-el-dnu-critico-los-cacerolazos-y-sostuvo-que-estaban-prearmados\/#primaryimage\"},\"thumbnailUrl\":\"https:\/\/www.telam.com.ar\/thumbs\/bluesteel\/advf\/imagenes\/2023\/12\/6587801d0442c_1200.jpg\",\"datePublished\":\"2023-12-24T12:17:18+00:00\",\"author\":{\"@id\":\"https:\/\/www.noticiasradioreflejos.com.ar\/2021\/#\/schema\/person\/ad82545263dcc5ec0996818884fd5fb1\"},\"breadcrumb\":{\"@id\":\"https:\/\/www.noticiasradioreflejos.com.ar\/2021\/milei-defendio-el-dnu-critico-los-cacerolazos-y-sostuvo-que-estaban-prearmados\/#breadcrumb\"},\"inLanguage\":\"es\",\"potentialAction\":[{\"@type\":\"ReadAction\",\"target\":[\"https:\/\/www.noticiasradioreflejos.com.ar\/2021\/milei-defendio-el-dnu-critico-los-cacerolazos-y-sostuvo-que-estaban-prearmados\/\"]}]},{\"@type\":\"ImageObject\",\"inLanguage\":\"es\",\"@id\":\"https:\/\/www.noticiasradioreflejos.com.ar\/2021\/milei-defendio-el-dnu-critico-los-cacerolazos-y-sostuvo-que-estaban-prearmados\/#primaryimage\",\"url\":\"https:\/\/www.telam.com.ar\/thumbs\/bluesteel\/advf\/imagenes\/2023\/12\/6587801d0442c_1200.jpg\",\"contentUrl\":\"https:\/\/www.telam.com.ar\/thumbs\/bluesteel\/advf\/imagenes\/2023\/12\/6587801d0442c_1200.jpg\"},{\"@type\":\"BreadcrumbList\",\"@id\":\"https:\/\/www.noticiasradioreflejos.com.ar\/2021\/milei-defendio-el-dnu-critico-los-cacerolazos-y-sostuvo-que-estaban-prearmados\/#breadcrumb\",\"itemListElement\":[{\"@type\":\"ListItem\",\"position\":1,\"name\":\"Portada\",\"item\":\"https:\/\/www.noticiasradioreflejos.com.ar\/2021\/\"},{\"@type\":\"ListItem\",\"position\":2,\"name\":\"Milei defendi\u00f3 el DNU, critic\u00f3 los cacerolazos y sostuvo que estaban \u00abprearmados\u00bb\"}]},{\"@type\":\"WebSite\",\"@id\":\"https:\/\/www.noticiasradioreflejos.com.ar\/2021\/#website\",\"url\":\"https:\/\/www.noticiasradioreflejos.com.ar\/2021\/\",\"name\":\"Noticias Radio Reflejos\",\"description\":\"Las noticias de mi comarca\",\"potentialAction\":[{\"@type\":\"SearchAction\",\"target\":{\"@type\":\"EntryPoint\",\"urlTemplate\":\"https:\/\/www.noticiasradioreflejos.com.ar\/2021\/?s={search_term_string}\"},\"query-input\":{\"@type\":\"PropertyValueSpecification\",\"valueRequired\":true,\"valueName\":\"search_term_string\"}}],\"inLanguage\":\"es\"},{\"@type\":\"Person\",\"@id\":\"https:\/\/www.noticiasradioreflejos.com.ar\/2021\/#\/schema\/person\/ad82545263dcc5ec0996818884fd5fb1\",\"name\":\"Arnaldo Botto\",\"image\":{\"@type\":\"ImageObject\",\"inLanguage\":\"es\",\"@id\":\"https:\/\/www.noticiasradioreflejos.com.ar\/2021\/#\/schema\/person\/image\/\",\"url\":\"https:\/\/secure.gravatar.com\/avatar\/55cb5e37c1efa326397366e6974cb338056df65cb50e7d64d1cf314e87504837?s=96&d=mm&r=g\",\"contentUrl\":\"https:\/\/secure.gravatar.com\/avatar\/55cb5e37c1efa326397366e6974cb338056df65cb50e7d64d1cf314e87504837?s=96&d=mm&r=g\",\"caption\":\"Arnaldo Botto\"},\"url\":\"https:\/\/www.noticiasradioreflejos.com.ar\/2021\/author\/arnaldo\/\"}]}<\/script>\n<!-- \/ Yoast SEO plugin. -->","yoast_head_json":{"title":"Milei defendi\u00f3 el DNU, critic\u00f3 los cacerolazos y sostuvo que estaban \"prearmados\" - Noticias Radio Reflejos","robots":{"index":"index","follow":"follow","max-snippet":"max-snippet:-1","max-image-preview":"max-image-preview:large","max-video-preview":"max-video-preview:-1"},"canonical":"https:\/\/www.noticiasradioreflejos.com.ar\/2021\/milei-defendio-el-dnu-critico-los-cacerolazos-y-sostuvo-que-estaban-prearmados\/","og_locale":"es_ES","og_type":"article","og_title":"Milei defendi\u00f3 el DNU, critic\u00f3 los cacerolazos y sostuvo que estaban \"prearmados\" - Noticias Radio Reflejos","og_description":"El Presidente consider\u00f3 que el pa\u00eds tiene los \u00abindicadores sociales peores que en el 2001\u00bb y remarc\u00f3 que tiene \u00abun mandato muy claro\u00bb para \u00abterminar con la inflaci\u00f3n, evitar la hiperinflaci\u00f3n\u00bb y \u00abque crezca la econom\u00eda\u00bb. Reafirm\u00f3 que el DNU convierte a las empresas del Estado en Sociedad An\u00f3nimas y que estas podr\u00e1n ser privatizadas.","og_url":"https:\/\/www.noticiasradioreflejos.com.ar\/2021\/milei-defendio-el-dnu-critico-los-cacerolazos-y-sostuvo-que-estaban-prearmados\/","og_site_name":"Noticias Radio Reflejos","article_published_time":"2023-12-24T12:17:18+00:00","og_image":[{"url":"https:\/\/www.telam.com.ar\/thumbs\/bluesteel\/advf\/imagenes\/2023\/12\/6587801d0442c_1200.jpg","type":"","width":"","height":""}],"author":"Arnaldo Botto","twitter_card":"summary_large_image","schema":{"@context":"https:\/\/schema.org","@graph":[{"@type":"WebPage","@id":"https:\/\/www.noticiasradioreflejos.com.ar\/2021\/milei-defendio-el-dnu-critico-los-cacerolazos-y-sostuvo-que-estaban-prearmados\/","url":"https:\/\/www.noticiasradioreflejos.com.ar\/2021\/milei-defendio-el-dnu-critico-los-cacerolazos-y-sostuvo-que-estaban-prearmados\/","name":"Milei defendi\u00f3 el DNU, critic\u00f3 los cacerolazos y sostuvo que estaban \"prearmados\" - Noticias Radio Reflejos","isPartOf":{"@id":"https:\/\/www.noticiasradioreflejos.com.ar\/2021\/#website"},"primaryImageOfPage":{"@id":"https:\/\/www.noticiasradioreflejos.com.ar\/2021\/milei-defendio-el-dnu-critico-los-cacerolazos-y-sostuvo-que-estaban-prearmados\/#primaryimage"},"image":{"@id":"https:\/\/www.noticiasradioreflejos.com.ar\/2021\/milei-defendio-el-dnu-critico-los-cacerolazos-y-sostuvo-que-estaban-prearmados\/#primaryimage"},"thumbnailUrl":"https:\/\/www.telam.com.ar\/thumbs\/bluesteel\/advf\/imagenes\/2023\/12\/6587801d0442c_1200.jpg","datePublished":"2023-12-24T12:17:18+00:00","author":{"@id":"https:\/\/www.noticiasradioreflejos.com.ar\/2021\/#\/schema\/person\/ad82545263dcc5ec0996818884fd5fb1"},"breadcrumb":{"@id":"https:\/\/www.noticiasradioreflejos.com.ar\/2021\/milei-defendio-el-dnu-critico-los-cacerolazos-y-sostuvo-que-estaban-prearmados\/#breadcrumb"},"inLanguage":"es","potentialAction":[{"@type":"ReadAction","target":["https:\/\/www.noticiasradioreflejos.com.ar\/2021\/milei-defendio-el-dnu-critico-los-cacerolazos-y-sostuvo-que-estaban-prearmados\/"]}]},{"@type":"ImageObject","inLanguage":"es","@id":"https:\/\/www.noticiasradioreflejos.com.ar\/2021\/milei-defendio-el-dnu-critico-los-cacerolazos-y-sostuvo-que-estaban-prearmados\/#primaryimage","url":"https:\/\/www.telam.com.ar\/thumbs\/bluesteel\/advf\/imagenes\/2023\/12\/6587801d0442c_1200.jpg","contentUrl":"https:\/\/www.telam.com.ar\/thumbs\/bluesteel\/advf\/imagenes\/2023\/12\/6587801d0442c_1200.jpg"},{"@type":"BreadcrumbList","@id":"https:\/\/www.noticiasradioreflejos.com.ar\/2021\/milei-defendio-el-dnu-critico-los-cacerolazos-y-sostuvo-que-estaban-prearmados\/#breadcrumb","itemListElement":[{"@type":"ListItem","position":1,"name":"Portada","item":"https:\/\/www.noticiasradioreflejos.com.ar\/2021\/"},{"@type":"ListItem","position":2,"name":"Milei defendi\u00f3 el DNU, critic\u00f3 los cacerolazos y sostuvo que estaban \u00abprearmados\u00bb"}]},{"@type":"WebSite","@id":"https:\/\/www.noticiasradioreflejos.com.ar\/2021\/#website","url":"https:\/\/www.noticiasradioreflejos.com.ar\/2021\/","name":"Noticias Radio Reflejos","description":"Las noticias de mi comarca","potentialAction":[{"@type":"SearchAction","target":{"@type":"EntryPoint","urlTemplate":"https:\/\/www.noticiasradioreflejos.com.ar\/2021\/?s={search_term_string}"},"query-input":{"@type":"PropertyValueSpecification","valueRequired":true,"valueName":"search_term_string"}}],"inLanguage":"es"},{"@type":"Person","@id":"https:\/\/www.noticiasradioreflejos.com.ar\/2021\/#\/schema\/person\/ad82545263dcc5ec0996818884fd5fb1","name":"Arnaldo Botto","image":{"@type":"ImageObject","inLanguage":"es","@id":"https:\/\/www.noticiasradioreflejos.com.ar\/2021\/#\/schema\/person\/image\/","url":"https:\/\/secure.gravatar.com\/avatar\/55cb5e37c1efa326397366e6974cb338056df65cb50e7d64d1cf314e87504837?s=96&d=mm&r=g","contentUrl":"https:\/\/secure.gravatar.com\/avatar\/55cb5e37c1efa326397366e6974cb338056df65cb50e7d64d1cf314e87504837?s=96&d=mm&r=g","caption":"Arnaldo Botto"},"url":"https:\/\/www.noticiasradioreflejos.com.ar\/2021\/author\/arnaldo\/"}]}},"_links":{"self":[{"href":"https:\/\/www.noticiasradioreflejos.com.ar\/2021\/wp-json\/wp\/v2\/posts\/96835","targetHints":{"allow":["GET"]}}],"collection":[{"href":"https:\/\/www.noticiasradioreflejos.com.ar\/2021\/wp-json\/wp\/v2\/posts"}],"about":[{"href":"https:\/\/www.noticiasradioreflejos.com.ar\/2021\/wp-json\/wp\/v2\/types\/post"}],"author":[{"embeddable":true,"href":"https:\/\/www.noticiasradioreflejos.com.ar\/2021\/wp-json\/wp\/v2\/users\/3"}],"replies":[{"embeddable":true,"href":"https:\/\/www.noticiasradioreflejos.com.ar\/2021\/wp-json\/wp\/v2\/comments?post=96835"}],"version-history":[{"count":1,"href":"https:\/\/www.noticiasradioreflejos.com.ar\/2021\/wp-json\/wp\/v2\/posts\/96835\/revisions"}],"predecessor-version":[{"id":96837,"href":"https:\/\/www.noticiasradioreflejos.com.ar\/2021\/wp-json\/wp\/v2\/posts\/96835\/revisions\/96837"}],"wp:attachment":[{"href":"https:\/\/www.noticiasradioreflejos.com.ar\/2021\/wp-json\/wp\/v2\/media?parent=96835"}],"wp:term":[{"taxonomy":"category","embeddable":true,"href":"https:\/\/www.noticiasradioreflejos.com.ar\/2021\/wp-json\/wp\/v2\/categories?post=96835"},{"taxonomy":"post_tag","embeddable":true,"href":"https:\/\/www.noticiasradioreflejos.com.ar\/2021\/wp-json\/wp\/v2\/tags?post=96835"}],"curies":[{"name":"wp","href":"https:\/\/api.w.org\/{rel}","templated":true}]}}