{"id":96823,"date":"2023-12-23T21:10:43","date_gmt":"2023-12-23T21:10:43","guid":{"rendered":"https:\/\/www.noticiasradioreflejos.com.ar\/2021\/?p=96823"},"modified":"2023-12-23T21:10:43","modified_gmt":"2023-12-23T21:10:43","slug":"un-vehiculo-se-incendio-por-completo-en-la-rn-33","status":"publish","type":"post","link":"https:\/\/www.noticiasradioreflejos.com.ar\/2021\/un-vehiculo-se-incendio-por-completo-en-la-rn-33\/","title":{"rendered":"Un veh\u00edculo se incendi\u00f3 por completo en la RN 33"},"content":{"rendered":"<p>Los bomberos voluntarios de Tornquist, acudieron al incendio de un veh\u00edculo que se produjo cerca de la hora 16.30 de este s\u00e1bado, en la ruta nacional 33, kil\u00f3metro 54.<\/span><\/h1>\n<div class=\"text\">\n<p>En ese sector de la carretera un veh\u00edculo Renault Cl\u00edo (AA671OJ), al mando de\u00a0<strong>Braian Jes\u00fas Villanueva Fierro (32)<\/strong>\u00a0que transitaba sentido Bah\u00eda Blanca-Tornquist, sufri\u00f3 el inicio del incendio en su rodado que termin\u00f3 generaliz\u00e1ndose en el auto y se expandi\u00f3 en pastos de la banquina.<\/p>\n<p>El conductor que result\u00f3 ileso, sali\u00f3 por sus propios medios, seg\u00fan informaron fuentes policiales.<\/p>\n<p>Estuvieron presentes adem\u00e1s de bomberos, personal vial del destacamento ubicado en la ruta nacional 33.<\/p>\n<\/div>\n<div>\n<p><img decoding=\"async\" src=\"https:\/\/www.noticiastornquist.com.ar\/imagen.php?imagen=2023-12\/fuego-1.jpg\" \/><\/p>\n<div><\/div>\n<hr \/>\n<p><img decoding=\"async\" src=\"https:\/\/www.noticiastornquist.com.ar\/imagen.php?imagen=2023-12\/fuego-2.jpg\" \/><\/p>\n<p>Fuente Noticias Tornquist.<\/p>\n","protected":false},"excerpt":{"rendered":"<p>Los bomberos voluntarios de Tornquist, acudieron al incendio de un veh\u00edculo que se produjo cerca de la hora 16.30 de este s\u00e1bado, en la ruta nacional 33, kil\u00f3metro 54. En ese sector de la carretera un veh\u00edculo Renault Cl\u00edo (AA671OJ), al mando de\u00a0Braian Jes\u00fas Villanueva Fierro (32)\u00a0que transitaba sentido Bah\u00eda Blanca-Tornquist, sufri\u00f3 el inicio del [&hellip;]<\/p>\n","protected":false},"author":3,"featured_media":96824,"comment_status":"closed","ping_status":"closed","sticky":false,"template":"","format":"standard","meta":{"footnotes":""},"categories":[29],"tags":[],"class_list":["post-96823","post","type-post","status-publish","format-standard","has-post-thumbnail","hentry","category-policiales"],"yoast_head":"<!-- This site is optimized with the Yoast SEO plugin v25.9 - https:\/\/yoast.com\/wordpress\/plugins\/seo\/ -->\n<title>Un veh\u00edculo se incendi\u00f3 por completo en la RN 33 - Noticias Radio Reflejos<\/title>\n<meta name=\"robots\" content=\"index, follow, max-snippet:-1, max-image-preview:large, max-video-preview:-1\" \/>\n<link rel=\"canonical\" href=\"https:\/\/www.noticiasradioreflejos.com.ar\/2021\/un-vehiculo-se-incendio-por-completo-en-la-rn-33\/\" \/>\n<meta property=\"og:locale\" content=\"es_ES\" \/>\n<meta property=\"og:type\" content=\"article\" \/>\n<meta property=\"og:title\" content=\"Un veh\u00edculo se incendi\u00f3 por completo en la RN 33 - Noticias Radio Reflejos\" \/>\n<meta property=\"og:description\" content=\"Los bomberos voluntarios de Tornquist, acudieron al incendio de un veh\u00edculo que se produjo cerca de la hora 16.30 de este s\u00e1bado, en la ruta nacional 33, kil\u00f3metro 54. En ese sector de la carretera un veh\u00edculo Renault Cl\u00edo (AA671OJ), al mando de\u00a0Braian Jes\u00fas Villanueva Fierro (32)\u00a0que transitaba sentido Bah\u00eda Blanca-Tornquist, sufri\u00f3 el inicio del [&hellip;]\" \/>\n<meta property=\"og:url\" content=\"https:\/\/www.noticiasradioreflejos.com.ar\/2021\/un-vehiculo-se-incendio-por-completo-en-la-rn-33\/\" \/>\n<meta property=\"og:site_name\" content=\"Noticias Radio Reflejos\" \/>\n<meta property=\"article:published_time\" content=\"2023-12-23T21:10:43+00:00\" \/>\n<meta property=\"og:image\" content=\"https:\/\/www.noticiasradioreflejos.com.ar\/2021\/wp-content\/uploads\/2023\/12\/fuego-1.jpg_899.jpg\" \/>\n\t<meta property=\"og:image:width\" content=\"899\" \/>\n\t<meta property=\"og:image:height\" content=\"511\" \/>\n\t<meta property=\"og:image:type\" content=\"image\/jpeg\" \/>\n<meta name=\"author\" content=\"Arnaldo Botto\" \/>\n<meta name=\"twitter:card\" content=\"summary_large_image\" \/>\n<script type=\"application\/ld+json\" class=\"yoast-schema-graph\">{\"@context\":\"https:\/\/schema.org\",\"@graph\":[{\"@type\":\"WebPage\",\"@id\":\"https:\/\/www.noticiasradioreflejos.com.ar\/2021\/un-vehiculo-se-incendio-por-completo-en-la-rn-33\/\",\"url\":\"https:\/\/www.noticiasradioreflejos.com.ar\/2021\/un-vehiculo-se-incendio-por-completo-en-la-rn-33\/\",\"name\":\"Un veh\u00edculo se incendi\u00f3 por completo en la RN 33 - Noticias Radio Reflejos\",\"isPartOf\":{\"@id\":\"https:\/\/www.noticiasradioreflejos.com.ar\/2021\/#website\"},\"primaryImageOfPage\":{\"@id\":\"https:\/\/www.noticiasradioreflejos.com.ar\/2021\/un-vehiculo-se-incendio-por-completo-en-la-rn-33\/#primaryimage\"},\"image\":{\"@id\":\"https:\/\/www.noticiasradioreflejos.com.ar\/2021\/un-vehiculo-se-incendio-por-completo-en-la-rn-33\/#primaryimage\"},\"thumbnailUrl\":\"https:\/\/www.noticiasradioreflejos.com.ar\/2021\/wp-content\/uploads\/2023\/12\/fuego-1.jpg_899.jpg\",\"datePublished\":\"2023-12-23T21:10:43+00:00\",\"author\":{\"@id\":\"https:\/\/www.noticiasradioreflejos.com.ar\/2021\/#\/schema\/person\/ad82545263dcc5ec0996818884fd5fb1\"},\"breadcrumb\":{\"@id\":\"https:\/\/www.noticiasradioreflejos.com.ar\/2021\/un-vehiculo-se-incendio-por-completo-en-la-rn-33\/#breadcrumb\"},\"inLanguage\":\"es\",\"potentialAction\":[{\"@type\":\"ReadAction\",\"target\":[\"https:\/\/www.noticiasradioreflejos.com.ar\/2021\/un-vehiculo-se-incendio-por-completo-en-la-rn-33\/\"]}]},{\"@type\":\"ImageObject\",\"inLanguage\":\"es\",\"@id\":\"https:\/\/www.noticiasradioreflejos.com.ar\/2021\/un-vehiculo-se-incendio-por-completo-en-la-rn-33\/#primaryimage\",\"url\":\"https:\/\/www.noticiasradioreflejos.com.ar\/2021\/wp-content\/uploads\/2023\/12\/fuego-1.jpg_899.jpg\",\"contentUrl\":\"https:\/\/www.noticiasradioreflejos.com.ar\/2021\/wp-content\/uploads\/2023\/12\/fuego-1.jpg_899.jpg\",\"width\":899,\"height\":511},{\"@type\":\"BreadcrumbList\",\"@id\":\"https:\/\/www.noticiasradioreflejos.com.ar\/2021\/un-vehiculo-se-incendio-por-completo-en-la-rn-33\/#breadcrumb\",\"itemListElement\":[{\"@type\":\"ListItem\",\"position\":1,\"name\":\"Portada\",\"item\":\"https:\/\/www.noticiasradioreflejos.com.ar\/2021\/\"},{\"@type\":\"ListItem\",\"position\":2,\"name\":\"Un veh\u00edculo se incendi\u00f3 por completo en la RN 33\"}]},{\"@type\":\"WebSite\",\"@id\":\"https:\/\/www.noticiasradioreflejos.com.ar\/2021\/#website\",\"url\":\"https:\/\/www.noticiasradioreflejos.com.ar\/2021\/\",\"name\":\"Noticias Radio Reflejos\",\"description\":\"Las noticias de mi comarca\",\"potentialAction\":[{\"@type\":\"SearchAction\",\"target\":{\"@type\":\"EntryPoint\",\"urlTemplate\":\"https:\/\/www.noticiasradioreflejos.com.ar\/2021\/?s={search_term_string}\"},\"query-input\":{\"@type\":\"PropertyValueSpecification\",\"valueRequired\":true,\"valueName\":\"search_term_string\"}}],\"inLanguage\":\"es\"},{\"@type\":\"Person\",\"@id\":\"https:\/\/www.noticiasradioreflejos.com.ar\/2021\/#\/schema\/person\/ad82545263dcc5ec0996818884fd5fb1\",\"name\":\"Arnaldo Botto\",\"image\":{\"@type\":\"ImageObject\",\"inLanguage\":\"es\",\"@id\":\"https:\/\/www.noticiasradioreflejos.com.ar\/2021\/#\/schema\/person\/image\/\",\"url\":\"https:\/\/secure.gravatar.com\/avatar\/55cb5e37c1efa326397366e6974cb338056df65cb50e7d64d1cf314e87504837?s=96&d=mm&r=g\",\"contentUrl\":\"https:\/\/secure.gravatar.com\/avatar\/55cb5e37c1efa326397366e6974cb338056df65cb50e7d64d1cf314e87504837?s=96&d=mm&r=g\",\"caption\":\"Arnaldo Botto\"},\"url\":\"https:\/\/www.noticiasradioreflejos.com.ar\/2021\/author\/arnaldo\/\"}]}<\/script>\n<!-- \/ Yoast SEO plugin. -->","yoast_head_json":{"title":"Un veh\u00edculo se incendi\u00f3 por completo en la RN 33 - Noticias Radio Reflejos","robots":{"index":"index","follow":"follow","max-snippet":"max-snippet:-1","max-image-preview":"max-image-preview:large","max-video-preview":"max-video-preview:-1"},"canonical":"https:\/\/www.noticiasradioreflejos.com.ar\/2021\/un-vehiculo-se-incendio-por-completo-en-la-rn-33\/","og_locale":"es_ES","og_type":"article","og_title":"Un veh\u00edculo se incendi\u00f3 por completo en la RN 33 - Noticias Radio Reflejos","og_description":"Los bomberos voluntarios de Tornquist, acudieron al incendio de un veh\u00edculo que se produjo cerca de la hora 16.30 de este s\u00e1bado, en la ruta nacional 33, kil\u00f3metro 54. En ese sector de la carretera un veh\u00edculo Renault Cl\u00edo (AA671OJ), al mando de\u00a0Braian Jes\u00fas Villanueva Fierro (32)\u00a0que transitaba sentido Bah\u00eda Blanca-Tornquist, sufri\u00f3 el inicio del [&hellip;]","og_url":"https:\/\/www.noticiasradioreflejos.com.ar\/2021\/un-vehiculo-se-incendio-por-completo-en-la-rn-33\/","og_site_name":"Noticias Radio Reflejos","article_published_time":"2023-12-23T21:10:43+00:00","og_image":[{"width":899,"height":511,"url":"https:\/\/www.noticiasradioreflejos.com.ar\/2021\/wp-content\/uploads\/2023\/12\/fuego-1.jpg_899.jpg","type":"image\/jpeg"}],"author":"Arnaldo Botto","twitter_card":"summary_large_image","schema":{"@context":"https:\/\/schema.org","@graph":[{"@type":"WebPage","@id":"https:\/\/www.noticiasradioreflejos.com.ar\/2021\/un-vehiculo-se-incendio-por-completo-en-la-rn-33\/","url":"https:\/\/www.noticiasradioreflejos.com.ar\/2021\/un-vehiculo-se-incendio-por-completo-en-la-rn-33\/","name":"Un veh\u00edculo se incendi\u00f3 por completo en la RN 33 - Noticias Radio Reflejos","isPartOf":{"@id":"https:\/\/www.noticiasradioreflejos.com.ar\/2021\/#website"},"primaryImageOfPage":{"@id":"https:\/\/www.noticiasradioreflejos.com.ar\/2021\/un-vehiculo-se-incendio-por-completo-en-la-rn-33\/#primaryimage"},"image":{"@id":"https:\/\/www.noticiasradioreflejos.com.ar\/2021\/un-vehiculo-se-incendio-por-completo-en-la-rn-33\/#primaryimage"},"thumbnailUrl":"https:\/\/www.noticiasradioreflejos.com.ar\/2021\/wp-content\/uploads\/2023\/12\/fuego-1.jpg_899.jpg","datePublished":"2023-12-23T21:10:43+00:00","author":{"@id":"https:\/\/www.noticiasradioreflejos.com.ar\/2021\/#\/schema\/person\/ad82545263dcc5ec0996818884fd5fb1"},"breadcrumb":{"@id":"https:\/\/www.noticiasradioreflejos.com.ar\/2021\/un-vehiculo-se-incendio-por-completo-en-la-rn-33\/#breadcrumb"},"inLanguage":"es","potentialAction":[{"@type":"ReadAction","target":["https:\/\/www.noticiasradioreflejos.com.ar\/2021\/un-vehiculo-se-incendio-por-completo-en-la-rn-33\/"]}]},{"@type":"ImageObject","inLanguage":"es","@id":"https:\/\/www.noticiasradioreflejos.com.ar\/2021\/un-vehiculo-se-incendio-por-completo-en-la-rn-33\/#primaryimage","url":"https:\/\/www.noticiasradioreflejos.com.ar\/2021\/wp-content\/uploads\/2023\/12\/fuego-1.jpg_899.jpg","contentUrl":"https:\/\/www.noticiasradioreflejos.com.ar\/2021\/wp-content\/uploads\/2023\/12\/fuego-1.jpg_899.jpg","width":899,"height":511},{"@type":"BreadcrumbList","@id":"https:\/\/www.noticiasradioreflejos.com.ar\/2021\/un-vehiculo-se-incendio-por-completo-en-la-rn-33\/#breadcrumb","itemListElement":[{"@type":"ListItem","position":1,"name":"Portada","item":"https:\/\/www.noticiasradioreflejos.com.ar\/2021\/"},{"@type":"ListItem","position":2,"name":"Un veh\u00edculo se incendi\u00f3 por completo en la RN 33"}]},{"@type":"WebSite","@id":"https:\/\/www.noticiasradioreflejos.com.ar\/2021\/#website","url":"https:\/\/www.noticiasradioreflejos.com.ar\/2021\/","name":"Noticias Radio Reflejos","description":"Las noticias de mi comarca","potentialAction":[{"@type":"SearchAction","target":{"@type":"EntryPoint","urlTemplate":"https:\/\/www.noticiasradioreflejos.com.ar\/2021\/?s={search_term_string}"},"query-input":{"@type":"PropertyValueSpecification","valueRequired":true,"valueName":"search_term_string"}}],"inLanguage":"es"},{"@type":"Person","@id":"https:\/\/www.noticiasradioreflejos.com.ar\/2021\/#\/schema\/person\/ad82545263dcc5ec0996818884fd5fb1","name":"Arnaldo Botto","image":{"@type":"ImageObject","inLanguage":"es","@id":"https:\/\/www.noticiasradioreflejos.com.ar\/2021\/#\/schema\/person\/image\/","url":"https:\/\/secure.gravatar.com\/avatar\/55cb5e37c1efa326397366e6974cb338056df65cb50e7d64d1cf314e87504837?s=96&d=mm&r=g","contentUrl":"https:\/\/secure.gravatar.com\/avatar\/55cb5e37c1efa326397366e6974cb338056df65cb50e7d64d1cf314e87504837?s=96&d=mm&r=g","caption":"Arnaldo Botto"},"url":"https:\/\/www.noticiasradioreflejos.com.ar\/2021\/author\/arnaldo\/"}]}},"_links":{"self":[{"href":"https:\/\/www.noticiasradioreflejos.com.ar\/2021\/wp-json\/wp\/v2\/posts\/96823","targetHints":{"allow":["GET"]}}],"collection":[{"href":"https:\/\/www.noticiasradioreflejos.com.ar\/2021\/wp-json\/wp\/v2\/posts"}],"about":[{"href":"https:\/\/www.noticiasradioreflejos.com.ar\/2021\/wp-json\/wp\/v2\/types\/post"}],"author":[{"embeddable":true,"href":"https:\/\/www.noticiasradioreflejos.com.ar\/2021\/wp-json\/wp\/v2\/users\/3"}],"replies":[{"embeddable":true,"href":"https:\/\/www.noticiasradioreflejos.com.ar\/2021\/wp-json\/wp\/v2\/comments?post=96823"}],"version-history":[{"count":1,"href":"https:\/\/www.noticiasradioreflejos.com.ar\/2021\/wp-json\/wp\/v2\/posts\/96823\/revisions"}],"predecessor-version":[{"id":96825,"href":"https:\/\/www.noticiasradioreflejos.com.ar\/2021\/wp-json\/wp\/v2\/posts\/96823\/revisions\/96825"}],"wp:featuredmedia":[{"embeddable":true,"href":"https:\/\/www.noticiasradioreflejos.com.ar\/2021\/wp-json\/wp\/v2\/media\/96824"}],"wp:attachment":[{"href":"https:\/\/www.noticiasradioreflejos.com.ar\/2021\/wp-json\/wp\/v2\/media?parent=96823"}],"wp:term":[{"taxonomy":"category","embeddable":true,"href":"https:\/\/www.noticiasradioreflejos.com.ar\/2021\/wp-json\/wp\/v2\/categories?post=96823"},{"taxonomy":"post_tag","embeddable":true,"href":"https:\/\/www.noticiasradioreflejos.com.ar\/2021\/wp-json\/wp\/v2\/tags?post=96823"}],"curies":[{"name":"wp","href":"https:\/\/api.w.org\/{rel}","templated":true}]}}