{"id":96819,"date":"2023-12-23T16:51:59","date_gmt":"2023-12-23T16:51:59","guid":{"rendered":"https:\/\/www.noticiasradioreflejos.com.ar\/2021\/?p=96819"},"modified":"2023-12-24T12:18:36","modified_gmt":"2023-12-24T12:18:36","slug":"domingo-24-actualizacion-del-pronostico-de-alerta-amarilla-en-tornquist","status":"publish","type":"post","link":"https:\/\/www.noticiasradioreflejos.com.ar\/2021\/domingo-24-actualizacion-del-pronostico-de-alerta-amarilla-en-tornquist\/","title":{"rendered":"Domingo 24: actualizaci\u00f3n del pron\u00f3stico de alerta amarilla en Tornquist\u00a0"},"content":{"rendered":"<p>Tornquist Municipio actualiza la informaci\u00f3n sobre el alerta amarillo para este domingo 24, que se mantiene vigente para el distrito.<!--more--><\/p>\n<p><span style=\"font-weight: 400;\">En ese sentido, se prev\u00e9n tormentas localmente fuertes por la tarde y noche, que estar\u00e1n acompa\u00f1adas por intensa actividad el\u00e9ctrica, fuertes r\u00e1fagas de viento, y ocasional ca\u00edda de granizo. Asimismo, se informa que el Servicio Meteorol\u00f3gico Nacional, envi\u00f3 una nueva notificaci\u00f3n de alerta para la noche del domingo, donde los municipios podr\u00edan ser afectados por vientos del sur con velocidades\u00a0 entre 30 y 45 km\/h, y r\u00e1fagas que pueden superar los 70 km\/h.<\/span><\/p>\n<p><span style=\"font-weight: 400;\">Se prev\u00e9n precipitaciones entre 20 y 50 mm acumulados, pudiendo ser superados en puntos determinados.\u00a0<\/span><\/p>\n<p><span style=\"font-weight: 400;\">Se solicita a la comunidad, mantenerse informado a trav\u00e9s de los medios oficiales del Servicio Meteorol\u00f3gico Nacional (www.smn.gob.ar), o de las alertas emitidos por Tornquist Municipio a nivel local.<\/span><\/p>\n","protected":false},"excerpt":{"rendered":"<p>Tornquist Municipio actualiza la informaci\u00f3n sobre el alerta amarillo para este domingo 24, que se mantiene vigente para el distrito.<\/p>\n","protected":false},"author":3,"featured_media":0,"comment_status":"closed","ping_status":"closed","sticky":false,"template":"","format":"standard","meta":{"footnotes":""},"categories":[28],"tags":[],"class_list":["post-96819","post","type-post","status-publish","format-standard","hentry","category-municipales"],"yoast_head":"<!-- This site is optimized with the Yoast SEO plugin v25.9 - https:\/\/yoast.com\/wordpress\/plugins\/seo\/ -->\n<title>Domingo 24: actualizaci\u00f3n del pron\u00f3stico de alerta amarilla en Tornquist\u00a0 - Noticias Radio Reflejos<\/title>\n<meta name=\"robots\" content=\"index, follow, max-snippet:-1, max-image-preview:large, max-video-preview:-1\" \/>\n<link rel=\"canonical\" href=\"https:\/\/www.noticiasradioreflejos.com.ar\/2021\/domingo-24-actualizacion-del-pronostico-de-alerta-amarilla-en-tornquist\/\" \/>\n<meta property=\"og:locale\" content=\"es_ES\" \/>\n<meta property=\"og:type\" content=\"article\" \/>\n<meta property=\"og:title\" content=\"Domingo 24: actualizaci\u00f3n del pron\u00f3stico de alerta amarilla en Tornquist\u00a0 - Noticias Radio Reflejos\" \/>\n<meta property=\"og:description\" content=\"Tornquist Municipio actualiza la informaci\u00f3n sobre el alerta amarillo para este domingo 24, que se mantiene vigente para el distrito.\" \/>\n<meta property=\"og:url\" content=\"https:\/\/www.noticiasradioreflejos.com.ar\/2021\/domingo-24-actualizacion-del-pronostico-de-alerta-amarilla-en-tornquist\/\" \/>\n<meta property=\"og:site_name\" content=\"Noticias Radio Reflejos\" \/>\n<meta property=\"article:published_time\" content=\"2023-12-23T16:51:59+00:00\" \/>\n<meta property=\"article:modified_time\" content=\"2023-12-24T12:18:36+00:00\" \/>\n<meta property=\"og:image\" content=\"https:\/\/www.noticiasradioreflejos.com.ar\/2021\/wp-content\/uploads\/2021\/07\/logosol300x200.png\" \/>\n\t<meta property=\"og:image:width\" content=\"300\" \/>\n\t<meta property=\"og:image:height\" content=\"200\" \/>\n\t<meta property=\"og:image:type\" content=\"image\/png\" \/>\n<meta name=\"author\" content=\"Arnaldo Botto\" \/>\n<meta name=\"twitter:card\" content=\"summary_large_image\" \/>\n<script type=\"application\/ld+json\" class=\"yoast-schema-graph\">{\"@context\":\"https:\/\/schema.org\",\"@graph\":[{\"@type\":\"WebPage\",\"@id\":\"https:\/\/www.noticiasradioreflejos.com.ar\/2021\/domingo-24-actualizacion-del-pronostico-de-alerta-amarilla-en-tornquist\/\",\"url\":\"https:\/\/www.noticiasradioreflejos.com.ar\/2021\/domingo-24-actualizacion-del-pronostico-de-alerta-amarilla-en-tornquist\/\",\"name\":\"Domingo 24: actualizaci\u00f3n del pron\u00f3stico de alerta amarilla en Tornquist\u00a0 - Noticias Radio Reflejos\",\"isPartOf\":{\"@id\":\"https:\/\/www.noticiasradioreflejos.com.ar\/2021\/#website\"},\"datePublished\":\"2023-12-23T16:51:59+00:00\",\"dateModified\":\"2023-12-24T12:18:36+00:00\",\"author\":{\"@id\":\"https:\/\/www.noticiasradioreflejos.com.ar\/2021\/#\/schema\/person\/ad82545263dcc5ec0996818884fd5fb1\"},\"breadcrumb\":{\"@id\":\"https:\/\/www.noticiasradioreflejos.com.ar\/2021\/domingo-24-actualizacion-del-pronostico-de-alerta-amarilla-en-tornquist\/#breadcrumb\"},\"inLanguage\":\"es\",\"potentialAction\":[{\"@type\":\"ReadAction\",\"target\":[\"https:\/\/www.noticiasradioreflejos.com.ar\/2021\/domingo-24-actualizacion-del-pronostico-de-alerta-amarilla-en-tornquist\/\"]}]},{\"@type\":\"BreadcrumbList\",\"@id\":\"https:\/\/www.noticiasradioreflejos.com.ar\/2021\/domingo-24-actualizacion-del-pronostico-de-alerta-amarilla-en-tornquist\/#breadcrumb\",\"itemListElement\":[{\"@type\":\"ListItem\",\"position\":1,\"name\":\"Portada\",\"item\":\"https:\/\/www.noticiasradioreflejos.com.ar\/2021\/\"},{\"@type\":\"ListItem\",\"position\":2,\"name\":\"Domingo 24: actualizaci\u00f3n del pron\u00f3stico de alerta amarilla en Tornquist\u00a0\"}]},{\"@type\":\"WebSite\",\"@id\":\"https:\/\/www.noticiasradioreflejos.com.ar\/2021\/#website\",\"url\":\"https:\/\/www.noticiasradioreflejos.com.ar\/2021\/\",\"name\":\"Noticias Radio Reflejos\",\"description\":\"Las noticias de mi comarca\",\"potentialAction\":[{\"@type\":\"SearchAction\",\"target\":{\"@type\":\"EntryPoint\",\"urlTemplate\":\"https:\/\/www.noticiasradioreflejos.com.ar\/2021\/?s={search_term_string}\"},\"query-input\":{\"@type\":\"PropertyValueSpecification\",\"valueRequired\":true,\"valueName\":\"search_term_string\"}}],\"inLanguage\":\"es\"},{\"@type\":\"Person\",\"@id\":\"https:\/\/www.noticiasradioreflejos.com.ar\/2021\/#\/schema\/person\/ad82545263dcc5ec0996818884fd5fb1\",\"name\":\"Arnaldo Botto\",\"image\":{\"@type\":\"ImageObject\",\"inLanguage\":\"es\",\"@id\":\"https:\/\/www.noticiasradioreflejos.com.ar\/2021\/#\/schema\/person\/image\/\",\"url\":\"https:\/\/secure.gravatar.com\/avatar\/55cb5e37c1efa326397366e6974cb338056df65cb50e7d64d1cf314e87504837?s=96&d=mm&r=g\",\"contentUrl\":\"https:\/\/secure.gravatar.com\/avatar\/55cb5e37c1efa326397366e6974cb338056df65cb50e7d64d1cf314e87504837?s=96&d=mm&r=g\",\"caption\":\"Arnaldo Botto\"},\"url\":\"https:\/\/www.noticiasradioreflejos.com.ar\/2021\/author\/arnaldo\/\"}]}<\/script>\n<!-- \/ Yoast SEO plugin. -->","yoast_head_json":{"title":"Domingo 24: actualizaci\u00f3n del pron\u00f3stico de alerta amarilla en Tornquist\u00a0 - Noticias Radio Reflejos","robots":{"index":"index","follow":"follow","max-snippet":"max-snippet:-1","max-image-preview":"max-image-preview:large","max-video-preview":"max-video-preview:-1"},"canonical":"https:\/\/www.noticiasradioreflejos.com.ar\/2021\/domingo-24-actualizacion-del-pronostico-de-alerta-amarilla-en-tornquist\/","og_locale":"es_ES","og_type":"article","og_title":"Domingo 24: actualizaci\u00f3n del pron\u00f3stico de alerta amarilla en Tornquist\u00a0 - Noticias Radio Reflejos","og_description":"Tornquist Municipio actualiza la informaci\u00f3n sobre el alerta amarillo para este domingo 24, que se mantiene vigente para el distrito.","og_url":"https:\/\/www.noticiasradioreflejos.com.ar\/2021\/domingo-24-actualizacion-del-pronostico-de-alerta-amarilla-en-tornquist\/","og_site_name":"Noticias Radio Reflejos","article_published_time":"2023-12-23T16:51:59+00:00","article_modified_time":"2023-12-24T12:18:36+00:00","og_image":[{"width":300,"height":200,"url":"https:\/\/www.noticiasradioreflejos.com.ar\/2021\/wp-content\/uploads\/2021\/07\/logosol300x200.png","type":"image\/png"}],"author":"Arnaldo Botto","twitter_card":"summary_large_image","schema":{"@context":"https:\/\/schema.org","@graph":[{"@type":"WebPage","@id":"https:\/\/www.noticiasradioreflejos.com.ar\/2021\/domingo-24-actualizacion-del-pronostico-de-alerta-amarilla-en-tornquist\/","url":"https:\/\/www.noticiasradioreflejos.com.ar\/2021\/domingo-24-actualizacion-del-pronostico-de-alerta-amarilla-en-tornquist\/","name":"Domingo 24: actualizaci\u00f3n del pron\u00f3stico de alerta amarilla en Tornquist\u00a0 - Noticias Radio Reflejos","isPartOf":{"@id":"https:\/\/www.noticiasradioreflejos.com.ar\/2021\/#website"},"datePublished":"2023-12-23T16:51:59+00:00","dateModified":"2023-12-24T12:18:36+00:00","author":{"@id":"https:\/\/www.noticiasradioreflejos.com.ar\/2021\/#\/schema\/person\/ad82545263dcc5ec0996818884fd5fb1"},"breadcrumb":{"@id":"https:\/\/www.noticiasradioreflejos.com.ar\/2021\/domingo-24-actualizacion-del-pronostico-de-alerta-amarilla-en-tornquist\/#breadcrumb"},"inLanguage":"es","potentialAction":[{"@type":"ReadAction","target":["https:\/\/www.noticiasradioreflejos.com.ar\/2021\/domingo-24-actualizacion-del-pronostico-de-alerta-amarilla-en-tornquist\/"]}]},{"@type":"BreadcrumbList","@id":"https:\/\/www.noticiasradioreflejos.com.ar\/2021\/domingo-24-actualizacion-del-pronostico-de-alerta-amarilla-en-tornquist\/#breadcrumb","itemListElement":[{"@type":"ListItem","position":1,"name":"Portada","item":"https:\/\/www.noticiasradioreflejos.com.ar\/2021\/"},{"@type":"ListItem","position":2,"name":"Domingo 24: actualizaci\u00f3n del pron\u00f3stico de alerta amarilla en Tornquist\u00a0"}]},{"@type":"WebSite","@id":"https:\/\/www.noticiasradioreflejos.com.ar\/2021\/#website","url":"https:\/\/www.noticiasradioreflejos.com.ar\/2021\/","name":"Noticias Radio Reflejos","description":"Las noticias de mi comarca","potentialAction":[{"@type":"SearchAction","target":{"@type":"EntryPoint","urlTemplate":"https:\/\/www.noticiasradioreflejos.com.ar\/2021\/?s={search_term_string}"},"query-input":{"@type":"PropertyValueSpecification","valueRequired":true,"valueName":"search_term_string"}}],"inLanguage":"es"},{"@type":"Person","@id":"https:\/\/www.noticiasradioreflejos.com.ar\/2021\/#\/schema\/person\/ad82545263dcc5ec0996818884fd5fb1","name":"Arnaldo Botto","image":{"@type":"ImageObject","inLanguage":"es","@id":"https:\/\/www.noticiasradioreflejos.com.ar\/2021\/#\/schema\/person\/image\/","url":"https:\/\/secure.gravatar.com\/avatar\/55cb5e37c1efa326397366e6974cb338056df65cb50e7d64d1cf314e87504837?s=96&d=mm&r=g","contentUrl":"https:\/\/secure.gravatar.com\/avatar\/55cb5e37c1efa326397366e6974cb338056df65cb50e7d64d1cf314e87504837?s=96&d=mm&r=g","caption":"Arnaldo Botto"},"url":"https:\/\/www.noticiasradioreflejos.com.ar\/2021\/author\/arnaldo\/"}]}},"_links":{"self":[{"href":"https:\/\/www.noticiasradioreflejos.com.ar\/2021\/wp-json\/wp\/v2\/posts\/96819","targetHints":{"allow":["GET"]}}],"collection":[{"href":"https:\/\/www.noticiasradioreflejos.com.ar\/2021\/wp-json\/wp\/v2\/posts"}],"about":[{"href":"https:\/\/www.noticiasradioreflejos.com.ar\/2021\/wp-json\/wp\/v2\/types\/post"}],"author":[{"embeddable":true,"href":"https:\/\/www.noticiasradioreflejos.com.ar\/2021\/wp-json\/wp\/v2\/users\/3"}],"replies":[{"embeddable":true,"href":"https:\/\/www.noticiasradioreflejos.com.ar\/2021\/wp-json\/wp\/v2\/comments?post=96819"}],"version-history":[{"count":1,"href":"https:\/\/www.noticiasradioreflejos.com.ar\/2021\/wp-json\/wp\/v2\/posts\/96819\/revisions"}],"predecessor-version":[{"id":96822,"href":"https:\/\/www.noticiasradioreflejos.com.ar\/2021\/wp-json\/wp\/v2\/posts\/96819\/revisions\/96822"}],"wp:attachment":[{"href":"https:\/\/www.noticiasradioreflejos.com.ar\/2021\/wp-json\/wp\/v2\/media?parent=96819"}],"wp:term":[{"taxonomy":"category","embeddable":true,"href":"https:\/\/www.noticiasradioreflejos.com.ar\/2021\/wp-json\/wp\/v2\/categories?post=96819"},{"taxonomy":"post_tag","embeddable":true,"href":"https:\/\/www.noticiasradioreflejos.com.ar\/2021\/wp-json\/wp\/v2\/tags?post=96819"}],"curies":[{"name":"wp","href":"https:\/\/api.w.org\/{rel}","templated":true}]}}