{"id":96787,"date":"2023-12-22T19:41:53","date_gmt":"2023-12-22T19:41:53","guid":{"rendered":"https:\/\/www.noticiasradioreflejos.com.ar\/2021\/?p=96787"},"modified":"2023-12-22T19:41:53","modified_gmt":"2023-12-22T19:41:53","slug":"cinco-pasos-simples-y-claves-para-meditar","status":"publish","type":"post","link":"https:\/\/www.noticiasradioreflejos.com.ar\/2021\/cinco-pasos-simples-y-claves-para-meditar\/","title":{"rendered":"Cinco pasos simples y claves para meditar"},"content":{"rendered":"<p>La especialista en medicina natural, Anabella Botto, brind\u00f3 detalles pr\u00e1cticos para iniciarse en la meditaci\u00f3n, derribando la mismo tiempo varios mitos que hay al respecto.<!--more--><\/p>\n<p>En una nueva entrega semanal del micro de vida sana, la especialista en medicina natural, Anabella Botto, brind\u00f3 conceptos b\u00e1sicos para iniciarse en la meditaci\u00f3n.<\/p>\n<p>Al respecto explic\u00f3 c\u00f3mo primera medida que \u201cbusquemos silenciar el afuera y el ruido interno, y busquemos conectar con nosotros\u201d.<\/p>\n<p>Y de la mano con eso comenz\u00f3 a \u201cderribar varios mitos. A meditar se aprende, es una pr\u00e1ctica que mientras m\u00e1s la hagamos menos nos costar\u00e1 alcanzar. Nadie puede disfrutar de las fiestas de fin de a\u00f1o o la misma vida, angustiado, ansioso, estresado\u201d.<\/p>\n<p>En ese aspecto resalt\u00f3 que \u201cla meditaci\u00f3n puede ser practicada por cualquier persona que quiera hacerlo, m\u00e1s all\u00e1 de su edad, conocimiento, nivel social o educativo. Y lejos de lo que muchos creen no hace falta considerarte espiritual o ser parte de una religi\u00f3n. Meditar es solo un momento de encuentro con nosotros mismos\u201d.<\/p>\n<p>Al tiempo que especific\u00f3 que \u201ctiene efectos preventivos y terap\u00e9uticos sobre la fisiolog\u00eda y aspectos psicol\u00f3gicos de las personas. Depresi\u00f3n, ansiedad, ataques de p\u00e1nico, entre otras patolog\u00edas de salud, en las que meditar hace bien\u201d.<\/p>\n<p>Sum\u00e1ndole que \u201cotro gran mito es que se trata de obligar a la mente que se tranquilice. Sino buscar la tranquilidad que ya tiene, y para eso hay que ayudarla. La realidad es que sin descanso el cuerpo se estresa y no se generan los procesos necesarios para su reparaci\u00f3n\u201d.<\/p>\n<p>Con todo eso en claro explic\u00f3 \u201ccinco pasos simples y claves para meditar\u201d iniciando que \u201clo primero es elegir un tiempo libre, donde no haya distracciones. Lo segundo es sentarte en silencio, tranquilamente, en un lugar c\u00f3modo, idealmente con las palmas hacia arriba, y pondremos el foco en c\u00f3mo se estira la columna\u201d.<\/p>\n<p>Continuando sostuvo que \u201cel tercer paso es permitir a tus ojos reconocer el ambiente que te rodea y a tus o\u00eddos recibir los sonidos, sin juzgarlos. Solo contemplar. Vas a relajar tus m\u00fasculos, y despu\u00e9s de un tiempo vas a cerrar los ojos y atraer la atenci\u00f3n hacia nuestro interior\u201d.<\/p>\n<p>A eso le sum\u00f3 que \u201cen el paso cuatro veremos c\u00f3mo se mueven los deseos, los pensamientos, las emociones. Los observaremos como un r\u00edo con caudal y vamos a mirar esa actividad como si fuesen pasando, sin juzgar. Solo es observar\u201d.<\/p>\n<p>Por \u00faltimo \u201cen el paso cinco, si te cuesta mucho esto de no entregar energ\u00eda a los pensamientos, vamos a sentir como el aire que ingresa es fr\u00edo y al sacarlo es tibio. En este estado, la paz y la alegr\u00eda descender\u00e1n como bendiciones. Abrite a recibirlas\u201d.<\/p>\n<p>&nbsp;<\/p>\n<p>&nbsp;<\/p>\n<p>Concluyendo con que \u201ccon que te puedas tomar el tiempo para seguir estos cinco pasos, ya estar\u00e1s meditando\u201d.<\/p>\n<p><iframe loading=\"lazy\" src=\"https:\/\/w.soundcloud.com\/player\/?url=https%3A\/\/api.soundcloud.com\/tracks\/1696955319&amp;color=%23ff5500&amp;auto_play=false&amp;hide_related=false&amp;show_comments=true&amp;show_user=true&amp;show_reposts=false&amp;show_teaser=true\" width=\"100%\" height=\"166\" frameborder=\"no\" scrolling=\"no\"><\/iframe><\/p>\n<div style=\"font-size: 10px; color: #cccccc; line-break: anywhere; word-break: normal; overflow: hidden; white-space: nowrap; text-overflow: ellipsis; font-family: Interstate,Lucida Grande,Lucida Sans Unicode,Lucida Sans,Garuda,Verdana,Tahoma,sans-serif; font-weight: 100;\"><a style=\"color: #cccccc; text-decoration: none;\" title=\"fmreflejos 103.7\" href=\"https:\/\/soundcloud.com\/fmreflejos-103-7\" target=\"_blank\" rel=\"noopener\">fmreflejos 103.7<\/a> \u00b7 <a style=\"color: #cccccc; text-decoration: none;\" title=\"5 pasos simples pero claves para meditar\" href=\"https:\/\/soundcloud.com\/fmreflejos-103-7\/5-pasos-simples-pero-claves-para-meditar\" target=\"_blank\" rel=\"noopener\">5 pasos simples pero claves para meditar<\/a><\/div>\n","protected":false},"excerpt":{"rendered":"<p>La especialista en medicina natural, Anabella Botto, brind\u00f3 detalles pr\u00e1cticos para iniciarse en la meditaci\u00f3n, derribando la mismo tiempo varios mitos que hay al respecto.<\/p>\n","protected":false},"author":3,"featured_media":96810,"comment_status":"closed","ping_status":"closed","sticky":false,"template":"","format":"standard","meta":{"footnotes":""},"categories":[35,30,26],"tags":[48],"class_list":["post-96787","post","type-post","status-publish","format-standard","has-post-thumbnail","hentry","category-cultura","category-salud","category-sociedad","tag-destacada"],"yoast_head":"<!-- This site is optimized with the Yoast SEO plugin v25.9 - https:\/\/yoast.com\/wordpress\/plugins\/seo\/ -->\n<title>Cinco pasos simples y claves para meditar - Noticias Radio Reflejos<\/title>\n<meta name=\"robots\" content=\"index, follow, max-snippet:-1, max-image-preview:large, max-video-preview:-1\" \/>\n<link rel=\"canonical\" href=\"https:\/\/www.noticiasradioreflejos.com.ar\/2021\/cinco-pasos-simples-y-claves-para-meditar\/\" \/>\n<meta property=\"og:locale\" content=\"es_ES\" \/>\n<meta property=\"og:type\" content=\"article\" \/>\n<meta property=\"og:title\" content=\"Cinco pasos simples y claves para meditar - Noticias Radio Reflejos\" \/>\n<meta property=\"og:description\" content=\"La especialista en medicina natural, Anabella Botto, brind\u00f3 detalles pr\u00e1cticos para iniciarse en la meditaci\u00f3n, derribando la mismo tiempo varios mitos que hay al respecto.\" \/>\n<meta property=\"og:url\" content=\"https:\/\/www.noticiasradioreflejos.com.ar\/2021\/cinco-pasos-simples-y-claves-para-meditar\/\" \/>\n<meta property=\"og:site_name\" content=\"Noticias Radio Reflejos\" \/>\n<meta property=\"article:published_time\" content=\"2023-12-22T19:41:53+00:00\" \/>\n<meta property=\"og:image\" content=\"https:\/\/www.noticiasradioreflejos.com.ar\/2021\/wp-content\/uploads\/2023\/12\/meditar.jpg\" \/>\n\t<meta property=\"og:image:width\" content=\"864\" \/>\n\t<meta property=\"og:image:height\" content=\"864\" \/>\n\t<meta property=\"og:image:type\" content=\"image\/jpeg\" \/>\n<meta name=\"author\" content=\"Arnaldo Botto\" \/>\n<meta name=\"twitter:card\" content=\"summary_large_image\" \/>\n<script type=\"application\/ld+json\" class=\"yoast-schema-graph\">{\"@context\":\"https:\/\/schema.org\",\"@graph\":[{\"@type\":\"WebPage\",\"@id\":\"https:\/\/www.noticiasradioreflejos.com.ar\/2021\/cinco-pasos-simples-y-claves-para-meditar\/\",\"url\":\"https:\/\/www.noticiasradioreflejos.com.ar\/2021\/cinco-pasos-simples-y-claves-para-meditar\/\",\"name\":\"Cinco pasos simples y claves para meditar - Noticias Radio Reflejos\",\"isPartOf\":{\"@id\":\"https:\/\/www.noticiasradioreflejos.com.ar\/2021\/#website\"},\"primaryImageOfPage\":{\"@id\":\"https:\/\/www.noticiasradioreflejos.com.ar\/2021\/cinco-pasos-simples-y-claves-para-meditar\/#primaryimage\"},\"image\":{\"@id\":\"https:\/\/www.noticiasradioreflejos.com.ar\/2021\/cinco-pasos-simples-y-claves-para-meditar\/#primaryimage\"},\"thumbnailUrl\":\"https:\/\/www.noticiasradioreflejos.com.ar\/2021\/wp-content\/uploads\/2023\/12\/meditar.jpg\",\"datePublished\":\"2023-12-22T19:41:53+00:00\",\"author\":{\"@id\":\"https:\/\/www.noticiasradioreflejos.com.ar\/2021\/#\/schema\/person\/ad82545263dcc5ec0996818884fd5fb1\"},\"breadcrumb\":{\"@id\":\"https:\/\/www.noticiasradioreflejos.com.ar\/2021\/cinco-pasos-simples-y-claves-para-meditar\/#breadcrumb\"},\"inLanguage\":\"es\",\"potentialAction\":[{\"@type\":\"ReadAction\",\"target\":[\"https:\/\/www.noticiasradioreflejos.com.ar\/2021\/cinco-pasos-simples-y-claves-para-meditar\/\"]}]},{\"@type\":\"ImageObject\",\"inLanguage\":\"es\",\"@id\":\"https:\/\/www.noticiasradioreflejos.com.ar\/2021\/cinco-pasos-simples-y-claves-para-meditar\/#primaryimage\",\"url\":\"https:\/\/www.noticiasradioreflejos.com.ar\/2021\/wp-content\/uploads\/2023\/12\/meditar.jpg\",\"contentUrl\":\"https:\/\/www.noticiasradioreflejos.com.ar\/2021\/wp-content\/uploads\/2023\/12\/meditar.jpg\",\"width\":864,\"height\":864},{\"@type\":\"BreadcrumbList\",\"@id\":\"https:\/\/www.noticiasradioreflejos.com.ar\/2021\/cinco-pasos-simples-y-claves-para-meditar\/#breadcrumb\",\"itemListElement\":[{\"@type\":\"ListItem\",\"position\":1,\"name\":\"Portada\",\"item\":\"https:\/\/www.noticiasradioreflejos.com.ar\/2021\/\"},{\"@type\":\"ListItem\",\"position\":2,\"name\":\"Cinco pasos simples y claves para meditar\"}]},{\"@type\":\"WebSite\",\"@id\":\"https:\/\/www.noticiasradioreflejos.com.ar\/2021\/#website\",\"url\":\"https:\/\/www.noticiasradioreflejos.com.ar\/2021\/\",\"name\":\"Noticias Radio Reflejos\",\"description\":\"Las noticias de mi comarca\",\"potentialAction\":[{\"@type\":\"SearchAction\",\"target\":{\"@type\":\"EntryPoint\",\"urlTemplate\":\"https:\/\/www.noticiasradioreflejos.com.ar\/2021\/?s={search_term_string}\"},\"query-input\":{\"@type\":\"PropertyValueSpecification\",\"valueRequired\":true,\"valueName\":\"search_term_string\"}}],\"inLanguage\":\"es\"},{\"@type\":\"Person\",\"@id\":\"https:\/\/www.noticiasradioreflejos.com.ar\/2021\/#\/schema\/person\/ad82545263dcc5ec0996818884fd5fb1\",\"name\":\"Arnaldo Botto\",\"image\":{\"@type\":\"ImageObject\",\"inLanguage\":\"es\",\"@id\":\"https:\/\/www.noticiasradioreflejos.com.ar\/2021\/#\/schema\/person\/image\/\",\"url\":\"https:\/\/secure.gravatar.com\/avatar\/55cb5e37c1efa326397366e6974cb338056df65cb50e7d64d1cf314e87504837?s=96&d=mm&r=g\",\"contentUrl\":\"https:\/\/secure.gravatar.com\/avatar\/55cb5e37c1efa326397366e6974cb338056df65cb50e7d64d1cf314e87504837?s=96&d=mm&r=g\",\"caption\":\"Arnaldo Botto\"},\"url\":\"https:\/\/www.noticiasradioreflejos.com.ar\/2021\/author\/arnaldo\/\"}]}<\/script>\n<!-- \/ Yoast SEO plugin. -->","yoast_head_json":{"title":"Cinco pasos simples y claves para meditar - Noticias Radio Reflejos","robots":{"index":"index","follow":"follow","max-snippet":"max-snippet:-1","max-image-preview":"max-image-preview:large","max-video-preview":"max-video-preview:-1"},"canonical":"https:\/\/www.noticiasradioreflejos.com.ar\/2021\/cinco-pasos-simples-y-claves-para-meditar\/","og_locale":"es_ES","og_type":"article","og_title":"Cinco pasos simples y claves para meditar - Noticias Radio Reflejos","og_description":"La especialista en medicina natural, Anabella Botto, brind\u00f3 detalles pr\u00e1cticos para iniciarse en la meditaci\u00f3n, derribando la mismo tiempo varios mitos que hay al respecto.","og_url":"https:\/\/www.noticiasradioreflejos.com.ar\/2021\/cinco-pasos-simples-y-claves-para-meditar\/","og_site_name":"Noticias Radio Reflejos","article_published_time":"2023-12-22T19:41:53+00:00","og_image":[{"width":864,"height":864,"url":"https:\/\/www.noticiasradioreflejos.com.ar\/2021\/wp-content\/uploads\/2023\/12\/meditar.jpg","type":"image\/jpeg"}],"author":"Arnaldo Botto","twitter_card":"summary_large_image","schema":{"@context":"https:\/\/schema.org","@graph":[{"@type":"WebPage","@id":"https:\/\/www.noticiasradioreflejos.com.ar\/2021\/cinco-pasos-simples-y-claves-para-meditar\/","url":"https:\/\/www.noticiasradioreflejos.com.ar\/2021\/cinco-pasos-simples-y-claves-para-meditar\/","name":"Cinco pasos simples y claves para meditar - Noticias Radio Reflejos","isPartOf":{"@id":"https:\/\/www.noticiasradioreflejos.com.ar\/2021\/#website"},"primaryImageOfPage":{"@id":"https:\/\/www.noticiasradioreflejos.com.ar\/2021\/cinco-pasos-simples-y-claves-para-meditar\/#primaryimage"},"image":{"@id":"https:\/\/www.noticiasradioreflejos.com.ar\/2021\/cinco-pasos-simples-y-claves-para-meditar\/#primaryimage"},"thumbnailUrl":"https:\/\/www.noticiasradioreflejos.com.ar\/2021\/wp-content\/uploads\/2023\/12\/meditar.jpg","datePublished":"2023-12-22T19:41:53+00:00","author":{"@id":"https:\/\/www.noticiasradioreflejos.com.ar\/2021\/#\/schema\/person\/ad82545263dcc5ec0996818884fd5fb1"},"breadcrumb":{"@id":"https:\/\/www.noticiasradioreflejos.com.ar\/2021\/cinco-pasos-simples-y-claves-para-meditar\/#breadcrumb"},"inLanguage":"es","potentialAction":[{"@type":"ReadAction","target":["https:\/\/www.noticiasradioreflejos.com.ar\/2021\/cinco-pasos-simples-y-claves-para-meditar\/"]}]},{"@type":"ImageObject","inLanguage":"es","@id":"https:\/\/www.noticiasradioreflejos.com.ar\/2021\/cinco-pasos-simples-y-claves-para-meditar\/#primaryimage","url":"https:\/\/www.noticiasradioreflejos.com.ar\/2021\/wp-content\/uploads\/2023\/12\/meditar.jpg","contentUrl":"https:\/\/www.noticiasradioreflejos.com.ar\/2021\/wp-content\/uploads\/2023\/12\/meditar.jpg","width":864,"height":864},{"@type":"BreadcrumbList","@id":"https:\/\/www.noticiasradioreflejos.com.ar\/2021\/cinco-pasos-simples-y-claves-para-meditar\/#breadcrumb","itemListElement":[{"@type":"ListItem","position":1,"name":"Portada","item":"https:\/\/www.noticiasradioreflejos.com.ar\/2021\/"},{"@type":"ListItem","position":2,"name":"Cinco pasos simples y claves para meditar"}]},{"@type":"WebSite","@id":"https:\/\/www.noticiasradioreflejos.com.ar\/2021\/#website","url":"https:\/\/www.noticiasradioreflejos.com.ar\/2021\/","name":"Noticias Radio Reflejos","description":"Las noticias de mi comarca","potentialAction":[{"@type":"SearchAction","target":{"@type":"EntryPoint","urlTemplate":"https:\/\/www.noticiasradioreflejos.com.ar\/2021\/?s={search_term_string}"},"query-input":{"@type":"PropertyValueSpecification","valueRequired":true,"valueName":"search_term_string"}}],"inLanguage":"es"},{"@type":"Person","@id":"https:\/\/www.noticiasradioreflejos.com.ar\/2021\/#\/schema\/person\/ad82545263dcc5ec0996818884fd5fb1","name":"Arnaldo Botto","image":{"@type":"ImageObject","inLanguage":"es","@id":"https:\/\/www.noticiasradioreflejos.com.ar\/2021\/#\/schema\/person\/image\/","url":"https:\/\/secure.gravatar.com\/avatar\/55cb5e37c1efa326397366e6974cb338056df65cb50e7d64d1cf314e87504837?s=96&d=mm&r=g","contentUrl":"https:\/\/secure.gravatar.com\/avatar\/55cb5e37c1efa326397366e6974cb338056df65cb50e7d64d1cf314e87504837?s=96&d=mm&r=g","caption":"Arnaldo Botto"},"url":"https:\/\/www.noticiasradioreflejos.com.ar\/2021\/author\/arnaldo\/"}]}},"_links":{"self":[{"href":"https:\/\/www.noticiasradioreflejos.com.ar\/2021\/wp-json\/wp\/v2\/posts\/96787","targetHints":{"allow":["GET"]}}],"collection":[{"href":"https:\/\/www.noticiasradioreflejos.com.ar\/2021\/wp-json\/wp\/v2\/posts"}],"about":[{"href":"https:\/\/www.noticiasradioreflejos.com.ar\/2021\/wp-json\/wp\/v2\/types\/post"}],"author":[{"embeddable":true,"href":"https:\/\/www.noticiasradioreflejos.com.ar\/2021\/wp-json\/wp\/v2\/users\/3"}],"replies":[{"embeddable":true,"href":"https:\/\/www.noticiasradioreflejos.com.ar\/2021\/wp-json\/wp\/v2\/comments?post=96787"}],"version-history":[{"count":2,"href":"https:\/\/www.noticiasradioreflejos.com.ar\/2021\/wp-json\/wp\/v2\/posts\/96787\/revisions"}],"predecessor-version":[{"id":96811,"href":"https:\/\/www.noticiasradioreflejos.com.ar\/2021\/wp-json\/wp\/v2\/posts\/96787\/revisions\/96811"}],"wp:featuredmedia":[{"embeddable":true,"href":"https:\/\/www.noticiasradioreflejos.com.ar\/2021\/wp-json\/wp\/v2\/media\/96810"}],"wp:attachment":[{"href":"https:\/\/www.noticiasradioreflejos.com.ar\/2021\/wp-json\/wp\/v2\/media?parent=96787"}],"wp:term":[{"taxonomy":"category","embeddable":true,"href":"https:\/\/www.noticiasradioreflejos.com.ar\/2021\/wp-json\/wp\/v2\/categories?post=96787"},{"taxonomy":"post_tag","embeddable":true,"href":"https:\/\/www.noticiasradioreflejos.com.ar\/2021\/wp-json\/wp\/v2\/tags?post=96787"}],"curies":[{"name":"wp","href":"https:\/\/api.w.org\/{rel}","templated":true}]}}