{"id":96784,"date":"2023-12-22T14:08:47","date_gmt":"2023-12-22T14:08:47","guid":{"rendered":"https:\/\/www.noticiasradioreflejos.com.ar\/2021\/?p=96784"},"modified":"2023-12-22T14:08:47","modified_gmt":"2023-12-22T14:08:47","slug":"oscar-2024-la-academia-de-hollywood-anuncio-los-finalistas-de-diez-categorias","status":"publish","type":"post","link":"https:\/\/www.noticiasradioreflejos.com.ar\/2021\/oscar-2024-la-academia-de-hollywood-anuncio-los-finalistas-de-diez-categorias\/","title":{"rendered":"Oscar 2024: la Academia de Hollywood anunci\u00f3 los finalistas de diez categor\u00edas"},"content":{"rendered":"<div class=\"wrapper-header\">\n<div class=\"container-xl\">\n<div class=\"row\">\n<div class=\"col-12\">\n<div class=\"head-content mb-4\">\n<div class=\"my-3\">\n<div class=\"social mt-3\">El film de Greta Gerwin, \u00abBarbie\u00bb, acumul\u00f3 cinco menciones preliminares de la Academia de Artes y Ciencias Cinematogr\u00e1ficas y lider\u00f3 la lista dada a conocer este jueves a la noche.<\/div>\n<\/div>\n<\/div>\n<\/div>\n<\/div>\n<\/div>\n<\/div>\n<p><!--more--><\/p>\n<div class=\"wrapper-editable-content\">\n<div class=\"wrapper-editable-content\">\n<div class=\"container-md\">\n<div class=\"row\">\n<div class=\"col-md-12 speak\">\n<div class=\"paragraph\">\n<figure class=\"mb-3\"><img decoding=\"async\" class=\" lazy \" src=\"https:\/\/www.telam.com.ar\/thumbs\/bluesteel\/advf\/imagenes\/2023\/12\/65857fdf52bf8_1200.jpg\" alt=\"Foto 123RF\" width=\"100%\" height=\"100%\" \/><\/p>\n<div class=\"media-icons\">Foto: 123RF<\/div>\n<\/figure>\n<p><strong>\u00abBarbie\u00bb<\/strong>, de Greta Gerwin;\u00a0<strong>\u00abPobres criaturas\u00bb<\/strong>\u00a0de Yorgos Lanthimos;\u00a0<strong>\u00abLos asesinos de la luna\u00bb<\/strong>, de Martin Scorsese, y\u00a0<strong>\u00abOppenheimer\u00bb<\/strong>, de Christopher Nolan, fueron los filmes con m\u00e1s menciones entre los finalistas de 10 categor\u00edas que la Academia de Artes y Ciencias Cinematogr\u00e1ficas anunci\u00f3 este jueves a la noche para la\u00a0<strong>pr\u00f3xima 96\u00aa ceremonia de los Oscar.<\/strong><\/p>\n<p>A casi un mes de que se anuncien las nominaciones completas, las diez categor\u00edas que se dieron a conocer fueron: Largometraje documental, Cortometraje documental, Largometraje internacional, Maquillaje y peluquer\u00eda, M\u00fasica (partitura original), M\u00fasica (canci\u00f3n original), Cortometraje animado, Cortometraje Live Action y Efectos Visuales y de Sonido, inform\u00f3 la prensa internacional.<\/p>\n<p>El aclamado<strong>\u00a0filme de Greta Gerwig, \u00abBarbie\u00bb, encabez\u00f3 la lista con cinco menciones preliminares<\/strong>, incluyendo sonido y canci\u00f3n original con tres nominaciones: \u00abWhat I Was Made For?\u00bb de Billie Eilish, \u00abDance the Night\u00bb de Dua Lipa y \u00abI&#8217;m Just Ken\u00bb de Mark Ronson y Andrew Wyatt, y m\u00fasica original del \u00faltimo d\u00fao.<\/p>\n<p>El filme de Scorsese protagonizado por Leonardo DiCaprio obtuvo cuatro menciones preliminares, en tanto \u00abEl color p\u00farpura\u00bb, \u00abOppenheimer\u00bb y \u00abPobres criaturas\u00bb se alzaron con tres cada uno.<\/p>\n<p>La votaci\u00f3n para las nominaciones oficiales se realizar\u00e1 entre el 11 y el 16 de enero y el anuncio se har\u00e1 el 23 del mismo mes. La votaci\u00f3n final ser\u00e1 del 22 al 27 de febrero y la entrega de la 96\u00aa Premios de la Academia se llevar\u00e1 a cabo el domingo 10 de marzo.<\/p>\n<figure class=\"mb-3\"><img decoding=\"async\" class=\" lazy \" src=\"https:\/\/www.telam.com.ar\/thumbs\/bluesteel\/advf\/imagenes\/2023\/07\/64c27eda9ec56_1200.jpg\" alt=\"Barbie de Greta Gerwig \" width=\"100%\" height=\"100%\" \/><\/p>\n<div class=\"media-icons\"><\/div><figcaption>Barbie, de Greta Gerwig.<\/figcaption><\/figure>\n<h2 class=\"\">Los finalistas de 10 categor\u00edas:<\/h2>\n<p><u><strong>Largometraje documental<\/strong><\/u><\/p>\n<p>\u00abSinf\u00f3nica Americana\u00bb<\/p>\n<p>\u00abApolonia, Apolonia\u00bb<\/p>\n<p>\u00abM\u00e1s all\u00e1 de la utop\u00eda\u00bb<\/p>\n<p>\u00abBobi Wine: El Presidente del Pueblo\u00bb<\/p>\n<p>\u00abAlmas desesperadas, Ciudad Oscura y la leyenda del vaquero de medianoche\u00bb<\/p>\n<p>\u00abLa Memoria Eterna\u00bb<\/p>\n<p>\u00abCuatro Hijas\u00bb<\/p>\n<p>\u00abIr a Marte: El proyecto Nikki Giovanni\u00bb<\/p>\n<p>\u00abEn el retrovisor\u00bb<\/p>\n<p>\u00abSellado desde el principio\u00bb<\/p>\n<p>\u00abFoto fija: una pel\u00edcula de Michael J. Fox\u00bb<\/p>\n<p>\u00abUna peque\u00f1a y apacible voz\u00bb<\/p>\n<p>\u00ab32 sonidos\u00bb<\/p>\n<p>\u00abMatar a un tigre\u00bb<\/p>\n<p>\u00ab20 d\u00edas en Mariupol\u00bb<\/p>\n<figure class=\"mb-3\"><img decoding=\"async\" class=\" lazy \" src=\"https:\/\/www.telam.com.ar\/thumbs\/bluesteel\/advf\/imagenes\/2023\/10\/653059d71d410_1200.jpg\" alt=\"Los asesinos de la luna de Martin Scorsese\" width=\"100%\" height=\"100%\" \/><\/p>\n<div class=\"media-icons\"><\/div><figcaption>Los asesinos de la luna, de Martin Scorsese<\/figcaption><\/figure>\n<p><u><strong>Cortometraje Documental<\/strong><\/u><\/p>\n<p>\u00abEl ABC de la prohibici\u00f3n de libros\u00bb<\/p>\n<p>\u00abEl barbero de Little Rock\u00bb<\/p>\n<p>\u00abOso\u00bb<\/p>\n<p>\u00abEntre la Tierra y el Cielo\u00bb<\/p>\n<p>\u00abEl juego de las ni\u00f1as negras: la historia de los juegos de manos\u00bb<\/p>\n<p>\u00abCampamento de Coraje\u00bb<\/p>\n<p>\u00abVoto decisivo\u00bb<\/p>\n<p>\u00abC\u00f3mo nos liberamos\u00bb<\/p>\n<p>\u00abSi los sue\u00f1os fueran rel\u00e1mpagos: crisis de atenci\u00f3n sanitaria rural\u00bb<\/p>\n<p>\u00abIsla en el medio\u00bb<\/p>\n<p>\u00abEl \u00faltimo taller de reparaci\u00f3n\u00bb<\/p>\n<p>\u00ab\u00daltima canci\u00f3n de Kabul\u00bb<\/p>\n<p>\u00abN\u01cei Nai y Wai Po\u00bb<\/p>\n<p>\u00abOasis\u00bb<\/p>\n<p>\u00abAlas de polvo\u00bb<\/p>\n<figure class=\"mb-3\"><img decoding=\"async\" class=\" lazy \" src=\"https:\/\/www.telam.com.ar\/thumbs\/bluesteel\/advf\/imagenes\/2023\/07\/64b8205e797cd_1200.jpg\" alt=\"Oppenheimer de Christopher Nolan\" width=\"100%\" height=\"100%\" \/><\/p>\n<div class=\"media-icons\"><\/div><figcaption>Oppenheimer, de Christopher Nolan.<\/figcaption><\/figure>\n<p><u><strong>Caracter\u00edstica internacional<\/strong><\/u><\/p>\n<p>Armenia, \u00abAmerikatsi\u00bb<\/p>\n<p>But\u00e1n, \u00abEl monje y la pistola\u00bb<\/p>\n<p>Dinamarca, \u00abla tierra prometida\u00bb<\/p>\n<p>Finlandia, \u00abHojas ca\u00eddas\u00bb<\/p>\n<p>Francia, \u00abEl sabor de las cosas\u00bb<\/p>\n<p>Alemania, \u00abLa sala de profesores\u00bb<\/p>\n<p>Islandia, \u00abla tierra de Dios\u00bb<\/p>\n<p>Italia, \u00abYo Capit\u00e1n\u00bb<\/p>\n<p>Jap\u00f3n, \u00abD\u00edas perfectos\u00bb<\/p>\n<p>M\u00e9xico, \u00abT\u00f3tem\u00bb<\/p>\n<p>Marruecos, \u00abLa madre de todas las mentiras\u00bb<\/p>\n<p>Espa\u00f1a, \u00abSociedad de la Nieve\u00bb<\/p>\n<p>T\u00fanez, \u00abCuatro Hijas\u00bb<\/p>\n<p>Ucrania, \u00ab20 d\u00edas en Mariupol\u00bb<\/p>\n<p>Reino Unido, \u00abLa Zona de Inter\u00e9s\u00bb<\/p>\n<p><u><strong>Maquillaje y Peluquer\u00eda<\/strong><\/u><\/p>\n<p>\u00abEl novio tiene miedo\u00bb<\/p>\n<p>\u00abFerrari\u00bb<\/p>\n<p>\u00abGolda\u00bb<\/p>\n<p>\u00abAsesinos de la luna de flores\u00bb<\/p>\n<p>\u00abEl \u00faltimo viaje del Dem\u00e9ter\u00bb<\/p>\n<p>\u00abMaestro\u00bb<\/p>\n<p>\u00abNapole\u00f3n\u00bb<\/p>\n<p>\u00abOppenheimer\u00bb<\/p>\n<p>\u00abCosas pobres\u00bb<\/p>\n<p>\u00abSociedad de la Nieve\u00bb<\/p>\n<figure class=\"mb-3\"><img decoding=\"async\" class=\" lazy \" src=\"https:\/\/www.telam.com.ar\/thumbs\/bluesteel\/advf\/imagenes\/2023\/07\/64add0b50e3f2_1200.jpg\" alt=\"Napolen\" width=\"100%\" height=\"100%\" \/><\/p>\n<div class=\"media-icons\"><\/div><figcaption>Napole\u00f3n<\/figcaption><\/figure>\n<p><u><strong>Sonido<\/strong><\/u><\/p>\n<p>\u00abBarbie\u00bb<\/p>\n<p>\u00abEl creador\u00bb<\/p>\n<p>\u00abFerrari\u00bb<\/p>\n<p>\u00abEl asesino\u00bb<\/p>\n<p>\u00abAsesinos de la luna de flores\u00bb<\/p>\n<p>\u00abMaestro\u00bb<\/p>\n<p>\u00abMisi\u00f3n: Imposible &#8211; Dead Reckoning Parte Uno\u00bb<\/p>\n<p>\u00abNapole\u00f3n\u00bb<\/p>\n<p>\u00abOppenheimer\u00bb<\/p>\n<p>\u00abLa Zona de Inter\u00e9s\u00bb<\/p>\n<p><u><strong>Puntuaci\u00f3n original<\/strong><\/u><\/p>\n<p>\u00abFicci\u00f3n americana\u00bb<\/p>\n<p>\u00abSinf\u00f3nica Americana\u00bb<\/p>\n<p>\u00abBarbie\u00bb<\/p>\n<p>\u00abEl ni\u00f1o y la garza\u00bb<\/p>\n<p>\u00abEl color morado\u00bb<\/p>\n<p>\u00abElemental\u00bb<\/p>\n<p>\u00abLos remanentes\u00bb<\/p>\n<p>\u00abIndiana Jones y el dial del destino\u00bb<\/p>\n<p>\u00abAsesinos de la luna de flores\u00bb<\/p>\n<p>\u00abOppenheimer\u00bb<\/p>\n<p>\u00abCosas pobres\u00bb<\/p>\n<p>\u00abQuema de sal\u00bb<\/p>\n<p>\u00abSociedad de la Nieve\u00bb<\/p>\n<p>\u00abSpider-Man: A trav\u00e9s del Spider-Verse\u00bb<\/p>\n<p>\u00abLa Zona de Inter\u00e9s\u00bb<\/p>\n<p><u><strong>Canci\u00f3n original<\/strong><\/u><\/p>\n<p>\u00abNunca desapareci\u00f3\u00bb de \u00abAmerican Symphony\u00bb<\/p>\n<p>\u00abQuerido alien\u00edgena (que est\u00e1s en el cielo)\u00bb de \u00abAsteroid City\u00bb<\/p>\n<p>\u00abBaila la noche\u00bb de \u00abBarbie\u00bb<\/p>\n<p>\u00abSolo soy Ken\u00bb de \u00abBarbie\u00bb<\/p>\n<p>\u00ab\u00bfPara qu\u00e9 fui hecho?\u00bb de \u00abBarbie\u00bb<\/p>\n<p>\u00abKeep It Movin'\u00bb de \u00abEl Color P\u00farpura\u00bb<\/p>\n<p>\u00abSuperpoder (I)\u00bb de \u00abEl Color P\u00farpura\u00bb<\/p>\n<p>\u00abEl fuego interior\u00bb de \u00abFlamin&#8217; Hot\u00bb<\/p>\n<p>\u00abHigh Life\u00bb de \u00abFlora e hijo\u00bb<\/p>\n<p>\u00abMeet In The Middle\u00bb de \u00abFlora and Son\u00bb<\/p>\n<p>\u00abNo puedes atraparme ahora\u00bb de \u00abLos juegos del hambre: La balada de p\u00e1jaros cantores y serpientes\u00bb<\/p>\n<p>\u00abWahzhazhe (Una canci\u00f3n para mi pueblo)\u00bb de \u00abKillers of the Flower Moon\u00bb<\/p>\n<p>\u00abOjos tranquilos\u00bb de \u00abVidas pasadas\u00bb<\/p>\n<p>\u00abCamino a la libertad\u00bb de \u00abRustin\u00bb<\/p>\n<p>\u00abEstoy so\u00f1ando\u00bb de \u00abSpider-Man: A trav\u00e9s del Spider-Verse\u00bb<\/p>\n<p><u><strong>Cortometraje animado<\/strong><\/u><\/p>\n<p>\u00abAuge\u00bb<\/p>\n<p>\u00abV\u00edspera\u00bb<\/p>\n<p>\u00abHumo (Smoke)\u00bb<\/p>\n<p>\u00abSoy moderno\u00bb<\/p>\n<p>\u00abUna especie de testamento\u00bb<\/p>\n<p>\u00abKoerkorter (Apartamento para perros)\u00bb<\/p>\n<p>\u00abCarta a un cerdo\u00bb<\/p>\n<p>\u00abNoventa y cinco sentidos\u00bb<\/p>\n<p>\u00ab\u00c9rase una vez un estudio\u00bb<\/p>\n<p>\u00abNuestro uniforme\u00bb<\/p>\n<p>\u00abPaquidermo\u00bb<\/p>\n<p>\u00abPete\u00bb<\/p>\n<p>\u00ab27\u00bb<\/p>\n<p>\u00ab\u00a1Guerra ha terminado! Inspirado en la m\u00fasica de John y Yoko\u00bb<\/p>\n<p>\u00abInvocaci\u00f3n salvaje\u00bb<\/p>\n<p><u><strong>Cortometraje de acci\u00f3n real<\/strong><\/u><\/p>\n<p>\u00abEl despues\u00bb<\/p>\n<p>\u00abLa tienda de regalos de Ana Frank\u00bb<\/p>\n<p>\u00abUn hoyo de aguacate\u00bb<\/p>\n<p>\u00abBienvenidos a Los Angeles\u00bb<\/p>\n<p>\u00abGato muerto\u00bb<\/p>\n<p>\u00abBuen chico\u00bb<\/p>\n<p>\u00abInvencible\u00bb<\/p>\n<p>\u00abFrontera invisible\u00bb<\/p>\n<p>\u00abCaballero de la Fortuna\u00bb<\/p>\n<p>\u00abEl hombre de una nota\u00bb<\/p>\n<p>\u00abRojo, blanco y azul\u00bb<\/p>\n<p>\u00abEl pastor\u00bb<\/p>\n<p>\u00abExtra\u00f1a forma de vida\u00bb<\/p>\n<p>\u00abLa maravillosa historia de Henry Sugar\u00bb<\/p>\n<p><u><strong>Efectos visuales<\/strong><\/u><\/p>\n<p>\u00abEl creador\u00bb<\/p>\n<p>\u00abGodzilla menos uno\u00bb<\/p>\n<p>\u00abGuardianes de la Galaxia Vol. 3\u00bb<\/p>\n<p>\u00abIndiana Jones y el dial del destino\u00bb<\/p>\n<p>\u00abMisi\u00f3n: Imposible &#8211; Dead Reckoning Parte Uno\u00bb<\/p>\n<p>\u00abNapole\u00f3n\u00bb<\/p>\n<p>\u00abCosas pobres\u00bb<\/p>\n<p>\u00abRebel Moon &#8211; Primera parte: Un ni\u00f1o de fuego\u00bb<\/p>\n<p>\u00abSociedad de la Nieve\u00bb<\/p>\n<p>\u00abSpider-Man: A trav\u00e9s del Spider-Verse\u00bb<\/p><\/div>\n<\/div>\n<\/div>\n<\/div>\n<\/div>\n<\/div>\n","protected":false},"excerpt":{"rendered":"<p>El film de Greta Gerwin, \u00abBarbie\u00bb, acumul\u00f3 cinco menciones preliminares de la Academia de Artes y Ciencias Cinematogr\u00e1ficas y lider\u00f3 la lista dada a conocer este jueves a la noche.<\/p>\n","protected":false},"author":3,"featured_media":0,"comment_status":"closed","ping_status":"closed","sticky":false,"template":"","format":"standard","meta":{"footnotes":""},"categories":[35,26],"tags":[],"class_list":["post-96784","post","type-post","status-publish","format-standard","hentry","category-cultura","category-sociedad"],"yoast_head":"<!-- This site is optimized with the Yoast SEO plugin v25.9 - https:\/\/yoast.com\/wordpress\/plugins\/seo\/ -->\n<title>Oscar 2024: la Academia de Hollywood anunci\u00f3 los finalistas de diez categor\u00edas - Noticias Radio Reflejos<\/title>\n<meta name=\"robots\" content=\"index, follow, max-snippet:-1, max-image-preview:large, max-video-preview:-1\" \/>\n<link rel=\"canonical\" href=\"https:\/\/www.noticiasradioreflejos.com.ar\/2021\/oscar-2024-la-academia-de-hollywood-anuncio-los-finalistas-de-diez-categorias\/\" \/>\n<meta property=\"og:locale\" content=\"es_ES\" \/>\n<meta property=\"og:type\" content=\"article\" \/>\n<meta property=\"og:title\" content=\"Oscar 2024: la Academia de Hollywood anunci\u00f3 los finalistas de diez categor\u00edas - Noticias Radio Reflejos\" \/>\n<meta property=\"og:description\" content=\"El film de Greta Gerwin, \u00abBarbie\u00bb, acumul\u00f3 cinco menciones preliminares de la Academia de Artes y Ciencias Cinematogr\u00e1ficas y lider\u00f3 la lista dada a conocer este jueves a la noche.\" \/>\n<meta property=\"og:url\" content=\"https:\/\/www.noticiasradioreflejos.com.ar\/2021\/oscar-2024-la-academia-de-hollywood-anuncio-los-finalistas-de-diez-categorias\/\" \/>\n<meta property=\"og:site_name\" content=\"Noticias Radio Reflejos\" \/>\n<meta property=\"article:published_time\" content=\"2023-12-22T14:08:47+00:00\" \/>\n<meta property=\"og:image\" content=\"https:\/\/www.telam.com.ar\/thumbs\/bluesteel\/advf\/imagenes\/2023\/12\/65857fdf52bf8_1200.jpg\" \/>\n<meta name=\"author\" content=\"Arnaldo Botto\" \/>\n<meta name=\"twitter:card\" content=\"summary_large_image\" \/>\n<script type=\"application\/ld+json\" class=\"yoast-schema-graph\">{\"@context\":\"https:\/\/schema.org\",\"@graph\":[{\"@type\":\"WebPage\",\"@id\":\"https:\/\/www.noticiasradioreflejos.com.ar\/2021\/oscar-2024-la-academia-de-hollywood-anuncio-los-finalistas-de-diez-categorias\/\",\"url\":\"https:\/\/www.noticiasradioreflejos.com.ar\/2021\/oscar-2024-la-academia-de-hollywood-anuncio-los-finalistas-de-diez-categorias\/\",\"name\":\"Oscar 2024: la Academia de Hollywood anunci\u00f3 los finalistas de diez categor\u00edas - Noticias Radio Reflejos\",\"isPartOf\":{\"@id\":\"https:\/\/www.noticiasradioreflejos.com.ar\/2021\/#website\"},\"primaryImageOfPage\":{\"@id\":\"https:\/\/www.noticiasradioreflejos.com.ar\/2021\/oscar-2024-la-academia-de-hollywood-anuncio-los-finalistas-de-diez-categorias\/#primaryimage\"},\"image\":{\"@id\":\"https:\/\/www.noticiasradioreflejos.com.ar\/2021\/oscar-2024-la-academia-de-hollywood-anuncio-los-finalistas-de-diez-categorias\/#primaryimage\"},\"thumbnailUrl\":\"https:\/\/www.telam.com.ar\/thumbs\/bluesteel\/advf\/imagenes\/2023\/12\/65857fdf52bf8_1200.jpg\",\"datePublished\":\"2023-12-22T14:08:47+00:00\",\"author\":{\"@id\":\"https:\/\/www.noticiasradioreflejos.com.ar\/2021\/#\/schema\/person\/ad82545263dcc5ec0996818884fd5fb1\"},\"breadcrumb\":{\"@id\":\"https:\/\/www.noticiasradioreflejos.com.ar\/2021\/oscar-2024-la-academia-de-hollywood-anuncio-los-finalistas-de-diez-categorias\/#breadcrumb\"},\"inLanguage\":\"es\",\"potentialAction\":[{\"@type\":\"ReadAction\",\"target\":[\"https:\/\/www.noticiasradioreflejos.com.ar\/2021\/oscar-2024-la-academia-de-hollywood-anuncio-los-finalistas-de-diez-categorias\/\"]}]},{\"@type\":\"ImageObject\",\"inLanguage\":\"es\",\"@id\":\"https:\/\/www.noticiasradioreflejos.com.ar\/2021\/oscar-2024-la-academia-de-hollywood-anuncio-los-finalistas-de-diez-categorias\/#primaryimage\",\"url\":\"https:\/\/www.telam.com.ar\/thumbs\/bluesteel\/advf\/imagenes\/2023\/12\/65857fdf52bf8_1200.jpg\",\"contentUrl\":\"https:\/\/www.telam.com.ar\/thumbs\/bluesteel\/advf\/imagenes\/2023\/12\/65857fdf52bf8_1200.jpg\"},{\"@type\":\"BreadcrumbList\",\"@id\":\"https:\/\/www.noticiasradioreflejos.com.ar\/2021\/oscar-2024-la-academia-de-hollywood-anuncio-los-finalistas-de-diez-categorias\/#breadcrumb\",\"itemListElement\":[{\"@type\":\"ListItem\",\"position\":1,\"name\":\"Portada\",\"item\":\"https:\/\/www.noticiasradioreflejos.com.ar\/2021\/\"},{\"@type\":\"ListItem\",\"position\":2,\"name\":\"Oscar 2024: la Academia de Hollywood anunci\u00f3 los finalistas de diez categor\u00edas\"}]},{\"@type\":\"WebSite\",\"@id\":\"https:\/\/www.noticiasradioreflejos.com.ar\/2021\/#website\",\"url\":\"https:\/\/www.noticiasradioreflejos.com.ar\/2021\/\",\"name\":\"Noticias Radio Reflejos\",\"description\":\"Las noticias de mi comarca\",\"potentialAction\":[{\"@type\":\"SearchAction\",\"target\":{\"@type\":\"EntryPoint\",\"urlTemplate\":\"https:\/\/www.noticiasradioreflejos.com.ar\/2021\/?s={search_term_string}\"},\"query-input\":{\"@type\":\"PropertyValueSpecification\",\"valueRequired\":true,\"valueName\":\"search_term_string\"}}],\"inLanguage\":\"es\"},{\"@type\":\"Person\",\"@id\":\"https:\/\/www.noticiasradioreflejos.com.ar\/2021\/#\/schema\/person\/ad82545263dcc5ec0996818884fd5fb1\",\"name\":\"Arnaldo Botto\",\"image\":{\"@type\":\"ImageObject\",\"inLanguage\":\"es\",\"@id\":\"https:\/\/www.noticiasradioreflejos.com.ar\/2021\/#\/schema\/person\/image\/\",\"url\":\"https:\/\/secure.gravatar.com\/avatar\/55cb5e37c1efa326397366e6974cb338056df65cb50e7d64d1cf314e87504837?s=96&d=mm&r=g\",\"contentUrl\":\"https:\/\/secure.gravatar.com\/avatar\/55cb5e37c1efa326397366e6974cb338056df65cb50e7d64d1cf314e87504837?s=96&d=mm&r=g\",\"caption\":\"Arnaldo Botto\"},\"url\":\"https:\/\/www.noticiasradioreflejos.com.ar\/2021\/author\/arnaldo\/\"}]}<\/script>\n<!-- \/ Yoast SEO plugin. -->","yoast_head_json":{"title":"Oscar 2024: la Academia de Hollywood anunci\u00f3 los finalistas de diez categor\u00edas - Noticias Radio Reflejos","robots":{"index":"index","follow":"follow","max-snippet":"max-snippet:-1","max-image-preview":"max-image-preview:large","max-video-preview":"max-video-preview:-1"},"canonical":"https:\/\/www.noticiasradioreflejos.com.ar\/2021\/oscar-2024-la-academia-de-hollywood-anuncio-los-finalistas-de-diez-categorias\/","og_locale":"es_ES","og_type":"article","og_title":"Oscar 2024: la Academia de Hollywood anunci\u00f3 los finalistas de diez categor\u00edas - Noticias Radio Reflejos","og_description":"El film de Greta Gerwin, \u00abBarbie\u00bb, acumul\u00f3 cinco menciones preliminares de la Academia de Artes y Ciencias Cinematogr\u00e1ficas y lider\u00f3 la lista dada a conocer este jueves a la noche.","og_url":"https:\/\/www.noticiasradioreflejos.com.ar\/2021\/oscar-2024-la-academia-de-hollywood-anuncio-los-finalistas-de-diez-categorias\/","og_site_name":"Noticias Radio Reflejos","article_published_time":"2023-12-22T14:08:47+00:00","og_image":[{"url":"https:\/\/www.telam.com.ar\/thumbs\/bluesteel\/advf\/imagenes\/2023\/12\/65857fdf52bf8_1200.jpg","type":"","width":"","height":""}],"author":"Arnaldo Botto","twitter_card":"summary_large_image","schema":{"@context":"https:\/\/schema.org","@graph":[{"@type":"WebPage","@id":"https:\/\/www.noticiasradioreflejos.com.ar\/2021\/oscar-2024-la-academia-de-hollywood-anuncio-los-finalistas-de-diez-categorias\/","url":"https:\/\/www.noticiasradioreflejos.com.ar\/2021\/oscar-2024-la-academia-de-hollywood-anuncio-los-finalistas-de-diez-categorias\/","name":"Oscar 2024: la Academia de Hollywood anunci\u00f3 los finalistas de diez categor\u00edas - Noticias Radio Reflejos","isPartOf":{"@id":"https:\/\/www.noticiasradioreflejos.com.ar\/2021\/#website"},"primaryImageOfPage":{"@id":"https:\/\/www.noticiasradioreflejos.com.ar\/2021\/oscar-2024-la-academia-de-hollywood-anuncio-los-finalistas-de-diez-categorias\/#primaryimage"},"image":{"@id":"https:\/\/www.noticiasradioreflejos.com.ar\/2021\/oscar-2024-la-academia-de-hollywood-anuncio-los-finalistas-de-diez-categorias\/#primaryimage"},"thumbnailUrl":"https:\/\/www.telam.com.ar\/thumbs\/bluesteel\/advf\/imagenes\/2023\/12\/65857fdf52bf8_1200.jpg","datePublished":"2023-12-22T14:08:47+00:00","author":{"@id":"https:\/\/www.noticiasradioreflejos.com.ar\/2021\/#\/schema\/person\/ad82545263dcc5ec0996818884fd5fb1"},"breadcrumb":{"@id":"https:\/\/www.noticiasradioreflejos.com.ar\/2021\/oscar-2024-la-academia-de-hollywood-anuncio-los-finalistas-de-diez-categorias\/#breadcrumb"},"inLanguage":"es","potentialAction":[{"@type":"ReadAction","target":["https:\/\/www.noticiasradioreflejos.com.ar\/2021\/oscar-2024-la-academia-de-hollywood-anuncio-los-finalistas-de-diez-categorias\/"]}]},{"@type":"ImageObject","inLanguage":"es","@id":"https:\/\/www.noticiasradioreflejos.com.ar\/2021\/oscar-2024-la-academia-de-hollywood-anuncio-los-finalistas-de-diez-categorias\/#primaryimage","url":"https:\/\/www.telam.com.ar\/thumbs\/bluesteel\/advf\/imagenes\/2023\/12\/65857fdf52bf8_1200.jpg","contentUrl":"https:\/\/www.telam.com.ar\/thumbs\/bluesteel\/advf\/imagenes\/2023\/12\/65857fdf52bf8_1200.jpg"},{"@type":"BreadcrumbList","@id":"https:\/\/www.noticiasradioreflejos.com.ar\/2021\/oscar-2024-la-academia-de-hollywood-anuncio-los-finalistas-de-diez-categorias\/#breadcrumb","itemListElement":[{"@type":"ListItem","position":1,"name":"Portada","item":"https:\/\/www.noticiasradioreflejos.com.ar\/2021\/"},{"@type":"ListItem","position":2,"name":"Oscar 2024: la Academia de Hollywood anunci\u00f3 los finalistas de diez categor\u00edas"}]},{"@type":"WebSite","@id":"https:\/\/www.noticiasradioreflejos.com.ar\/2021\/#website","url":"https:\/\/www.noticiasradioreflejos.com.ar\/2021\/","name":"Noticias Radio Reflejos","description":"Las noticias de mi comarca","potentialAction":[{"@type":"SearchAction","target":{"@type":"EntryPoint","urlTemplate":"https:\/\/www.noticiasradioreflejos.com.ar\/2021\/?s={search_term_string}"},"query-input":{"@type":"PropertyValueSpecification","valueRequired":true,"valueName":"search_term_string"}}],"inLanguage":"es"},{"@type":"Person","@id":"https:\/\/www.noticiasradioreflejos.com.ar\/2021\/#\/schema\/person\/ad82545263dcc5ec0996818884fd5fb1","name":"Arnaldo Botto","image":{"@type":"ImageObject","inLanguage":"es","@id":"https:\/\/www.noticiasradioreflejos.com.ar\/2021\/#\/schema\/person\/image\/","url":"https:\/\/secure.gravatar.com\/avatar\/55cb5e37c1efa326397366e6974cb338056df65cb50e7d64d1cf314e87504837?s=96&d=mm&r=g","contentUrl":"https:\/\/secure.gravatar.com\/avatar\/55cb5e37c1efa326397366e6974cb338056df65cb50e7d64d1cf314e87504837?s=96&d=mm&r=g","caption":"Arnaldo Botto"},"url":"https:\/\/www.noticiasradioreflejos.com.ar\/2021\/author\/arnaldo\/"}]}},"_links":{"self":[{"href":"https:\/\/www.noticiasradioreflejos.com.ar\/2021\/wp-json\/wp\/v2\/posts\/96784","targetHints":{"allow":["GET"]}}],"collection":[{"href":"https:\/\/www.noticiasradioreflejos.com.ar\/2021\/wp-json\/wp\/v2\/posts"}],"about":[{"href":"https:\/\/www.noticiasradioreflejos.com.ar\/2021\/wp-json\/wp\/v2\/types\/post"}],"author":[{"embeddable":true,"href":"https:\/\/www.noticiasradioreflejos.com.ar\/2021\/wp-json\/wp\/v2\/users\/3"}],"replies":[{"embeddable":true,"href":"https:\/\/www.noticiasradioreflejos.com.ar\/2021\/wp-json\/wp\/v2\/comments?post=96784"}],"version-history":[{"count":1,"href":"https:\/\/www.noticiasradioreflejos.com.ar\/2021\/wp-json\/wp\/v2\/posts\/96784\/revisions"}],"predecessor-version":[{"id":96786,"href":"https:\/\/www.noticiasradioreflejos.com.ar\/2021\/wp-json\/wp\/v2\/posts\/96784\/revisions\/96786"}],"wp:attachment":[{"href":"https:\/\/www.noticiasradioreflejos.com.ar\/2021\/wp-json\/wp\/v2\/media?parent=96784"}],"wp:term":[{"taxonomy":"category","embeddable":true,"href":"https:\/\/www.noticiasradioreflejos.com.ar\/2021\/wp-json\/wp\/v2\/categories?post=96784"},{"taxonomy":"post_tag","embeddable":true,"href":"https:\/\/www.noticiasradioreflejos.com.ar\/2021\/wp-json\/wp\/v2\/tags?post=96784"}],"curies":[{"name":"wp","href":"https:\/\/api.w.org\/{rel}","templated":true}]}}