{"id":96782,"date":"2023-12-22T14:01:15","date_gmt":"2023-12-22T14:01:15","guid":{"rendered":"https:\/\/www.noticiasradioreflejos.com.ar\/2021\/?p=96782"},"modified":"2023-12-22T14:01:15","modified_gmt":"2023-12-22T14:01:15","slug":"liberan-el-movimiento-de-caballos-vacunados-contra-encefalomielitis-equina-en-todo-el-pais","status":"publish","type":"post","link":"https:\/\/www.noticiasradioreflejos.com.ar\/2021\/liberan-el-movimiento-de-caballos-vacunados-contra-encefalomielitis-equina-en-todo-el-pais\/","title":{"rendered":"Liberan el movimiento de caballos vacunados contra encefalomielitis equina en todo el pa\u00eds"},"content":{"rendered":"<p>El Servicio Nacional de Sanidad y Calidad Agroalimentaria (Senasa) dispuso hoy la liberaci\u00f3n del movimiento de caballos vacunados contra encefalomielitis equina (EE) del Este y del Oeste, que cuenten con \u00abla certificaci\u00f3n sanitaria correspondiente en la que conste la vacunaci\u00f3n con vacunas aprobadas por el Senasa, aplicada al menos 15 d\u00edas antes del movimiento\u00bb, indic\u00f3 el organismo.<!--more--><\/p>\n<p>\u00abLos equinos vacunados contra encefalomielitis equina del Este y del Oeste podr\u00e1n movilizarse por todo el territorio de la Rep\u00fablica Argentina, con la certificaci\u00f3n sanitaria correspondiente en la que conste la vacunaci\u00f3n con vacunas aprobadas por el Senasa, aplicada al menos 15 d\u00edas antes del movimiento\u00bb, se\u00f1ala la Disposici\u00f3n 365\/2023 del organismo publicada hoy en el Bolet\u00edn Oficial.<\/p>\n<p>Por su parte, \u00ablos equinos no vacunados que se movilicen desde provincias en las que se ha diagnosticado EE, podr\u00e1n hacerlo dentro de la misma provincia o hacia otras provincias que tengan la misma condici\u00f3n sanitaria, es decir, confirmaci\u00f3n diagn\u00f3stica positiva de la enfermedad\u00bb, a\u00f1ade el documento que lleva la firma de la directora nacional de Sanidad Animal del Senasa, Ximena Mel\u00f3n, en su art\u00edculo 2\u00ba.<\/p>\n<p>En tanto -contin\u00faa-, \u00ablos equinos no vacunados que se movilicen desde provincias en las que no se ha diagnosticado encefalomielitis equina, podr\u00e1n hacerlo dentro de la misma provincia o hacia otras provincias que tengan la misma condici\u00f3n sanitaria, es decir, en las que no se ha diagnosticado la enfermedad\u00bb.<\/p>\n<p>En el art\u00edculo 3\u00ba, el Senasa establece una excepci\u00f3n al anterior y \u00abpermite el movimiento de equinos en todo el territorio nacional con destino directo a frigor\u00edficos\u00bb.<\/p>\n<p>Por \u00faltimo, al hacer referencia a actividades que impliquen concentraciones de equinos, el Senasa postul\u00f3 que \u00aba partir del 1\u00ba de febrero de 2024, los organizadores de eventos de concentraci\u00f3n de equinos deber\u00e1n exigir, antes del ingreso, que el animal cuente con una vacunaci\u00f3n vigente para EE del Este y del Oeste aplicada al menos 15 d\u00edas antes del movimiento\u00bb.<\/p>\n<p>Desde el inicio de la emergencia hasta la fecha, el Senasa tiene confirmado un total de 922 brotes de EE positivos en todo el pa\u00eds, siendo 28 por diagn\u00f3stico de laboratorio y 894 por diagn\u00f3stico cl\u00ednico (por sintomatolog\u00eda y nexo epidemiol\u00f3gico).<\/p>\n<p>Las provincias donde se registraron los brotes son Buenos Aires, Chaco, Corrientes, C\u00f3rdoba, Santa Fe, Entre R\u00edos, Formosa, Santiago del Estero, R\u00edo Negro, La Pampa, San Luis y Salta.<\/p>\n<p>Adem\u00e1s, el Instituto Nacional de Enfermedades Virales Humanas \u00abDr. Julio I. Maiztegui\u00bb diagnostic\u00f3 este mi\u00e9rcoles la presencia del virus de EE del oeste en una muestra de un ovino hembra de cuatro meses de edad que hab\u00eda presentado signos nerviosos, conviviente con equinos que presentaron sintomatolog\u00eda cl\u00ednica y mortandades, tomada en la localidad bonaerense de Baradero.<\/p><\/div>\n<p><!--more--><\/p>\n","protected":false},"excerpt":{"rendered":"<p>El Servicio Nacional de Sanidad y Calidad Agroalimentaria (Senasa) dispuso hoy la liberaci\u00f3n del movimiento de caballos vacunados contra encefalomielitis equina (EE) del Este y del Oeste, que cuenten con \u00abla certificaci\u00f3n sanitaria correspondiente en la que conste la vacunaci\u00f3n con vacunas aprobadas por el Senasa, aplicada al menos 15 d\u00edas antes del movimiento\u00bb, indic\u00f3 [&hellip;]<\/p>\n","protected":false},"author":3,"featured_media":82919,"comment_status":"closed","ping_status":"closed","sticky":false,"template":"","format":"standard","meta":{"footnotes":""},"categories":[30,26],"tags":[],"class_list":["post-96782","post","type-post","status-publish","format-standard","has-post-thumbnail","hentry","category-salud","category-sociedad"],"yoast_head":"<!-- This site is optimized with the Yoast SEO plugin v25.9 - https:\/\/yoast.com\/wordpress\/plugins\/seo\/ -->\n<title>Liberan el movimiento de caballos vacunados contra encefalomielitis equina en todo el pa\u00eds - Noticias Radio Reflejos<\/title>\n<meta name=\"robots\" content=\"index, follow, max-snippet:-1, max-image-preview:large, max-video-preview:-1\" \/>\n<link rel=\"canonical\" href=\"https:\/\/www.noticiasradioreflejos.com.ar\/2021\/liberan-el-movimiento-de-caballos-vacunados-contra-encefalomielitis-equina-en-todo-el-pais\/\" \/>\n<meta property=\"og:locale\" content=\"es_ES\" \/>\n<meta property=\"og:type\" content=\"article\" \/>\n<meta property=\"og:title\" content=\"Liberan el movimiento de caballos vacunados contra encefalomielitis equina en todo el pa\u00eds - Noticias Radio Reflejos\" \/>\n<meta property=\"og:description\" content=\"El Servicio Nacional de Sanidad y Calidad Agroalimentaria (Senasa) dispuso hoy la liberaci\u00f3n del movimiento de caballos vacunados contra encefalomielitis equina (EE) del Este y del Oeste, que cuenten con \u00abla certificaci\u00f3n sanitaria correspondiente en la que conste la vacunaci\u00f3n con vacunas aprobadas por el Senasa, aplicada al menos 15 d\u00edas antes del movimiento\u00bb, indic\u00f3 [&hellip;]\" \/>\n<meta property=\"og:url\" content=\"https:\/\/www.noticiasradioreflejos.com.ar\/2021\/liberan-el-movimiento-de-caballos-vacunados-contra-encefalomielitis-equina-en-todo-el-pais\/\" \/>\n<meta property=\"og:site_name\" content=\"Noticias Radio Reflejos\" \/>\n<meta property=\"article:published_time\" content=\"2023-12-22T14:01:15+00:00\" \/>\n<meta property=\"og:image\" content=\"https:\/\/www.noticiasradioreflejos.com.ar\/2021\/wp-content\/uploads\/2023\/01\/Caballos.jpeg\" \/>\n\t<meta property=\"og:image:width\" content=\"1600\" \/>\n\t<meta property=\"og:image:height\" content=\"719\" \/>\n\t<meta property=\"og:image:type\" content=\"image\/jpeg\" \/>\n<meta name=\"author\" content=\"Arnaldo Botto\" \/>\n<meta name=\"twitter:card\" content=\"summary_large_image\" \/>\n<script type=\"application\/ld+json\" class=\"yoast-schema-graph\">{\"@context\":\"https:\/\/schema.org\",\"@graph\":[{\"@type\":\"WebPage\",\"@id\":\"https:\/\/www.noticiasradioreflejos.com.ar\/2021\/liberan-el-movimiento-de-caballos-vacunados-contra-encefalomielitis-equina-en-todo-el-pais\/\",\"url\":\"https:\/\/www.noticiasradioreflejos.com.ar\/2021\/liberan-el-movimiento-de-caballos-vacunados-contra-encefalomielitis-equina-en-todo-el-pais\/\",\"name\":\"Liberan el movimiento de caballos vacunados contra encefalomielitis equina en todo el pa\u00eds - Noticias Radio Reflejos\",\"isPartOf\":{\"@id\":\"https:\/\/www.noticiasradioreflejos.com.ar\/2021\/#website\"},\"primaryImageOfPage\":{\"@id\":\"https:\/\/www.noticiasradioreflejos.com.ar\/2021\/liberan-el-movimiento-de-caballos-vacunados-contra-encefalomielitis-equina-en-todo-el-pais\/#primaryimage\"},\"image\":{\"@id\":\"https:\/\/www.noticiasradioreflejos.com.ar\/2021\/liberan-el-movimiento-de-caballos-vacunados-contra-encefalomielitis-equina-en-todo-el-pais\/#primaryimage\"},\"thumbnailUrl\":\"https:\/\/www.noticiasradioreflejos.com.ar\/2021\/wp-content\/uploads\/2023\/01\/Caballos.jpeg\",\"datePublished\":\"2023-12-22T14:01:15+00:00\",\"author\":{\"@id\":\"https:\/\/www.noticiasradioreflejos.com.ar\/2021\/#\/schema\/person\/ad82545263dcc5ec0996818884fd5fb1\"},\"breadcrumb\":{\"@id\":\"https:\/\/www.noticiasradioreflejos.com.ar\/2021\/liberan-el-movimiento-de-caballos-vacunados-contra-encefalomielitis-equina-en-todo-el-pais\/#breadcrumb\"},\"inLanguage\":\"es\",\"potentialAction\":[{\"@type\":\"ReadAction\",\"target\":[\"https:\/\/www.noticiasradioreflejos.com.ar\/2021\/liberan-el-movimiento-de-caballos-vacunados-contra-encefalomielitis-equina-en-todo-el-pais\/\"]}]},{\"@type\":\"ImageObject\",\"inLanguage\":\"es\",\"@id\":\"https:\/\/www.noticiasradioreflejos.com.ar\/2021\/liberan-el-movimiento-de-caballos-vacunados-contra-encefalomielitis-equina-en-todo-el-pais\/#primaryimage\",\"url\":\"https:\/\/www.noticiasradioreflejos.com.ar\/2021\/wp-content\/uploads\/2023\/01\/Caballos.jpeg\",\"contentUrl\":\"https:\/\/www.noticiasradioreflejos.com.ar\/2021\/wp-content\/uploads\/2023\/01\/Caballos.jpeg\",\"width\":1600,\"height\":719},{\"@type\":\"BreadcrumbList\",\"@id\":\"https:\/\/www.noticiasradioreflejos.com.ar\/2021\/liberan-el-movimiento-de-caballos-vacunados-contra-encefalomielitis-equina-en-todo-el-pais\/#breadcrumb\",\"itemListElement\":[{\"@type\":\"ListItem\",\"position\":1,\"name\":\"Portada\",\"item\":\"https:\/\/www.noticiasradioreflejos.com.ar\/2021\/\"},{\"@type\":\"ListItem\",\"position\":2,\"name\":\"Liberan el movimiento de caballos vacunados contra encefalomielitis equina en todo el pa\u00eds\"}]},{\"@type\":\"WebSite\",\"@id\":\"https:\/\/www.noticiasradioreflejos.com.ar\/2021\/#website\",\"url\":\"https:\/\/www.noticiasradioreflejos.com.ar\/2021\/\",\"name\":\"Noticias Radio Reflejos\",\"description\":\"Las noticias de mi comarca\",\"potentialAction\":[{\"@type\":\"SearchAction\",\"target\":{\"@type\":\"EntryPoint\",\"urlTemplate\":\"https:\/\/www.noticiasradioreflejos.com.ar\/2021\/?s={search_term_string}\"},\"query-input\":{\"@type\":\"PropertyValueSpecification\",\"valueRequired\":true,\"valueName\":\"search_term_string\"}}],\"inLanguage\":\"es\"},{\"@type\":\"Person\",\"@id\":\"https:\/\/www.noticiasradioreflejos.com.ar\/2021\/#\/schema\/person\/ad82545263dcc5ec0996818884fd5fb1\",\"name\":\"Arnaldo Botto\",\"image\":{\"@type\":\"ImageObject\",\"inLanguage\":\"es\",\"@id\":\"https:\/\/www.noticiasradioreflejos.com.ar\/2021\/#\/schema\/person\/image\/\",\"url\":\"https:\/\/secure.gravatar.com\/avatar\/55cb5e37c1efa326397366e6974cb338056df65cb50e7d64d1cf314e87504837?s=96&d=mm&r=g\",\"contentUrl\":\"https:\/\/secure.gravatar.com\/avatar\/55cb5e37c1efa326397366e6974cb338056df65cb50e7d64d1cf314e87504837?s=96&d=mm&r=g\",\"caption\":\"Arnaldo Botto\"},\"url\":\"https:\/\/www.noticiasradioreflejos.com.ar\/2021\/author\/arnaldo\/\"}]}<\/script>\n<!-- \/ Yoast SEO plugin. -->","yoast_head_json":{"title":"Liberan el movimiento de caballos vacunados contra encefalomielitis equina en todo el pa\u00eds - Noticias Radio Reflejos","robots":{"index":"index","follow":"follow","max-snippet":"max-snippet:-1","max-image-preview":"max-image-preview:large","max-video-preview":"max-video-preview:-1"},"canonical":"https:\/\/www.noticiasradioreflejos.com.ar\/2021\/liberan-el-movimiento-de-caballos-vacunados-contra-encefalomielitis-equina-en-todo-el-pais\/","og_locale":"es_ES","og_type":"article","og_title":"Liberan el movimiento de caballos vacunados contra encefalomielitis equina en todo el pa\u00eds - Noticias Radio Reflejos","og_description":"El Servicio Nacional de Sanidad y Calidad Agroalimentaria (Senasa) dispuso hoy la liberaci\u00f3n del movimiento de caballos vacunados contra encefalomielitis equina (EE) del Este y del Oeste, que cuenten con \u00abla certificaci\u00f3n sanitaria correspondiente en la que conste la vacunaci\u00f3n con vacunas aprobadas por el Senasa, aplicada al menos 15 d\u00edas antes del movimiento\u00bb, indic\u00f3 [&hellip;]","og_url":"https:\/\/www.noticiasradioreflejos.com.ar\/2021\/liberan-el-movimiento-de-caballos-vacunados-contra-encefalomielitis-equina-en-todo-el-pais\/","og_site_name":"Noticias Radio Reflejos","article_published_time":"2023-12-22T14:01:15+00:00","og_image":[{"width":1600,"height":719,"url":"https:\/\/www.noticiasradioreflejos.com.ar\/2021\/wp-content\/uploads\/2023\/01\/Caballos.jpeg","type":"image\/jpeg"}],"author":"Arnaldo Botto","twitter_card":"summary_large_image","schema":{"@context":"https:\/\/schema.org","@graph":[{"@type":"WebPage","@id":"https:\/\/www.noticiasradioreflejos.com.ar\/2021\/liberan-el-movimiento-de-caballos-vacunados-contra-encefalomielitis-equina-en-todo-el-pais\/","url":"https:\/\/www.noticiasradioreflejos.com.ar\/2021\/liberan-el-movimiento-de-caballos-vacunados-contra-encefalomielitis-equina-en-todo-el-pais\/","name":"Liberan el movimiento de caballos vacunados contra encefalomielitis equina en todo el pa\u00eds - Noticias Radio Reflejos","isPartOf":{"@id":"https:\/\/www.noticiasradioreflejos.com.ar\/2021\/#website"},"primaryImageOfPage":{"@id":"https:\/\/www.noticiasradioreflejos.com.ar\/2021\/liberan-el-movimiento-de-caballos-vacunados-contra-encefalomielitis-equina-en-todo-el-pais\/#primaryimage"},"image":{"@id":"https:\/\/www.noticiasradioreflejos.com.ar\/2021\/liberan-el-movimiento-de-caballos-vacunados-contra-encefalomielitis-equina-en-todo-el-pais\/#primaryimage"},"thumbnailUrl":"https:\/\/www.noticiasradioreflejos.com.ar\/2021\/wp-content\/uploads\/2023\/01\/Caballos.jpeg","datePublished":"2023-12-22T14:01:15+00:00","author":{"@id":"https:\/\/www.noticiasradioreflejos.com.ar\/2021\/#\/schema\/person\/ad82545263dcc5ec0996818884fd5fb1"},"breadcrumb":{"@id":"https:\/\/www.noticiasradioreflejos.com.ar\/2021\/liberan-el-movimiento-de-caballos-vacunados-contra-encefalomielitis-equina-en-todo-el-pais\/#breadcrumb"},"inLanguage":"es","potentialAction":[{"@type":"ReadAction","target":["https:\/\/www.noticiasradioreflejos.com.ar\/2021\/liberan-el-movimiento-de-caballos-vacunados-contra-encefalomielitis-equina-en-todo-el-pais\/"]}]},{"@type":"ImageObject","inLanguage":"es","@id":"https:\/\/www.noticiasradioreflejos.com.ar\/2021\/liberan-el-movimiento-de-caballos-vacunados-contra-encefalomielitis-equina-en-todo-el-pais\/#primaryimage","url":"https:\/\/www.noticiasradioreflejos.com.ar\/2021\/wp-content\/uploads\/2023\/01\/Caballos.jpeg","contentUrl":"https:\/\/www.noticiasradioreflejos.com.ar\/2021\/wp-content\/uploads\/2023\/01\/Caballos.jpeg","width":1600,"height":719},{"@type":"BreadcrumbList","@id":"https:\/\/www.noticiasradioreflejos.com.ar\/2021\/liberan-el-movimiento-de-caballos-vacunados-contra-encefalomielitis-equina-en-todo-el-pais\/#breadcrumb","itemListElement":[{"@type":"ListItem","position":1,"name":"Portada","item":"https:\/\/www.noticiasradioreflejos.com.ar\/2021\/"},{"@type":"ListItem","position":2,"name":"Liberan el movimiento de caballos vacunados contra encefalomielitis equina en todo el pa\u00eds"}]},{"@type":"WebSite","@id":"https:\/\/www.noticiasradioreflejos.com.ar\/2021\/#website","url":"https:\/\/www.noticiasradioreflejos.com.ar\/2021\/","name":"Noticias Radio Reflejos","description":"Las noticias de mi comarca","potentialAction":[{"@type":"SearchAction","target":{"@type":"EntryPoint","urlTemplate":"https:\/\/www.noticiasradioreflejos.com.ar\/2021\/?s={search_term_string}"},"query-input":{"@type":"PropertyValueSpecification","valueRequired":true,"valueName":"search_term_string"}}],"inLanguage":"es"},{"@type":"Person","@id":"https:\/\/www.noticiasradioreflejos.com.ar\/2021\/#\/schema\/person\/ad82545263dcc5ec0996818884fd5fb1","name":"Arnaldo Botto","image":{"@type":"ImageObject","inLanguage":"es","@id":"https:\/\/www.noticiasradioreflejos.com.ar\/2021\/#\/schema\/person\/image\/","url":"https:\/\/secure.gravatar.com\/avatar\/55cb5e37c1efa326397366e6974cb338056df65cb50e7d64d1cf314e87504837?s=96&d=mm&r=g","contentUrl":"https:\/\/secure.gravatar.com\/avatar\/55cb5e37c1efa326397366e6974cb338056df65cb50e7d64d1cf314e87504837?s=96&d=mm&r=g","caption":"Arnaldo Botto"},"url":"https:\/\/www.noticiasradioreflejos.com.ar\/2021\/author\/arnaldo\/"}]}},"_links":{"self":[{"href":"https:\/\/www.noticiasradioreflejos.com.ar\/2021\/wp-json\/wp\/v2\/posts\/96782","targetHints":{"allow":["GET"]}}],"collection":[{"href":"https:\/\/www.noticiasradioreflejos.com.ar\/2021\/wp-json\/wp\/v2\/posts"}],"about":[{"href":"https:\/\/www.noticiasradioreflejos.com.ar\/2021\/wp-json\/wp\/v2\/types\/post"}],"author":[{"embeddable":true,"href":"https:\/\/www.noticiasradioreflejos.com.ar\/2021\/wp-json\/wp\/v2\/users\/3"}],"replies":[{"embeddable":true,"href":"https:\/\/www.noticiasradioreflejos.com.ar\/2021\/wp-json\/wp\/v2\/comments?post=96782"}],"version-history":[{"count":1,"href":"https:\/\/www.noticiasradioreflejos.com.ar\/2021\/wp-json\/wp\/v2\/posts\/96782\/revisions"}],"predecessor-version":[{"id":96783,"href":"https:\/\/www.noticiasradioreflejos.com.ar\/2021\/wp-json\/wp\/v2\/posts\/96782\/revisions\/96783"}],"wp:featuredmedia":[{"embeddable":true,"href":"https:\/\/www.noticiasradioreflejos.com.ar\/2021\/wp-json\/wp\/v2\/media\/82919"}],"wp:attachment":[{"href":"https:\/\/www.noticiasradioreflejos.com.ar\/2021\/wp-json\/wp\/v2\/media?parent=96782"}],"wp:term":[{"taxonomy":"category","embeddable":true,"href":"https:\/\/www.noticiasradioreflejos.com.ar\/2021\/wp-json\/wp\/v2\/categories?post=96782"},{"taxonomy":"post_tag","embeddable":true,"href":"https:\/\/www.noticiasradioreflejos.com.ar\/2021\/wp-json\/wp\/v2\/tags?post=96782"}],"curies":[{"name":"wp","href":"https:\/\/api.w.org\/{rel}","templated":true}]}}