{"id":96778,"date":"2023-12-22T12:24:31","date_gmt":"2023-12-22T12:24:31","guid":{"rendered":"https:\/\/www.noticiasradioreflejos.com.ar\/2021\/?p=96778"},"modified":"2023-12-22T12:24:31","modified_gmt":"2023-12-22T12:24:31","slug":"rigen-alertas-amarillas-por-tormentas-y-vientos-en-nuestra-region-y-seis-provincias","status":"publish","type":"post","link":"https:\/\/www.noticiasradioreflejos.com.ar\/2021\/rigen-alertas-amarillas-por-tormentas-y-vientos-en-nuestra-region-y-seis-provincias\/","title":{"rendered":"Rigen alertas amarillas por tormentas y vientos en nuestra regi\u00f3n y seis provincias"},"content":{"rendered":"<div class=\"hnoti\">El Servicio Meteorol\u00f3gico Nacional (SMN) emiti\u00f3 hoy alertas de nivel amarillo por tormentas con lluvias intensas para sectores de San Luis, Mendoza, La Pampa, Corrientes , en el sur de la provincia de Buenos Aires y Santa Cruz<\/div>\n<p><!--more--><\/p>\n<div class=\"text\">\n<p>El alerta amarilla por tormentas rige espec\u00edficamente para el sur de San Luis; el centro y sur de Mendoza; el oeste y sur de La Pampa; el noreste y algunos distrtitos del oeste, sudeste y sudoeste bonarenese.<\/p>\n<p>El \u00e1rea ser\u00e1 afectada por tormentas de variada intensidad, algunas localmente fuertes, y estar\u00e1n acompa\u00f1adas por r\u00e1fagas intensas, fuerte actividad el\u00e9ctrica, ocasional ca\u00edda de granizo, y abundante ca\u00edda de agua en cortos per\u00edodos de tiempo con valores de precipitaci\u00f3n acumulada entre 20 y 60 mil\u00edmetros, seg\u00fan inform\u00f3 el SMN.<\/p>\n<p>Para la poblaci\u00f3n de esas zonas, el organismo nacional recomend\u00f3 no sacar la basura; retirar objetos que impidan que el agua escurra; evitar actividades al aire libre; no refugiarse cerca de \u00e1rboles y postes de electricidad que puedan caerse; no permanecer en playas, r\u00edos, lagunas o piletas; y prestar atenci\u00f3n ante la posible ca\u00edda de granizo.<\/p>\n<p>Por otro lado, el SMN lanz\u00f3 una alerta amarilla por viento para el sur y gran parte del oeste de la provincia de Buenos Aires; el este de La Pampa; zona sur de la provincia de San Luis.<\/p>\n<p>En esas zonas se esperan vientos del sector norte con velocidades entre 30 y 55 kil\u00f3metros por hora (km\/h), y r\u00e1fagas que pueden superar los 70 km\/h, por lo que el SMN pidi\u00f3 a la poblaci\u00f3n evitar actividades al aire libre y asegurar los elementos que puedan volarse.<\/p>\n<p>Por \u00faltimo, el organismo meteorol\u00f3gico report\u00f3 otra alerta amarilla por viento Zonda para el sur de la provincia de Mendoza, en la zona baja de Malarg\u00fce, donde se esperan vientos con velocidades entre 30 y 40 km\/h, y r\u00e1fagas de hasta 65 km\/h, pudiendo ser superados en forma local.<\/p>\n<p>Este fen\u00f3meno puede provocar reducci\u00f3n de la visibilidad, un repentino aumento de temperaturas y condiciones de muy baja humedad relativa.<\/p>\n<p>Entre las recomendaciones para los habitantes, el SMN aconsej\u00f3 mantenerse lejos de los \u00e1rboles ya que la fuerza del viento podr\u00eda quebrar alguna de sus ramas; no estacionar veh\u00edculos bajo los \u00e1rboles; y mantener cerradas las viviendas de la manera m\u00e1s herm\u00e9tica posible.<\/p>\n<p>El nivel amarillo implica \u00abposibles fen\u00f3menos meteorol\u00f3gicos con capacidad de da\u00f1o y riesgo de interrupci\u00f3n moment\u00e1nea de actividades cotidianas\u00bb.<\/p>\n<p>Fuente: T\u00e9lam<\/p>\n<\/div>\n","protected":false},"excerpt":{"rendered":"<p>El Servicio Meteorol\u00f3gico Nacional (SMN) emiti\u00f3 hoy alertas de nivel amarillo por tormentas con lluvias intensas para sectores de San Luis, Mendoza, La Pampa, Corrientes , en el sur de la provincia de Buenos Aires y Santa Cruz<\/p>\n","protected":false},"author":3,"featured_media":0,"comment_status":"closed","ping_status":"closed","sticky":false,"template":"","format":"standard","meta":{"footnotes":""},"categories":[46],"tags":[48],"class_list":["post-96778","post","type-post","status-publish","format-standard","hentry","category-ciencia-y-tecnologia","tag-destacada"],"yoast_head":"<!-- This site is optimized with the Yoast SEO plugin v25.9 - https:\/\/yoast.com\/wordpress\/plugins\/seo\/ -->\n<title>Rigen alertas amarillas por tormentas y vientos en nuestra regi\u00f3n y seis provincias - Noticias Radio Reflejos<\/title>\n<meta name=\"robots\" content=\"index, follow, max-snippet:-1, max-image-preview:large, max-video-preview:-1\" \/>\n<link rel=\"canonical\" href=\"https:\/\/www.noticiasradioreflejos.com.ar\/2021\/rigen-alertas-amarillas-por-tormentas-y-vientos-en-nuestra-region-y-seis-provincias\/\" \/>\n<meta property=\"og:locale\" content=\"es_ES\" \/>\n<meta property=\"og:type\" content=\"article\" \/>\n<meta property=\"og:title\" content=\"Rigen alertas amarillas por tormentas y vientos en nuestra regi\u00f3n y seis provincias - Noticias Radio Reflejos\" \/>\n<meta property=\"og:description\" content=\"El Servicio Meteorol\u00f3gico Nacional (SMN) emiti\u00f3 hoy alertas de nivel amarillo por tormentas con lluvias intensas para sectores de San Luis, Mendoza, La Pampa, Corrientes , en el sur de la provincia de Buenos Aires y Santa Cruz\" \/>\n<meta property=\"og:url\" content=\"https:\/\/www.noticiasradioreflejos.com.ar\/2021\/rigen-alertas-amarillas-por-tormentas-y-vientos-en-nuestra-region-y-seis-provincias\/\" \/>\n<meta property=\"og:site_name\" content=\"Noticias Radio Reflejos\" \/>\n<meta property=\"article:published_time\" content=\"2023-12-22T12:24:31+00:00\" \/>\n<meta property=\"og:image\" content=\"https:\/\/www.noticiasradioreflejos.com.ar\/2021\/wp-content\/uploads\/2021\/07\/logosol300x200.png\" \/>\n\t<meta property=\"og:image:width\" content=\"300\" \/>\n\t<meta property=\"og:image:height\" content=\"200\" \/>\n\t<meta property=\"og:image:type\" content=\"image\/png\" \/>\n<meta name=\"author\" content=\"Arnaldo Botto\" \/>\n<meta name=\"twitter:card\" content=\"summary_large_image\" \/>\n<script type=\"application\/ld+json\" class=\"yoast-schema-graph\">{\"@context\":\"https:\/\/schema.org\",\"@graph\":[{\"@type\":\"WebPage\",\"@id\":\"https:\/\/www.noticiasradioreflejos.com.ar\/2021\/rigen-alertas-amarillas-por-tormentas-y-vientos-en-nuestra-region-y-seis-provincias\/\",\"url\":\"https:\/\/www.noticiasradioreflejos.com.ar\/2021\/rigen-alertas-amarillas-por-tormentas-y-vientos-en-nuestra-region-y-seis-provincias\/\",\"name\":\"Rigen alertas amarillas por tormentas y vientos en nuestra regi\u00f3n y seis provincias - Noticias Radio Reflejos\",\"isPartOf\":{\"@id\":\"https:\/\/www.noticiasradioreflejos.com.ar\/2021\/#website\"},\"datePublished\":\"2023-12-22T12:24:31+00:00\",\"author\":{\"@id\":\"https:\/\/www.noticiasradioreflejos.com.ar\/2021\/#\/schema\/person\/ad82545263dcc5ec0996818884fd5fb1\"},\"breadcrumb\":{\"@id\":\"https:\/\/www.noticiasradioreflejos.com.ar\/2021\/rigen-alertas-amarillas-por-tormentas-y-vientos-en-nuestra-region-y-seis-provincias\/#breadcrumb\"},\"inLanguage\":\"es\",\"potentialAction\":[{\"@type\":\"ReadAction\",\"target\":[\"https:\/\/www.noticiasradioreflejos.com.ar\/2021\/rigen-alertas-amarillas-por-tormentas-y-vientos-en-nuestra-region-y-seis-provincias\/\"]}]},{\"@type\":\"BreadcrumbList\",\"@id\":\"https:\/\/www.noticiasradioreflejos.com.ar\/2021\/rigen-alertas-amarillas-por-tormentas-y-vientos-en-nuestra-region-y-seis-provincias\/#breadcrumb\",\"itemListElement\":[{\"@type\":\"ListItem\",\"position\":1,\"name\":\"Portada\",\"item\":\"https:\/\/www.noticiasradioreflejos.com.ar\/2021\/\"},{\"@type\":\"ListItem\",\"position\":2,\"name\":\"Rigen alertas amarillas por tormentas y vientos en nuestra regi\u00f3n y seis provincias\"}]},{\"@type\":\"WebSite\",\"@id\":\"https:\/\/www.noticiasradioreflejos.com.ar\/2021\/#website\",\"url\":\"https:\/\/www.noticiasradioreflejos.com.ar\/2021\/\",\"name\":\"Noticias Radio Reflejos\",\"description\":\"Las noticias de mi comarca\",\"potentialAction\":[{\"@type\":\"SearchAction\",\"target\":{\"@type\":\"EntryPoint\",\"urlTemplate\":\"https:\/\/www.noticiasradioreflejos.com.ar\/2021\/?s={search_term_string}\"},\"query-input\":{\"@type\":\"PropertyValueSpecification\",\"valueRequired\":true,\"valueName\":\"search_term_string\"}}],\"inLanguage\":\"es\"},{\"@type\":\"Person\",\"@id\":\"https:\/\/www.noticiasradioreflejos.com.ar\/2021\/#\/schema\/person\/ad82545263dcc5ec0996818884fd5fb1\",\"name\":\"Arnaldo Botto\",\"image\":{\"@type\":\"ImageObject\",\"inLanguage\":\"es\",\"@id\":\"https:\/\/www.noticiasradioreflejos.com.ar\/2021\/#\/schema\/person\/image\/\",\"url\":\"https:\/\/secure.gravatar.com\/avatar\/55cb5e37c1efa326397366e6974cb338056df65cb50e7d64d1cf314e87504837?s=96&d=mm&r=g\",\"contentUrl\":\"https:\/\/secure.gravatar.com\/avatar\/55cb5e37c1efa326397366e6974cb338056df65cb50e7d64d1cf314e87504837?s=96&d=mm&r=g\",\"caption\":\"Arnaldo Botto\"},\"url\":\"https:\/\/www.noticiasradioreflejos.com.ar\/2021\/author\/arnaldo\/\"}]}<\/script>\n<!-- \/ Yoast SEO plugin. -->","yoast_head_json":{"title":"Rigen alertas amarillas por tormentas y vientos en nuestra regi\u00f3n y seis provincias - Noticias Radio Reflejos","robots":{"index":"index","follow":"follow","max-snippet":"max-snippet:-1","max-image-preview":"max-image-preview:large","max-video-preview":"max-video-preview:-1"},"canonical":"https:\/\/www.noticiasradioreflejos.com.ar\/2021\/rigen-alertas-amarillas-por-tormentas-y-vientos-en-nuestra-region-y-seis-provincias\/","og_locale":"es_ES","og_type":"article","og_title":"Rigen alertas amarillas por tormentas y vientos en nuestra regi\u00f3n y seis provincias - Noticias Radio Reflejos","og_description":"El Servicio Meteorol\u00f3gico Nacional (SMN) emiti\u00f3 hoy alertas de nivel amarillo por tormentas con lluvias intensas para sectores de San Luis, Mendoza, La Pampa, Corrientes , en el sur de la provincia de Buenos Aires y Santa Cruz","og_url":"https:\/\/www.noticiasradioreflejos.com.ar\/2021\/rigen-alertas-amarillas-por-tormentas-y-vientos-en-nuestra-region-y-seis-provincias\/","og_site_name":"Noticias Radio Reflejos","article_published_time":"2023-12-22T12:24:31+00:00","og_image":[{"width":300,"height":200,"url":"https:\/\/www.noticiasradioreflejos.com.ar\/2021\/wp-content\/uploads\/2021\/07\/logosol300x200.png","type":"image\/png"}],"author":"Arnaldo Botto","twitter_card":"summary_large_image","schema":{"@context":"https:\/\/schema.org","@graph":[{"@type":"WebPage","@id":"https:\/\/www.noticiasradioreflejos.com.ar\/2021\/rigen-alertas-amarillas-por-tormentas-y-vientos-en-nuestra-region-y-seis-provincias\/","url":"https:\/\/www.noticiasradioreflejos.com.ar\/2021\/rigen-alertas-amarillas-por-tormentas-y-vientos-en-nuestra-region-y-seis-provincias\/","name":"Rigen alertas amarillas por tormentas y vientos en nuestra regi\u00f3n y seis provincias - Noticias Radio Reflejos","isPartOf":{"@id":"https:\/\/www.noticiasradioreflejos.com.ar\/2021\/#website"},"datePublished":"2023-12-22T12:24:31+00:00","author":{"@id":"https:\/\/www.noticiasradioreflejos.com.ar\/2021\/#\/schema\/person\/ad82545263dcc5ec0996818884fd5fb1"},"breadcrumb":{"@id":"https:\/\/www.noticiasradioreflejos.com.ar\/2021\/rigen-alertas-amarillas-por-tormentas-y-vientos-en-nuestra-region-y-seis-provincias\/#breadcrumb"},"inLanguage":"es","potentialAction":[{"@type":"ReadAction","target":["https:\/\/www.noticiasradioreflejos.com.ar\/2021\/rigen-alertas-amarillas-por-tormentas-y-vientos-en-nuestra-region-y-seis-provincias\/"]}]},{"@type":"BreadcrumbList","@id":"https:\/\/www.noticiasradioreflejos.com.ar\/2021\/rigen-alertas-amarillas-por-tormentas-y-vientos-en-nuestra-region-y-seis-provincias\/#breadcrumb","itemListElement":[{"@type":"ListItem","position":1,"name":"Portada","item":"https:\/\/www.noticiasradioreflejos.com.ar\/2021\/"},{"@type":"ListItem","position":2,"name":"Rigen alertas amarillas por tormentas y vientos en nuestra regi\u00f3n y seis provincias"}]},{"@type":"WebSite","@id":"https:\/\/www.noticiasradioreflejos.com.ar\/2021\/#website","url":"https:\/\/www.noticiasradioreflejos.com.ar\/2021\/","name":"Noticias Radio Reflejos","description":"Las noticias de mi comarca","potentialAction":[{"@type":"SearchAction","target":{"@type":"EntryPoint","urlTemplate":"https:\/\/www.noticiasradioreflejos.com.ar\/2021\/?s={search_term_string}"},"query-input":{"@type":"PropertyValueSpecification","valueRequired":true,"valueName":"search_term_string"}}],"inLanguage":"es"},{"@type":"Person","@id":"https:\/\/www.noticiasradioreflejos.com.ar\/2021\/#\/schema\/person\/ad82545263dcc5ec0996818884fd5fb1","name":"Arnaldo Botto","image":{"@type":"ImageObject","inLanguage":"es","@id":"https:\/\/www.noticiasradioreflejos.com.ar\/2021\/#\/schema\/person\/image\/","url":"https:\/\/secure.gravatar.com\/avatar\/55cb5e37c1efa326397366e6974cb338056df65cb50e7d64d1cf314e87504837?s=96&d=mm&r=g","contentUrl":"https:\/\/secure.gravatar.com\/avatar\/55cb5e37c1efa326397366e6974cb338056df65cb50e7d64d1cf314e87504837?s=96&d=mm&r=g","caption":"Arnaldo Botto"},"url":"https:\/\/www.noticiasradioreflejos.com.ar\/2021\/author\/arnaldo\/"}]}},"_links":{"self":[{"href":"https:\/\/www.noticiasradioreflejos.com.ar\/2021\/wp-json\/wp\/v2\/posts\/96778","targetHints":{"allow":["GET"]}}],"collection":[{"href":"https:\/\/www.noticiasradioreflejos.com.ar\/2021\/wp-json\/wp\/v2\/posts"}],"about":[{"href":"https:\/\/www.noticiasradioreflejos.com.ar\/2021\/wp-json\/wp\/v2\/types\/post"}],"author":[{"embeddable":true,"href":"https:\/\/www.noticiasradioreflejos.com.ar\/2021\/wp-json\/wp\/v2\/users\/3"}],"replies":[{"embeddable":true,"href":"https:\/\/www.noticiasradioreflejos.com.ar\/2021\/wp-json\/wp\/v2\/comments?post=96778"}],"version-history":[{"count":1,"href":"https:\/\/www.noticiasradioreflejos.com.ar\/2021\/wp-json\/wp\/v2\/posts\/96778\/revisions"}],"predecessor-version":[{"id":96780,"href":"https:\/\/www.noticiasradioreflejos.com.ar\/2021\/wp-json\/wp\/v2\/posts\/96778\/revisions\/96780"}],"wp:attachment":[{"href":"https:\/\/www.noticiasradioreflejos.com.ar\/2021\/wp-json\/wp\/v2\/media?parent=96778"}],"wp:term":[{"taxonomy":"category","embeddable":true,"href":"https:\/\/www.noticiasradioreflejos.com.ar\/2021\/wp-json\/wp\/v2\/categories?post=96778"},{"taxonomy":"post_tag","embeddable":true,"href":"https:\/\/www.noticiasradioreflejos.com.ar\/2021\/wp-json\/wp\/v2\/tags?post=96778"}],"curies":[{"name":"wp","href":"https:\/\/api.w.org\/{rel}","templated":true}]}}