{"id":96769,"date":"2023-12-22T10:27:56","date_gmt":"2023-12-22T10:27:56","guid":{"rendered":"https:\/\/www.noticiasradioreflejos.com.ar\/2021\/?p=96769"},"modified":"2023-12-22T10:27:56","modified_gmt":"2023-12-22T10:27:56","slug":"tajantes-diferencias-dentro-del-pro-con-relacion-al-dnu-de-milei","status":"publish","type":"post","link":"https:\/\/www.noticiasradioreflejos.com.ar\/2021\/tajantes-diferencias-dentro-del-pro-con-relacion-al-dnu-de-milei\/","title":{"rendered":"Tajantes diferencias dentro del PRO con relaci\u00f3n al DNU de Milei"},"content":{"rendered":"<p>Mientras que el exmandatario nacional elogi\u00f3 con \u00e9nfasis el paquete de normas que quiere imponer el actual Presidente, Horacio Rodriguez Larreta lo critic\u00f3 en duros t\u00e9rminos.<!--more--><\/p>\n<p>El expresidente y fundador del PRO Mauricio Macri expres\u00f3 este jueves su \u00abapoyo\u00bb al Decreto de Necesidad y Urgencia (DNU) anunciado por el Gobierno para establecer una desregulaci\u00f3n total de la econom\u00eda del pa\u00eds y pidi\u00f3 su \u00abrespaldo total\u00bb, mientras el exjefe de Gobierno porte\u00f1o, Horacio Rodr\u00edguez Larreta, rechaz\u00f3 la iniciativa al afirmar que \u00abla Argentina necesita reformas pero no por decreto\u00bb.<\/p>\n<p>\u00abLas medidas anunciadas por el Presidente (Javier Milei) requieren respaldo total y una prolijidad fiscal de hierro. Por mi parte, quiero dejar en claro p\u00fablicamente mi apoyo a la desregulaci\u00f3n de la econom\u00eda\u00bb, public\u00f3 Macri en su cuenta de X, en un mensaje que titul\u00f3 \u00abResponsabilidad y Grandeza\u00bb.<\/p>\n<p>Para el exmandatario, el pa\u00eds atraviesa un momento \u00abfr\u00e1gil y amenazante\u00bb producto de \u00abdesastrosas pol\u00edticas del \u00faltimo gobierno\u00bb, motivo por el que se deben \u00abtomar medidas valientes\u00bb, dijo.<\/p>\n<blockquote class=\"\"><p>Para el exalcalde porte\u00f1o y cofundador del PRO \u00ablas reformas profundas\u00bb del pa\u00eds \u00absolamente van a tener \u00e9xito si se pueden sostener en el tiempo, y si tienen solidez jur\u00eddica y constitucional que garantice su concreci\u00f3n\u00bb<\/p><\/blockquote>\n<p>\u00abDe no hacerlo, nos exponemos al riesgo de una hiperinflaci\u00f3n que podr\u00eda resultar devastadora para la vida de millones de argentinos\u00bb, agreg\u00f3.<\/p>\n<p>Macri destac\u00f3 que \u00abya no hay m\u00e1s margen para eludir los problemas\u00bb y grafic\u00f3 las iniciativas del Gobierno de Milei como parte de \u00abun camino que se abre delante de nosotros\u00bb. \u00abDe un lado hay una oportunidad; del otro, la ruina y el colapso\u00bb, subray\u00f3.<\/p>\n<p>En contraposici\u00f3n, Rodr\u00edguez Larreta rechaz\u00f3 la iniciativa al afirmar que \u00abla Argentina necesita reformas pero no por decreto\u00bb y asegur\u00f3 que \u00abel instrumento para que esto suceda es una ley del Congreso\u00bb.<\/p>\n<p>\u00abAs\u00ed no. La Argentina necesita reformas pero no por decreto. El instrumento para que esto suceda es una ley del Congreso. Tenemos que evitar que en 4 a\u00f1os otro presidente, con un DNU similar, pueda dar todo marcha atr\u00e1s. La divisi\u00f3n de poderes es la pieza central de nuestra Republica\u00bb, public\u00f3 Rodr\u00edguez Larreta en su cuenta de X.<\/p>\n<div class=\"twitter-tweet twitter-tweet-rendered\"><iframe id=\"twitter-widget-0\" class=\"\" title=\"X Post\" src=\"https:\/\/platform.twitter.com\/embed\/Tweet.html?creatorScreenName=agenciatelam&amp;dnt=false&amp;embedId=twitter-widget-0&amp;features=eyJ0ZndfdGltZWxpbmVfbGlzdCI6eyJidWNrZXQiOltdLCJ2ZXJzaW9uIjpudWxsfSwidGZ3X2ZvbGxvd2VyX2NvdW50X3N1bnNldCI6eyJidWNrZXQiOnRydWUsInZlcnNpb24iOm51bGx9LCJ0ZndfdHdlZXRfZWRpdF9iYWNrZW5kIjp7ImJ1Y2tldCI6Im9uIiwidmVyc2lvbiI6bnVsbH0sInRmd19yZWZzcmNfc2Vzc2lvbiI6eyJidWNrZXQiOiJvbiIsInZlcnNpb24iOm51bGx9LCJ0ZndfZm9zbnJfc29mdF9pbnRlcnZlbnRpb25zX2VuYWJsZWQiOnsiYnVja2V0Ijoib24iLCJ2ZXJzaW9uIjpudWxsfSwidGZ3X21peGVkX21lZGlhXzE1ODk3Ijp7ImJ1Y2tldCI6InRyZWF0bWVudCIsInZlcnNpb24iOm51bGx9LCJ0ZndfZXhwZXJpbWVudHNfY29va2llX2V4cGlyYXRpb24iOnsiYnVja2V0IjoxMjA5NjAwLCJ2ZXJzaW9uIjpudWxsfSwidGZ3X3Nob3dfYmlyZHdhdGNoX3Bpdm90c19lbmFibGVkIjp7ImJ1Y2tldCI6Im9uIiwidmVyc2lvbiI6bnVsbH0sInRmd19kdXBsaWNhdGVfc2NyaWJlc190b19zZXR0aW5ncyI6eyJidWNrZXQiOiJvbiIsInZlcnNpb24iOm51bGx9LCJ0ZndfdXNlX3Byb2ZpbGVfaW1hZ2Vfc2hhcGVfZW5hYmxlZCI6eyJidWNrZXQiOiJvbiIsInZlcnNpb24iOm51bGx9LCJ0ZndfdmlkZW9faGxzX2R5bmFtaWNfbWFuaWZlc3RzXzE1MDgyIjp7ImJ1Y2tldCI6InRydWVfYml0cmF0ZSIsInZlcnNpb24iOm51bGx9LCJ0ZndfbGVnYWN5X3RpbWVsaW5lX3N1bnNldCI6eyJidWNrZXQiOnRydWUsInZlcnNpb24iOm51bGx9LCJ0ZndfdHdlZXRfZWRpdF9mcm9udGVuZCI6eyJidWNrZXQiOiJvbiIsInZlcnNpb24iOm51bGx9fQ%3D%3D&amp;frame=false&amp;hideCard=false&amp;hideThread=false&amp;id=1737894015406657693&amp;lang=es&amp;origin=https%3A%2F%2Fwww.telam.com.ar%2Fnotas%2F202312%2F650280-diferencias-tajantes-dentro-del-pro-con-relacion-al-dnu-de-milei.html&amp;sessionId=981de21b91ceedeeb86009a4ffdbe6af58568c7e&amp;siteScreenName=agenciatelam&amp;theme=light&amp;widgetsVersion=2615f7e52b7e0%3A1702314776716&amp;width=550px\" frameborder=\"0\" scrolling=\"no\" allowfullscreen=\"allowfullscreen\" data-tweet-id=\"1737894015406657693\" data-mce-fragment=\"1\"><\/iframe><\/div>\n<p>Para el exalcalde porte\u00f1o y cofundador del PRO \u00ablas reformas profundas\u00bb del pa\u00eds \u00absolamente van a tener \u00e9xito si se pueden sostener en el tiempo, y si tienen solidez jur\u00eddica y constitucional que garantice su concreci\u00f3n\u00bb.<\/p>\n<p>\u00abPara esto, las transformaciones deben ser resultado de un amplio consenso basado en el di\u00e1logo\u00bb, agreg\u00f3.<\/p>\n<p>Pese a mostrarse a favor de algunas de las medidas del decreto, como \u00abla declaraci\u00f3n de la educaci\u00f3n c\u00f3mo servicio esencial, la pol\u00edtica de cielos abiertos, la derogaci\u00f3n de la ley de g\u00f3ndolas, la modernizaci\u00f3n del r\u00e9gimen laboral, la reforma del C\u00f3digo Aduanero y la reforma de los Registros Automotores\u00bb, Larreta pidi\u00f3 \u00abhacer las cosas bien, con la Constituci\u00f3n por encima de todo\u00bb.<\/p>\n<p>\u00abDefendamos la democracia y el pluralismo siempre. Tambi\u00e9n ahora\u00bb, subray\u00f3.<\/p>\n<div class=\"twitter-tweet twitter-tweet-rendered\"><iframe id=\"twitter-widget-1\" class=\"\" title=\"X Post\" src=\"https:\/\/platform.twitter.com\/embed\/Tweet.html?creatorScreenName=agenciatelam&amp;dnt=false&amp;embedId=twitter-widget-1&amp;features=eyJ0ZndfdGltZWxpbmVfbGlzdCI6eyJidWNrZXQiOltdLCJ2ZXJzaW9uIjpudWxsfSwidGZ3X2ZvbGxvd2VyX2NvdW50X3N1bnNldCI6eyJidWNrZXQiOnRydWUsInZlcnNpb24iOm51bGx9LCJ0ZndfdHdlZXRfZWRpdF9iYWNrZW5kIjp7ImJ1Y2tldCI6Im9uIiwidmVyc2lvbiI6bnVsbH0sInRmd19yZWZzcmNfc2Vzc2lvbiI6eyJidWNrZXQiOiJvbiIsInZlcnNpb24iOm51bGx9LCJ0ZndfZm9zbnJfc29mdF9pbnRlcnZlbnRpb25zX2VuYWJsZWQiOnsiYnVja2V0Ijoib24iLCJ2ZXJzaW9uIjpudWxsfSwidGZ3X21peGVkX21lZGlhXzE1ODk3Ijp7ImJ1Y2tldCI6InRyZWF0bWVudCIsInZlcnNpb24iOm51bGx9LCJ0ZndfZXhwZXJpbWVudHNfY29va2llX2V4cGlyYXRpb24iOnsiYnVja2V0IjoxMjA5NjAwLCJ2ZXJzaW9uIjpudWxsfSwidGZ3X3Nob3dfYmlyZHdhdGNoX3Bpdm90c19lbmFibGVkIjp7ImJ1Y2tldCI6Im9uIiwidmVyc2lvbiI6bnVsbH0sInRmd19kdXBsaWNhdGVfc2NyaWJlc190b19zZXR0aW5ncyI6eyJidWNrZXQiOiJvbiIsInZlcnNpb24iOm51bGx9LCJ0ZndfdXNlX3Byb2ZpbGVfaW1hZ2Vfc2hhcGVfZW5hYmxlZCI6eyJidWNrZXQiOiJvbiIsInZlcnNpb24iOm51bGx9LCJ0ZndfdmlkZW9faGxzX2R5bmFtaWNfbWFuaWZlc3RzXzE1MDgyIjp7ImJ1Y2tldCI6InRydWVfYml0cmF0ZSIsInZlcnNpb24iOm51bGx9LCJ0ZndfbGVnYWN5X3RpbWVsaW5lX3N1bnNldCI6eyJidWNrZXQiOnRydWUsInZlcnNpb24iOm51bGx9LCJ0ZndfdHdlZXRfZWRpdF9mcm9udGVuZCI6eyJidWNrZXQiOiJvbiIsInZlcnNpb24iOm51bGx9fQ%3D%3D&amp;frame=false&amp;hideCard=false&amp;hideThread=false&amp;id=1737912862977253494&amp;lang=es&amp;origin=https%3A%2F%2Fwww.telam.com.ar%2Fnotas%2F202312%2F650280-diferencias-tajantes-dentro-del-pro-con-relacion-al-dnu-de-milei.html&amp;sessionId=981de21b91ceedeeb86009a4ffdbe6af58568c7e&amp;siteScreenName=agenciatelam&amp;theme=light&amp;widgetsVersion=2615f7e52b7e0%3A1702314776716&amp;width=550px\" frameborder=\"0\" scrolling=\"no\" allowfullscreen=\"allowfullscreen\" data-tweet-id=\"1737912862977253494\" data-mce-fragment=\"1\"><\/iframe><\/div>\n<p>Por su parte, la exgobernadora bonaerense y diputada nacional del PRO Mar\u00eda Eugenia Vidal, plante\u00f3 que el pa\u00eds atraviesa \u00abuna crisis que nos obliga a cambiar de rumbo\u00bb. Y asegur\u00f3 que est\u00e1 \u00abanalizando punto por punto\u00bb el decreto, con el objetivo de \u00abtener una posici\u00f3n seria\u00bb.<\/p>\n<p>\u00abElegimos ser responsables. Desde ayer a la noche estoy trabajando con un equipo de especialistas t\u00e9cnicos, analizando punto por punto el decreto para tener una posici\u00f3n seria\u00bb, public\u00f3 Vidal en X.<\/p>\n<p>Para la exgobernadora durante la presidencia de Mauricio Macri, el pa\u00eds est\u00e1 \u00abatravesando una crisis que nos obliga a cambiar de rumbo\u00bb y recalc\u00f3 que no se debe \u00abmantener un modelo de Estado que solo pone obst\u00e1culos, y que impide el crecimiento de los argentinos\u00bb.<\/p>\n<div class=\"twitter-tweet twitter-tweet-rendered\"><iframe id=\"twitter-widget-2\" class=\"\" title=\"X Post\" src=\"https:\/\/platform.twitter.com\/embed\/Tweet.html?creatorScreenName=agenciatelam&amp;dnt=false&amp;embedId=twitter-widget-2&amp;features=eyJ0ZndfdGltZWxpbmVfbGlzdCI6eyJidWNrZXQiOltdLCJ2ZXJzaW9uIjpudWxsfSwidGZ3X2ZvbGxvd2VyX2NvdW50X3N1bnNldCI6eyJidWNrZXQiOnRydWUsInZlcnNpb24iOm51bGx9LCJ0ZndfdHdlZXRfZWRpdF9iYWNrZW5kIjp7ImJ1Y2tldCI6Im9uIiwidmVyc2lvbiI6bnVsbH0sInRmd19yZWZzcmNfc2Vzc2lvbiI6eyJidWNrZXQiOiJvbiIsInZlcnNpb24iOm51bGx9LCJ0ZndfZm9zbnJfc29mdF9pbnRlcnZlbnRpb25zX2VuYWJsZWQiOnsiYnVja2V0Ijoib24iLCJ2ZXJzaW9uIjpudWxsfSwidGZ3X21peGVkX21lZGlhXzE1ODk3Ijp7ImJ1Y2tldCI6InRyZWF0bWVudCIsInZlcnNpb24iOm51bGx9LCJ0ZndfZXhwZXJpbWVudHNfY29va2llX2V4cGlyYXRpb24iOnsiYnVja2V0IjoxMjA5NjAwLCJ2ZXJzaW9uIjpudWxsfSwidGZ3X3Nob3dfYmlyZHdhdGNoX3Bpdm90c19lbmFibGVkIjp7ImJ1Y2tldCI6Im9uIiwidmVyc2lvbiI6bnVsbH0sInRmd19kdXBsaWNhdGVfc2NyaWJlc190b19zZXR0aW5ncyI6eyJidWNrZXQiOiJvbiIsInZlcnNpb24iOm51bGx9LCJ0ZndfdXNlX3Byb2ZpbGVfaW1hZ2Vfc2hhcGVfZW5hYmxlZCI6eyJidWNrZXQiOiJvbiIsInZlcnNpb24iOm51bGx9LCJ0ZndfdmlkZW9faGxzX2R5bmFtaWNfbWFuaWZlc3RzXzE1MDgyIjp7ImJ1Y2tldCI6InRydWVfYml0cmF0ZSIsInZlcnNpb24iOm51bGx9LCJ0ZndfbGVnYWN5X3RpbWVsaW5lX3N1bnNldCI6eyJidWNrZXQiOnRydWUsInZlcnNpb24iOm51bGx9LCJ0ZndfdHdlZXRfZWRpdF9mcm9udGVuZCI6eyJidWNrZXQiOiJvbiIsInZlcnNpb24iOm51bGx9fQ%3D%3D&amp;frame=false&amp;hideCard=false&amp;hideThread=false&amp;id=1737930363140276706&amp;lang=es&amp;origin=https%3A%2F%2Fwww.telam.com.ar%2Fnotas%2F202312%2F650280-diferencias-tajantes-dentro-del-pro-con-relacion-al-dnu-de-milei.html&amp;sessionId=981de21b91ceedeeb86009a4ffdbe6af58568c7e&amp;siteScreenName=agenciatelam&amp;theme=light&amp;widgetsVersion=2615f7e52b7e0%3A1702314776716&amp;width=550px\" frameborder=\"0\" scrolling=\"no\" allowfullscreen=\"allowfullscreen\" data-tweet-id=\"1737930363140276706\" data-mce-fragment=\"1\"><\/iframe><\/div>\n<p>\u00abSepan que estoy del lado de cada argentino para defender el progreso que nos merecemos\u00bb, agreg\u00f3.<\/p>\n<p>En tanto, el exsenador y miembro del PRO Esteban Bullrich se posicion\u00f3 en contra del decreto de Milei al coincidir con la postura del senador radical Mart\u00edn Lousteau, quien calific\u00f3 al DNU de \u00abinv\u00e1lido\u00bb y consider\u00f3 que el Gobierno deber\u00eda reemplazarlo \u00abpor una Ley que se vote por cap\u00edtulos\u00bb y convocar a sesiones extraordinarias para darle \u00abtratamiento urgente\u00bb<br \/>\n\u00abCoincido\u00bb, escribi\u00f3 Bullrich en su cuenta de X.<\/p>\n<p>Por su parte, el exministro de Transporte e integrante del PRO, Guillermo Dietrich, expres\u00f3 que \u00abes necesario cambiar dr\u00e1sticamente el rumbo\u00bb del pa\u00eds y felicit\u00f3 a Sturzenegger por ser uno de los encargados de redactar el decreto, el cual, aclar\u00f3, deber\u00e1 \u00abser aprobado por el Congreso\u00bb.<\/p>\n<div class=\"twitter-tweet twitter-tweet-rendered\"><iframe id=\"twitter-widget-3\" class=\"\" title=\"X Post\" src=\"https:\/\/platform.twitter.com\/embed\/Tweet.html?creatorScreenName=agenciatelam&amp;dnt=false&amp;embedId=twitter-widget-3&amp;features=eyJ0ZndfdGltZWxpbmVfbGlzdCI6eyJidWNrZXQiOltdLCJ2ZXJzaW9uIjpudWxsfSwidGZ3X2ZvbGxvd2VyX2NvdW50X3N1bnNldCI6eyJidWNrZXQiOnRydWUsInZlcnNpb24iOm51bGx9LCJ0ZndfdHdlZXRfZWRpdF9iYWNrZW5kIjp7ImJ1Y2tldCI6Im9uIiwidmVyc2lvbiI6bnVsbH0sInRmd19yZWZzcmNfc2Vzc2lvbiI6eyJidWNrZXQiOiJvbiIsInZlcnNpb24iOm51bGx9LCJ0ZndfZm9zbnJfc29mdF9pbnRlcnZlbnRpb25zX2VuYWJsZWQiOnsiYnVja2V0Ijoib24iLCJ2ZXJzaW9uIjpudWxsfSwidGZ3X21peGVkX21lZGlhXzE1ODk3Ijp7ImJ1Y2tldCI6InRyZWF0bWVudCIsInZlcnNpb24iOm51bGx9LCJ0ZndfZXhwZXJpbWVudHNfY29va2llX2V4cGlyYXRpb24iOnsiYnVja2V0IjoxMjA5NjAwLCJ2ZXJzaW9uIjpudWxsfSwidGZ3X3Nob3dfYmlyZHdhdGNoX3Bpdm90c19lbmFibGVkIjp7ImJ1Y2tldCI6Im9uIiwidmVyc2lvbiI6bnVsbH0sInRmd19kdXBsaWNhdGVfc2NyaWJlc190b19zZXR0aW5ncyI6eyJidWNrZXQiOiJvbiIsInZlcnNpb24iOm51bGx9LCJ0ZndfdXNlX3Byb2ZpbGVfaW1hZ2Vfc2hhcGVfZW5hYmxlZCI6eyJidWNrZXQiOiJvbiIsInZlcnNpb24iOm51bGx9LCJ0ZndfdmlkZW9faGxzX2R5bmFtaWNfbWFuaWZlc3RzXzE1MDgyIjp7ImJ1Y2tldCI6InRydWVfYml0cmF0ZSIsInZlcnNpb24iOm51bGx9LCJ0ZndfbGVnYWN5X3RpbWVsaW5lX3N1bnNldCI6eyJidWNrZXQiOnRydWUsInZlcnNpb24iOm51bGx9LCJ0ZndfdHdlZXRfZWRpdF9mcm9udGVuZCI6eyJidWNrZXQiOiJvbiIsInZlcnNpb24iOm51bGx9fQ%3D%3D&amp;frame=false&amp;hideCard=false&amp;hideThread=false&amp;id=1737845406200189258&amp;lang=es&amp;origin=https%3A%2F%2Fwww.telam.com.ar%2Fnotas%2F202312%2F650280-diferencias-tajantes-dentro-del-pro-con-relacion-al-dnu-de-milei.html&amp;sessionId=981de21b91ceedeeb86009a4ffdbe6af58568c7e&amp;siteScreenName=agenciatelam&amp;theme=light&amp;widgetsVersion=2615f7e52b7e0%3A1702314776716&amp;width=550px\" frameborder=\"0\" scrolling=\"no\" allowfullscreen=\"allowfullscreen\" data-tweet-id=\"1737845406200189258\" data-mce-fragment=\"1\"><\/iframe><\/div>\n<p>\u00abNuestro pa\u00eds est\u00e1 encadenado de normativas, leyes, burocracia y mafias que frenan el crecimiento y el desarrollo de nuestra gente. Los \u00faltimos a\u00f1os sufrimos un enorme retroceso a los avances que hab\u00edamos hecho durante nuestra gesti\u00f3n y hoy es necesario cambiar dr\u00e1sticamente el rumbo que ven\u00eda llevando nuestro pa\u00eds\u00bb, public\u00f3 el economista Dietrich en X.<\/p>\n<p>El exministro de Transporte durante la presidencia de Mauricio Macri destac\u00f3 que las medidas del decreto \u00abvan decididamente en la direcci\u00f3n correcta de un pa\u00eds con mayor libertad\u00bb, pero hizo referencia a que \u00abtendr\u00e1n que ser aprobadas por el Congreso\u00bb.<\/p>\n<p>\u00abFelicitaciones a Federico Sturzenegger y todos los que trabajaron en este proyecto\u00bb, agreg\u00f3 en su salutaci\u00f3n al expresidente del Banco Central, de quien fue compa\u00f1ero en la gesti\u00f3n Macri.<\/p>\n","protected":false},"excerpt":{"rendered":"<p>Mientras que el exmandatario nacional elogi\u00f3 con \u00e9nfasis el paquete de normas que quiere imponer el actual Presidente, Horacio Rodriguez Larreta lo critic\u00f3 en duros t\u00e9rminos.<\/p>\n","protected":false},"author":3,"featured_media":0,"comment_status":"closed","ping_status":"closed","sticky":false,"template":"","format":"standard","meta":{"footnotes":""},"categories":[24],"tags":[],"class_list":["post-96769","post","type-post","status-publish","format-standard","hentry","category-politica"],"yoast_head":"<!-- This site is optimized with the Yoast SEO plugin v25.9 - https:\/\/yoast.com\/wordpress\/plugins\/seo\/ -->\n<title>Tajantes diferencias dentro del PRO con relaci\u00f3n al DNU de Milei - Noticias Radio Reflejos<\/title>\n<meta name=\"robots\" content=\"index, follow, max-snippet:-1, max-image-preview:large, max-video-preview:-1\" \/>\n<link rel=\"canonical\" href=\"https:\/\/www.noticiasradioreflejos.com.ar\/2021\/tajantes-diferencias-dentro-del-pro-con-relacion-al-dnu-de-milei\/\" \/>\n<meta property=\"og:locale\" content=\"es_ES\" \/>\n<meta property=\"og:type\" content=\"article\" \/>\n<meta property=\"og:title\" content=\"Tajantes diferencias dentro del PRO con relaci\u00f3n al DNU de Milei - Noticias Radio Reflejos\" \/>\n<meta property=\"og:description\" content=\"Mientras que el exmandatario nacional elogi\u00f3 con \u00e9nfasis el paquete de normas que quiere imponer el actual Presidente, Horacio Rodriguez Larreta lo critic\u00f3 en duros t\u00e9rminos.\" \/>\n<meta property=\"og:url\" content=\"https:\/\/www.noticiasradioreflejos.com.ar\/2021\/tajantes-diferencias-dentro-del-pro-con-relacion-al-dnu-de-milei\/\" \/>\n<meta property=\"og:site_name\" content=\"Noticias Radio Reflejos\" \/>\n<meta property=\"article:published_time\" content=\"2023-12-22T10:27:56+00:00\" \/>\n<meta property=\"og:image\" content=\"https:\/\/www.noticiasradioreflejos.com.ar\/2021\/wp-content\/uploads\/2021\/07\/logosol300x200.png\" \/>\n\t<meta property=\"og:image:width\" content=\"300\" \/>\n\t<meta property=\"og:image:height\" content=\"200\" \/>\n\t<meta property=\"og:image:type\" content=\"image\/png\" \/>\n<meta name=\"author\" content=\"Arnaldo Botto\" \/>\n<meta name=\"twitter:card\" content=\"summary_large_image\" \/>\n<script type=\"application\/ld+json\" class=\"yoast-schema-graph\">{\"@context\":\"https:\/\/schema.org\",\"@graph\":[{\"@type\":\"WebPage\",\"@id\":\"https:\/\/www.noticiasradioreflejos.com.ar\/2021\/tajantes-diferencias-dentro-del-pro-con-relacion-al-dnu-de-milei\/\",\"url\":\"https:\/\/www.noticiasradioreflejos.com.ar\/2021\/tajantes-diferencias-dentro-del-pro-con-relacion-al-dnu-de-milei\/\",\"name\":\"Tajantes diferencias dentro del PRO con relaci\u00f3n al DNU de Milei - Noticias Radio Reflejos\",\"isPartOf\":{\"@id\":\"https:\/\/www.noticiasradioreflejos.com.ar\/2021\/#website\"},\"datePublished\":\"2023-12-22T10:27:56+00:00\",\"author\":{\"@id\":\"https:\/\/www.noticiasradioreflejos.com.ar\/2021\/#\/schema\/person\/ad82545263dcc5ec0996818884fd5fb1\"},\"breadcrumb\":{\"@id\":\"https:\/\/www.noticiasradioreflejos.com.ar\/2021\/tajantes-diferencias-dentro-del-pro-con-relacion-al-dnu-de-milei\/#breadcrumb\"},\"inLanguage\":\"es\",\"potentialAction\":[{\"@type\":\"ReadAction\",\"target\":[\"https:\/\/www.noticiasradioreflejos.com.ar\/2021\/tajantes-diferencias-dentro-del-pro-con-relacion-al-dnu-de-milei\/\"]}]},{\"@type\":\"BreadcrumbList\",\"@id\":\"https:\/\/www.noticiasradioreflejos.com.ar\/2021\/tajantes-diferencias-dentro-del-pro-con-relacion-al-dnu-de-milei\/#breadcrumb\",\"itemListElement\":[{\"@type\":\"ListItem\",\"position\":1,\"name\":\"Portada\",\"item\":\"https:\/\/www.noticiasradioreflejos.com.ar\/2021\/\"},{\"@type\":\"ListItem\",\"position\":2,\"name\":\"Tajantes diferencias dentro del PRO con relaci\u00f3n al DNU de Milei\"}]},{\"@type\":\"WebSite\",\"@id\":\"https:\/\/www.noticiasradioreflejos.com.ar\/2021\/#website\",\"url\":\"https:\/\/www.noticiasradioreflejos.com.ar\/2021\/\",\"name\":\"Noticias Radio Reflejos\",\"description\":\"Las noticias de mi comarca\",\"potentialAction\":[{\"@type\":\"SearchAction\",\"target\":{\"@type\":\"EntryPoint\",\"urlTemplate\":\"https:\/\/www.noticiasradioreflejos.com.ar\/2021\/?s={search_term_string}\"},\"query-input\":{\"@type\":\"PropertyValueSpecification\",\"valueRequired\":true,\"valueName\":\"search_term_string\"}}],\"inLanguage\":\"es\"},{\"@type\":\"Person\",\"@id\":\"https:\/\/www.noticiasradioreflejos.com.ar\/2021\/#\/schema\/person\/ad82545263dcc5ec0996818884fd5fb1\",\"name\":\"Arnaldo Botto\",\"image\":{\"@type\":\"ImageObject\",\"inLanguage\":\"es\",\"@id\":\"https:\/\/www.noticiasradioreflejos.com.ar\/2021\/#\/schema\/person\/image\/\",\"url\":\"https:\/\/secure.gravatar.com\/avatar\/55cb5e37c1efa326397366e6974cb338056df65cb50e7d64d1cf314e87504837?s=96&d=mm&r=g\",\"contentUrl\":\"https:\/\/secure.gravatar.com\/avatar\/55cb5e37c1efa326397366e6974cb338056df65cb50e7d64d1cf314e87504837?s=96&d=mm&r=g\",\"caption\":\"Arnaldo Botto\"},\"url\":\"https:\/\/www.noticiasradioreflejos.com.ar\/2021\/author\/arnaldo\/\"}]}<\/script>\n<!-- \/ Yoast SEO plugin. -->","yoast_head_json":{"title":"Tajantes diferencias dentro del PRO con relaci\u00f3n al DNU de Milei - Noticias Radio Reflejos","robots":{"index":"index","follow":"follow","max-snippet":"max-snippet:-1","max-image-preview":"max-image-preview:large","max-video-preview":"max-video-preview:-1"},"canonical":"https:\/\/www.noticiasradioreflejos.com.ar\/2021\/tajantes-diferencias-dentro-del-pro-con-relacion-al-dnu-de-milei\/","og_locale":"es_ES","og_type":"article","og_title":"Tajantes diferencias dentro del PRO con relaci\u00f3n al DNU de Milei - Noticias Radio Reflejos","og_description":"Mientras que el exmandatario nacional elogi\u00f3 con \u00e9nfasis el paquete de normas que quiere imponer el actual Presidente, Horacio Rodriguez Larreta lo critic\u00f3 en duros t\u00e9rminos.","og_url":"https:\/\/www.noticiasradioreflejos.com.ar\/2021\/tajantes-diferencias-dentro-del-pro-con-relacion-al-dnu-de-milei\/","og_site_name":"Noticias Radio Reflejos","article_published_time":"2023-12-22T10:27:56+00:00","og_image":[{"width":300,"height":200,"url":"https:\/\/www.noticiasradioreflejos.com.ar\/2021\/wp-content\/uploads\/2021\/07\/logosol300x200.png","type":"image\/png"}],"author":"Arnaldo Botto","twitter_card":"summary_large_image","schema":{"@context":"https:\/\/schema.org","@graph":[{"@type":"WebPage","@id":"https:\/\/www.noticiasradioreflejos.com.ar\/2021\/tajantes-diferencias-dentro-del-pro-con-relacion-al-dnu-de-milei\/","url":"https:\/\/www.noticiasradioreflejos.com.ar\/2021\/tajantes-diferencias-dentro-del-pro-con-relacion-al-dnu-de-milei\/","name":"Tajantes diferencias dentro del PRO con relaci\u00f3n al DNU de Milei - Noticias Radio Reflejos","isPartOf":{"@id":"https:\/\/www.noticiasradioreflejos.com.ar\/2021\/#website"},"datePublished":"2023-12-22T10:27:56+00:00","author":{"@id":"https:\/\/www.noticiasradioreflejos.com.ar\/2021\/#\/schema\/person\/ad82545263dcc5ec0996818884fd5fb1"},"breadcrumb":{"@id":"https:\/\/www.noticiasradioreflejos.com.ar\/2021\/tajantes-diferencias-dentro-del-pro-con-relacion-al-dnu-de-milei\/#breadcrumb"},"inLanguage":"es","potentialAction":[{"@type":"ReadAction","target":["https:\/\/www.noticiasradioreflejos.com.ar\/2021\/tajantes-diferencias-dentro-del-pro-con-relacion-al-dnu-de-milei\/"]}]},{"@type":"BreadcrumbList","@id":"https:\/\/www.noticiasradioreflejos.com.ar\/2021\/tajantes-diferencias-dentro-del-pro-con-relacion-al-dnu-de-milei\/#breadcrumb","itemListElement":[{"@type":"ListItem","position":1,"name":"Portada","item":"https:\/\/www.noticiasradioreflejos.com.ar\/2021\/"},{"@type":"ListItem","position":2,"name":"Tajantes diferencias dentro del PRO con relaci\u00f3n al DNU de Milei"}]},{"@type":"WebSite","@id":"https:\/\/www.noticiasradioreflejos.com.ar\/2021\/#website","url":"https:\/\/www.noticiasradioreflejos.com.ar\/2021\/","name":"Noticias Radio Reflejos","description":"Las noticias de mi comarca","potentialAction":[{"@type":"SearchAction","target":{"@type":"EntryPoint","urlTemplate":"https:\/\/www.noticiasradioreflejos.com.ar\/2021\/?s={search_term_string}"},"query-input":{"@type":"PropertyValueSpecification","valueRequired":true,"valueName":"search_term_string"}}],"inLanguage":"es"},{"@type":"Person","@id":"https:\/\/www.noticiasradioreflejos.com.ar\/2021\/#\/schema\/person\/ad82545263dcc5ec0996818884fd5fb1","name":"Arnaldo Botto","image":{"@type":"ImageObject","inLanguage":"es","@id":"https:\/\/www.noticiasradioreflejos.com.ar\/2021\/#\/schema\/person\/image\/","url":"https:\/\/secure.gravatar.com\/avatar\/55cb5e37c1efa326397366e6974cb338056df65cb50e7d64d1cf314e87504837?s=96&d=mm&r=g","contentUrl":"https:\/\/secure.gravatar.com\/avatar\/55cb5e37c1efa326397366e6974cb338056df65cb50e7d64d1cf314e87504837?s=96&d=mm&r=g","caption":"Arnaldo Botto"},"url":"https:\/\/www.noticiasradioreflejos.com.ar\/2021\/author\/arnaldo\/"}]}},"_links":{"self":[{"href":"https:\/\/www.noticiasradioreflejos.com.ar\/2021\/wp-json\/wp\/v2\/posts\/96769","targetHints":{"allow":["GET"]}}],"collection":[{"href":"https:\/\/www.noticiasradioreflejos.com.ar\/2021\/wp-json\/wp\/v2\/posts"}],"about":[{"href":"https:\/\/www.noticiasradioreflejos.com.ar\/2021\/wp-json\/wp\/v2\/types\/post"}],"author":[{"embeddable":true,"href":"https:\/\/www.noticiasradioreflejos.com.ar\/2021\/wp-json\/wp\/v2\/users\/3"}],"replies":[{"embeddable":true,"href":"https:\/\/www.noticiasradioreflejos.com.ar\/2021\/wp-json\/wp\/v2\/comments?post=96769"}],"version-history":[{"count":1,"href":"https:\/\/www.noticiasradioreflejos.com.ar\/2021\/wp-json\/wp\/v2\/posts\/96769\/revisions"}],"predecessor-version":[{"id":96771,"href":"https:\/\/www.noticiasradioreflejos.com.ar\/2021\/wp-json\/wp\/v2\/posts\/96769\/revisions\/96771"}],"wp:attachment":[{"href":"https:\/\/www.noticiasradioreflejos.com.ar\/2021\/wp-json\/wp\/v2\/media?parent=96769"}],"wp:term":[{"taxonomy":"category","embeddable":true,"href":"https:\/\/www.noticiasradioreflejos.com.ar\/2021\/wp-json\/wp\/v2\/categories?post=96769"},{"taxonomy":"post_tag","embeddable":true,"href":"https:\/\/www.noticiasradioreflejos.com.ar\/2021\/wp-json\/wp\/v2\/tags?post=96769"}],"curies":[{"name":"wp","href":"https:\/\/api.w.org\/{rel}","templated":true}]}}