{"id":96766,"date":"2023-12-22T10:23:59","date_gmt":"2023-12-22T10:23:59","guid":{"rendered":"https:\/\/www.noticiasradioreflejos.com.ar\/2021\/?p=96766"},"modified":"2023-12-22T10:23:59","modified_gmt":"2023-12-22T10:23:59","slug":"por-segunda-noche-consecutiva-se-producen-protestas-masivas-en-rechazo-al-dnu-de-milei","status":"publish","type":"post","link":"https:\/\/www.noticiasradioreflejos.com.ar\/2021\/por-segunda-noche-consecutiva-se-producen-protestas-masivas-en-rechazo-al-dnu-de-milei\/","title":{"rendered":"Por segunda noche consecutiva se producen protestas masivas en rechazo al DNU de Milei"},"content":{"rendered":"<p>Una gran cantidad de manifestantes\u00a0se movilizaron a las cercan\u00edas del Congreso Nacional golpeando sus cacerolas sobre la vereda, custodiados por la Polic\u00eda Federal, en una serie de marchas que se reprodujeron en las ciudades de\u00a0Mar de Ajo, Rosario, Mar del Plata, Bariloche, Ushuaia, C\u00f3rdoba, Jun\u00edn, Resistencia, entre otras.<!--more--><\/p>\n<div class=\"paragraph\">\n<figure class=\"mb-3\"><img decoding=\"async\" class=\" lazy \" src=\"https:\/\/www.telam.com.ar\/thumbs\/bluesteel\/advf\/imagenes\/2023\/12\/6584e80c4bc85_1200.jpg\" alt=\"Foto Maximiliano Luna\" width=\"100%\" height=\"100%\" \/><\/p>\n<div class=\"media-icons\"><\/div><figcaption>Foto: Maximiliano Luna<\/figcaption><\/figure>\n<p>Personas autoconvocadas se concentraban la noche del jueves en el Congreso, Plaza de Mayo y distintos puntos del pa\u00eds, custodiadas por la polic\u00eda,\u00a0<strong>para manifestarse por segunda noche consecutiva en rechazo al Decreto de Necesidad y Urgencia (DNU)<\/strong>\u00a0anunciado por el presidente Javier Milei.<\/p>\n<p><strong>Una gran cantidad de manifestantes<\/strong>\u00a0concurr\u00edan a las cercan\u00edas del Congreso Nacional golpeando sus cacerolas sobre la vereda, custodiados por la Polic\u00eda Federal, y aprovechaban el sem\u00e1foro rojo para desplegarse sobre la calle por unos segundos.<\/p>\n<p>A la misma hora varios manifestantes se concentraban tambi\u00e9n en la\u00a0<strong>Plaza de Mayo<\/strong>\u00a0(sin presencia policial) quienes se sumaron a la Asociaci\u00f3n de Licenciados en Enfermer\u00eda (ALE), que realizaban una \u201cmarcha de antorchas\u201d en reclamo del \u00abreconocimiento profesional de su actividad\u00bb desde las 19 y tambi\u00e9n en rechazo al DNU.<\/p>\n<p><strong>\u201cLa casta no es el pueblo\u201d<\/strong>\u00a0y\u00a0<strong>\u201cUnidad de los trabajadores, al que no le gusta se jode\u201d<\/strong>\u00a0son los c\u00e1nticos que se escuchaban en la Plaza, acompa\u00f1ado por el ruido de aplausos y cacerolas.<\/p>\n<figure class=\"mb-3\"><img decoding=\"async\" class=\" lazy \" src=\"https:\/\/www.telam.com.ar\/thumbs\/bluesteel\/advf\/imagenes\/2023\/12\/6584e80ca635d_1200.jpg\" alt=\"Foto Maximiliano Luna\" width=\"100%\" height=\"100%\" \/><\/p>\n<div class=\"media-icons\"><\/div><figcaption>Foto: Maximiliano Luna<\/figcaption><\/figure>\n<p>Seg\u00fan comentaron a T\u00e9lam miembros de la asociaci\u00f3n de enfermer\u00eda, inicialmente fueron \u201cescoltados por un cord\u00f3n policial\u201d desde el punto de concentraci\u00f3n en Congreso hasta la plaza frente a Casa Rosada, lo que llev\u00f3 a que se corte una de las calles por unos momentos porque el carril liberado por los manifestantes para el transito \u201clo ocup\u00f3 el cord\u00f3n policial\u201d.<\/p>\n<p>Luego de unos minutos los efectivos se retiraron y los manifestantes continuaron con la protesta.<br \/>\nPor su parte, en la explanada del Congreso y en la Plaza del Congreso los manifestantes se continuaban golpeando las cacerolas en la vereda y, cuando el sem\u00e1foro de la Avenida Callao se los permit\u00eda, ocupaban la calle incitando a los automovilistas detenidos a que tambi\u00e9n se manifiesten con bocinazos.<\/p>\n<p>Una vez se retomaba la circulaci\u00f3n del tr\u00e1nsito, los autoconvocados regresaban a la vereda tal como lo estipula el protocolo presentado hace d\u00edas por la ministra de Seguridad, Patricia Bullrich, que penaliza a quienes corten la calle.<\/p>\n<figure class=\"mb-3\"><img decoding=\"async\" class=\" lazy \" src=\"https:\/\/www.telam.com.ar\/thumbs\/bluesteel\/advf\/imagenes\/2023\/12\/6584e80cc4e96_1200.jpg\" alt=\"Foto Maximiliano Luna\" width=\"100%\" height=\"100%\" \/><\/p>\n<div class=\"media-icons\"><\/div><figcaption>Foto: Maximiliano Luna<\/figcaption><\/figure>\n<p>Cerca de las 22, muchas m\u00e1s personas se acercaban a la esquina de Callao y Rivadavia.<\/p>\n<figure class=\"mb-3\"><img decoding=\"async\" class=\" lazy \" src=\"https:\/\/www.telam.com.ar\/thumbs\/bluesteel\/advf\/imagenes\/2023\/12\/6584e80c876de_1200.jpg\" alt=\"Foto Maximiliano Luna\" width=\"100%\" height=\"100%\" \/><\/p>\n<div class=\"media-icons\"><\/div><figcaption>Foto: Maximiliano Luna<\/figcaption><\/figure>\n<h2 class=\"\">En otras ciudades del pa\u00eds<\/h2>\n<p>Tambi\u00e9n esta tarde en\u00a0<strong>Viedma<\/strong>\u00a0los vecinos se convocaron en la plaza San Martin y marcharon por las principales calles de la capital rionegrina.<\/p>\n<p>En ese marco los gremios que integran la mesa de la Funci\u00f3n Publica anunciaron movilizarse el viernes a las 10 y a trav\u00e9s de un comunicado expresaron que, \u201csalimos a las calles a decir no a esa entrega de nuestra patria rondaremos en nuestra plaza como viene haciendo las Madres desde hace m\u00e1s de 40 a\u00f1os y si ella resistieron la dictadura como nosotros no vamos a tomar su ejemplo\u00bb.<\/p>\n<p>Lo mismo ocurr\u00eda en distintas localidades de la provincia de Jujuy, con la premisa de que caiga el DNU el cual consideraron \u201ces un Golpe de Estado contra los intereses nacionales\u201d.<\/p>\n<div id=\"note_carousel\" class=\"carousel slide\" data-ride=\"carousel\">\n<div class=\"carousel-inner\">\n<div class=\"carousel-item active\"><img decoding=\"async\" src=\"https:\/\/www.telam.com.ar\/thumbs\/bluesteel\/advf\/imagenes\/2023\/12\/6584ebf369105_655.jpg\" alt=\"Telam SE\" \/><\/div>\n<\/div>\n<p><strong style=\"font-size: 9.375px; vertical-align: super;\">(Foto: Jujuy &#8211; Edgardo Valera \/ La Pampa &#8211; Juli\u00e1n Varela \/ La Plata &#8211; Eva Cabrera \/ Tucum\u00e1n &#8211; Diego Ar\u00e1oz \/ Viedma &#8211; Marcelo Ochoa)<\/strong><\/p>\n<\/div>\n<p>Los manifestantes se congregaron poco despu\u00e9s de las 20 en la Plaza Belgrano, en pleno centro de\u00a0<strong>San Salvador de Jujuy<\/strong>, como tambi\u00e9n en la plaza central de la localidad quebrade\u00f1a de Tilcara y otras jurisdicciones de la provincia del extremo norte del pa\u00eds.<\/p>\n<p>En ese contexto los ciudadanos convocados por la Multisectorial de Jujuy se expresaron en \u201cdefensa de la democracia, de la soberan\u00eda, de la divisi\u00f3n real de poderes y de los derechos consagrados\u201d, al tiempo que repet\u00edan el concepto \u201cla Patria no se vende\u201d.<\/p>\n<p>Uno de los pedidos fue que los legisladores nacionales del radicalismo y el PJ juje\u00f1o \u201cexijan sesiones extraordinarias para la derogaci\u00f3n\u201d de la medida, y tambi\u00e9n solicitaron que la CGT y las CTA \u201cllamen a un paro general nacional\u201d.<\/p>\n<p>Las protestas contra el DNU de se replicaban en las localidades bonaerenses de Mor\u00f3n y San Miguel, y en las ciudades de\u00a0<strong>Mar de Ajo, Rosario, Mar del Plata, Bariloche, Ushuaia, C\u00f3rdoba, Jun\u00edn, Resistencia, entre otras.<\/strong><\/p>\n<\/div>\n","protected":false},"excerpt":{"rendered":"<p>Una gran cantidad de manifestantes\u00a0se movilizaron a las cercan\u00edas del Congreso Nacional golpeando sus cacerolas sobre la vereda, custodiados por la Polic\u00eda Federal, en una serie de marchas que se reprodujeron en las ciudades de\u00a0Mar de Ajo, Rosario, Mar del Plata, Bariloche, Ushuaia, C\u00f3rdoba, Jun\u00edn, Resistencia, entre otras.<\/p>\n","protected":false},"author":3,"featured_media":0,"comment_status":"closed","ping_status":"closed","sticky":false,"template":"","format":"standard","meta":{"footnotes":""},"categories":[24],"tags":[],"class_list":["post-96766","post","type-post","status-publish","format-standard","hentry","category-politica"],"yoast_head":"<!-- This site is optimized with the Yoast SEO plugin v25.9 - https:\/\/yoast.com\/wordpress\/plugins\/seo\/ -->\n<title>Por segunda noche consecutiva se producen protestas masivas en rechazo al DNU de Milei - Noticias Radio Reflejos<\/title>\n<meta name=\"robots\" content=\"index, follow, max-snippet:-1, max-image-preview:large, max-video-preview:-1\" \/>\n<link rel=\"canonical\" href=\"https:\/\/www.noticiasradioreflejos.com.ar\/2021\/por-segunda-noche-consecutiva-se-producen-protestas-masivas-en-rechazo-al-dnu-de-milei\/\" \/>\n<meta property=\"og:locale\" content=\"es_ES\" \/>\n<meta property=\"og:type\" content=\"article\" \/>\n<meta property=\"og:title\" content=\"Por segunda noche consecutiva se producen protestas masivas en rechazo al DNU de Milei - Noticias Radio Reflejos\" \/>\n<meta property=\"og:description\" content=\"Una gran cantidad de manifestantes\u00a0se movilizaron a las cercan\u00edas del Congreso Nacional golpeando sus cacerolas sobre la vereda, custodiados por la Polic\u00eda Federal, en una serie de marchas que se reprodujeron en las ciudades de\u00a0Mar de Ajo, Rosario, Mar del Plata, Bariloche, Ushuaia, C\u00f3rdoba, Jun\u00edn, Resistencia, entre otras.\" \/>\n<meta property=\"og:url\" content=\"https:\/\/www.noticiasradioreflejos.com.ar\/2021\/por-segunda-noche-consecutiva-se-producen-protestas-masivas-en-rechazo-al-dnu-de-milei\/\" \/>\n<meta property=\"og:site_name\" content=\"Noticias Radio Reflejos\" \/>\n<meta property=\"article:published_time\" content=\"2023-12-22T10:23:59+00:00\" \/>\n<meta property=\"og:image\" content=\"https:\/\/www.telam.com.ar\/thumbs\/bluesteel\/advf\/imagenes\/2023\/12\/6584e80c4bc85_1200.jpg\" \/>\n<meta name=\"author\" content=\"Arnaldo Botto\" \/>\n<meta name=\"twitter:card\" content=\"summary_large_image\" \/>\n<script type=\"application\/ld+json\" class=\"yoast-schema-graph\">{\"@context\":\"https:\/\/schema.org\",\"@graph\":[{\"@type\":\"WebPage\",\"@id\":\"https:\/\/www.noticiasradioreflejos.com.ar\/2021\/por-segunda-noche-consecutiva-se-producen-protestas-masivas-en-rechazo-al-dnu-de-milei\/\",\"url\":\"https:\/\/www.noticiasradioreflejos.com.ar\/2021\/por-segunda-noche-consecutiva-se-producen-protestas-masivas-en-rechazo-al-dnu-de-milei\/\",\"name\":\"Por segunda noche consecutiva se producen protestas masivas en rechazo al DNU de Milei - Noticias Radio Reflejos\",\"isPartOf\":{\"@id\":\"https:\/\/www.noticiasradioreflejos.com.ar\/2021\/#website\"},\"primaryImageOfPage\":{\"@id\":\"https:\/\/www.noticiasradioreflejos.com.ar\/2021\/por-segunda-noche-consecutiva-se-producen-protestas-masivas-en-rechazo-al-dnu-de-milei\/#primaryimage\"},\"image\":{\"@id\":\"https:\/\/www.noticiasradioreflejos.com.ar\/2021\/por-segunda-noche-consecutiva-se-producen-protestas-masivas-en-rechazo-al-dnu-de-milei\/#primaryimage\"},\"thumbnailUrl\":\"https:\/\/www.telam.com.ar\/thumbs\/bluesteel\/advf\/imagenes\/2023\/12\/6584e80c4bc85_1200.jpg\",\"datePublished\":\"2023-12-22T10:23:59+00:00\",\"author\":{\"@id\":\"https:\/\/www.noticiasradioreflejos.com.ar\/2021\/#\/schema\/person\/ad82545263dcc5ec0996818884fd5fb1\"},\"breadcrumb\":{\"@id\":\"https:\/\/www.noticiasradioreflejos.com.ar\/2021\/por-segunda-noche-consecutiva-se-producen-protestas-masivas-en-rechazo-al-dnu-de-milei\/#breadcrumb\"},\"inLanguage\":\"es\",\"potentialAction\":[{\"@type\":\"ReadAction\",\"target\":[\"https:\/\/www.noticiasradioreflejos.com.ar\/2021\/por-segunda-noche-consecutiva-se-producen-protestas-masivas-en-rechazo-al-dnu-de-milei\/\"]}]},{\"@type\":\"ImageObject\",\"inLanguage\":\"es\",\"@id\":\"https:\/\/www.noticiasradioreflejos.com.ar\/2021\/por-segunda-noche-consecutiva-se-producen-protestas-masivas-en-rechazo-al-dnu-de-milei\/#primaryimage\",\"url\":\"https:\/\/www.telam.com.ar\/thumbs\/bluesteel\/advf\/imagenes\/2023\/12\/6584e80c4bc85_1200.jpg\",\"contentUrl\":\"https:\/\/www.telam.com.ar\/thumbs\/bluesteel\/advf\/imagenes\/2023\/12\/6584e80c4bc85_1200.jpg\"},{\"@type\":\"BreadcrumbList\",\"@id\":\"https:\/\/www.noticiasradioreflejos.com.ar\/2021\/por-segunda-noche-consecutiva-se-producen-protestas-masivas-en-rechazo-al-dnu-de-milei\/#breadcrumb\",\"itemListElement\":[{\"@type\":\"ListItem\",\"position\":1,\"name\":\"Portada\",\"item\":\"https:\/\/www.noticiasradioreflejos.com.ar\/2021\/\"},{\"@type\":\"ListItem\",\"position\":2,\"name\":\"Por segunda noche consecutiva se producen protestas masivas en rechazo al DNU de Milei\"}]},{\"@type\":\"WebSite\",\"@id\":\"https:\/\/www.noticiasradioreflejos.com.ar\/2021\/#website\",\"url\":\"https:\/\/www.noticiasradioreflejos.com.ar\/2021\/\",\"name\":\"Noticias Radio Reflejos\",\"description\":\"Las noticias de mi comarca\",\"potentialAction\":[{\"@type\":\"SearchAction\",\"target\":{\"@type\":\"EntryPoint\",\"urlTemplate\":\"https:\/\/www.noticiasradioreflejos.com.ar\/2021\/?s={search_term_string}\"},\"query-input\":{\"@type\":\"PropertyValueSpecification\",\"valueRequired\":true,\"valueName\":\"search_term_string\"}}],\"inLanguage\":\"es\"},{\"@type\":\"Person\",\"@id\":\"https:\/\/www.noticiasradioreflejos.com.ar\/2021\/#\/schema\/person\/ad82545263dcc5ec0996818884fd5fb1\",\"name\":\"Arnaldo Botto\",\"image\":{\"@type\":\"ImageObject\",\"inLanguage\":\"es\",\"@id\":\"https:\/\/www.noticiasradioreflejos.com.ar\/2021\/#\/schema\/person\/image\/\",\"url\":\"https:\/\/secure.gravatar.com\/avatar\/55cb5e37c1efa326397366e6974cb338056df65cb50e7d64d1cf314e87504837?s=96&d=mm&r=g\",\"contentUrl\":\"https:\/\/secure.gravatar.com\/avatar\/55cb5e37c1efa326397366e6974cb338056df65cb50e7d64d1cf314e87504837?s=96&d=mm&r=g\",\"caption\":\"Arnaldo Botto\"},\"url\":\"https:\/\/www.noticiasradioreflejos.com.ar\/2021\/author\/arnaldo\/\"}]}<\/script>\n<!-- \/ Yoast SEO plugin. -->","yoast_head_json":{"title":"Por segunda noche consecutiva se producen protestas masivas en rechazo al DNU de Milei - Noticias Radio Reflejos","robots":{"index":"index","follow":"follow","max-snippet":"max-snippet:-1","max-image-preview":"max-image-preview:large","max-video-preview":"max-video-preview:-1"},"canonical":"https:\/\/www.noticiasradioreflejos.com.ar\/2021\/por-segunda-noche-consecutiva-se-producen-protestas-masivas-en-rechazo-al-dnu-de-milei\/","og_locale":"es_ES","og_type":"article","og_title":"Por segunda noche consecutiva se producen protestas masivas en rechazo al DNU de Milei - Noticias Radio Reflejos","og_description":"Una gran cantidad de manifestantes\u00a0se movilizaron a las cercan\u00edas del Congreso Nacional golpeando sus cacerolas sobre la vereda, custodiados por la Polic\u00eda Federal, en una serie de marchas que se reprodujeron en las ciudades de\u00a0Mar de Ajo, Rosario, Mar del Plata, Bariloche, Ushuaia, C\u00f3rdoba, Jun\u00edn, Resistencia, entre otras.","og_url":"https:\/\/www.noticiasradioreflejos.com.ar\/2021\/por-segunda-noche-consecutiva-se-producen-protestas-masivas-en-rechazo-al-dnu-de-milei\/","og_site_name":"Noticias Radio Reflejos","article_published_time":"2023-12-22T10:23:59+00:00","og_image":[{"url":"https:\/\/www.telam.com.ar\/thumbs\/bluesteel\/advf\/imagenes\/2023\/12\/6584e80c4bc85_1200.jpg","type":"","width":"","height":""}],"author":"Arnaldo Botto","twitter_card":"summary_large_image","schema":{"@context":"https:\/\/schema.org","@graph":[{"@type":"WebPage","@id":"https:\/\/www.noticiasradioreflejos.com.ar\/2021\/por-segunda-noche-consecutiva-se-producen-protestas-masivas-en-rechazo-al-dnu-de-milei\/","url":"https:\/\/www.noticiasradioreflejos.com.ar\/2021\/por-segunda-noche-consecutiva-se-producen-protestas-masivas-en-rechazo-al-dnu-de-milei\/","name":"Por segunda noche consecutiva se producen protestas masivas en rechazo al DNU de Milei - Noticias Radio Reflejos","isPartOf":{"@id":"https:\/\/www.noticiasradioreflejos.com.ar\/2021\/#website"},"primaryImageOfPage":{"@id":"https:\/\/www.noticiasradioreflejos.com.ar\/2021\/por-segunda-noche-consecutiva-se-producen-protestas-masivas-en-rechazo-al-dnu-de-milei\/#primaryimage"},"image":{"@id":"https:\/\/www.noticiasradioreflejos.com.ar\/2021\/por-segunda-noche-consecutiva-se-producen-protestas-masivas-en-rechazo-al-dnu-de-milei\/#primaryimage"},"thumbnailUrl":"https:\/\/www.telam.com.ar\/thumbs\/bluesteel\/advf\/imagenes\/2023\/12\/6584e80c4bc85_1200.jpg","datePublished":"2023-12-22T10:23:59+00:00","author":{"@id":"https:\/\/www.noticiasradioreflejos.com.ar\/2021\/#\/schema\/person\/ad82545263dcc5ec0996818884fd5fb1"},"breadcrumb":{"@id":"https:\/\/www.noticiasradioreflejos.com.ar\/2021\/por-segunda-noche-consecutiva-se-producen-protestas-masivas-en-rechazo-al-dnu-de-milei\/#breadcrumb"},"inLanguage":"es","potentialAction":[{"@type":"ReadAction","target":["https:\/\/www.noticiasradioreflejos.com.ar\/2021\/por-segunda-noche-consecutiva-se-producen-protestas-masivas-en-rechazo-al-dnu-de-milei\/"]}]},{"@type":"ImageObject","inLanguage":"es","@id":"https:\/\/www.noticiasradioreflejos.com.ar\/2021\/por-segunda-noche-consecutiva-se-producen-protestas-masivas-en-rechazo-al-dnu-de-milei\/#primaryimage","url":"https:\/\/www.telam.com.ar\/thumbs\/bluesteel\/advf\/imagenes\/2023\/12\/6584e80c4bc85_1200.jpg","contentUrl":"https:\/\/www.telam.com.ar\/thumbs\/bluesteel\/advf\/imagenes\/2023\/12\/6584e80c4bc85_1200.jpg"},{"@type":"BreadcrumbList","@id":"https:\/\/www.noticiasradioreflejos.com.ar\/2021\/por-segunda-noche-consecutiva-se-producen-protestas-masivas-en-rechazo-al-dnu-de-milei\/#breadcrumb","itemListElement":[{"@type":"ListItem","position":1,"name":"Portada","item":"https:\/\/www.noticiasradioreflejos.com.ar\/2021\/"},{"@type":"ListItem","position":2,"name":"Por segunda noche consecutiva se producen protestas masivas en rechazo al DNU de Milei"}]},{"@type":"WebSite","@id":"https:\/\/www.noticiasradioreflejos.com.ar\/2021\/#website","url":"https:\/\/www.noticiasradioreflejos.com.ar\/2021\/","name":"Noticias Radio Reflejos","description":"Las noticias de mi comarca","potentialAction":[{"@type":"SearchAction","target":{"@type":"EntryPoint","urlTemplate":"https:\/\/www.noticiasradioreflejos.com.ar\/2021\/?s={search_term_string}"},"query-input":{"@type":"PropertyValueSpecification","valueRequired":true,"valueName":"search_term_string"}}],"inLanguage":"es"},{"@type":"Person","@id":"https:\/\/www.noticiasradioreflejos.com.ar\/2021\/#\/schema\/person\/ad82545263dcc5ec0996818884fd5fb1","name":"Arnaldo Botto","image":{"@type":"ImageObject","inLanguage":"es","@id":"https:\/\/www.noticiasradioreflejos.com.ar\/2021\/#\/schema\/person\/image\/","url":"https:\/\/secure.gravatar.com\/avatar\/55cb5e37c1efa326397366e6974cb338056df65cb50e7d64d1cf314e87504837?s=96&d=mm&r=g","contentUrl":"https:\/\/secure.gravatar.com\/avatar\/55cb5e37c1efa326397366e6974cb338056df65cb50e7d64d1cf314e87504837?s=96&d=mm&r=g","caption":"Arnaldo Botto"},"url":"https:\/\/www.noticiasradioreflejos.com.ar\/2021\/author\/arnaldo\/"}]}},"_links":{"self":[{"href":"https:\/\/www.noticiasradioreflejos.com.ar\/2021\/wp-json\/wp\/v2\/posts\/96766","targetHints":{"allow":["GET"]}}],"collection":[{"href":"https:\/\/www.noticiasradioreflejos.com.ar\/2021\/wp-json\/wp\/v2\/posts"}],"about":[{"href":"https:\/\/www.noticiasradioreflejos.com.ar\/2021\/wp-json\/wp\/v2\/types\/post"}],"author":[{"embeddable":true,"href":"https:\/\/www.noticiasradioreflejos.com.ar\/2021\/wp-json\/wp\/v2\/users\/3"}],"replies":[{"embeddable":true,"href":"https:\/\/www.noticiasradioreflejos.com.ar\/2021\/wp-json\/wp\/v2\/comments?post=96766"}],"version-history":[{"count":1,"href":"https:\/\/www.noticiasradioreflejos.com.ar\/2021\/wp-json\/wp\/v2\/posts\/96766\/revisions"}],"predecessor-version":[{"id":96768,"href":"https:\/\/www.noticiasradioreflejos.com.ar\/2021\/wp-json\/wp\/v2\/posts\/96766\/revisions\/96768"}],"wp:attachment":[{"href":"https:\/\/www.noticiasradioreflejos.com.ar\/2021\/wp-json\/wp\/v2\/media?parent=96766"}],"wp:term":[{"taxonomy":"category","embeddable":true,"href":"https:\/\/www.noticiasradioreflejos.com.ar\/2021\/wp-json\/wp\/v2\/categories?post=96766"},{"taxonomy":"post_tag","embeddable":true,"href":"https:\/\/www.noticiasradioreflejos.com.ar\/2021\/wp-json\/wp\/v2\/tags?post=96766"}],"curies":[{"name":"wp","href":"https:\/\/api.w.org\/{rel}","templated":true}]}}