{"id":96758,"date":"2023-12-21T17:03:14","date_gmt":"2023-12-21T17:03:14","guid":{"rendered":"https:\/\/www.noticiasradioreflejos.com.ar\/2021\/?p=96758"},"modified":"2023-12-21T17:03:14","modified_gmt":"2023-12-21T17:03:14","slug":"disfrutemos-esta-navidad-sin-muertes-en-el-transito-nada-de-alcohol-si-vas-a-conducir","status":"publish","type":"post","link":"https:\/\/www.noticiasradioreflejos.com.ar\/2021\/disfrutemos-esta-navidad-sin-muertes-en-el-transito-nada-de-alcohol-si-vas-a-conducir\/","title":{"rendered":"Disfrutemos esta Navidad sin muertes en el tr\u00e1nsito. Nada de alcohol si vas a conducir."},"content":{"rendered":"<p>Para movernos en la v\u00eda p\u00fablica con seguridad vial, en estas fiestas respetemos todas las medidas de prevenci\u00f3n al momento de festejar. Mensaje de Luchemos por la Vida.<!--more--><\/p>\n<p>     El alcohol es la principal causa de muerte en el tr\u00e1nsito durante las fiestas. <a href=\"https:\/\/conduciendoporlavida.com\/curso-on-line\/6\/\" rel=\"noopener\" target=\"_blank\">Este video te ayuda a saber por qu\u00e9.    <\/a><\/p>\n<p>     S\u00f3lo el paso del tiempo elimina los efectos del alcohol.<\/p>\n<p>      Si el plan es beber alcohol:<\/p>\n<p>Elegir a otro que no beba para conducir.<br \/>\nO dejar el auto y elegir taxi o rem\u00eds.<br \/>\nSi alguien que bebi\u00f3 alcohol piensa conducir, convencerlo de que no conduzca, y hacer todo lo posible para que no lo haga, y nunca subirse al auto con \u00e9l.<br \/>\n     Si es imprescindible conducir, disfrutar las bebidas sin alcohol.<\/p>\n<p><a data-flickr-embed=\"true\" href=\"https:\/\/www.flickr.com\/photos\/182279889@N02\/53412664619\/in\/dateposted-public\/\" title=\"unnamed (2)\"><img loading=\"lazy\" decoding=\"async\" src=\"https:\/\/live.staticflickr.com\/65535\/53412664619_974fa56580.jpg\" width=\"347\" height=\"500\" alt=\"unnamed (2)\"\/><\/a><script async src=\"\/\/embedr.flickr.com\/assets\/client-code.js\" charset=\"utf-8\"><\/script><\/p>\n<p>Tan importante es este tema para la seguridad en el tr\u00e1nsito, que la Meta 9 de las Metas de Acci\u00f3n, impulsadas en el Segundo Decenio de Acci\u00f3n para la Seguridad Vial -promovido por las Naciones Unidas, para reducir los muertos en todo el mundo al menos un 50% en 10 a\u00f1os-, est\u00e1 dedicada a reducir las muertes y lesiones causadas por el alcohol en la conducci\u00f3n.<\/p>\n<p>     En Argentina, varios municipios y provincias ya han legislado alcohol 0 al volante, y en abril de este a\u00f1o se sancion\u00f3 a nivel nacional la modificaci\u00f3n de la Ley Nacional estableciendo alcohol 0 para todos los conductores de cualquier tipo de veh\u00edculo, en rutas nacionales, lo que, acompa\u00f1ado con controles eficaces y sanciones severas y efectivas podr\u00e1 ser un camino real para concretar esa conducta.<\/p>\n<p>     Mientras tanto, no es necesario esperar a ser sancionado para conducir responsablemente y cuidar la propia vida y la de los dem\u00e1s. Por eso, Luchemos por la Vida te propone, desde hace d\u00e9cadas: Nada de alcohol al conducir. \u00a1Felices Fiestas!<\/p>\n<p> <a href=\"https:\/\/www.luchemos.org.ar\/es\/sabermas\/recomendaciones-breves\/alcohol-y-conduccion\" rel=\"noopener\" target=\"_blank\">Para saber m\u00e1s sobre alcohol y conducci\u00f3n.  <\/a><\/p>\n<p>\u00a1Felices Fiestas sin alcohol al volante!<\/p>\n<p>     \u00a1Gracias por difundir este mensaje que puede salvar vidas!<\/p>\n","protected":false},"excerpt":{"rendered":"<p>Para movernos en la v\u00eda p\u00fablica con seguridad vial, en estas fiestas respetemos todas las medidas de prevenci\u00f3n al momento de festejar. Mensaje de Luchemos por la Vida.<\/p>\n","protected":false},"author":3,"featured_media":0,"comment_status":"closed","ping_status":"closed","sticky":false,"template":"","format":"standard","meta":{"footnotes":""},"categories":[1],"tags":[],"class_list":["post-96758","post","type-post","status-publish","format-standard","hentry","category-sin-categoria"],"yoast_head":"<!-- This site is optimized with the Yoast SEO plugin v25.9 - https:\/\/yoast.com\/wordpress\/plugins\/seo\/ -->\n<title>Disfrutemos esta Navidad sin muertes en el tr\u00e1nsito. Nada de alcohol si vas a conducir. - Noticias Radio Reflejos<\/title>\n<meta name=\"robots\" content=\"index, follow, max-snippet:-1, max-image-preview:large, max-video-preview:-1\" \/>\n<link rel=\"canonical\" href=\"https:\/\/www.noticiasradioreflejos.com.ar\/2021\/disfrutemos-esta-navidad-sin-muertes-en-el-transito-nada-de-alcohol-si-vas-a-conducir\/\" \/>\n<meta property=\"og:locale\" content=\"es_ES\" \/>\n<meta property=\"og:type\" content=\"article\" \/>\n<meta property=\"og:title\" content=\"Disfrutemos esta Navidad sin muertes en el tr\u00e1nsito. Nada de alcohol si vas a conducir. - Noticias Radio Reflejos\" \/>\n<meta property=\"og:description\" content=\"Para movernos en la v\u00eda p\u00fablica con seguridad vial, en estas fiestas respetemos todas las medidas de prevenci\u00f3n al momento de festejar. Mensaje de Luchemos por la Vida.\" \/>\n<meta property=\"og:url\" content=\"https:\/\/www.noticiasradioreflejos.com.ar\/2021\/disfrutemos-esta-navidad-sin-muertes-en-el-transito-nada-de-alcohol-si-vas-a-conducir\/\" \/>\n<meta property=\"og:site_name\" content=\"Noticias Radio Reflejos\" \/>\n<meta property=\"article:published_time\" content=\"2023-12-21T17:03:14+00:00\" \/>\n<meta property=\"og:image\" content=\"https:\/\/live.staticflickr.com\/65535\/53412664619_974fa56580.jpg\" \/>\n<meta name=\"author\" content=\"Arnaldo Botto\" \/>\n<meta name=\"twitter:card\" content=\"summary_large_image\" \/>\n<script type=\"application\/ld+json\" class=\"yoast-schema-graph\">{\"@context\":\"https:\/\/schema.org\",\"@graph\":[{\"@type\":\"WebPage\",\"@id\":\"https:\/\/www.noticiasradioreflejos.com.ar\/2021\/disfrutemos-esta-navidad-sin-muertes-en-el-transito-nada-de-alcohol-si-vas-a-conducir\/\",\"url\":\"https:\/\/www.noticiasradioreflejos.com.ar\/2021\/disfrutemos-esta-navidad-sin-muertes-en-el-transito-nada-de-alcohol-si-vas-a-conducir\/\",\"name\":\"Disfrutemos esta Navidad sin muertes en el tr\u00e1nsito. Nada de alcohol si vas a conducir. - Noticias Radio Reflejos\",\"isPartOf\":{\"@id\":\"https:\/\/www.noticiasradioreflejos.com.ar\/2021\/#website\"},\"primaryImageOfPage\":{\"@id\":\"https:\/\/www.noticiasradioreflejos.com.ar\/2021\/disfrutemos-esta-navidad-sin-muertes-en-el-transito-nada-de-alcohol-si-vas-a-conducir\/#primaryimage\"},\"image\":{\"@id\":\"https:\/\/www.noticiasradioreflejos.com.ar\/2021\/disfrutemos-esta-navidad-sin-muertes-en-el-transito-nada-de-alcohol-si-vas-a-conducir\/#primaryimage\"},\"thumbnailUrl\":\"https:\/\/live.staticflickr.com\/65535\/53412664619_974fa56580.jpg\",\"datePublished\":\"2023-12-21T17:03:14+00:00\",\"author\":{\"@id\":\"https:\/\/www.noticiasradioreflejos.com.ar\/2021\/#\/schema\/person\/ad82545263dcc5ec0996818884fd5fb1\"},\"breadcrumb\":{\"@id\":\"https:\/\/www.noticiasradioreflejos.com.ar\/2021\/disfrutemos-esta-navidad-sin-muertes-en-el-transito-nada-de-alcohol-si-vas-a-conducir\/#breadcrumb\"},\"inLanguage\":\"es\",\"potentialAction\":[{\"@type\":\"ReadAction\",\"target\":[\"https:\/\/www.noticiasradioreflejos.com.ar\/2021\/disfrutemos-esta-navidad-sin-muertes-en-el-transito-nada-de-alcohol-si-vas-a-conducir\/\"]}]},{\"@type\":\"ImageObject\",\"inLanguage\":\"es\",\"@id\":\"https:\/\/www.noticiasradioreflejos.com.ar\/2021\/disfrutemos-esta-navidad-sin-muertes-en-el-transito-nada-de-alcohol-si-vas-a-conducir\/#primaryimage\",\"url\":\"https:\/\/live.staticflickr.com\/65535\/53412664619_974fa56580.jpg\",\"contentUrl\":\"https:\/\/live.staticflickr.com\/65535\/53412664619_974fa56580.jpg\"},{\"@type\":\"BreadcrumbList\",\"@id\":\"https:\/\/www.noticiasradioreflejos.com.ar\/2021\/disfrutemos-esta-navidad-sin-muertes-en-el-transito-nada-de-alcohol-si-vas-a-conducir\/#breadcrumb\",\"itemListElement\":[{\"@type\":\"ListItem\",\"position\":1,\"name\":\"Portada\",\"item\":\"https:\/\/www.noticiasradioreflejos.com.ar\/2021\/\"},{\"@type\":\"ListItem\",\"position\":2,\"name\":\"Disfrutemos esta Navidad sin muertes en el tr\u00e1nsito. Nada de alcohol si vas a conducir.\"}]},{\"@type\":\"WebSite\",\"@id\":\"https:\/\/www.noticiasradioreflejos.com.ar\/2021\/#website\",\"url\":\"https:\/\/www.noticiasradioreflejos.com.ar\/2021\/\",\"name\":\"Noticias Radio Reflejos\",\"description\":\"Las noticias de mi comarca\",\"potentialAction\":[{\"@type\":\"SearchAction\",\"target\":{\"@type\":\"EntryPoint\",\"urlTemplate\":\"https:\/\/www.noticiasradioreflejos.com.ar\/2021\/?s={search_term_string}\"},\"query-input\":{\"@type\":\"PropertyValueSpecification\",\"valueRequired\":true,\"valueName\":\"search_term_string\"}}],\"inLanguage\":\"es\"},{\"@type\":\"Person\",\"@id\":\"https:\/\/www.noticiasradioreflejos.com.ar\/2021\/#\/schema\/person\/ad82545263dcc5ec0996818884fd5fb1\",\"name\":\"Arnaldo Botto\",\"image\":{\"@type\":\"ImageObject\",\"inLanguage\":\"es\",\"@id\":\"https:\/\/www.noticiasradioreflejos.com.ar\/2021\/#\/schema\/person\/image\/\",\"url\":\"https:\/\/secure.gravatar.com\/avatar\/55cb5e37c1efa326397366e6974cb338056df65cb50e7d64d1cf314e87504837?s=96&d=mm&r=g\",\"contentUrl\":\"https:\/\/secure.gravatar.com\/avatar\/55cb5e37c1efa326397366e6974cb338056df65cb50e7d64d1cf314e87504837?s=96&d=mm&r=g\",\"caption\":\"Arnaldo Botto\"},\"url\":\"https:\/\/www.noticiasradioreflejos.com.ar\/2021\/author\/arnaldo\/\"}]}<\/script>\n<!-- \/ Yoast SEO plugin. -->","yoast_head_json":{"title":"Disfrutemos esta Navidad sin muertes en el tr\u00e1nsito. Nada de alcohol si vas a conducir. - Noticias Radio Reflejos","robots":{"index":"index","follow":"follow","max-snippet":"max-snippet:-1","max-image-preview":"max-image-preview:large","max-video-preview":"max-video-preview:-1"},"canonical":"https:\/\/www.noticiasradioreflejos.com.ar\/2021\/disfrutemos-esta-navidad-sin-muertes-en-el-transito-nada-de-alcohol-si-vas-a-conducir\/","og_locale":"es_ES","og_type":"article","og_title":"Disfrutemos esta Navidad sin muertes en el tr\u00e1nsito. Nada de alcohol si vas a conducir. - Noticias Radio Reflejos","og_description":"Para movernos en la v\u00eda p\u00fablica con seguridad vial, en estas fiestas respetemos todas las medidas de prevenci\u00f3n al momento de festejar. Mensaje de Luchemos por la Vida.","og_url":"https:\/\/www.noticiasradioreflejos.com.ar\/2021\/disfrutemos-esta-navidad-sin-muertes-en-el-transito-nada-de-alcohol-si-vas-a-conducir\/","og_site_name":"Noticias Radio Reflejos","article_published_time":"2023-12-21T17:03:14+00:00","og_image":[{"url":"https:\/\/live.staticflickr.com\/65535\/53412664619_974fa56580.jpg","type":"","width":"","height":""}],"author":"Arnaldo Botto","twitter_card":"summary_large_image","schema":{"@context":"https:\/\/schema.org","@graph":[{"@type":"WebPage","@id":"https:\/\/www.noticiasradioreflejos.com.ar\/2021\/disfrutemos-esta-navidad-sin-muertes-en-el-transito-nada-de-alcohol-si-vas-a-conducir\/","url":"https:\/\/www.noticiasradioreflejos.com.ar\/2021\/disfrutemos-esta-navidad-sin-muertes-en-el-transito-nada-de-alcohol-si-vas-a-conducir\/","name":"Disfrutemos esta Navidad sin muertes en el tr\u00e1nsito. Nada de alcohol si vas a conducir. - Noticias Radio Reflejos","isPartOf":{"@id":"https:\/\/www.noticiasradioreflejos.com.ar\/2021\/#website"},"primaryImageOfPage":{"@id":"https:\/\/www.noticiasradioreflejos.com.ar\/2021\/disfrutemos-esta-navidad-sin-muertes-en-el-transito-nada-de-alcohol-si-vas-a-conducir\/#primaryimage"},"image":{"@id":"https:\/\/www.noticiasradioreflejos.com.ar\/2021\/disfrutemos-esta-navidad-sin-muertes-en-el-transito-nada-de-alcohol-si-vas-a-conducir\/#primaryimage"},"thumbnailUrl":"https:\/\/live.staticflickr.com\/65535\/53412664619_974fa56580.jpg","datePublished":"2023-12-21T17:03:14+00:00","author":{"@id":"https:\/\/www.noticiasradioreflejos.com.ar\/2021\/#\/schema\/person\/ad82545263dcc5ec0996818884fd5fb1"},"breadcrumb":{"@id":"https:\/\/www.noticiasradioreflejos.com.ar\/2021\/disfrutemos-esta-navidad-sin-muertes-en-el-transito-nada-de-alcohol-si-vas-a-conducir\/#breadcrumb"},"inLanguage":"es","potentialAction":[{"@type":"ReadAction","target":["https:\/\/www.noticiasradioreflejos.com.ar\/2021\/disfrutemos-esta-navidad-sin-muertes-en-el-transito-nada-de-alcohol-si-vas-a-conducir\/"]}]},{"@type":"ImageObject","inLanguage":"es","@id":"https:\/\/www.noticiasradioreflejos.com.ar\/2021\/disfrutemos-esta-navidad-sin-muertes-en-el-transito-nada-de-alcohol-si-vas-a-conducir\/#primaryimage","url":"https:\/\/live.staticflickr.com\/65535\/53412664619_974fa56580.jpg","contentUrl":"https:\/\/live.staticflickr.com\/65535\/53412664619_974fa56580.jpg"},{"@type":"BreadcrumbList","@id":"https:\/\/www.noticiasradioreflejos.com.ar\/2021\/disfrutemos-esta-navidad-sin-muertes-en-el-transito-nada-de-alcohol-si-vas-a-conducir\/#breadcrumb","itemListElement":[{"@type":"ListItem","position":1,"name":"Portada","item":"https:\/\/www.noticiasradioreflejos.com.ar\/2021\/"},{"@type":"ListItem","position":2,"name":"Disfrutemos esta Navidad sin muertes en el tr\u00e1nsito. Nada de alcohol si vas a conducir."}]},{"@type":"WebSite","@id":"https:\/\/www.noticiasradioreflejos.com.ar\/2021\/#website","url":"https:\/\/www.noticiasradioreflejos.com.ar\/2021\/","name":"Noticias Radio Reflejos","description":"Las noticias de mi comarca","potentialAction":[{"@type":"SearchAction","target":{"@type":"EntryPoint","urlTemplate":"https:\/\/www.noticiasradioreflejos.com.ar\/2021\/?s={search_term_string}"},"query-input":{"@type":"PropertyValueSpecification","valueRequired":true,"valueName":"search_term_string"}}],"inLanguage":"es"},{"@type":"Person","@id":"https:\/\/www.noticiasradioreflejos.com.ar\/2021\/#\/schema\/person\/ad82545263dcc5ec0996818884fd5fb1","name":"Arnaldo Botto","image":{"@type":"ImageObject","inLanguage":"es","@id":"https:\/\/www.noticiasradioreflejos.com.ar\/2021\/#\/schema\/person\/image\/","url":"https:\/\/secure.gravatar.com\/avatar\/55cb5e37c1efa326397366e6974cb338056df65cb50e7d64d1cf314e87504837?s=96&d=mm&r=g","contentUrl":"https:\/\/secure.gravatar.com\/avatar\/55cb5e37c1efa326397366e6974cb338056df65cb50e7d64d1cf314e87504837?s=96&d=mm&r=g","caption":"Arnaldo Botto"},"url":"https:\/\/www.noticiasradioreflejos.com.ar\/2021\/author\/arnaldo\/"}]}},"_links":{"self":[{"href":"https:\/\/www.noticiasradioreflejos.com.ar\/2021\/wp-json\/wp\/v2\/posts\/96758","targetHints":{"allow":["GET"]}}],"collection":[{"href":"https:\/\/www.noticiasradioreflejos.com.ar\/2021\/wp-json\/wp\/v2\/posts"}],"about":[{"href":"https:\/\/www.noticiasradioreflejos.com.ar\/2021\/wp-json\/wp\/v2\/types\/post"}],"author":[{"embeddable":true,"href":"https:\/\/www.noticiasradioreflejos.com.ar\/2021\/wp-json\/wp\/v2\/users\/3"}],"replies":[{"embeddable":true,"href":"https:\/\/www.noticiasradioreflejos.com.ar\/2021\/wp-json\/wp\/v2\/comments?post=96758"}],"version-history":[{"count":1,"href":"https:\/\/www.noticiasradioreflejos.com.ar\/2021\/wp-json\/wp\/v2\/posts\/96758\/revisions"}],"predecessor-version":[{"id":96760,"href":"https:\/\/www.noticiasradioreflejos.com.ar\/2021\/wp-json\/wp\/v2\/posts\/96758\/revisions\/96760"}],"wp:attachment":[{"href":"https:\/\/www.noticiasradioreflejos.com.ar\/2021\/wp-json\/wp\/v2\/media?parent=96758"}],"wp:term":[{"taxonomy":"category","embeddable":true,"href":"https:\/\/www.noticiasradioreflejos.com.ar\/2021\/wp-json\/wp\/v2\/categories?post=96758"},{"taxonomy":"post_tag","embeddable":true,"href":"https:\/\/www.noticiasradioreflejos.com.ar\/2021\/wp-json\/wp\/v2\/tags?post=96758"}],"curies":[{"name":"wp","href":"https:\/\/api.w.org\/{rel}","templated":true}]}}