{"id":96562,"date":"2023-12-17T17:55:06","date_gmt":"2023-12-17T17:55:06","guid":{"rendered":"https:\/\/www.noticiasradioreflejos.com.ar\/2021\/?p=96562"},"modified":"2023-12-18T13:46:04","modified_gmt":"2023-12-18T13:46:04","slug":"registros-de-lluvias-en-la-zona","status":"publish","type":"post","link":"https:\/\/www.noticiasradioreflejos.com.ar\/2021\/registros-de-lluvias-en-la-zona\/","title":{"rendered":"Registros de lluvias en la zona"},"content":{"rendered":"<p>La fuerte tormenta que pas\u00f3 ayer por la regi\u00f3n dej\u00f3 importantes registros de precipitaciones que en casos roz\u00f3 los 90 mm. En nuestra comarca el promedio marca 50 mm.<!--more--><\/p>\n<p><strong>Datos de la regi\u00f3n<\/strong><\/p>\n<p>41 mm en Sierra de la Ventana<br \/>\n55 mm en Villa Ventana<br \/>\n47 mm en Calquin<br \/>\n50 mm en Saldungaray<br \/>\n40 mm en Tornquist<br \/>\n53 mm en Pig\u00fc\u00e9<br \/>\n40 mm en Goyena<br \/>\n43 mm en Espartillar<br \/>\n62 mm en Saavedra<br \/>\n43 mm en Arroyo Corto<br \/>\n40 mm en Tornquist<br \/>\n39 mm en Tres Picos<br \/>\n20 mm en Chasic\u00f3<br \/>\n52 mm en Coronel Su\u00e1rez<br \/>\n46 mm en Cura Malal<br \/>\n70 mm en Bonifacio<br \/>\n70 mm en Daireaux<br \/>\n38 mm en Carhu\u00e9<br \/>\n87 mm en General La Madrid<\/p>\n<p><strong>En la zona rural <\/strong><\/p>\n<p>\ufe0eDon Osvaldo D Orbigny 56mm<br \/>\n\u25aa\ufe0eArroyo corto 59mm<br \/>\n\u25aa\ufe0eLa soledad 54mm<br \/>\n\u25aa\ufe0eSan Anselmo 65 mm<br \/>\n\u25aa\ufe0eLa carreta 54 mm<br \/>\n\u25aa\ufe0eLos Bajos 50mm<br \/>\n\u25aa\ufe0eLas Acacias 50 mm<br \/>\n\u25aa\ufe0eEl Retiro 63 mm<br \/>\n\u25aa\ufe0e65 mm San Patricio<br \/>\n\u25aa\ufe0eRanquil Co 52mm<br \/>\n\u25aa\ufe0eLas barrancas 50 mm<br \/>\n\u25aa\ufe0eLas Mar\u00edas (Pi\u00f1eyro) 58mm<br \/>\n\u25aa\ufe0eLos cerrillos 60 mm<br \/>\n\u25aa\ufe0eLa Gu\u00eda 60 mm<br \/>\n\u25aa\ufe0eSan Ricardo zona de hinojo 38 mm<br \/>\n\u25aa\ufe0eLa pista 76 mm total<br \/>\n\u25aa\ufe0eEl Cacho las sierras 45 mm<br \/>\n\u25aa\ufe0eLa Argentina Bajo del Cura 52 mm<br \/>\n\u25aa\ufe0eDon Francisco 50mm<br \/>\n\u25aa\ufe0eHuanguelen 75.0 mm<br \/>\n\u25aa\ufe0eLa independencia 68 mm<br \/>\n\u25aa\ufe0eLas Tres Mar\u00edas 50mm<br \/>\n\u25aa\ufe0eLa Esther 62 mm<br \/>\n\u25aa\ufe0eLa Querencia 60mm<br \/>\n\u25aa\ufe0eEl recodo 64 mm<br \/>\n\u25aa\ufe0eEl refugio 52 mm<\/p>\n","protected":false},"excerpt":{"rendered":"<p>La fuerte tormenta que pas\u00f3 ayer por la regi\u00f3n dej\u00f3 importantes registros de precipitaciones que en casos roz\u00f3 los 90 mm. En nuestra comarca el promedio marca 50 mm.<\/p>\n","protected":false},"author":3,"featured_media":67263,"comment_status":"closed","ping_status":"closed","sticky":false,"template":"","format":"standard","meta":{"footnotes":""},"categories":[46],"tags":[],"class_list":["post-96562","post","type-post","status-publish","format-standard","has-post-thumbnail","hentry","category-ciencia-y-tecnologia"],"yoast_head":"<!-- This site is optimized with the Yoast SEO plugin v25.9 - https:\/\/yoast.com\/wordpress\/plugins\/seo\/ -->\n<title>Registros de lluvias en la zona - Noticias Radio Reflejos<\/title>\n<meta name=\"robots\" content=\"index, follow, max-snippet:-1, max-image-preview:large, max-video-preview:-1\" \/>\n<link rel=\"canonical\" href=\"https:\/\/www.noticiasradioreflejos.com.ar\/2021\/registros-de-lluvias-en-la-zona\/\" \/>\n<meta property=\"og:locale\" content=\"es_ES\" \/>\n<meta property=\"og:type\" content=\"article\" \/>\n<meta property=\"og:title\" content=\"Registros de lluvias en la zona - Noticias Radio Reflejos\" \/>\n<meta property=\"og:description\" content=\"La fuerte tormenta que pas\u00f3 ayer por la regi\u00f3n dej\u00f3 importantes registros de precipitaciones que en casos roz\u00f3 los 90 mm. En nuestra comarca el promedio marca 50 mm.\" \/>\n<meta property=\"og:url\" content=\"https:\/\/www.noticiasradioreflejos.com.ar\/2021\/registros-de-lluvias-en-la-zona\/\" \/>\n<meta property=\"og:site_name\" content=\"Noticias Radio Reflejos\" \/>\n<meta property=\"article:published_time\" content=\"2023-12-17T17:55:06+00:00\" \/>\n<meta property=\"article:modified_time\" content=\"2023-12-18T13:46:04+00:00\" \/>\n<meta property=\"og:image\" content=\"https:\/\/www.noticiasradioreflejos.com.ar\/2021\/wp-content\/uploads\/2022\/01\/Av-Roca-con-lluvias.jpg\" \/>\n\t<meta property=\"og:image:width\" content=\"2048\" \/>\n\t<meta property=\"og:image:height\" content=\"1365\" \/>\n\t<meta property=\"og:image:type\" content=\"image\/jpeg\" \/>\n<meta name=\"author\" content=\"Arnaldo Botto\" \/>\n<meta name=\"twitter:card\" content=\"summary_large_image\" \/>\n<script type=\"application\/ld+json\" class=\"yoast-schema-graph\">{\"@context\":\"https:\/\/schema.org\",\"@graph\":[{\"@type\":\"WebPage\",\"@id\":\"https:\/\/www.noticiasradioreflejos.com.ar\/2021\/registros-de-lluvias-en-la-zona\/\",\"url\":\"https:\/\/www.noticiasradioreflejos.com.ar\/2021\/registros-de-lluvias-en-la-zona\/\",\"name\":\"Registros de lluvias en la zona - Noticias Radio Reflejos\",\"isPartOf\":{\"@id\":\"https:\/\/www.noticiasradioreflejos.com.ar\/2021\/#website\"},\"primaryImageOfPage\":{\"@id\":\"https:\/\/www.noticiasradioreflejos.com.ar\/2021\/registros-de-lluvias-en-la-zona\/#primaryimage\"},\"image\":{\"@id\":\"https:\/\/www.noticiasradioreflejos.com.ar\/2021\/registros-de-lluvias-en-la-zona\/#primaryimage\"},\"thumbnailUrl\":\"https:\/\/www.noticiasradioreflejos.com.ar\/2021\/wp-content\/uploads\/2022\/01\/Av-Roca-con-lluvias.jpg\",\"datePublished\":\"2023-12-17T17:55:06+00:00\",\"dateModified\":\"2023-12-18T13:46:04+00:00\",\"author\":{\"@id\":\"https:\/\/www.noticiasradioreflejos.com.ar\/2021\/#\/schema\/person\/ad82545263dcc5ec0996818884fd5fb1\"},\"breadcrumb\":{\"@id\":\"https:\/\/www.noticiasradioreflejos.com.ar\/2021\/registros-de-lluvias-en-la-zona\/#breadcrumb\"},\"inLanguage\":\"es\",\"potentialAction\":[{\"@type\":\"ReadAction\",\"target\":[\"https:\/\/www.noticiasradioreflejos.com.ar\/2021\/registros-de-lluvias-en-la-zona\/\"]}]},{\"@type\":\"ImageObject\",\"inLanguage\":\"es\",\"@id\":\"https:\/\/www.noticiasradioreflejos.com.ar\/2021\/registros-de-lluvias-en-la-zona\/#primaryimage\",\"url\":\"https:\/\/www.noticiasradioreflejos.com.ar\/2021\/wp-content\/uploads\/2022\/01\/Av-Roca-con-lluvias.jpg\",\"contentUrl\":\"https:\/\/www.noticiasradioreflejos.com.ar\/2021\/wp-content\/uploads\/2022\/01\/Av-Roca-con-lluvias.jpg\",\"width\":2048,\"height\":1365},{\"@type\":\"BreadcrumbList\",\"@id\":\"https:\/\/www.noticiasradioreflejos.com.ar\/2021\/registros-de-lluvias-en-la-zona\/#breadcrumb\",\"itemListElement\":[{\"@type\":\"ListItem\",\"position\":1,\"name\":\"Portada\",\"item\":\"https:\/\/www.noticiasradioreflejos.com.ar\/2021\/\"},{\"@type\":\"ListItem\",\"position\":2,\"name\":\"Registros de lluvias en la zona\"}]},{\"@type\":\"WebSite\",\"@id\":\"https:\/\/www.noticiasradioreflejos.com.ar\/2021\/#website\",\"url\":\"https:\/\/www.noticiasradioreflejos.com.ar\/2021\/\",\"name\":\"Noticias Radio Reflejos\",\"description\":\"Las noticias de mi comarca\",\"potentialAction\":[{\"@type\":\"SearchAction\",\"target\":{\"@type\":\"EntryPoint\",\"urlTemplate\":\"https:\/\/www.noticiasradioreflejos.com.ar\/2021\/?s={search_term_string}\"},\"query-input\":{\"@type\":\"PropertyValueSpecification\",\"valueRequired\":true,\"valueName\":\"search_term_string\"}}],\"inLanguage\":\"es\"},{\"@type\":\"Person\",\"@id\":\"https:\/\/www.noticiasradioreflejos.com.ar\/2021\/#\/schema\/person\/ad82545263dcc5ec0996818884fd5fb1\",\"name\":\"Arnaldo Botto\",\"image\":{\"@type\":\"ImageObject\",\"inLanguage\":\"es\",\"@id\":\"https:\/\/www.noticiasradioreflejos.com.ar\/2021\/#\/schema\/person\/image\/\",\"url\":\"https:\/\/secure.gravatar.com\/avatar\/55cb5e37c1efa326397366e6974cb338056df65cb50e7d64d1cf314e87504837?s=96&d=mm&r=g\",\"contentUrl\":\"https:\/\/secure.gravatar.com\/avatar\/55cb5e37c1efa326397366e6974cb338056df65cb50e7d64d1cf314e87504837?s=96&d=mm&r=g\",\"caption\":\"Arnaldo Botto\"},\"url\":\"https:\/\/www.noticiasradioreflejos.com.ar\/2021\/author\/arnaldo\/\"}]}<\/script>\n<!-- \/ Yoast SEO plugin. -->","yoast_head_json":{"title":"Registros de lluvias en la zona - Noticias Radio Reflejos","robots":{"index":"index","follow":"follow","max-snippet":"max-snippet:-1","max-image-preview":"max-image-preview:large","max-video-preview":"max-video-preview:-1"},"canonical":"https:\/\/www.noticiasradioreflejos.com.ar\/2021\/registros-de-lluvias-en-la-zona\/","og_locale":"es_ES","og_type":"article","og_title":"Registros de lluvias en la zona - Noticias Radio Reflejos","og_description":"La fuerte tormenta que pas\u00f3 ayer por la regi\u00f3n dej\u00f3 importantes registros de precipitaciones que en casos roz\u00f3 los 90 mm. En nuestra comarca el promedio marca 50 mm.","og_url":"https:\/\/www.noticiasradioreflejos.com.ar\/2021\/registros-de-lluvias-en-la-zona\/","og_site_name":"Noticias Radio Reflejos","article_published_time":"2023-12-17T17:55:06+00:00","article_modified_time":"2023-12-18T13:46:04+00:00","og_image":[{"width":2048,"height":1365,"url":"https:\/\/www.noticiasradioreflejos.com.ar\/2021\/wp-content\/uploads\/2022\/01\/Av-Roca-con-lluvias.jpg","type":"image\/jpeg"}],"author":"Arnaldo Botto","twitter_card":"summary_large_image","schema":{"@context":"https:\/\/schema.org","@graph":[{"@type":"WebPage","@id":"https:\/\/www.noticiasradioreflejos.com.ar\/2021\/registros-de-lluvias-en-la-zona\/","url":"https:\/\/www.noticiasradioreflejos.com.ar\/2021\/registros-de-lluvias-en-la-zona\/","name":"Registros de lluvias en la zona - Noticias Radio Reflejos","isPartOf":{"@id":"https:\/\/www.noticiasradioreflejos.com.ar\/2021\/#website"},"primaryImageOfPage":{"@id":"https:\/\/www.noticiasradioreflejos.com.ar\/2021\/registros-de-lluvias-en-la-zona\/#primaryimage"},"image":{"@id":"https:\/\/www.noticiasradioreflejos.com.ar\/2021\/registros-de-lluvias-en-la-zona\/#primaryimage"},"thumbnailUrl":"https:\/\/www.noticiasradioreflejos.com.ar\/2021\/wp-content\/uploads\/2022\/01\/Av-Roca-con-lluvias.jpg","datePublished":"2023-12-17T17:55:06+00:00","dateModified":"2023-12-18T13:46:04+00:00","author":{"@id":"https:\/\/www.noticiasradioreflejos.com.ar\/2021\/#\/schema\/person\/ad82545263dcc5ec0996818884fd5fb1"},"breadcrumb":{"@id":"https:\/\/www.noticiasradioreflejos.com.ar\/2021\/registros-de-lluvias-en-la-zona\/#breadcrumb"},"inLanguage":"es","potentialAction":[{"@type":"ReadAction","target":["https:\/\/www.noticiasradioreflejos.com.ar\/2021\/registros-de-lluvias-en-la-zona\/"]}]},{"@type":"ImageObject","inLanguage":"es","@id":"https:\/\/www.noticiasradioreflejos.com.ar\/2021\/registros-de-lluvias-en-la-zona\/#primaryimage","url":"https:\/\/www.noticiasradioreflejos.com.ar\/2021\/wp-content\/uploads\/2022\/01\/Av-Roca-con-lluvias.jpg","contentUrl":"https:\/\/www.noticiasradioreflejos.com.ar\/2021\/wp-content\/uploads\/2022\/01\/Av-Roca-con-lluvias.jpg","width":2048,"height":1365},{"@type":"BreadcrumbList","@id":"https:\/\/www.noticiasradioreflejos.com.ar\/2021\/registros-de-lluvias-en-la-zona\/#breadcrumb","itemListElement":[{"@type":"ListItem","position":1,"name":"Portada","item":"https:\/\/www.noticiasradioreflejos.com.ar\/2021\/"},{"@type":"ListItem","position":2,"name":"Registros de lluvias en la zona"}]},{"@type":"WebSite","@id":"https:\/\/www.noticiasradioreflejos.com.ar\/2021\/#website","url":"https:\/\/www.noticiasradioreflejos.com.ar\/2021\/","name":"Noticias Radio Reflejos","description":"Las noticias de mi comarca","potentialAction":[{"@type":"SearchAction","target":{"@type":"EntryPoint","urlTemplate":"https:\/\/www.noticiasradioreflejos.com.ar\/2021\/?s={search_term_string}"},"query-input":{"@type":"PropertyValueSpecification","valueRequired":true,"valueName":"search_term_string"}}],"inLanguage":"es"},{"@type":"Person","@id":"https:\/\/www.noticiasradioreflejos.com.ar\/2021\/#\/schema\/person\/ad82545263dcc5ec0996818884fd5fb1","name":"Arnaldo Botto","image":{"@type":"ImageObject","inLanguage":"es","@id":"https:\/\/www.noticiasradioreflejos.com.ar\/2021\/#\/schema\/person\/image\/","url":"https:\/\/secure.gravatar.com\/avatar\/55cb5e37c1efa326397366e6974cb338056df65cb50e7d64d1cf314e87504837?s=96&d=mm&r=g","contentUrl":"https:\/\/secure.gravatar.com\/avatar\/55cb5e37c1efa326397366e6974cb338056df65cb50e7d64d1cf314e87504837?s=96&d=mm&r=g","caption":"Arnaldo Botto"},"url":"https:\/\/www.noticiasradioreflejos.com.ar\/2021\/author\/arnaldo\/"}]}},"_links":{"self":[{"href":"https:\/\/www.noticiasradioreflejos.com.ar\/2021\/wp-json\/wp\/v2\/posts\/96562","targetHints":{"allow":["GET"]}}],"collection":[{"href":"https:\/\/www.noticiasradioreflejos.com.ar\/2021\/wp-json\/wp\/v2\/posts"}],"about":[{"href":"https:\/\/www.noticiasradioreflejos.com.ar\/2021\/wp-json\/wp\/v2\/types\/post"}],"author":[{"embeddable":true,"href":"https:\/\/www.noticiasradioreflejos.com.ar\/2021\/wp-json\/wp\/v2\/users\/3"}],"replies":[{"embeddable":true,"href":"https:\/\/www.noticiasradioreflejos.com.ar\/2021\/wp-json\/wp\/v2\/comments?post=96562"}],"version-history":[{"count":2,"href":"https:\/\/www.noticiasradioreflejos.com.ar\/2021\/wp-json\/wp\/v2\/posts\/96562\/revisions"}],"predecessor-version":[{"id":96611,"href":"https:\/\/www.noticiasradioreflejos.com.ar\/2021\/wp-json\/wp\/v2\/posts\/96562\/revisions\/96611"}],"wp:featuredmedia":[{"embeddable":true,"href":"https:\/\/www.noticiasradioreflejos.com.ar\/2021\/wp-json\/wp\/v2\/media\/67263"}],"wp:attachment":[{"href":"https:\/\/www.noticiasradioreflejos.com.ar\/2021\/wp-json\/wp\/v2\/media?parent=96562"}],"wp:term":[{"taxonomy":"category","embeddable":true,"href":"https:\/\/www.noticiasradioreflejos.com.ar\/2021\/wp-json\/wp\/v2\/categories?post=96562"},{"taxonomy":"post_tag","embeddable":true,"href":"https:\/\/www.noticiasradioreflejos.com.ar\/2021\/wp-json\/wp\/v2\/tags?post=96562"}],"curies":[{"name":"wp","href":"https:\/\/api.w.org\/{rel}","templated":true}]}}