{"id":96561,"date":"2023-12-17T17:58:21","date_gmt":"2023-12-17T17:58:21","guid":{"rendered":"https:\/\/www.noticiasradioreflejos.com.ar\/2021\/?p=96561"},"modified":"2023-12-17T17:58:21","modified_gmt":"2023-12-17T17:58:21","slug":"tras-el-temporal-kicillof-ya-se-encuentra-en-bahia-blanca-y-se-suma-al-comite-de-crisis","status":"publish","type":"post","link":"https:\/\/www.noticiasradioreflejos.com.ar\/2021\/tras-el-temporal-kicillof-ya-se-encuentra-en-bahia-blanca-y-se-suma-al-comite-de-crisis\/","title":{"rendered":"Tras el temporal, Kicillof ya se encuentra en Bah\u00eda Blanca y se suma al Comit\u00e9 de Crisis"},"content":{"rendered":"<p>Kicillof dispuso la movilizaci\u00f3n del ministro de Seguridad, Javier Alonso, quien arrib\u00f3 esta madrugada de domingo a la ciudad. El mandatario provincial ya se encuentra junto al intendente Federico Susbielles.<!--more--><\/p>\n<div>\n<div class=\"wrapper-editable-content\">\n<div class=\"container-md\">\n<div class=\"row\">\n<div class=\"col-md-12 speak\">\n<div class=\"paragraph\">\n<figure class=\"mb-3\"><img decoding=\"async\" class=\" lazy \" src=\"https:\/\/www.telam.com.ar\/thumbs\/bluesteel\/advf\/imagenes\/2023\/12\/657f1a69afc5b_1200.jpg\" alt=\"Kicillof orden suministrar todos los recursos sociales sanitarios y logsticos necesarios para atender la emergencia Foto Prensa\" width=\"100%\" height=\"100%\" \/><\/p>\n<div class=\"media-icons\"><em><strong>Kicillof orden\u00f3 suministrar todos los recursos sociales, sanitarios y log\u00edsticos necesarios para atender la emergencia \/ Foto: Prensa.<\/strong><\/em><\/div>\n<\/figure>\n<p>&nbsp;<\/p>\n<p>El gobernador bonaerense,\u00a0<strong>Axel Kicillof,<\/strong>\u00a0viaj\u00f3 a\u00a0<strong>Bah\u00eda Blanca<\/strong>, el epicentro del fuerte temporal que afecto gran parte de la<strong>\u00a0provincia de Buenos Aires<\/strong>\u00a0y se cobr\u00f3 la vida de 13 personas.<\/p>\n<p>El mandatario provincial ya se encuentra junto al intendente<strong>\u00a0Federico Susbielles\u00a0<\/strong>reunido con autoridades provinciales y municipales para sumarse al Comit\u00e9 de Crisis ante la emergencia.<\/p>\n<p>Kicillof dispuso la movilizaci\u00f3n del ministro de Seguridad, Javier Alonso, quien arrib\u00f3 esta madrugada a la ciudad.<\/p>\n<p>Adem\u00e1s, orden\u00f3 suministrar todos los recursos sociales, sanitarios y log\u00edsticos necesarios para atender la emergencia.<\/p>\n<p>En ese marco,\u00a0<strong>se dispuso el traslado de camiones con 504 bidones de agua, 10.000 kilos de alimentos y 1.000 frazadas<\/strong>, al igual que<strong>\u00a0250 colchones, 500 kits de indumentaria y calzado, y 500 kits de limpieza<\/strong>.<\/p>\n<h2 class=\"\">Los \u00abequipos interdisciplinarios de refuerzo\u00bb<\/h2>\n<p>El Gobierno bonaerense envi\u00f3 este domingo \u00abtres equipos interdisciplinarios de refuerzo\u00bb para sumarse al equipo de salud que ya trabaja junto a las autoridades del municipio de Bah\u00eda Blanca, inform\u00f3 el ministro de Salud provincial,\u00a0<strong>Nicol\u00e1s Kreplak<\/strong>.<\/p>\n<p>\u00abEn virtud de la fuerte tormenta que atraves\u00f3 Bah\u00eda Blanca, el equipo de salud bonaerense ya trabaja fuertemente junto a las autoridades locales para brindar apoyo, cuidado y atenci\u00f3n a toda la comunidad\u00bb, manifest\u00f3 Kreplak en la red X.<\/p>\n<div class=\"twitter-tweet twitter-tweet-rendered\"><iframe id=\"twitter-widget-0\" class=\"\" title=\"X Post\" src=\"https:\/\/platform.twitter.com\/embed\/Tweet.html?creatorScreenName=agenciatelam&amp;dnt=false&amp;embedId=twitter-widget-0&amp;features=eyJ0ZndfdGltZWxpbmVfbGlzdCI6eyJidWNrZXQiOltdLCJ2ZXJzaW9uIjpudWxsfSwidGZ3X2ZvbGxvd2VyX2NvdW50X3N1bnNldCI6eyJidWNrZXQiOnRydWUsInZlcnNpb24iOm51bGx9LCJ0ZndfdHdlZXRfZWRpdF9iYWNrZW5kIjp7ImJ1Y2tldCI6Im9uIiwidmVyc2lvbiI6bnVsbH0sInRmd19yZWZzcmNfc2Vzc2lvbiI6eyJidWNrZXQiOiJvbiIsInZlcnNpb24iOm51bGx9LCJ0ZndfZm9zbnJfc29mdF9pbnRlcnZlbnRpb25zX2VuYWJsZWQiOnsiYnVja2V0Ijoib24iLCJ2ZXJzaW9uIjpudWxsfSwidGZ3X21peGVkX21lZGlhXzE1ODk3Ijp7ImJ1Y2tldCI6InRyZWF0bWVudCIsInZlcnNpb24iOm51bGx9LCJ0ZndfZXhwZXJpbWVudHNfY29va2llX2V4cGlyYXRpb24iOnsiYnVja2V0IjoxMjA5NjAwLCJ2ZXJzaW9uIjpudWxsfSwidGZ3X3Nob3dfYmlyZHdhdGNoX3Bpdm90c19lbmFibGVkIjp7ImJ1Y2tldCI6Im9uIiwidmVyc2lvbiI6bnVsbH0sInRmd19kdXBsaWNhdGVfc2NyaWJlc190b19zZXR0aW5ncyI6eyJidWNrZXQiOiJvbiIsInZlcnNpb24iOm51bGx9LCJ0ZndfdXNlX3Byb2ZpbGVfaW1hZ2Vfc2hhcGVfZW5hYmxlZCI6eyJidWNrZXQiOiJvbiIsInZlcnNpb24iOm51bGx9LCJ0ZndfdmlkZW9faGxzX2R5bmFtaWNfbWFuaWZlc3RzXzE1MDgyIjp7ImJ1Y2tldCI6InRydWVfYml0cmF0ZSIsInZlcnNpb24iOm51bGx9LCJ0ZndfbGVnYWN5X3RpbWVsaW5lX3N1bnNldCI6eyJidWNrZXQiOnRydWUsInZlcnNpb24iOm51bGx9LCJ0ZndfdHdlZXRfZWRpdF9mcm9udGVuZCI6eyJidWNrZXQiOiJvbiIsInZlcnNpb24iOm51bGx9fQ%3D%3D&amp;frame=false&amp;hideCard=false&amp;hideThread=false&amp;id=1736383979186504102&amp;lang=es&amp;origin=https%3A%2F%2Fwww.telam.com.ar%2Fnotas%2F202312%2F649799-temporal-baha-blanca-kicillof.html&amp;sessionId=ace9ed0284b3395c46d1b98c4e0abfaa39d43ccc&amp;siteScreenName=agenciatelam&amp;theme=light&amp;widgetsVersion=2615f7e52b7e0%3A1702314776716&amp;width=550px\" frameborder=\"0\" scrolling=\"no\" allowfullscreen=\"allowfullscreen\" data-tweet-id=\"1736383979186504102\" data-mce-fragment=\"1\"><\/iframe><\/div>\n<p><strong>La ciudad bonaerense fue afectada este s\u00e1bado por vientos intensos de m\u00e1s de 140 km\/h y fuertes precipitaciones, lo que dej\u00f3 como saldo \u00ab13 personas fallecidas y 14 internados de gravedad\u00bb<\/strong>\u00a0que se encuentran internados en el Hospital Municipal, cuatro en el Hosp\u00ectal Penna y dos en el Hospital Privado del Sur\u00bb.<\/p>\n<p>Al respecto,\u00a0<strong>el ministro de Salud bonaerense, inform\u00f3 que \u00abesta ma\u00f1ana llegaron 3 equipos interdisciplinarios de refuerzo ante emergencias\u00bb<\/strong>.<\/p>\n<p>En tanto, indic\u00f3 que ante la tormenta que circula con variada intensidad en toda la provincia de Buenos Aires \u00abes muy importante que estemos informados a trav\u00e9s de v\u00edas oficiales sobre el estado del tiempo y las alertas emitidas\u00bb<\/p>\n<p>Al tiempo que recomend\u00f3,<strong>\u00a0\u00abevitemos la circulaci\u00f3n\u00bb y \u00abnos mantengamos al resguardo en lugares seguros\u00bb<\/strong>.<\/p>\n<p><strong>\u00abNo saquemos la basura, guardemos y aseguremos objetos que puedan volarse y no estemos cerca de postes de luz y \u00e1rboles\u00bb<\/strong>\u00a0manifest\u00f3 Kreplak, al tiempo que indic\u00f3 que \u00abante cualquier emergencia comun\u00edcate con los tel\u00e9fonos de emergencia de tu municipio\u00bb.<\/p>\n<p><strong>\u00abMucha fuerza para todos y todas\u00bb<\/strong>\u00a0concluy\u00f3.<\/p>\n<\/div>\n<\/div>\n<\/div>\n<\/div>\n<\/div>\n<\/div>\n","protected":false},"excerpt":{"rendered":"<p>Kicillof dispuso la movilizaci\u00f3n del ministro de Seguridad, Javier Alonso, quien arrib\u00f3 esta madrugada de domingo a la ciudad. El mandatario provincial ya se encuentra junto al intendente Federico Susbielles.<\/p>\n","protected":false},"author":3,"featured_media":0,"comment_status":"closed","ping_status":"closed","sticky":false,"template":"","format":"standard","meta":{"footnotes":""},"categories":[58,24],"tags":[],"class_list":["post-96561","post","type-post","status-publish","format-standard","hentry","category-gobierno","category-politica"],"yoast_head":"<!-- This site is optimized with the Yoast SEO plugin v25.9 - https:\/\/yoast.com\/wordpress\/plugins\/seo\/ -->\n<title>Tras el temporal, Kicillof ya se encuentra en Bah\u00eda Blanca y se suma al Comit\u00e9 de Crisis - Noticias Radio Reflejos<\/title>\n<meta name=\"robots\" content=\"index, follow, max-snippet:-1, max-image-preview:large, max-video-preview:-1\" \/>\n<link rel=\"canonical\" href=\"https:\/\/www.noticiasradioreflejos.com.ar\/2021\/tras-el-temporal-kicillof-ya-se-encuentra-en-bahia-blanca-y-se-suma-al-comite-de-crisis\/\" \/>\n<meta property=\"og:locale\" content=\"es_ES\" \/>\n<meta property=\"og:type\" content=\"article\" \/>\n<meta property=\"og:title\" content=\"Tras el temporal, Kicillof ya se encuentra en Bah\u00eda Blanca y se suma al Comit\u00e9 de Crisis - Noticias Radio Reflejos\" \/>\n<meta property=\"og:description\" content=\"Kicillof dispuso la movilizaci\u00f3n del ministro de Seguridad, Javier Alonso, quien arrib\u00f3 esta madrugada de domingo a la ciudad. El mandatario provincial ya se encuentra junto al intendente Federico Susbielles.\" \/>\n<meta property=\"og:url\" content=\"https:\/\/www.noticiasradioreflejos.com.ar\/2021\/tras-el-temporal-kicillof-ya-se-encuentra-en-bahia-blanca-y-se-suma-al-comite-de-crisis\/\" \/>\n<meta property=\"og:site_name\" content=\"Noticias Radio Reflejos\" \/>\n<meta property=\"article:published_time\" content=\"2023-12-17T17:58:21+00:00\" \/>\n<meta property=\"og:image\" content=\"https:\/\/www.telam.com.ar\/thumbs\/bluesteel\/advf\/imagenes\/2023\/12\/657f1a69afc5b_1200.jpg\" \/>\n<meta name=\"author\" content=\"Arnaldo Botto\" \/>\n<meta name=\"twitter:card\" content=\"summary_large_image\" \/>\n<script type=\"application\/ld+json\" class=\"yoast-schema-graph\">{\"@context\":\"https:\/\/schema.org\",\"@graph\":[{\"@type\":\"WebPage\",\"@id\":\"https:\/\/www.noticiasradioreflejos.com.ar\/2021\/tras-el-temporal-kicillof-ya-se-encuentra-en-bahia-blanca-y-se-suma-al-comite-de-crisis\/\",\"url\":\"https:\/\/www.noticiasradioreflejos.com.ar\/2021\/tras-el-temporal-kicillof-ya-se-encuentra-en-bahia-blanca-y-se-suma-al-comite-de-crisis\/\",\"name\":\"Tras el temporal, Kicillof ya se encuentra en Bah\u00eda Blanca y se suma al Comit\u00e9 de Crisis - Noticias Radio Reflejos\",\"isPartOf\":{\"@id\":\"https:\/\/www.noticiasradioreflejos.com.ar\/2021\/#website\"},\"primaryImageOfPage\":{\"@id\":\"https:\/\/www.noticiasradioreflejos.com.ar\/2021\/tras-el-temporal-kicillof-ya-se-encuentra-en-bahia-blanca-y-se-suma-al-comite-de-crisis\/#primaryimage\"},\"image\":{\"@id\":\"https:\/\/www.noticiasradioreflejos.com.ar\/2021\/tras-el-temporal-kicillof-ya-se-encuentra-en-bahia-blanca-y-se-suma-al-comite-de-crisis\/#primaryimage\"},\"thumbnailUrl\":\"https:\/\/www.telam.com.ar\/thumbs\/bluesteel\/advf\/imagenes\/2023\/12\/657f1a69afc5b_1200.jpg\",\"datePublished\":\"2023-12-17T17:58:21+00:00\",\"author\":{\"@id\":\"https:\/\/www.noticiasradioreflejos.com.ar\/2021\/#\/schema\/person\/ad82545263dcc5ec0996818884fd5fb1\"},\"breadcrumb\":{\"@id\":\"https:\/\/www.noticiasradioreflejos.com.ar\/2021\/tras-el-temporal-kicillof-ya-se-encuentra-en-bahia-blanca-y-se-suma-al-comite-de-crisis\/#breadcrumb\"},\"inLanguage\":\"es\",\"potentialAction\":[{\"@type\":\"ReadAction\",\"target\":[\"https:\/\/www.noticiasradioreflejos.com.ar\/2021\/tras-el-temporal-kicillof-ya-se-encuentra-en-bahia-blanca-y-se-suma-al-comite-de-crisis\/\"]}]},{\"@type\":\"ImageObject\",\"inLanguage\":\"es\",\"@id\":\"https:\/\/www.noticiasradioreflejos.com.ar\/2021\/tras-el-temporal-kicillof-ya-se-encuentra-en-bahia-blanca-y-se-suma-al-comite-de-crisis\/#primaryimage\",\"url\":\"https:\/\/www.telam.com.ar\/thumbs\/bluesteel\/advf\/imagenes\/2023\/12\/657f1a69afc5b_1200.jpg\",\"contentUrl\":\"https:\/\/www.telam.com.ar\/thumbs\/bluesteel\/advf\/imagenes\/2023\/12\/657f1a69afc5b_1200.jpg\"},{\"@type\":\"BreadcrumbList\",\"@id\":\"https:\/\/www.noticiasradioreflejos.com.ar\/2021\/tras-el-temporal-kicillof-ya-se-encuentra-en-bahia-blanca-y-se-suma-al-comite-de-crisis\/#breadcrumb\",\"itemListElement\":[{\"@type\":\"ListItem\",\"position\":1,\"name\":\"Portada\",\"item\":\"https:\/\/www.noticiasradioreflejos.com.ar\/2021\/\"},{\"@type\":\"ListItem\",\"position\":2,\"name\":\"Tras el temporal, Kicillof ya se encuentra en Bah\u00eda Blanca y se suma al Comit\u00e9 de Crisis\"}]},{\"@type\":\"WebSite\",\"@id\":\"https:\/\/www.noticiasradioreflejos.com.ar\/2021\/#website\",\"url\":\"https:\/\/www.noticiasradioreflejos.com.ar\/2021\/\",\"name\":\"Noticias Radio Reflejos\",\"description\":\"Las noticias de mi comarca\",\"potentialAction\":[{\"@type\":\"SearchAction\",\"target\":{\"@type\":\"EntryPoint\",\"urlTemplate\":\"https:\/\/www.noticiasradioreflejos.com.ar\/2021\/?s={search_term_string}\"},\"query-input\":{\"@type\":\"PropertyValueSpecification\",\"valueRequired\":true,\"valueName\":\"search_term_string\"}}],\"inLanguage\":\"es\"},{\"@type\":\"Person\",\"@id\":\"https:\/\/www.noticiasradioreflejos.com.ar\/2021\/#\/schema\/person\/ad82545263dcc5ec0996818884fd5fb1\",\"name\":\"Arnaldo Botto\",\"image\":{\"@type\":\"ImageObject\",\"inLanguage\":\"es\",\"@id\":\"https:\/\/www.noticiasradioreflejos.com.ar\/2021\/#\/schema\/person\/image\/\",\"url\":\"https:\/\/secure.gravatar.com\/avatar\/55cb5e37c1efa326397366e6974cb338056df65cb50e7d64d1cf314e87504837?s=96&d=mm&r=g\",\"contentUrl\":\"https:\/\/secure.gravatar.com\/avatar\/55cb5e37c1efa326397366e6974cb338056df65cb50e7d64d1cf314e87504837?s=96&d=mm&r=g\",\"caption\":\"Arnaldo Botto\"},\"url\":\"https:\/\/www.noticiasradioreflejos.com.ar\/2021\/author\/arnaldo\/\"}]}<\/script>\n<!-- \/ Yoast SEO plugin. -->","yoast_head_json":{"title":"Tras el temporal, Kicillof ya se encuentra en Bah\u00eda Blanca y se suma al Comit\u00e9 de Crisis - Noticias Radio Reflejos","robots":{"index":"index","follow":"follow","max-snippet":"max-snippet:-1","max-image-preview":"max-image-preview:large","max-video-preview":"max-video-preview:-1"},"canonical":"https:\/\/www.noticiasradioreflejos.com.ar\/2021\/tras-el-temporal-kicillof-ya-se-encuentra-en-bahia-blanca-y-se-suma-al-comite-de-crisis\/","og_locale":"es_ES","og_type":"article","og_title":"Tras el temporal, Kicillof ya se encuentra en Bah\u00eda Blanca y se suma al Comit\u00e9 de Crisis - Noticias Radio Reflejos","og_description":"Kicillof dispuso la movilizaci\u00f3n del ministro de Seguridad, Javier Alonso, quien arrib\u00f3 esta madrugada de domingo a la ciudad. El mandatario provincial ya se encuentra junto al intendente Federico Susbielles.","og_url":"https:\/\/www.noticiasradioreflejos.com.ar\/2021\/tras-el-temporal-kicillof-ya-se-encuentra-en-bahia-blanca-y-se-suma-al-comite-de-crisis\/","og_site_name":"Noticias Radio Reflejos","article_published_time":"2023-12-17T17:58:21+00:00","og_image":[{"url":"https:\/\/www.telam.com.ar\/thumbs\/bluesteel\/advf\/imagenes\/2023\/12\/657f1a69afc5b_1200.jpg","type":"","width":"","height":""}],"author":"Arnaldo Botto","twitter_card":"summary_large_image","schema":{"@context":"https:\/\/schema.org","@graph":[{"@type":"WebPage","@id":"https:\/\/www.noticiasradioreflejos.com.ar\/2021\/tras-el-temporal-kicillof-ya-se-encuentra-en-bahia-blanca-y-se-suma-al-comite-de-crisis\/","url":"https:\/\/www.noticiasradioreflejos.com.ar\/2021\/tras-el-temporal-kicillof-ya-se-encuentra-en-bahia-blanca-y-se-suma-al-comite-de-crisis\/","name":"Tras el temporal, Kicillof ya se encuentra en Bah\u00eda Blanca y se suma al Comit\u00e9 de Crisis - Noticias Radio Reflejos","isPartOf":{"@id":"https:\/\/www.noticiasradioreflejos.com.ar\/2021\/#website"},"primaryImageOfPage":{"@id":"https:\/\/www.noticiasradioreflejos.com.ar\/2021\/tras-el-temporal-kicillof-ya-se-encuentra-en-bahia-blanca-y-se-suma-al-comite-de-crisis\/#primaryimage"},"image":{"@id":"https:\/\/www.noticiasradioreflejos.com.ar\/2021\/tras-el-temporal-kicillof-ya-se-encuentra-en-bahia-blanca-y-se-suma-al-comite-de-crisis\/#primaryimage"},"thumbnailUrl":"https:\/\/www.telam.com.ar\/thumbs\/bluesteel\/advf\/imagenes\/2023\/12\/657f1a69afc5b_1200.jpg","datePublished":"2023-12-17T17:58:21+00:00","author":{"@id":"https:\/\/www.noticiasradioreflejos.com.ar\/2021\/#\/schema\/person\/ad82545263dcc5ec0996818884fd5fb1"},"breadcrumb":{"@id":"https:\/\/www.noticiasradioreflejos.com.ar\/2021\/tras-el-temporal-kicillof-ya-se-encuentra-en-bahia-blanca-y-se-suma-al-comite-de-crisis\/#breadcrumb"},"inLanguage":"es","potentialAction":[{"@type":"ReadAction","target":["https:\/\/www.noticiasradioreflejos.com.ar\/2021\/tras-el-temporal-kicillof-ya-se-encuentra-en-bahia-blanca-y-se-suma-al-comite-de-crisis\/"]}]},{"@type":"ImageObject","inLanguage":"es","@id":"https:\/\/www.noticiasradioreflejos.com.ar\/2021\/tras-el-temporal-kicillof-ya-se-encuentra-en-bahia-blanca-y-se-suma-al-comite-de-crisis\/#primaryimage","url":"https:\/\/www.telam.com.ar\/thumbs\/bluesteel\/advf\/imagenes\/2023\/12\/657f1a69afc5b_1200.jpg","contentUrl":"https:\/\/www.telam.com.ar\/thumbs\/bluesteel\/advf\/imagenes\/2023\/12\/657f1a69afc5b_1200.jpg"},{"@type":"BreadcrumbList","@id":"https:\/\/www.noticiasradioreflejos.com.ar\/2021\/tras-el-temporal-kicillof-ya-se-encuentra-en-bahia-blanca-y-se-suma-al-comite-de-crisis\/#breadcrumb","itemListElement":[{"@type":"ListItem","position":1,"name":"Portada","item":"https:\/\/www.noticiasradioreflejos.com.ar\/2021\/"},{"@type":"ListItem","position":2,"name":"Tras el temporal, Kicillof ya se encuentra en Bah\u00eda Blanca y se suma al Comit\u00e9 de Crisis"}]},{"@type":"WebSite","@id":"https:\/\/www.noticiasradioreflejos.com.ar\/2021\/#website","url":"https:\/\/www.noticiasradioreflejos.com.ar\/2021\/","name":"Noticias Radio Reflejos","description":"Las noticias de mi comarca","potentialAction":[{"@type":"SearchAction","target":{"@type":"EntryPoint","urlTemplate":"https:\/\/www.noticiasradioreflejos.com.ar\/2021\/?s={search_term_string}"},"query-input":{"@type":"PropertyValueSpecification","valueRequired":true,"valueName":"search_term_string"}}],"inLanguage":"es"},{"@type":"Person","@id":"https:\/\/www.noticiasradioreflejos.com.ar\/2021\/#\/schema\/person\/ad82545263dcc5ec0996818884fd5fb1","name":"Arnaldo Botto","image":{"@type":"ImageObject","inLanguage":"es","@id":"https:\/\/www.noticiasradioreflejos.com.ar\/2021\/#\/schema\/person\/image\/","url":"https:\/\/secure.gravatar.com\/avatar\/55cb5e37c1efa326397366e6974cb338056df65cb50e7d64d1cf314e87504837?s=96&d=mm&r=g","contentUrl":"https:\/\/secure.gravatar.com\/avatar\/55cb5e37c1efa326397366e6974cb338056df65cb50e7d64d1cf314e87504837?s=96&d=mm&r=g","caption":"Arnaldo Botto"},"url":"https:\/\/www.noticiasradioreflejos.com.ar\/2021\/author\/arnaldo\/"}]}},"_links":{"self":[{"href":"https:\/\/www.noticiasradioreflejos.com.ar\/2021\/wp-json\/wp\/v2\/posts\/96561","targetHints":{"allow":["GET"]}}],"collection":[{"href":"https:\/\/www.noticiasradioreflejos.com.ar\/2021\/wp-json\/wp\/v2\/posts"}],"about":[{"href":"https:\/\/www.noticiasradioreflejos.com.ar\/2021\/wp-json\/wp\/v2\/types\/post"}],"author":[{"embeddable":true,"href":"https:\/\/www.noticiasradioreflejos.com.ar\/2021\/wp-json\/wp\/v2\/users\/3"}],"replies":[{"embeddable":true,"href":"https:\/\/www.noticiasradioreflejos.com.ar\/2021\/wp-json\/wp\/v2\/comments?post=96561"}],"version-history":[{"count":1,"href":"https:\/\/www.noticiasradioreflejos.com.ar\/2021\/wp-json\/wp\/v2\/posts\/96561\/revisions"}],"predecessor-version":[{"id":96565,"href":"https:\/\/www.noticiasradioreflejos.com.ar\/2021\/wp-json\/wp\/v2\/posts\/96561\/revisions\/96565"}],"wp:attachment":[{"href":"https:\/\/www.noticiasradioreflejos.com.ar\/2021\/wp-json\/wp\/v2\/media?parent=96561"}],"wp:term":[{"taxonomy":"category","embeddable":true,"href":"https:\/\/www.noticiasradioreflejos.com.ar\/2021\/wp-json\/wp\/v2\/categories?post=96561"},{"taxonomy":"post_tag","embeddable":true,"href":"https:\/\/www.noticiasradioreflejos.com.ar\/2021\/wp-json\/wp\/v2\/tags?post=96561"}],"curies":[{"name":"wp","href":"https:\/\/api.w.org\/{rel}","templated":true}]}}