{"id":96544,"date":"2023-12-17T14:42:50","date_gmt":"2023-12-17T14:42:50","guid":{"rendered":"https:\/\/www.noticiasradioreflejos.com.ar\/2021\/?p=96544"},"modified":"2023-12-17T14:45:24","modified_gmt":"2023-12-17T14:45:24","slug":"atencion-sierra-de-la-ventana-sin-servicio-de-agua-corriente-hasta-la-noche","status":"publish","type":"post","link":"https:\/\/www.noticiasradioreflejos.com.ar\/2021\/atencion-sierra-de-la-ventana-sin-servicio-de-agua-corriente-hasta-la-noche\/","title":{"rendered":"Atenci\u00f3n: Sierra de la Ventana sin servicio de agua corriente hasta la noche."},"content":{"rendered":"<p>Seg\u00fan informan a nuestra redacci\u00f3n desde Aguas Corrientes dependiente del Municipio de Tornquist, no podr\u00e1n restablecer el servicio hasta llegada la noche en la localidad, por la falta de energ\u00eda en el sector de las bombas impulsoras.<!--more--><\/p>\n<p>Durante la ma\u00f1ana de hoy trabajan intensamente, empleados de Coopersive y el municipio para poder restablecer el servicio el\u00e9ctrico trif\u00e1sico en la zona de Valle Hermoso, donde se encuentran las bombas impulsoras que abastecen las cisternas del barrio Del Mirador.<br \/>\nEl temporal de ayer, tir\u00f3 varios \u00e1lamos en el sector de la bicisenda, frente al Club Ventana, que da\u00f1aron la l\u00ednea de media tensi\u00f3n. Desde hoy temprano, empleados municipales y de la cooperativa trabajan para despejar los cables y comenzar a restablecer el servicio.<\/p>\n<p>El corte general que sufri\u00f3 la regi\u00f3n en horas de la tarde de ayer tuvo sin energ\u00eda a la localidad hasta las 3 am de este domingo. El consumo de agua de toda esta ma\u00f1ana dej\u00f3 secas las cisternas y la recuperaci\u00f3n de los niveles demandar\u00e1 de varias horas. >Una vez conclu\u00eddos los trabajos que restablezcan la energ\u00eda trif\u00e1sica, se esperar\u00e1 que las cisternas se llenen para reponer el servicio.<br \/>\nEl corte perjudica a los barrios, Valle Hermoso, La Cumbre, San Bernardo y Del Mirador principalmente.<\/p>\n","protected":false},"excerpt":{"rendered":"<p>Seg\u00fan informan a nuestra redacci\u00f3n desde Aguas Corrientes dependiente del Municipio de Tornquist, no podr\u00e1n restablecer el servicio hasta llegada la noche en la localidad, por la falta de energ\u00eda en el sector de las bombas impulsoras.<\/p>\n","protected":false},"author":3,"featured_media":68827,"comment_status":"closed","ping_status":"closed","sticky":false,"template":"","format":"standard","meta":{"footnotes":""},"categories":[28],"tags":[48],"class_list":["post-96544","post","type-post","status-publish","format-standard","has-post-thumbnail","hentry","category-municipales","tag-destacada"],"yoast_head":"<!-- This site is optimized with the Yoast SEO plugin v25.9 - https:\/\/yoast.com\/wordpress\/plugins\/seo\/ -->\n<title>Atenci\u00f3n: Sierra de la Ventana sin servicio de agua corriente hasta la noche. - Noticias Radio Reflejos<\/title>\n<meta name=\"robots\" content=\"index, follow, max-snippet:-1, max-image-preview:large, max-video-preview:-1\" \/>\n<link rel=\"canonical\" href=\"https:\/\/www.noticiasradioreflejos.com.ar\/2021\/atencion-sierra-de-la-ventana-sin-servicio-de-agua-corriente-hasta-la-noche\/\" \/>\n<meta property=\"og:locale\" content=\"es_ES\" \/>\n<meta property=\"og:type\" content=\"article\" \/>\n<meta property=\"og:title\" content=\"Atenci\u00f3n: Sierra de la Ventana sin servicio de agua corriente hasta la noche. - Noticias Radio Reflejos\" \/>\n<meta property=\"og:description\" content=\"Seg\u00fan informan a nuestra redacci\u00f3n desde Aguas Corrientes dependiente del Municipio de Tornquist, no podr\u00e1n restablecer el servicio hasta llegada la noche en la localidad, por la falta de energ\u00eda en el sector de las bombas impulsoras.\" \/>\n<meta property=\"og:url\" content=\"https:\/\/www.noticiasradioreflejos.com.ar\/2021\/atencion-sierra-de-la-ventana-sin-servicio-de-agua-corriente-hasta-la-noche\/\" \/>\n<meta property=\"og:site_name\" content=\"Noticias Radio Reflejos\" \/>\n<meta property=\"article:published_time\" content=\"2023-12-17T14:42:50+00:00\" \/>\n<meta property=\"article:modified_time\" content=\"2023-12-17T14:45:24+00:00\" \/>\n<meta property=\"og:image\" content=\"https:\/\/www.noticiasradioreflejos.com.ar\/2021\/wp-content\/uploads\/2022\/03\/Falta-de-agua.jpg\" \/>\n\t<meta property=\"og:image:width\" content=\"630\" \/>\n\t<meta property=\"og:image:height\" content=\"394\" \/>\n\t<meta property=\"og:image:type\" content=\"image\/jpeg\" \/>\n<meta name=\"author\" content=\"Arnaldo Botto\" \/>\n<meta name=\"twitter:card\" content=\"summary_large_image\" \/>\n<script type=\"application\/ld+json\" class=\"yoast-schema-graph\">{\"@context\":\"https:\/\/schema.org\",\"@graph\":[{\"@type\":\"WebPage\",\"@id\":\"https:\/\/www.noticiasradioreflejos.com.ar\/2021\/atencion-sierra-de-la-ventana-sin-servicio-de-agua-corriente-hasta-la-noche\/\",\"url\":\"https:\/\/www.noticiasradioreflejos.com.ar\/2021\/atencion-sierra-de-la-ventana-sin-servicio-de-agua-corriente-hasta-la-noche\/\",\"name\":\"Atenci\u00f3n: Sierra de la Ventana sin servicio de agua corriente hasta la noche. - Noticias Radio Reflejos\",\"isPartOf\":{\"@id\":\"https:\/\/www.noticiasradioreflejos.com.ar\/2021\/#website\"},\"primaryImageOfPage\":{\"@id\":\"https:\/\/www.noticiasradioreflejos.com.ar\/2021\/atencion-sierra-de-la-ventana-sin-servicio-de-agua-corriente-hasta-la-noche\/#primaryimage\"},\"image\":{\"@id\":\"https:\/\/www.noticiasradioreflejos.com.ar\/2021\/atencion-sierra-de-la-ventana-sin-servicio-de-agua-corriente-hasta-la-noche\/#primaryimage\"},\"thumbnailUrl\":\"https:\/\/www.noticiasradioreflejos.com.ar\/2021\/wp-content\/uploads\/2022\/03\/Falta-de-agua.jpg\",\"datePublished\":\"2023-12-17T14:42:50+00:00\",\"dateModified\":\"2023-12-17T14:45:24+00:00\",\"author\":{\"@id\":\"https:\/\/www.noticiasradioreflejos.com.ar\/2021\/#\/schema\/person\/ad82545263dcc5ec0996818884fd5fb1\"},\"breadcrumb\":{\"@id\":\"https:\/\/www.noticiasradioreflejos.com.ar\/2021\/atencion-sierra-de-la-ventana-sin-servicio-de-agua-corriente-hasta-la-noche\/#breadcrumb\"},\"inLanguage\":\"es\",\"potentialAction\":[{\"@type\":\"ReadAction\",\"target\":[\"https:\/\/www.noticiasradioreflejos.com.ar\/2021\/atencion-sierra-de-la-ventana-sin-servicio-de-agua-corriente-hasta-la-noche\/\"]}]},{\"@type\":\"ImageObject\",\"inLanguage\":\"es\",\"@id\":\"https:\/\/www.noticiasradioreflejos.com.ar\/2021\/atencion-sierra-de-la-ventana-sin-servicio-de-agua-corriente-hasta-la-noche\/#primaryimage\",\"url\":\"https:\/\/www.noticiasradioreflejos.com.ar\/2021\/wp-content\/uploads\/2022\/03\/Falta-de-agua.jpg\",\"contentUrl\":\"https:\/\/www.noticiasradioreflejos.com.ar\/2021\/wp-content\/uploads\/2022\/03\/Falta-de-agua.jpg\",\"width\":630,\"height\":394},{\"@type\":\"BreadcrumbList\",\"@id\":\"https:\/\/www.noticiasradioreflejos.com.ar\/2021\/atencion-sierra-de-la-ventana-sin-servicio-de-agua-corriente-hasta-la-noche\/#breadcrumb\",\"itemListElement\":[{\"@type\":\"ListItem\",\"position\":1,\"name\":\"Portada\",\"item\":\"https:\/\/www.noticiasradioreflejos.com.ar\/2021\/\"},{\"@type\":\"ListItem\",\"position\":2,\"name\":\"Atenci\u00f3n: Sierra de la Ventana sin servicio de agua corriente hasta la noche.\"}]},{\"@type\":\"WebSite\",\"@id\":\"https:\/\/www.noticiasradioreflejos.com.ar\/2021\/#website\",\"url\":\"https:\/\/www.noticiasradioreflejos.com.ar\/2021\/\",\"name\":\"Noticias Radio Reflejos\",\"description\":\"Las noticias de mi comarca\",\"potentialAction\":[{\"@type\":\"SearchAction\",\"target\":{\"@type\":\"EntryPoint\",\"urlTemplate\":\"https:\/\/www.noticiasradioreflejos.com.ar\/2021\/?s={search_term_string}\"},\"query-input\":{\"@type\":\"PropertyValueSpecification\",\"valueRequired\":true,\"valueName\":\"search_term_string\"}}],\"inLanguage\":\"es\"},{\"@type\":\"Person\",\"@id\":\"https:\/\/www.noticiasradioreflejos.com.ar\/2021\/#\/schema\/person\/ad82545263dcc5ec0996818884fd5fb1\",\"name\":\"Arnaldo Botto\",\"image\":{\"@type\":\"ImageObject\",\"inLanguage\":\"es\",\"@id\":\"https:\/\/www.noticiasradioreflejos.com.ar\/2021\/#\/schema\/person\/image\/\",\"url\":\"https:\/\/secure.gravatar.com\/avatar\/55cb5e37c1efa326397366e6974cb338056df65cb50e7d64d1cf314e87504837?s=96&d=mm&r=g\",\"contentUrl\":\"https:\/\/secure.gravatar.com\/avatar\/55cb5e37c1efa326397366e6974cb338056df65cb50e7d64d1cf314e87504837?s=96&d=mm&r=g\",\"caption\":\"Arnaldo Botto\"},\"url\":\"https:\/\/www.noticiasradioreflejos.com.ar\/2021\/author\/arnaldo\/\"}]}<\/script>\n<!-- \/ Yoast SEO plugin. -->","yoast_head_json":{"title":"Atenci\u00f3n: Sierra de la Ventana sin servicio de agua corriente hasta la noche. - Noticias Radio Reflejos","robots":{"index":"index","follow":"follow","max-snippet":"max-snippet:-1","max-image-preview":"max-image-preview:large","max-video-preview":"max-video-preview:-1"},"canonical":"https:\/\/www.noticiasradioreflejos.com.ar\/2021\/atencion-sierra-de-la-ventana-sin-servicio-de-agua-corriente-hasta-la-noche\/","og_locale":"es_ES","og_type":"article","og_title":"Atenci\u00f3n: Sierra de la Ventana sin servicio de agua corriente hasta la noche. - Noticias Radio Reflejos","og_description":"Seg\u00fan informan a nuestra redacci\u00f3n desde Aguas Corrientes dependiente del Municipio de Tornquist, no podr\u00e1n restablecer el servicio hasta llegada la noche en la localidad, por la falta de energ\u00eda en el sector de las bombas impulsoras.","og_url":"https:\/\/www.noticiasradioreflejos.com.ar\/2021\/atencion-sierra-de-la-ventana-sin-servicio-de-agua-corriente-hasta-la-noche\/","og_site_name":"Noticias Radio Reflejos","article_published_time":"2023-12-17T14:42:50+00:00","article_modified_time":"2023-12-17T14:45:24+00:00","og_image":[{"width":630,"height":394,"url":"https:\/\/www.noticiasradioreflejos.com.ar\/2021\/wp-content\/uploads\/2022\/03\/Falta-de-agua.jpg","type":"image\/jpeg"}],"author":"Arnaldo Botto","twitter_card":"summary_large_image","schema":{"@context":"https:\/\/schema.org","@graph":[{"@type":"WebPage","@id":"https:\/\/www.noticiasradioreflejos.com.ar\/2021\/atencion-sierra-de-la-ventana-sin-servicio-de-agua-corriente-hasta-la-noche\/","url":"https:\/\/www.noticiasradioreflejos.com.ar\/2021\/atencion-sierra-de-la-ventana-sin-servicio-de-agua-corriente-hasta-la-noche\/","name":"Atenci\u00f3n: Sierra de la Ventana sin servicio de agua corriente hasta la noche. - Noticias Radio Reflejos","isPartOf":{"@id":"https:\/\/www.noticiasradioreflejos.com.ar\/2021\/#website"},"primaryImageOfPage":{"@id":"https:\/\/www.noticiasradioreflejos.com.ar\/2021\/atencion-sierra-de-la-ventana-sin-servicio-de-agua-corriente-hasta-la-noche\/#primaryimage"},"image":{"@id":"https:\/\/www.noticiasradioreflejos.com.ar\/2021\/atencion-sierra-de-la-ventana-sin-servicio-de-agua-corriente-hasta-la-noche\/#primaryimage"},"thumbnailUrl":"https:\/\/www.noticiasradioreflejos.com.ar\/2021\/wp-content\/uploads\/2022\/03\/Falta-de-agua.jpg","datePublished":"2023-12-17T14:42:50+00:00","dateModified":"2023-12-17T14:45:24+00:00","author":{"@id":"https:\/\/www.noticiasradioreflejos.com.ar\/2021\/#\/schema\/person\/ad82545263dcc5ec0996818884fd5fb1"},"breadcrumb":{"@id":"https:\/\/www.noticiasradioreflejos.com.ar\/2021\/atencion-sierra-de-la-ventana-sin-servicio-de-agua-corriente-hasta-la-noche\/#breadcrumb"},"inLanguage":"es","potentialAction":[{"@type":"ReadAction","target":["https:\/\/www.noticiasradioreflejos.com.ar\/2021\/atencion-sierra-de-la-ventana-sin-servicio-de-agua-corriente-hasta-la-noche\/"]}]},{"@type":"ImageObject","inLanguage":"es","@id":"https:\/\/www.noticiasradioreflejos.com.ar\/2021\/atencion-sierra-de-la-ventana-sin-servicio-de-agua-corriente-hasta-la-noche\/#primaryimage","url":"https:\/\/www.noticiasradioreflejos.com.ar\/2021\/wp-content\/uploads\/2022\/03\/Falta-de-agua.jpg","contentUrl":"https:\/\/www.noticiasradioreflejos.com.ar\/2021\/wp-content\/uploads\/2022\/03\/Falta-de-agua.jpg","width":630,"height":394},{"@type":"BreadcrumbList","@id":"https:\/\/www.noticiasradioreflejos.com.ar\/2021\/atencion-sierra-de-la-ventana-sin-servicio-de-agua-corriente-hasta-la-noche\/#breadcrumb","itemListElement":[{"@type":"ListItem","position":1,"name":"Portada","item":"https:\/\/www.noticiasradioreflejos.com.ar\/2021\/"},{"@type":"ListItem","position":2,"name":"Atenci\u00f3n: Sierra de la Ventana sin servicio de agua corriente hasta la noche."}]},{"@type":"WebSite","@id":"https:\/\/www.noticiasradioreflejos.com.ar\/2021\/#website","url":"https:\/\/www.noticiasradioreflejos.com.ar\/2021\/","name":"Noticias Radio Reflejos","description":"Las noticias de mi comarca","potentialAction":[{"@type":"SearchAction","target":{"@type":"EntryPoint","urlTemplate":"https:\/\/www.noticiasradioreflejos.com.ar\/2021\/?s={search_term_string}"},"query-input":{"@type":"PropertyValueSpecification","valueRequired":true,"valueName":"search_term_string"}}],"inLanguage":"es"},{"@type":"Person","@id":"https:\/\/www.noticiasradioreflejos.com.ar\/2021\/#\/schema\/person\/ad82545263dcc5ec0996818884fd5fb1","name":"Arnaldo Botto","image":{"@type":"ImageObject","inLanguage":"es","@id":"https:\/\/www.noticiasradioreflejos.com.ar\/2021\/#\/schema\/person\/image\/","url":"https:\/\/secure.gravatar.com\/avatar\/55cb5e37c1efa326397366e6974cb338056df65cb50e7d64d1cf314e87504837?s=96&d=mm&r=g","contentUrl":"https:\/\/secure.gravatar.com\/avatar\/55cb5e37c1efa326397366e6974cb338056df65cb50e7d64d1cf314e87504837?s=96&d=mm&r=g","caption":"Arnaldo Botto"},"url":"https:\/\/www.noticiasradioreflejos.com.ar\/2021\/author\/arnaldo\/"}]}},"_links":{"self":[{"href":"https:\/\/www.noticiasradioreflejos.com.ar\/2021\/wp-json\/wp\/v2\/posts\/96544","targetHints":{"allow":["GET"]}}],"collection":[{"href":"https:\/\/www.noticiasradioreflejos.com.ar\/2021\/wp-json\/wp\/v2\/posts"}],"about":[{"href":"https:\/\/www.noticiasradioreflejos.com.ar\/2021\/wp-json\/wp\/v2\/types\/post"}],"author":[{"embeddable":true,"href":"https:\/\/www.noticiasradioreflejos.com.ar\/2021\/wp-json\/wp\/v2\/users\/3"}],"replies":[{"embeddable":true,"href":"https:\/\/www.noticiasradioreflejos.com.ar\/2021\/wp-json\/wp\/v2\/comments?post=96544"}],"version-history":[{"count":4,"href":"https:\/\/www.noticiasradioreflejos.com.ar\/2021\/wp-json\/wp\/v2\/posts\/96544\/revisions"}],"predecessor-version":[{"id":96548,"href":"https:\/\/www.noticiasradioreflejos.com.ar\/2021\/wp-json\/wp\/v2\/posts\/96544\/revisions\/96548"}],"wp:featuredmedia":[{"embeddable":true,"href":"https:\/\/www.noticiasradioreflejos.com.ar\/2021\/wp-json\/wp\/v2\/media\/68827"}],"wp:attachment":[{"href":"https:\/\/www.noticiasradioreflejos.com.ar\/2021\/wp-json\/wp\/v2\/media?parent=96544"}],"wp:term":[{"taxonomy":"category","embeddable":true,"href":"https:\/\/www.noticiasradioreflejos.com.ar\/2021\/wp-json\/wp\/v2\/categories?post=96544"},{"taxonomy":"post_tag","embeddable":true,"href":"https:\/\/www.noticiasradioreflejos.com.ar\/2021\/wp-json\/wp\/v2\/tags?post=96544"}],"curies":[{"name":"wp","href":"https:\/\/api.w.org\/{rel}","templated":true}]}}