{"id":96539,"date":"2023-12-17T17:30:07","date_gmt":"2023-12-17T17:30:07","guid":{"rendered":"https:\/\/www.noticiasradioreflejos.com.ar\/2021\/?p=96539"},"modified":"2023-12-17T17:30:07","modified_gmt":"2023-12-17T17:30:07","slug":"sierra-villa-y-saldungaray-sufrieron-el-temporal-caida-de-plantas-postes-y-cortes-de-servicios","status":"publish","type":"post","link":"https:\/\/www.noticiasradioreflejos.com.ar\/2021\/sierra-villa-y-saldungaray-sufrieron-el-temporal-caida-de-plantas-postes-y-cortes-de-servicios\/","title":{"rendered":"Sierra, Villa y Saldungaray sufrieron el temporal, ca\u00edda de plantas, postes y cortes de servicios."},"content":{"rendered":"<p>El temporal que azot\u00f3 este s\u00e1bado a gran parte del sudoeste bonaerense dej\u00f3 serias secuelas en nuestra comarca, Las lluvias fueron abundantes con 50 mm de promedio y los vientos superaron los 90 kms\/h.<!--more--><\/p>\n<p>Minutos mas tarde de la cat\u00e1strofe en Bah\u00eda Blanca, el temporal lleg\u00f3 al Valle del Sauce Grande, con menor intensidad pero provocando serios da\u00f1os en todas las localidades.<\/p>\n<p><strong>Nuestra estaci\u00f3n meteorol\u00f3gica marc\u00f3 r\u00e1fagas de viento de 92 kms a las 19,47 horas del s\u00e1bado 16 de diciembre y minutos despu\u00e9s se desat\u00f3 la lluvia alcanzando los 40 mm en el centro de la localidad serrana.<\/strong><\/p>\n<p><a title=\"Entra la tormenta a Saldungaray\" href=\"https:\/\/www.flickr.com\/photos\/182279889@N02\/53403832845\/in\/dateposted-public\/\" data-flickr-embed=\"true\" data-footer=\"true\"><img loading=\"lazy\" decoding=\"async\" src=\"https:\/\/live.staticflickr.com\/31337\/53403832845_65fabe7e7f_o.jpg\" alt=\"Entra la tormenta a Saldungaray\" width=\"640\" height=\"362\" \/><\/a><script async src=\"\/\/embedr.flickr.com\/assets\/client-code.js\" charset=\"utf-8\"><\/script><br \/>\nSi bien los da\u00f1os sufridos fueron serios, no hubo que lamentar p\u00e9rdidas de viviendas o heridos.<br \/>\nDe acuerdo con los informes brindados a nuestro medio por los delegados municipales de Villa Ventana, Saldungaray y Sierra, los destrozos se centraron en \u00e1rboles, ramas ca\u00eddas, postes, cables y ocasionalmente algunas viviendas.<\/p>\n<p><iframe loading=\"lazy\" style=\"border: none; overflow: hidden;\" src=\"https:\/\/www.facebook.com\/plugins\/post.php?href=https%3A%2F%2Fwww.facebook.com%2Fpermalink.php%3Fstory_fbid%3Dpfbid0kdzttJJwAXG4zUbjhERqPHerfKjPPUwNFZYg4oSsWn7QnkH8hG3AFH9uMoKVGHyfl%26id%3D100091327519773&amp;show_text=true&amp;width=500\" width=\"500\" height=\"582\" frameborder=\"0\" scrolling=\"no\" allowfullscreen=\"allowfullscreen\"><\/iframe><br \/>\nLos cortes de servicios el\u00e9ctricos, de agua e internet, afectaban hasta este mediod\u00eda a un gran sector de la poblaci\u00f3n en Sierra de la Ventana.<\/p>\n<p>Desde horas tempranas de este domingo, en forma conjunta trabajan empleados de redes de Coopersive, Municipalidad y bomberos para despejar calles de \u00e1rboles ca\u00eddos, postes y cables que obstaculizan el transito. Adem\u00e1s, ayudan a vecinos que sufrieron la ca\u00edda de ramas y plantas dentro de sus domicilios y les impide circular o salir de sus propiedades.<\/p>\n<p>Se podr\u00edan contabilizar unas 60 0 70 intervenciones en el total de las tres localidades y las tareas llevar\u00e1n todo el d\u00eda de hoy y gran parte de la semana para poder despejar de troncos y ramas los ejidos urbanos de la comarca.<\/p>\n<h4>Testimonio de los delegados municipales<\/h4>\n<p><strong>\u00abDesde muy temprano se despejaron las calles y ahora se est\u00e1 haciendo, con lo que es m\u00e1s peligroso\u00bb Susana Dos Santos &#8211; Sierra de la Ventana<\/strong><\/p>\n<p>En un r\u00e1pido resumen de audio, Dos Santos nos informa sobre los movimientos que realiza su personal desde que comenz\u00f3 la emergencia. \u00abSierra de la ventana no sufri\u00f3 mayores da\u00f1os, por lo menos no da\u00f1os que tengamos que lamentar y da\u00f1os costosos de viviendas y dem\u00e1s, hay muchas ca\u00eddas de \u00e1rboles, de postes de telef\u00f3nica.\u00bb<\/p>\n<p>\u00abCooperativa El\u00e9ctrica que est\u00e1 haciendo un trabajo incre\u00edble, trabajando desde muy temprano con esta conexi\u00f3n que se hizo desde Tornquist\u00a0 y\u00a0 tambi\u00e9n una movida que hizo el intendente para ver de d\u00f3nde nos enganchamos para poder restablecer el tema de la luz y por consiguiente, del agua.\u00bb destac\u00f3.<\/p>\n<p>En referencia a las prioridades para enfrentar\u00a0 dijo: \u00abEstamos sacando lo principal que es para que pueda transitarse. Desde muy temprano se despejaron las calles y ahora se est\u00e1 haciendo, con lo que es m\u00e1s peligroso: \u00e1rboles que han quedado colgando, est\u00e1n cortando troncos.\u00bb<\/p>\n<p>Los trabajos continuaran ma\u00f1ana seg\u00fan dijo,\u00a0 y se dirigi\u00f3 a la comunidad para aclara: \u00abma\u00f1ana se va a hacer lo que es limpieza, hoy se est\u00e1 haciendo lo m\u00e1s urgente. As\u00ed que hay muchos que est\u00e1n sacando de sus terrenos los \u00e1rboles ca\u00eddos y dem\u00e1s a la vereda. Ma\u00f1ana pasaremos a recoger eso y haremos lo que es la limpieza.\u00bb<\/p>\n<p>Posteriormente destaca:\u00a0 \u00abGracias a Dios no tenemos contingencias que lamentar de gravedad, pedimos que por favor tengan en cuenta estos detalles. O sea, hoy ya sali\u00f3 el sol, no utilizar los espacios verdes hasta que no estemos seguros, as\u00ed que porque no se puede hacer todo el trabajo, hoy hay muchas ramas que quedaron colgando. Va a venir tambi\u00e9n arbolado pero hoy se est\u00e1 haciendo lo m\u00e1s urgente, as\u00ed que pedimos mucha precauci\u00f3n.\u00bb finaliza.<\/p>\n<p>&nbsp;<\/p>\n<p><iframe loading=\"lazy\" src=\"https:\/\/w.soundcloud.com\/player\/?url=https%3A\/\/api.soundcloud.com\/tracks\/1692689454&amp;color=%23ff5500&amp;auto_play=false&amp;hide_related=false&amp;show_comments=true&amp;show_user=true&amp;show_reposts=false&amp;show_teaser=true\" width=\"100%\" height=\"166\" frameborder=\"no\" scrolling=\"no\"><\/iframe><\/p>\n<div style=\"font-size: 10px; color: #cccccc; line-break: anywhere; word-break: normal; overflow: hidden; white-space: nowrap; text-overflow: ellipsis; font-family: Interstate,Lucida Grande,Lucida Sans Unicode,Lucida Sans,Garuda,Verdana,Tahoma,sans-serif; font-weight: 100;\"><a style=\"color: #cccccc; text-decoration: none;\" title=\"fmreflejos 103.7\" href=\"https:\/\/soundcloud.com\/fmreflejos-103-7\" target=\"_blank\" rel=\"noopener\">fmreflejos 103.7<\/a> \u00b7 <a style=\"color: #cccccc; text-decoration: none;\" title=\"Susana Dos Santos\" href=\"https:\/\/soundcloud.com\/fmreflejos-103-7\/susana-dos-santos-335522332\" target=\"_blank\" rel=\"noopener\">Susana Dos Santos<\/a><\/div>\n<h4><\/h4>\n<h4><strong>Florencia Testa &#8211; Villa Ventana<\/strong><\/h4>\n<p><strong>\u00bb No hubo mayores da\u00f1os m\u00e1s que los materiales, por ah\u00ed algunos \u00e1rboles ca\u00eddos, ramas por todos .\u00bb &#8211;\u00a0<\/strong><\/p>\n<p>La delegada de la localidad nos ofreci\u00f3 un panorama de los vivido tras el temporal y de que manera superan la situaci\u00f3n;\u00a0 \u00abEn la localidad de Villa Ventana se trat\u00f3 m\u00e1s que nada sobre la ca\u00edda de plantas desde los primeros momentos del temporal anoche, cerca de las 20 hs., que comenz\u00f3 con fuertes vientos. As\u00ed que sobre la ma\u00f1ana de hoy, personal municipal junto con bomberos voluntarios y personal de cooperativa el\u00e9ctrica, estuvieron abocados justamente a esto: correr las plantas, levantar los cables que hab\u00edan arrastrado y garantizar la circulaci\u00f3n en las calles.\u00bb detall\u00f3.<\/p>\n<p>&nbsp;<\/p>\n<p><a title=\"temporal en Villa Ventana (1)\" href=\"https:\/\/www.flickr.com\/photos\/182279889@N02\/53402742822\/in\/dateposted-public\/\" data-flickr-embed=\"true\" data-footer=\"true\"><img loading=\"lazy\" decoding=\"async\" src=\"https:\/\/live.staticflickr.com\/65535\/53402742822_0b7a4cfeca_c.jpg\" alt=\"temporal en Villa Ventana (1)\" width=\"800\" height=\"534\" \/><\/a><\/p>\n<p>Respecto a el servicio de agua potable nos dec\u00eda: <strong>\u00abnos vimos en la necesidad de realizar algunos cortes alternados, dado que el corte de energ\u00eda de la l\u00ednea de alta tensi\u00f3n que viene de Bah\u00eda Blanca,<\/strong> como de algunas l\u00edneas de media tensi\u00f3n en zonas de Sierra de la ventana, nos afectan el normal funcionamiento de las bombas. As\u00ed es que,<strong> a los fines de garantizar el servicio y evitar quedarnos sin agua en las cisternas, realizamos algunos cortes alternados.\u00bb<\/strong><\/p>\n<p>\u00abPor otro lado hubo bajas en algunas l\u00edneas telef\u00f3nicas, como por ejemplo de la Sala de Primeros Auxilios y el Destacamento Policial. As\u00ed que ah\u00ed estuvimos tambi\u00e9n brindando algunos n\u00fameros alternativos para que la gente pueda seguir comunic\u00e1ndose en casos de emergencia\u00bb Finaliz\u00f3.<\/p>\n<p>&nbsp;<\/p>\n<p><iframe loading=\"lazy\" src=\"https:\/\/w.soundcloud.com\/player\/?url=https%3A\/\/api.soundcloud.com\/tracks\/1692691392&amp;color=%23ff5500&amp;auto_play=false&amp;hide_related=false&amp;show_comments=true&amp;show_user=true&amp;show_reposts=false&amp;show_teaser=true\" width=\"100%\" height=\"166\" frameborder=\"no\" scrolling=\"no\"><\/iframe><\/p>\n<div style=\"font-size: 10px; color: #cccccc; line-break: anywhere; word-break: normal; overflow: hidden; white-space: nowrap; text-overflow: ellipsis; font-family: Interstate,Lucida Grande,Lucida Sans Unicode,Lucida Sans,Garuda,Verdana,Tahoma,sans-serif; font-weight: 100;\"><a style=\"color: #cccccc; text-decoration: none;\" title=\"fmreflejos 103.7\" href=\"https:\/\/soundcloud.com\/fmreflejos-103-7\" target=\"_blank\" rel=\"noopener\">fmreflejos 103.7<\/a> \u00b7 <a style=\"color: #cccccc; text-decoration: none;\" title=\"Florencia Testa\" href=\"https:\/\/soundcloud.com\/fmreflejos-103-7\/florencia-testa-1\" target=\"_blank\" rel=\"noopener\">Florencia Testa<\/a><\/div>\n<p><strong>\u00abNada que lamentar. Se cay\u00f3 un pared\u00f3n en la comisar\u00eda. Y despu\u00e9s no mucho m\u00e1s\u00bb\u00a0 &#8211; Gerardo Guillermo Rohlmann (Tiyo)<\/strong><\/p>\n<p>El <strong>delegado de Saldungaray<\/strong> dijo que se trabaja en forma conjunta con polic\u00edas y bomberos y parte de servicios urbanos.<\/p>\n<p>\u00abNo hubo mayores da\u00f1os m\u00e1s que los materiales, por ah\u00ed algunos \u00e1rboles ca\u00eddos, ramas por todos lados, pero bueno. Nada que lamentar. Se cay\u00f3 un pared\u00f3n en la comisar\u00eda. Y despu\u00e9s no mucho m\u00e1s.<br \/>\nArnaldo, estamos trabajando ahora (domingo) parte de servicios urbanos para dejar m\u00e1s o menos despejado todo lo que es ruta y parte del pueblo del centro. Estamos trabajando en esto en estos momentos, pero dentro de todo no son da\u00f1os significativos.<\/p>\n<p><iframe loading=\"lazy\" src=\"https:\/\/w.soundcloud.com\/player\/?url=https%3A\/\/api.soundcloud.com\/tracks\/1692690240&amp;color=%23ff5500&amp;auto_play=false&amp;hide_related=false&amp;show_comments=true&amp;show_user=true&amp;show_reposts=false&amp;show_teaser=true\" width=\"100%\" height=\"166\" frameborder=\"no\" scrolling=\"no\"><\/iframe><\/p>\n<div style=\"font-size: 10px; color: #cccccc; line-break: anywhere; word-break: normal; overflow: hidden; white-space: nowrap; text-overflow: ellipsis; font-family: Interstate,Lucida Grande,Lucida Sans Unicode,Lucida Sans,Garuda,Verdana,Tahoma,sans-serif; font-weight: 100;\"><a style=\"color: #cccccc; text-decoration: none;\" title=\"fmreflejos 103.7\" href=\"https:\/\/soundcloud.com\/fmreflejos-103-7\" target=\"_blank\" rel=\"noopener\">fmreflejos 103.7<\/a> \u00b7 <a style=\"color: #cccccc; text-decoration: none;\" title=\"Tiyo Rolmhann\" href=\"https:\/\/soundcloud.com\/fmreflejos-103-7\/tiyo-rolmhann\" target=\"_blank\" rel=\"noopener\">Tiyo Rolmhann<\/a><\/div>\n","protected":false},"excerpt":{"rendered":"<p>El temporal que azot\u00f3 este s\u00e1bado a gran parte del sudoeste bonaerense dej\u00f3 serias secuelas en nuestra comarca, Las lluvias fueron abundantes con 50 mm de promedio y los vientos superaron los 90 kms\/h.<\/p>\n","protected":false},"author":3,"featured_media":0,"comment_status":"closed","ping_status":"closed","sticky":false,"template":"","format":"standard","meta":{"footnotes":""},"categories":[46,28,26],"tags":[48],"class_list":["post-96539","post","type-post","status-publish","format-standard","hentry","category-ciencia-y-tecnologia","category-municipales","category-sociedad","tag-destacada"],"yoast_head":"<!-- This site is optimized with the Yoast SEO plugin v25.9 - https:\/\/yoast.com\/wordpress\/plugins\/seo\/ -->\n<title>Sierra, Villa y Saldungaray sufrieron el temporal, ca\u00edda de plantas, postes y cortes de servicios. - Noticias Radio Reflejos<\/title>\n<meta name=\"robots\" content=\"index, follow, max-snippet:-1, max-image-preview:large, max-video-preview:-1\" \/>\n<link rel=\"canonical\" href=\"https:\/\/www.noticiasradioreflejos.com.ar\/2021\/sierra-villa-y-saldungaray-sufrieron-el-temporal-caida-de-plantas-postes-y-cortes-de-servicios\/\" \/>\n<meta property=\"og:locale\" content=\"es_ES\" \/>\n<meta property=\"og:type\" content=\"article\" \/>\n<meta property=\"og:title\" content=\"Sierra, Villa y Saldungaray sufrieron el temporal, ca\u00edda de plantas, postes y cortes de servicios. - Noticias Radio Reflejos\" \/>\n<meta property=\"og:description\" content=\"El temporal que azot\u00f3 este s\u00e1bado a gran parte del sudoeste bonaerense dej\u00f3 serias secuelas en nuestra comarca, Las lluvias fueron abundantes con 50 mm de promedio y los vientos superaron los 90 kms\/h.\" \/>\n<meta property=\"og:url\" content=\"https:\/\/www.noticiasradioreflejos.com.ar\/2021\/sierra-villa-y-saldungaray-sufrieron-el-temporal-caida-de-plantas-postes-y-cortes-de-servicios\/\" \/>\n<meta property=\"og:site_name\" content=\"Noticias Radio Reflejos\" \/>\n<meta property=\"article:published_time\" content=\"2023-12-17T17:30:07+00:00\" \/>\n<meta property=\"og:image\" content=\"https:\/\/live.staticflickr.com\/31337\/53403832845_65fabe7e7f_o.jpg\" \/>\n<meta name=\"author\" content=\"Arnaldo Botto\" \/>\n<meta name=\"twitter:card\" content=\"summary_large_image\" \/>\n<script type=\"application\/ld+json\" class=\"yoast-schema-graph\">{\"@context\":\"https:\/\/schema.org\",\"@graph\":[{\"@type\":\"WebPage\",\"@id\":\"https:\/\/www.noticiasradioreflejos.com.ar\/2021\/sierra-villa-y-saldungaray-sufrieron-el-temporal-caida-de-plantas-postes-y-cortes-de-servicios\/\",\"url\":\"https:\/\/www.noticiasradioreflejos.com.ar\/2021\/sierra-villa-y-saldungaray-sufrieron-el-temporal-caida-de-plantas-postes-y-cortes-de-servicios\/\",\"name\":\"Sierra, Villa y Saldungaray sufrieron el temporal, ca\u00edda de plantas, postes y cortes de servicios. - Noticias Radio Reflejos\",\"isPartOf\":{\"@id\":\"https:\/\/www.noticiasradioreflejos.com.ar\/2021\/#website\"},\"primaryImageOfPage\":{\"@id\":\"https:\/\/www.noticiasradioreflejos.com.ar\/2021\/sierra-villa-y-saldungaray-sufrieron-el-temporal-caida-de-plantas-postes-y-cortes-de-servicios\/#primaryimage\"},\"image\":{\"@id\":\"https:\/\/www.noticiasradioreflejos.com.ar\/2021\/sierra-villa-y-saldungaray-sufrieron-el-temporal-caida-de-plantas-postes-y-cortes-de-servicios\/#primaryimage\"},\"thumbnailUrl\":\"https:\/\/live.staticflickr.com\/31337\/53403832845_65fabe7e7f_o.jpg\",\"datePublished\":\"2023-12-17T17:30:07+00:00\",\"author\":{\"@id\":\"https:\/\/www.noticiasradioreflejos.com.ar\/2021\/#\/schema\/person\/ad82545263dcc5ec0996818884fd5fb1\"},\"breadcrumb\":{\"@id\":\"https:\/\/www.noticiasradioreflejos.com.ar\/2021\/sierra-villa-y-saldungaray-sufrieron-el-temporal-caida-de-plantas-postes-y-cortes-de-servicios\/#breadcrumb\"},\"inLanguage\":\"es\",\"potentialAction\":[{\"@type\":\"ReadAction\",\"target\":[\"https:\/\/www.noticiasradioreflejos.com.ar\/2021\/sierra-villa-y-saldungaray-sufrieron-el-temporal-caida-de-plantas-postes-y-cortes-de-servicios\/\"]}]},{\"@type\":\"ImageObject\",\"inLanguage\":\"es\",\"@id\":\"https:\/\/www.noticiasradioreflejos.com.ar\/2021\/sierra-villa-y-saldungaray-sufrieron-el-temporal-caida-de-plantas-postes-y-cortes-de-servicios\/#primaryimage\",\"url\":\"https:\/\/live.staticflickr.com\/31337\/53403832845_65fabe7e7f_o.jpg\",\"contentUrl\":\"https:\/\/live.staticflickr.com\/31337\/53403832845_65fabe7e7f_o.jpg\"},{\"@type\":\"BreadcrumbList\",\"@id\":\"https:\/\/www.noticiasradioreflejos.com.ar\/2021\/sierra-villa-y-saldungaray-sufrieron-el-temporal-caida-de-plantas-postes-y-cortes-de-servicios\/#breadcrumb\",\"itemListElement\":[{\"@type\":\"ListItem\",\"position\":1,\"name\":\"Portada\",\"item\":\"https:\/\/www.noticiasradioreflejos.com.ar\/2021\/\"},{\"@type\":\"ListItem\",\"position\":2,\"name\":\"Sierra, Villa y Saldungaray sufrieron el temporal, ca\u00edda de plantas, postes y cortes de servicios.\"}]},{\"@type\":\"WebSite\",\"@id\":\"https:\/\/www.noticiasradioreflejos.com.ar\/2021\/#website\",\"url\":\"https:\/\/www.noticiasradioreflejos.com.ar\/2021\/\",\"name\":\"Noticias Radio Reflejos\",\"description\":\"Las noticias de mi comarca\",\"potentialAction\":[{\"@type\":\"SearchAction\",\"target\":{\"@type\":\"EntryPoint\",\"urlTemplate\":\"https:\/\/www.noticiasradioreflejos.com.ar\/2021\/?s={search_term_string}\"},\"query-input\":{\"@type\":\"PropertyValueSpecification\",\"valueRequired\":true,\"valueName\":\"search_term_string\"}}],\"inLanguage\":\"es\"},{\"@type\":\"Person\",\"@id\":\"https:\/\/www.noticiasradioreflejos.com.ar\/2021\/#\/schema\/person\/ad82545263dcc5ec0996818884fd5fb1\",\"name\":\"Arnaldo Botto\",\"image\":{\"@type\":\"ImageObject\",\"inLanguage\":\"es\",\"@id\":\"https:\/\/www.noticiasradioreflejos.com.ar\/2021\/#\/schema\/person\/image\/\",\"url\":\"https:\/\/secure.gravatar.com\/avatar\/55cb5e37c1efa326397366e6974cb338056df65cb50e7d64d1cf314e87504837?s=96&d=mm&r=g\",\"contentUrl\":\"https:\/\/secure.gravatar.com\/avatar\/55cb5e37c1efa326397366e6974cb338056df65cb50e7d64d1cf314e87504837?s=96&d=mm&r=g\",\"caption\":\"Arnaldo Botto\"},\"url\":\"https:\/\/www.noticiasradioreflejos.com.ar\/2021\/author\/arnaldo\/\"}]}<\/script>\n<!-- \/ Yoast SEO plugin. -->","yoast_head_json":{"title":"Sierra, Villa y Saldungaray sufrieron el temporal, ca\u00edda de plantas, postes y cortes de servicios. - Noticias Radio Reflejos","robots":{"index":"index","follow":"follow","max-snippet":"max-snippet:-1","max-image-preview":"max-image-preview:large","max-video-preview":"max-video-preview:-1"},"canonical":"https:\/\/www.noticiasradioreflejos.com.ar\/2021\/sierra-villa-y-saldungaray-sufrieron-el-temporal-caida-de-plantas-postes-y-cortes-de-servicios\/","og_locale":"es_ES","og_type":"article","og_title":"Sierra, Villa y Saldungaray sufrieron el temporal, ca\u00edda de plantas, postes y cortes de servicios. - Noticias Radio Reflejos","og_description":"El temporal que azot\u00f3 este s\u00e1bado a gran parte del sudoeste bonaerense dej\u00f3 serias secuelas en nuestra comarca, Las lluvias fueron abundantes con 50 mm de promedio y los vientos superaron los 90 kms\/h.","og_url":"https:\/\/www.noticiasradioreflejos.com.ar\/2021\/sierra-villa-y-saldungaray-sufrieron-el-temporal-caida-de-plantas-postes-y-cortes-de-servicios\/","og_site_name":"Noticias Radio Reflejos","article_published_time":"2023-12-17T17:30:07+00:00","og_image":[{"url":"https:\/\/live.staticflickr.com\/31337\/53403832845_65fabe7e7f_o.jpg","type":"","width":"","height":""}],"author":"Arnaldo Botto","twitter_card":"summary_large_image","schema":{"@context":"https:\/\/schema.org","@graph":[{"@type":"WebPage","@id":"https:\/\/www.noticiasradioreflejos.com.ar\/2021\/sierra-villa-y-saldungaray-sufrieron-el-temporal-caida-de-plantas-postes-y-cortes-de-servicios\/","url":"https:\/\/www.noticiasradioreflejos.com.ar\/2021\/sierra-villa-y-saldungaray-sufrieron-el-temporal-caida-de-plantas-postes-y-cortes-de-servicios\/","name":"Sierra, Villa y Saldungaray sufrieron el temporal, ca\u00edda de plantas, postes y cortes de servicios. - Noticias Radio Reflejos","isPartOf":{"@id":"https:\/\/www.noticiasradioreflejos.com.ar\/2021\/#website"},"primaryImageOfPage":{"@id":"https:\/\/www.noticiasradioreflejos.com.ar\/2021\/sierra-villa-y-saldungaray-sufrieron-el-temporal-caida-de-plantas-postes-y-cortes-de-servicios\/#primaryimage"},"image":{"@id":"https:\/\/www.noticiasradioreflejos.com.ar\/2021\/sierra-villa-y-saldungaray-sufrieron-el-temporal-caida-de-plantas-postes-y-cortes-de-servicios\/#primaryimage"},"thumbnailUrl":"https:\/\/live.staticflickr.com\/31337\/53403832845_65fabe7e7f_o.jpg","datePublished":"2023-12-17T17:30:07+00:00","author":{"@id":"https:\/\/www.noticiasradioreflejos.com.ar\/2021\/#\/schema\/person\/ad82545263dcc5ec0996818884fd5fb1"},"breadcrumb":{"@id":"https:\/\/www.noticiasradioreflejos.com.ar\/2021\/sierra-villa-y-saldungaray-sufrieron-el-temporal-caida-de-plantas-postes-y-cortes-de-servicios\/#breadcrumb"},"inLanguage":"es","potentialAction":[{"@type":"ReadAction","target":["https:\/\/www.noticiasradioreflejos.com.ar\/2021\/sierra-villa-y-saldungaray-sufrieron-el-temporal-caida-de-plantas-postes-y-cortes-de-servicios\/"]}]},{"@type":"ImageObject","inLanguage":"es","@id":"https:\/\/www.noticiasradioreflejos.com.ar\/2021\/sierra-villa-y-saldungaray-sufrieron-el-temporal-caida-de-plantas-postes-y-cortes-de-servicios\/#primaryimage","url":"https:\/\/live.staticflickr.com\/31337\/53403832845_65fabe7e7f_o.jpg","contentUrl":"https:\/\/live.staticflickr.com\/31337\/53403832845_65fabe7e7f_o.jpg"},{"@type":"BreadcrumbList","@id":"https:\/\/www.noticiasradioreflejos.com.ar\/2021\/sierra-villa-y-saldungaray-sufrieron-el-temporal-caida-de-plantas-postes-y-cortes-de-servicios\/#breadcrumb","itemListElement":[{"@type":"ListItem","position":1,"name":"Portada","item":"https:\/\/www.noticiasradioreflejos.com.ar\/2021\/"},{"@type":"ListItem","position":2,"name":"Sierra, Villa y Saldungaray sufrieron el temporal, ca\u00edda de plantas, postes y cortes de servicios."}]},{"@type":"WebSite","@id":"https:\/\/www.noticiasradioreflejos.com.ar\/2021\/#website","url":"https:\/\/www.noticiasradioreflejos.com.ar\/2021\/","name":"Noticias Radio Reflejos","description":"Las noticias de mi comarca","potentialAction":[{"@type":"SearchAction","target":{"@type":"EntryPoint","urlTemplate":"https:\/\/www.noticiasradioreflejos.com.ar\/2021\/?s={search_term_string}"},"query-input":{"@type":"PropertyValueSpecification","valueRequired":true,"valueName":"search_term_string"}}],"inLanguage":"es"},{"@type":"Person","@id":"https:\/\/www.noticiasradioreflejos.com.ar\/2021\/#\/schema\/person\/ad82545263dcc5ec0996818884fd5fb1","name":"Arnaldo Botto","image":{"@type":"ImageObject","inLanguage":"es","@id":"https:\/\/www.noticiasradioreflejos.com.ar\/2021\/#\/schema\/person\/image\/","url":"https:\/\/secure.gravatar.com\/avatar\/55cb5e37c1efa326397366e6974cb338056df65cb50e7d64d1cf314e87504837?s=96&d=mm&r=g","contentUrl":"https:\/\/secure.gravatar.com\/avatar\/55cb5e37c1efa326397366e6974cb338056df65cb50e7d64d1cf314e87504837?s=96&d=mm&r=g","caption":"Arnaldo Botto"},"url":"https:\/\/www.noticiasradioreflejos.com.ar\/2021\/author\/arnaldo\/"}]}},"_links":{"self":[{"href":"https:\/\/www.noticiasradioreflejos.com.ar\/2021\/wp-json\/wp\/v2\/posts\/96539","targetHints":{"allow":["GET"]}}],"collection":[{"href":"https:\/\/www.noticiasradioreflejos.com.ar\/2021\/wp-json\/wp\/v2\/posts"}],"about":[{"href":"https:\/\/www.noticiasradioreflejos.com.ar\/2021\/wp-json\/wp\/v2\/types\/post"}],"author":[{"embeddable":true,"href":"https:\/\/www.noticiasradioreflejos.com.ar\/2021\/wp-json\/wp\/v2\/users\/3"}],"replies":[{"embeddable":true,"href":"https:\/\/www.noticiasradioreflejos.com.ar\/2021\/wp-json\/wp\/v2\/comments?post=96539"}],"version-history":[{"count":2,"href":"https:\/\/www.noticiasradioreflejos.com.ar\/2021\/wp-json\/wp\/v2\/posts\/96539\/revisions"}],"predecessor-version":[{"id":96556,"href":"https:\/\/www.noticiasradioreflejos.com.ar\/2021\/wp-json\/wp\/v2\/posts\/96539\/revisions\/96556"}],"wp:attachment":[{"href":"https:\/\/www.noticiasradioreflejos.com.ar\/2021\/wp-json\/wp\/v2\/media?parent=96539"}],"wp:term":[{"taxonomy":"category","embeddable":true,"href":"https:\/\/www.noticiasradioreflejos.com.ar\/2021\/wp-json\/wp\/v2\/categories?post=96539"},{"taxonomy":"post_tag","embeddable":true,"href":"https:\/\/www.noticiasradioreflejos.com.ar\/2021\/wp-json\/wp\/v2\/tags?post=96539"}],"curies":[{"name":"wp","href":"https:\/\/api.w.org\/{rel}","templated":true}]}}