{"id":96534,"date":"2023-12-17T13:40:51","date_gmt":"2023-12-17T13:40:51","guid":{"rendered":"https:\/\/www.noticiasradioreflejos.com.ar\/2021\/?p=96534"},"modified":"2023-12-17T13:42:11","modified_gmt":"2023-12-17T13:42:11","slug":"catastrofico-temporal-azoto-a-bahia-blanca-dejo-13-victimas-fatales-evacuados-y-cortes-de-servicios","status":"publish","type":"post","link":"https:\/\/www.noticiasradioreflejos.com.ar\/2021\/catastrofico-temporal-azoto-a-bahia-blanca-dejo-13-victimas-fatales-evacuados-y-cortes-de-servicios\/","title":{"rendered":"Catastr\u00f3fico temporal azot\u00f3 a Bah\u00eda Blanca; dej\u00f3 13 v\u00edctimas fatales, evacuados y cortes de servicios-"},"content":{"rendered":"<header id=\"mvp-post-head\" class=\"left relative\">Se registran m\u00faltiples heridos por voladuras de techo, algunas de extrema gravedad. Se solicita a la poblaci\u00f3n permanecer a resguardo y centralizar las comunicaciones a trav\u00e9s del 911. Fotos y videos.<\/header>\n<p><!--more--><\/p>\n<div class=\"mvp-post-main-out left relative\">\n<div class=\"mvp-post-main-in\">\n<div id=\"mvp-post-content\" class=\"left relative\">\n<div id=\"mvp-post-feat-img\" class=\"left relative mvp-post-feat-img-wide2\"><img loading=\"lazy\" decoding=\"async\" class=\"attachment- size- wp-post-image\" src=\"https:\/\/www.labrujula24.com\/wp-content\/uploads\/2023\/12\/universitario2.jpg\" sizes=\"auto, (max-width: 1280px) 100vw, 1280px\" srcset=\"https:\/\/www.labrujula24.com\/wp-content\/uploads\/2023\/12\/universitario2.jpg 1280w, https:\/\/www.labrujula24.com\/wp-content\/uploads\/2023\/12\/universitario2-768x576.jpg 768w\" alt=\"\" width=\"1280\" height=\"960\" \/><\/div>\n<div id=\"mvp-content-wrap\" class=\"left relative\">\n<div class=\"mvp-post-soc-out right relative\">\n<div class=\"mvp-post-soc-in\">\n<div id=\"mvp-content-body\" class=\"left relative\">\n<div id=\"mvp-content-body-top\" class=\"left relative\">\n<div id=\"mvp-content-main\" class=\"left relative\">\n<div id=\"textbody\">\n<p>Un temporal de lluvia y viento azot\u00f3 a Bah\u00eda la tarde de este s\u00e1bado causando muertos, heridos y destrozos en toda la ciudad. Desde la Municipalidad se le pidi\u00f3 a la poblaci\u00f3n\u00a0<strong>mantenerse a resguardo y evitar circular por la v\u00eda p\u00fablica sin necesidad.<\/strong><\/p>\n<p>El evento de mayor complejidad se registra en el Club Bahiense del Norte donde se vol\u00f3 el techo, est\u00e1n trabajando equipos m\u00e9dicos y de defensa civil. Hoy muertos y heridos graves.<\/p>\n<p>Gran parte de la ciudad se encuentra sin electricidad y la compa\u00f1\u00eda est\u00e1 trabajando para reponer el servicio lo antes posible. Tambi\u00e9n hay fallas en la comunicaci\u00f3n de la red de telefon\u00eda celular.<\/p>\n<figure class=\"wp-block-image size-full is-resized\"><img loading=\"lazy\" decoding=\"async\" class=\"wp-image-339810\" src=\"https:\/\/www.labrujula24.com\/wp-content\/uploads\/2023\/12\/universitario-1.jpg\" sizes=\"auto, (max-width: 1280px) 100vw, 1280px\" srcset=\"https:\/\/www.labrujula24.com\/wp-content\/uploads\/2023\/12\/universitario-1.jpg 1280w, https:\/\/www.labrujula24.com\/wp-content\/uploads\/2023\/12\/universitario-1-768x576.jpg 768w\" alt=\"\" width=\"1280\" height=\"960\" \/><figcaption class=\"wp-element-caption\">Barrio Universitario<\/figcaption><\/figure>\n<figure class=\"wp-block-image size-full\"><img loading=\"lazy\" decoding=\"async\" class=\"wp-image-339835\" src=\"https:\/\/www.labrujula24.com\/wp-content\/uploads\/2023\/12\/Club-Tiro.jpg\" sizes=\"auto, (max-width: 1600px) 100vw, 1600px\" srcset=\"https:\/\/www.labrujula24.com\/wp-content\/uploads\/2023\/12\/Club-Tiro.jpg 1600w, https:\/\/www.labrujula24.com\/wp-content\/uploads\/2023\/12\/Club-Tiro-768x576.jpg 768w, https:\/\/www.labrujula24.com\/wp-content\/uploads\/2023\/12\/Club-Tiro-1536x1152.jpg 1536w\" alt=\"\" width=\"1600\" height=\"1200\" \/><figcaption class=\"wp-element-caption\">Club Tiro Federal<\/figcaption><\/figure>\n<figure class=\"wp-block-image size-full\"><img loading=\"lazy\" decoding=\"async\" class=\"wp-image-339804\" src=\"https:\/\/www.labrujula24.com\/wp-content\/uploads\/2023\/12\/Estudiantes-1.jpg\" sizes=\"auto, (max-width: 800px) 100vw, 800px\" srcset=\"https:\/\/www.labrujula24.com\/wp-content\/uploads\/2023\/12\/Estudiantes-1.jpg 800w, https:\/\/www.labrujula24.com\/wp-content\/uploads\/2023\/12\/Estudiantes-1-768x576.jpg 768w\" alt=\"\" width=\"800\" height=\"600\" \/><figcaption class=\"wp-element-caption\">Club Estudiantes<\/figcaption><\/figure>\n<p>A la redacci\u00f3n de\u00a0<strong>La Br\u00fajula 24<\/strong>\u00a0llegan reportes de casas que quedaron sin techo, \u00e1rboles y postes ca\u00eddos. Los equipos de emergencia se encuentran trabajando para atender a los afectados y se constituy\u00f3 un comit\u00e9 de crisis desde el Municipio.<\/p>\n<p>Los vecinos que requirieron ser evacuados fueron trasladados al Club Olimpo y al Dow Center. Hasta las 23, hab\u00eda un total de 89 personas a resguardo en dichos centros.<\/p>\n<h4>Comienzan a conocerse las identidades de los fallecidos<\/h4>\n<p>Todos se encontraban en el club Bahiense del Norte, mientras que se realizaba un evento de pat\u00edn, cuando sobrevino la tormenta.<\/p>\n<p><img decoding=\"async\" src=\"https:\/\/www.labrujula24.com\/wp-content\/uploads\/2023\/12\/Sin-titulo-2-4.jpg\" \/><\/p>\n<p>Fuentes oficiales del Comit\u00e9 de Crisis informaron que ya se pudieron conocer las identidades de algunas de las 13 personas fallecidas en la tarde de ayer como consecuencia del tr\u00e1gico temporal. Todos se encontraban en el Club Bahiense del Norte, en medio de un evento de pat\u00edn, cuando sobrevino el desastre.<\/p>\n<p>Hasta el momento se pudieron identificar nueve v\u00edctimas fatales. Ellos son: Barquero Juliana; Baldi Rub\u00e9n (menor de edad); Baldi Benicio; Contento Adriana Mar\u00eda; Nieto Norma Gladis; Rodriguez Mar\u00eda Laura; Duo Federico; Carrasco Diego. Los cuerpos de todos ellos se encuentran en la morgue del Hospital Penna.<\/p>\n<p>Cabe recordar que adem\u00e1s de las personas fallecidas, hay 14 heridos de gravedad internados en diversos hospitales de la ciudad.<\/p>\n<p>&nbsp;<\/p>\n<figure class=\"wp-block-image size-full is-resized\"><img loading=\"lazy\" decoding=\"async\" class=\"wp-image-339820\" src=\"https:\/\/www.labrujula24.com\/wp-content\/uploads\/2023\/12\/citroen.jpeg\" sizes=\"auto, (max-width: 1024px) 100vw, 1024px\" srcset=\"https:\/\/www.labrujula24.com\/wp-content\/uploads\/2023\/12\/citroen.jpeg 1024w, https:\/\/www.labrujula24.com\/wp-content\/uploads\/2023\/12\/citroen-768x432.jpeg 768w\" alt=\"\" width=\"1024\" height=\"576\" \/><figcaption class=\"wp-element-caption\">Da\u00f1os en la Concesionaria Citro\u00ebn<\/figcaption><\/figure>\n<p>&nbsp;<\/p>\n<figure class=\"wp-block-image size-full\"><img loading=\"lazy\" decoding=\"async\" class=\"wp-image-339836\" src=\"https:\/\/www.labrujula24.com\/wp-content\/uploads\/2023\/12\/Shell-de-Alem.jpg\" alt=\"\" width=\"720\" height=\"540\" \/><figcaption class=\"wp-element-caption\">Estaci\u00f3n de Servicio Shell de calle Alem<\/p>\n<p><strong>Fuente La Br\u00fajula 24<\/strong><\/p>\n","protected":false},"excerpt":{"rendered":"<p>Se registran m\u00faltiples heridos por voladuras de techo, algunas de extrema gravedad. Se solicita a la poblaci\u00f3n permanecer a resguardo y centralizar las comunicaciones a trav\u00e9s del 911. Fotos y videos.<\/p>\n","protected":false},"author":3,"featured_media":0,"comment_status":"closed","ping_status":"closed","sticky":false,"template":"","format":"standard","meta":{"footnotes":""},"categories":[26],"tags":[48],"class_list":["post-96534","post","type-post","status-publish","format-standard","hentry","category-sociedad","tag-destacada"],"yoast_head":"<!-- This site is optimized with the Yoast SEO plugin v25.9 - https:\/\/yoast.com\/wordpress\/plugins\/seo\/ -->\n<title>Catastr\u00f3fico temporal azot\u00f3 a Bah\u00eda Blanca; dej\u00f3 13 v\u00edctimas fatales, evacuados y cortes de servicios- Noticias Radio Reflejos<\/title>\n<meta name=\"robots\" content=\"index, follow, max-snippet:-1, max-image-preview:large, max-video-preview:-1\" \/>\n<link rel=\"canonical\" href=\"https:\/\/www.noticiasradioreflejos.com.ar\/2021\/catastrofico-temporal-azoto-a-bahia-blanca-dejo-13-victimas-fatales-evacuados-y-cortes-de-servicios\/\" \/>\n<meta property=\"og:locale\" content=\"es_ES\" \/>\n<meta property=\"og:type\" content=\"article\" \/>\n<meta property=\"og:title\" content=\"Catastr\u00f3fico temporal azot\u00f3 a Bah\u00eda Blanca; dej\u00f3 13 v\u00edctimas fatales, evacuados y cortes de servicios- Noticias Radio Reflejos\" \/>\n<meta property=\"og:description\" content=\"Se registran m\u00faltiples heridos por voladuras de techo, algunas de extrema gravedad. Se solicita a la poblaci\u00f3n permanecer a resguardo y centralizar las comunicaciones a trav\u00e9s del 911. Fotos y videos.\" \/>\n<meta property=\"og:url\" content=\"https:\/\/www.noticiasradioreflejos.com.ar\/2021\/catastrofico-temporal-azoto-a-bahia-blanca-dejo-13-victimas-fatales-evacuados-y-cortes-de-servicios\/\" \/>\n<meta property=\"og:site_name\" content=\"Noticias Radio Reflejos\" \/>\n<meta property=\"article:published_time\" content=\"2023-12-17T13:40:51+00:00\" \/>\n<meta property=\"article:modified_time\" content=\"2023-12-17T13:42:11+00:00\" \/>\n<meta property=\"og:image\" content=\"https:\/\/www.labrujula24.com\/wp-content\/uploads\/2023\/12\/universitario2.jpg\" \/>\n<meta name=\"author\" content=\"Arnaldo Botto\" \/>\n<meta name=\"twitter:card\" content=\"summary_large_image\" \/>\n<script type=\"application\/ld+json\" class=\"yoast-schema-graph\">{\"@context\":\"https:\/\/schema.org\",\"@graph\":[{\"@type\":\"WebPage\",\"@id\":\"https:\/\/www.noticiasradioreflejos.com.ar\/2021\/catastrofico-temporal-azoto-a-bahia-blanca-dejo-13-victimas-fatales-evacuados-y-cortes-de-servicios\/\",\"url\":\"https:\/\/www.noticiasradioreflejos.com.ar\/2021\/catastrofico-temporal-azoto-a-bahia-blanca-dejo-13-victimas-fatales-evacuados-y-cortes-de-servicios\/\",\"name\":\"Catastr\u00f3fico temporal azot\u00f3 a Bah\u00eda Blanca; dej\u00f3 13 v\u00edctimas fatales, evacuados y cortes de servicios- Noticias Radio Reflejos\",\"isPartOf\":{\"@id\":\"https:\/\/www.noticiasradioreflejos.com.ar\/2021\/#website\"},\"primaryImageOfPage\":{\"@id\":\"https:\/\/www.noticiasradioreflejos.com.ar\/2021\/catastrofico-temporal-azoto-a-bahia-blanca-dejo-13-victimas-fatales-evacuados-y-cortes-de-servicios\/#primaryimage\"},\"image\":{\"@id\":\"https:\/\/www.noticiasradioreflejos.com.ar\/2021\/catastrofico-temporal-azoto-a-bahia-blanca-dejo-13-victimas-fatales-evacuados-y-cortes-de-servicios\/#primaryimage\"},\"thumbnailUrl\":\"https:\/\/www.labrujula24.com\/wp-content\/uploads\/2023\/12\/universitario2.jpg\",\"datePublished\":\"2023-12-17T13:40:51+00:00\",\"dateModified\":\"2023-12-17T13:42:11+00:00\",\"author\":{\"@id\":\"https:\/\/www.noticiasradioreflejos.com.ar\/2021\/#\/schema\/person\/ad82545263dcc5ec0996818884fd5fb1\"},\"breadcrumb\":{\"@id\":\"https:\/\/www.noticiasradioreflejos.com.ar\/2021\/catastrofico-temporal-azoto-a-bahia-blanca-dejo-13-victimas-fatales-evacuados-y-cortes-de-servicios\/#breadcrumb\"},\"inLanguage\":\"es\",\"potentialAction\":[{\"@type\":\"ReadAction\",\"target\":[\"https:\/\/www.noticiasradioreflejos.com.ar\/2021\/catastrofico-temporal-azoto-a-bahia-blanca-dejo-13-victimas-fatales-evacuados-y-cortes-de-servicios\/\"]}]},{\"@type\":\"ImageObject\",\"inLanguage\":\"es\",\"@id\":\"https:\/\/www.noticiasradioreflejos.com.ar\/2021\/catastrofico-temporal-azoto-a-bahia-blanca-dejo-13-victimas-fatales-evacuados-y-cortes-de-servicios\/#primaryimage\",\"url\":\"https:\/\/www.labrujula24.com\/wp-content\/uploads\/2023\/12\/universitario2.jpg\",\"contentUrl\":\"https:\/\/www.labrujula24.com\/wp-content\/uploads\/2023\/12\/universitario2.jpg\"},{\"@type\":\"BreadcrumbList\",\"@id\":\"https:\/\/www.noticiasradioreflejos.com.ar\/2021\/catastrofico-temporal-azoto-a-bahia-blanca-dejo-13-victimas-fatales-evacuados-y-cortes-de-servicios\/#breadcrumb\",\"itemListElement\":[{\"@type\":\"ListItem\",\"position\":1,\"name\":\"Portada\",\"item\":\"https:\/\/www.noticiasradioreflejos.com.ar\/2021\/\"},{\"@type\":\"ListItem\",\"position\":2,\"name\":\"Catastr\u00f3fico temporal azot\u00f3 a Bah\u00eda Blanca; dej\u00f3 13 v\u00edctimas fatales, evacuados y cortes de servicios-\"}]},{\"@type\":\"WebSite\",\"@id\":\"https:\/\/www.noticiasradioreflejos.com.ar\/2021\/#website\",\"url\":\"https:\/\/www.noticiasradioreflejos.com.ar\/2021\/\",\"name\":\"Noticias Radio Reflejos\",\"description\":\"Las noticias de mi comarca\",\"potentialAction\":[{\"@type\":\"SearchAction\",\"target\":{\"@type\":\"EntryPoint\",\"urlTemplate\":\"https:\/\/www.noticiasradioreflejos.com.ar\/2021\/?s={search_term_string}\"},\"query-input\":{\"@type\":\"PropertyValueSpecification\",\"valueRequired\":true,\"valueName\":\"search_term_string\"}}],\"inLanguage\":\"es\"},{\"@type\":\"Person\",\"@id\":\"https:\/\/www.noticiasradioreflejos.com.ar\/2021\/#\/schema\/person\/ad82545263dcc5ec0996818884fd5fb1\",\"name\":\"Arnaldo Botto\",\"image\":{\"@type\":\"ImageObject\",\"inLanguage\":\"es\",\"@id\":\"https:\/\/www.noticiasradioreflejos.com.ar\/2021\/#\/schema\/person\/image\/\",\"url\":\"https:\/\/secure.gravatar.com\/avatar\/55cb5e37c1efa326397366e6974cb338056df65cb50e7d64d1cf314e87504837?s=96&d=mm&r=g\",\"contentUrl\":\"https:\/\/secure.gravatar.com\/avatar\/55cb5e37c1efa326397366e6974cb338056df65cb50e7d64d1cf314e87504837?s=96&d=mm&r=g\",\"caption\":\"Arnaldo Botto\"},\"url\":\"https:\/\/www.noticiasradioreflejos.com.ar\/2021\/author\/arnaldo\/\"}]}<\/script>\n<!-- \/ Yoast SEO plugin. -->","yoast_head_json":{"title":"Catastr\u00f3fico temporal azot\u00f3 a Bah\u00eda Blanca; dej\u00f3 13 v\u00edctimas fatales, evacuados y cortes de servicios- Noticias Radio Reflejos","robots":{"index":"index","follow":"follow","max-snippet":"max-snippet:-1","max-image-preview":"max-image-preview:large","max-video-preview":"max-video-preview:-1"},"canonical":"https:\/\/www.noticiasradioreflejos.com.ar\/2021\/catastrofico-temporal-azoto-a-bahia-blanca-dejo-13-victimas-fatales-evacuados-y-cortes-de-servicios\/","og_locale":"es_ES","og_type":"article","og_title":"Catastr\u00f3fico temporal azot\u00f3 a Bah\u00eda Blanca; dej\u00f3 13 v\u00edctimas fatales, evacuados y cortes de servicios- Noticias Radio Reflejos","og_description":"Se registran m\u00faltiples heridos por voladuras de techo, algunas de extrema gravedad. Se solicita a la poblaci\u00f3n permanecer a resguardo y centralizar las comunicaciones a trav\u00e9s del 911. Fotos y videos.","og_url":"https:\/\/www.noticiasradioreflejos.com.ar\/2021\/catastrofico-temporal-azoto-a-bahia-blanca-dejo-13-victimas-fatales-evacuados-y-cortes-de-servicios\/","og_site_name":"Noticias Radio Reflejos","article_published_time":"2023-12-17T13:40:51+00:00","article_modified_time":"2023-12-17T13:42:11+00:00","og_image":[{"url":"https:\/\/www.labrujula24.com\/wp-content\/uploads\/2023\/12\/universitario2.jpg","type":"","width":"","height":""}],"author":"Arnaldo Botto","twitter_card":"summary_large_image","schema":{"@context":"https:\/\/schema.org","@graph":[{"@type":"WebPage","@id":"https:\/\/www.noticiasradioreflejos.com.ar\/2021\/catastrofico-temporal-azoto-a-bahia-blanca-dejo-13-victimas-fatales-evacuados-y-cortes-de-servicios\/","url":"https:\/\/www.noticiasradioreflejos.com.ar\/2021\/catastrofico-temporal-azoto-a-bahia-blanca-dejo-13-victimas-fatales-evacuados-y-cortes-de-servicios\/","name":"Catastr\u00f3fico temporal azot\u00f3 a Bah\u00eda Blanca; dej\u00f3 13 v\u00edctimas fatales, evacuados y cortes de servicios- Noticias Radio Reflejos","isPartOf":{"@id":"https:\/\/www.noticiasradioreflejos.com.ar\/2021\/#website"},"primaryImageOfPage":{"@id":"https:\/\/www.noticiasradioreflejos.com.ar\/2021\/catastrofico-temporal-azoto-a-bahia-blanca-dejo-13-victimas-fatales-evacuados-y-cortes-de-servicios\/#primaryimage"},"image":{"@id":"https:\/\/www.noticiasradioreflejos.com.ar\/2021\/catastrofico-temporal-azoto-a-bahia-blanca-dejo-13-victimas-fatales-evacuados-y-cortes-de-servicios\/#primaryimage"},"thumbnailUrl":"https:\/\/www.labrujula24.com\/wp-content\/uploads\/2023\/12\/universitario2.jpg","datePublished":"2023-12-17T13:40:51+00:00","dateModified":"2023-12-17T13:42:11+00:00","author":{"@id":"https:\/\/www.noticiasradioreflejos.com.ar\/2021\/#\/schema\/person\/ad82545263dcc5ec0996818884fd5fb1"},"breadcrumb":{"@id":"https:\/\/www.noticiasradioreflejos.com.ar\/2021\/catastrofico-temporal-azoto-a-bahia-blanca-dejo-13-victimas-fatales-evacuados-y-cortes-de-servicios\/#breadcrumb"},"inLanguage":"es","potentialAction":[{"@type":"ReadAction","target":["https:\/\/www.noticiasradioreflejos.com.ar\/2021\/catastrofico-temporal-azoto-a-bahia-blanca-dejo-13-victimas-fatales-evacuados-y-cortes-de-servicios\/"]}]},{"@type":"ImageObject","inLanguage":"es","@id":"https:\/\/www.noticiasradioreflejos.com.ar\/2021\/catastrofico-temporal-azoto-a-bahia-blanca-dejo-13-victimas-fatales-evacuados-y-cortes-de-servicios\/#primaryimage","url":"https:\/\/www.labrujula24.com\/wp-content\/uploads\/2023\/12\/universitario2.jpg","contentUrl":"https:\/\/www.labrujula24.com\/wp-content\/uploads\/2023\/12\/universitario2.jpg"},{"@type":"BreadcrumbList","@id":"https:\/\/www.noticiasradioreflejos.com.ar\/2021\/catastrofico-temporal-azoto-a-bahia-blanca-dejo-13-victimas-fatales-evacuados-y-cortes-de-servicios\/#breadcrumb","itemListElement":[{"@type":"ListItem","position":1,"name":"Portada","item":"https:\/\/www.noticiasradioreflejos.com.ar\/2021\/"},{"@type":"ListItem","position":2,"name":"Catastr\u00f3fico temporal azot\u00f3 a Bah\u00eda Blanca; dej\u00f3 13 v\u00edctimas fatales, evacuados y cortes de servicios-"}]},{"@type":"WebSite","@id":"https:\/\/www.noticiasradioreflejos.com.ar\/2021\/#website","url":"https:\/\/www.noticiasradioreflejos.com.ar\/2021\/","name":"Noticias Radio Reflejos","description":"Las noticias de mi comarca","potentialAction":[{"@type":"SearchAction","target":{"@type":"EntryPoint","urlTemplate":"https:\/\/www.noticiasradioreflejos.com.ar\/2021\/?s={search_term_string}"},"query-input":{"@type":"PropertyValueSpecification","valueRequired":true,"valueName":"search_term_string"}}],"inLanguage":"es"},{"@type":"Person","@id":"https:\/\/www.noticiasradioreflejos.com.ar\/2021\/#\/schema\/person\/ad82545263dcc5ec0996818884fd5fb1","name":"Arnaldo Botto","image":{"@type":"ImageObject","inLanguage":"es","@id":"https:\/\/www.noticiasradioreflejos.com.ar\/2021\/#\/schema\/person\/image\/","url":"https:\/\/secure.gravatar.com\/avatar\/55cb5e37c1efa326397366e6974cb338056df65cb50e7d64d1cf314e87504837?s=96&d=mm&r=g","contentUrl":"https:\/\/secure.gravatar.com\/avatar\/55cb5e37c1efa326397366e6974cb338056df65cb50e7d64d1cf314e87504837?s=96&d=mm&r=g","caption":"Arnaldo Botto"},"url":"https:\/\/www.noticiasradioreflejos.com.ar\/2021\/author\/arnaldo\/"}]}},"_links":{"self":[{"href":"https:\/\/www.noticiasradioreflejos.com.ar\/2021\/wp-json\/wp\/v2\/posts\/96534","targetHints":{"allow":["GET"]}}],"collection":[{"href":"https:\/\/www.noticiasradioreflejos.com.ar\/2021\/wp-json\/wp\/v2\/posts"}],"about":[{"href":"https:\/\/www.noticiasradioreflejos.com.ar\/2021\/wp-json\/wp\/v2\/types\/post"}],"author":[{"embeddable":true,"href":"https:\/\/www.noticiasradioreflejos.com.ar\/2021\/wp-json\/wp\/v2\/users\/3"}],"replies":[{"embeddable":true,"href":"https:\/\/www.noticiasradioreflejos.com.ar\/2021\/wp-json\/wp\/v2\/comments?post=96534"}],"version-history":[{"count":3,"href":"https:\/\/www.noticiasradioreflejos.com.ar\/2021\/wp-json\/wp\/v2\/posts\/96534\/revisions"}],"predecessor-version":[{"id":96538,"href":"https:\/\/www.noticiasradioreflejos.com.ar\/2021\/wp-json\/wp\/v2\/posts\/96534\/revisions\/96538"}],"wp:attachment":[{"href":"https:\/\/www.noticiasradioreflejos.com.ar\/2021\/wp-json\/wp\/v2\/media?parent=96534"}],"wp:term":[{"taxonomy":"category","embeddable":true,"href":"https:\/\/www.noticiasradioreflejos.com.ar\/2021\/wp-json\/wp\/v2\/categories?post=96534"},{"taxonomy":"post_tag","embeddable":true,"href":"https:\/\/www.noticiasradioreflejos.com.ar\/2021\/wp-json\/wp\/v2\/tags?post=96534"}],"curies":[{"name":"wp","href":"https:\/\/api.w.org\/{rel}","templated":true}]}}