{"id":96527,"date":"2023-12-16T15:10:33","date_gmt":"2023-12-16T15:10:33","guid":{"rendered":"https:\/\/www.noticiasradioreflejos.com.ar\/2021\/?p=96527"},"modified":"2023-12-16T15:10:33","modified_gmt":"2023-12-16T15:10:33","slug":"provincia-adelanto-que-continuara-con-cuenta-dni","status":"publish","type":"post","link":"https:\/\/www.noticiasradioreflejos.com.ar\/2021\/provincia-adelanto-que-continuara-con-cuenta-dni\/","title":{"rendered":"Provincia adelant\u00f3 que continuar\u00e1 con cuenta DNI"},"content":{"rendered":"<header id=\"mvp-post-head\" class=\"left relative\">El Ministro de gobierno provincial indic\u00f3 qu\u00e9 ocurrir\u00e1 con la billetera virtual en 2024.<\/p>\n<div class=\"mvp-author-info-wrap left relative\">\n<div class=\"mvp-author-info-text left relative\">\n<div class=\"mvp-author-info-name left relative\">\n<div id=\"st-1\" class=\"sharethis-inline-share-buttons st-left st-lang-es  st-inline-share-buttons st-animated\">\n<div class=\"st-btn st-last\" data-network=\"sharethis\"><img loading=\"lazy\" decoding=\"async\" class=\"attachment- size- wp-post-image\" src=\"https:\/\/www.labrujula24.com\/wp-content\/uploads\/2023\/12\/cuenta-dni.jpg\" sizes=\"auto, (max-width: 1200px) 100vw, 1200px\" srcset=\"https:\/\/www.labrujula24.com\/wp-content\/uploads\/2023\/12\/cuenta-dni.jpg 1200w, https:\/\/www.labrujula24.com\/wp-content\/uploads\/2023\/12\/cuenta-dni-768x462.jpg 768w, https:\/\/www.labrujula24.com\/wp-content\/uploads\/2023\/12\/cuenta-dni-590x354.jpg 590w, https:\/\/www.labrujula24.com\/wp-content\/uploads\/2023\/12\/cuenta-dni-400x240.jpg 400w\" alt=\"\" width=\"1200\" height=\"722\" \/><\/div>\n<\/div>\n<\/div>\n<\/div>\n<\/div>\n<\/header>\n<p><!--more--><\/p>\n<div class=\"mvp-post-main-out left relative\">\n<div class=\"mvp-post-main-in\">\n<div id=\"mvp-post-content\" class=\"left relative\">\n<div id=\"mvp-content-wrap\" class=\"left relative\">\n<div class=\"mvp-post-soc-out right relative\">\n<div class=\"mvp-post-soc-in\">\n<div id=\"mvp-content-body\" class=\"left relative\">\n<div id=\"mvp-content-body-top\" class=\"left relative\">\n<div id=\"mvp-content-main\" class=\"left relative\">\n<div id=\"textbody\">\n<p>En las \u00faltimas horas, el ministro de Gobierno de la Provincia de Buenos Aires, Carlos Bianco, asegur\u00f3 que la billetera digital del Banco Provincia \u201cCuenta DNI\u201d, seguir\u00e1 vigente en el 2024.<\/p>\n<p>En di\u00e1logo con un medio radial, Bianco confirm\u00f3 que \u201cla cuenta DNI y nuestra pol\u00edtica\u00a0agresiva de descuentos va a seguir. Esto es una pol\u00edtica de Estado. Seguir\u00e1 existiendo. Van a ser absolutamente necesarios en este contexto\u201d.<\/p>\n<p>Vale recordar que la billetera digital es sin costo y hasta el momento es utilizada por m\u00e1s 8 millones de usuarios desde su lanzamiento en 2020.<\/p>\n<p>Seg\u00fan anunciaron, se mantendr\u00e1 vigente en todo el distrito bonaerense con descuentos y rebajas mensuales.<\/p>\n<p>\u201cEl rubro que m\u00e1s comercios incorpor\u00f3 desde marzo a noviembre fue carnicer\u00edas, granjas y pescader\u00edas, que creci\u00f3 156%. Cuando comenz\u00f3 el beneficio especial durante los fines de semana solo 3255 negocios de este segmento utilizaban la app, mientras que en noviembre ya son m\u00e1s de 8300\u201d, sintetizaron.<\/p>\n<p>Fuente: El D\u00eda<\/p>\n<\/div>\n<\/div>\n<\/div>\n<\/div>\n<\/div>\n<\/div>\n<\/div>\n<\/div>\n<\/div>\n<\/div>\n","protected":false},"excerpt":{"rendered":"<p>El Ministro de gobierno provincial indic\u00f3 qu\u00e9 ocurrir\u00e1 con la billetera virtual en 2024.<\/p>\n","protected":false},"author":3,"featured_media":0,"comment_status":"closed","ping_status":"closed","sticky":false,"template":"","format":"standard","meta":{"footnotes":""},"categories":[36,58],"tags":[],"class_list":["post-96527","post","type-post","status-publish","format-standard","hentry","category-economia","category-gobierno"],"yoast_head":"<!-- This site is optimized with the Yoast SEO plugin v25.9 - https:\/\/yoast.com\/wordpress\/plugins\/seo\/ -->\n<title>Provincia adelant\u00f3 que continuar\u00e1 con cuenta DNI - Noticias Radio Reflejos<\/title>\n<meta name=\"robots\" content=\"index, follow, max-snippet:-1, max-image-preview:large, max-video-preview:-1\" \/>\n<link rel=\"canonical\" href=\"https:\/\/www.noticiasradioreflejos.com.ar\/2021\/provincia-adelanto-que-continuara-con-cuenta-dni\/\" \/>\n<meta property=\"og:locale\" content=\"es_ES\" \/>\n<meta property=\"og:type\" content=\"article\" \/>\n<meta property=\"og:title\" content=\"Provincia adelant\u00f3 que continuar\u00e1 con cuenta DNI - Noticias Radio Reflejos\" \/>\n<meta property=\"og:description\" content=\"El Ministro de gobierno provincial indic\u00f3 qu\u00e9 ocurrir\u00e1 con la billetera virtual en 2024.\" \/>\n<meta property=\"og:url\" content=\"https:\/\/www.noticiasradioreflejos.com.ar\/2021\/provincia-adelanto-que-continuara-con-cuenta-dni\/\" \/>\n<meta property=\"og:site_name\" content=\"Noticias Radio Reflejos\" \/>\n<meta property=\"article:published_time\" content=\"2023-12-16T15:10:33+00:00\" \/>\n<meta property=\"og:image\" content=\"https:\/\/www.labrujula24.com\/wp-content\/uploads\/2023\/12\/cuenta-dni.jpg\" \/>\n<meta name=\"author\" content=\"Arnaldo Botto\" \/>\n<meta name=\"twitter:card\" content=\"summary_large_image\" \/>\n<script type=\"application\/ld+json\" class=\"yoast-schema-graph\">{\"@context\":\"https:\/\/schema.org\",\"@graph\":[{\"@type\":\"WebPage\",\"@id\":\"https:\/\/www.noticiasradioreflejos.com.ar\/2021\/provincia-adelanto-que-continuara-con-cuenta-dni\/\",\"url\":\"https:\/\/www.noticiasradioreflejos.com.ar\/2021\/provincia-adelanto-que-continuara-con-cuenta-dni\/\",\"name\":\"Provincia adelant\u00f3 que continuar\u00e1 con cuenta DNI - Noticias Radio Reflejos\",\"isPartOf\":{\"@id\":\"https:\/\/www.noticiasradioreflejos.com.ar\/2021\/#website\"},\"primaryImageOfPage\":{\"@id\":\"https:\/\/www.noticiasradioreflejos.com.ar\/2021\/provincia-adelanto-que-continuara-con-cuenta-dni\/#primaryimage\"},\"image\":{\"@id\":\"https:\/\/www.noticiasradioreflejos.com.ar\/2021\/provincia-adelanto-que-continuara-con-cuenta-dni\/#primaryimage\"},\"thumbnailUrl\":\"https:\/\/www.labrujula24.com\/wp-content\/uploads\/2023\/12\/cuenta-dni.jpg\",\"datePublished\":\"2023-12-16T15:10:33+00:00\",\"author\":{\"@id\":\"https:\/\/www.noticiasradioreflejos.com.ar\/2021\/#\/schema\/person\/ad82545263dcc5ec0996818884fd5fb1\"},\"breadcrumb\":{\"@id\":\"https:\/\/www.noticiasradioreflejos.com.ar\/2021\/provincia-adelanto-que-continuara-con-cuenta-dni\/#breadcrumb\"},\"inLanguage\":\"es\",\"potentialAction\":[{\"@type\":\"ReadAction\",\"target\":[\"https:\/\/www.noticiasradioreflejos.com.ar\/2021\/provincia-adelanto-que-continuara-con-cuenta-dni\/\"]}]},{\"@type\":\"ImageObject\",\"inLanguage\":\"es\",\"@id\":\"https:\/\/www.noticiasradioreflejos.com.ar\/2021\/provincia-adelanto-que-continuara-con-cuenta-dni\/#primaryimage\",\"url\":\"https:\/\/www.labrujula24.com\/wp-content\/uploads\/2023\/12\/cuenta-dni.jpg\",\"contentUrl\":\"https:\/\/www.labrujula24.com\/wp-content\/uploads\/2023\/12\/cuenta-dni.jpg\"},{\"@type\":\"BreadcrumbList\",\"@id\":\"https:\/\/www.noticiasradioreflejos.com.ar\/2021\/provincia-adelanto-que-continuara-con-cuenta-dni\/#breadcrumb\",\"itemListElement\":[{\"@type\":\"ListItem\",\"position\":1,\"name\":\"Portada\",\"item\":\"https:\/\/www.noticiasradioreflejos.com.ar\/2021\/\"},{\"@type\":\"ListItem\",\"position\":2,\"name\":\"Provincia adelant\u00f3 que continuar\u00e1 con cuenta DNI\"}]},{\"@type\":\"WebSite\",\"@id\":\"https:\/\/www.noticiasradioreflejos.com.ar\/2021\/#website\",\"url\":\"https:\/\/www.noticiasradioreflejos.com.ar\/2021\/\",\"name\":\"Noticias Radio Reflejos\",\"description\":\"Las noticias de mi comarca\",\"potentialAction\":[{\"@type\":\"SearchAction\",\"target\":{\"@type\":\"EntryPoint\",\"urlTemplate\":\"https:\/\/www.noticiasradioreflejos.com.ar\/2021\/?s={search_term_string}\"},\"query-input\":{\"@type\":\"PropertyValueSpecification\",\"valueRequired\":true,\"valueName\":\"search_term_string\"}}],\"inLanguage\":\"es\"},{\"@type\":\"Person\",\"@id\":\"https:\/\/www.noticiasradioreflejos.com.ar\/2021\/#\/schema\/person\/ad82545263dcc5ec0996818884fd5fb1\",\"name\":\"Arnaldo Botto\",\"image\":{\"@type\":\"ImageObject\",\"inLanguage\":\"es\",\"@id\":\"https:\/\/www.noticiasradioreflejos.com.ar\/2021\/#\/schema\/person\/image\/\",\"url\":\"https:\/\/secure.gravatar.com\/avatar\/55cb5e37c1efa326397366e6974cb338056df65cb50e7d64d1cf314e87504837?s=96&d=mm&r=g\",\"contentUrl\":\"https:\/\/secure.gravatar.com\/avatar\/55cb5e37c1efa326397366e6974cb338056df65cb50e7d64d1cf314e87504837?s=96&d=mm&r=g\",\"caption\":\"Arnaldo Botto\"},\"url\":\"https:\/\/www.noticiasradioreflejos.com.ar\/2021\/author\/arnaldo\/\"}]}<\/script>\n<!-- \/ Yoast SEO plugin. -->","yoast_head_json":{"title":"Provincia adelant\u00f3 que continuar\u00e1 con cuenta DNI - Noticias Radio Reflejos","robots":{"index":"index","follow":"follow","max-snippet":"max-snippet:-1","max-image-preview":"max-image-preview:large","max-video-preview":"max-video-preview:-1"},"canonical":"https:\/\/www.noticiasradioreflejos.com.ar\/2021\/provincia-adelanto-que-continuara-con-cuenta-dni\/","og_locale":"es_ES","og_type":"article","og_title":"Provincia adelant\u00f3 que continuar\u00e1 con cuenta DNI - Noticias Radio Reflejos","og_description":"El Ministro de gobierno provincial indic\u00f3 qu\u00e9 ocurrir\u00e1 con la billetera virtual en 2024.","og_url":"https:\/\/www.noticiasradioreflejos.com.ar\/2021\/provincia-adelanto-que-continuara-con-cuenta-dni\/","og_site_name":"Noticias Radio Reflejos","article_published_time":"2023-12-16T15:10:33+00:00","og_image":[{"url":"https:\/\/www.labrujula24.com\/wp-content\/uploads\/2023\/12\/cuenta-dni.jpg","type":"","width":"","height":""}],"author":"Arnaldo Botto","twitter_card":"summary_large_image","schema":{"@context":"https:\/\/schema.org","@graph":[{"@type":"WebPage","@id":"https:\/\/www.noticiasradioreflejos.com.ar\/2021\/provincia-adelanto-que-continuara-con-cuenta-dni\/","url":"https:\/\/www.noticiasradioreflejos.com.ar\/2021\/provincia-adelanto-que-continuara-con-cuenta-dni\/","name":"Provincia adelant\u00f3 que continuar\u00e1 con cuenta DNI - Noticias Radio Reflejos","isPartOf":{"@id":"https:\/\/www.noticiasradioreflejos.com.ar\/2021\/#website"},"primaryImageOfPage":{"@id":"https:\/\/www.noticiasradioreflejos.com.ar\/2021\/provincia-adelanto-que-continuara-con-cuenta-dni\/#primaryimage"},"image":{"@id":"https:\/\/www.noticiasradioreflejos.com.ar\/2021\/provincia-adelanto-que-continuara-con-cuenta-dni\/#primaryimage"},"thumbnailUrl":"https:\/\/www.labrujula24.com\/wp-content\/uploads\/2023\/12\/cuenta-dni.jpg","datePublished":"2023-12-16T15:10:33+00:00","author":{"@id":"https:\/\/www.noticiasradioreflejos.com.ar\/2021\/#\/schema\/person\/ad82545263dcc5ec0996818884fd5fb1"},"breadcrumb":{"@id":"https:\/\/www.noticiasradioreflejos.com.ar\/2021\/provincia-adelanto-que-continuara-con-cuenta-dni\/#breadcrumb"},"inLanguage":"es","potentialAction":[{"@type":"ReadAction","target":["https:\/\/www.noticiasradioreflejos.com.ar\/2021\/provincia-adelanto-que-continuara-con-cuenta-dni\/"]}]},{"@type":"ImageObject","inLanguage":"es","@id":"https:\/\/www.noticiasradioreflejos.com.ar\/2021\/provincia-adelanto-que-continuara-con-cuenta-dni\/#primaryimage","url":"https:\/\/www.labrujula24.com\/wp-content\/uploads\/2023\/12\/cuenta-dni.jpg","contentUrl":"https:\/\/www.labrujula24.com\/wp-content\/uploads\/2023\/12\/cuenta-dni.jpg"},{"@type":"BreadcrumbList","@id":"https:\/\/www.noticiasradioreflejos.com.ar\/2021\/provincia-adelanto-que-continuara-con-cuenta-dni\/#breadcrumb","itemListElement":[{"@type":"ListItem","position":1,"name":"Portada","item":"https:\/\/www.noticiasradioreflejos.com.ar\/2021\/"},{"@type":"ListItem","position":2,"name":"Provincia adelant\u00f3 que continuar\u00e1 con cuenta DNI"}]},{"@type":"WebSite","@id":"https:\/\/www.noticiasradioreflejos.com.ar\/2021\/#website","url":"https:\/\/www.noticiasradioreflejos.com.ar\/2021\/","name":"Noticias Radio Reflejos","description":"Las noticias de mi comarca","potentialAction":[{"@type":"SearchAction","target":{"@type":"EntryPoint","urlTemplate":"https:\/\/www.noticiasradioreflejos.com.ar\/2021\/?s={search_term_string}"},"query-input":{"@type":"PropertyValueSpecification","valueRequired":true,"valueName":"search_term_string"}}],"inLanguage":"es"},{"@type":"Person","@id":"https:\/\/www.noticiasradioreflejos.com.ar\/2021\/#\/schema\/person\/ad82545263dcc5ec0996818884fd5fb1","name":"Arnaldo Botto","image":{"@type":"ImageObject","inLanguage":"es","@id":"https:\/\/www.noticiasradioreflejos.com.ar\/2021\/#\/schema\/person\/image\/","url":"https:\/\/secure.gravatar.com\/avatar\/55cb5e37c1efa326397366e6974cb338056df65cb50e7d64d1cf314e87504837?s=96&d=mm&r=g","contentUrl":"https:\/\/secure.gravatar.com\/avatar\/55cb5e37c1efa326397366e6974cb338056df65cb50e7d64d1cf314e87504837?s=96&d=mm&r=g","caption":"Arnaldo Botto"},"url":"https:\/\/www.noticiasradioreflejos.com.ar\/2021\/author\/arnaldo\/"}]}},"_links":{"self":[{"href":"https:\/\/www.noticiasradioreflejos.com.ar\/2021\/wp-json\/wp\/v2\/posts\/96527","targetHints":{"allow":["GET"]}}],"collection":[{"href":"https:\/\/www.noticiasradioreflejos.com.ar\/2021\/wp-json\/wp\/v2\/posts"}],"about":[{"href":"https:\/\/www.noticiasradioreflejos.com.ar\/2021\/wp-json\/wp\/v2\/types\/post"}],"author":[{"embeddable":true,"href":"https:\/\/www.noticiasradioreflejos.com.ar\/2021\/wp-json\/wp\/v2\/users\/3"}],"replies":[{"embeddable":true,"href":"https:\/\/www.noticiasradioreflejos.com.ar\/2021\/wp-json\/wp\/v2\/comments?post=96527"}],"version-history":[{"count":1,"href":"https:\/\/www.noticiasradioreflejos.com.ar\/2021\/wp-json\/wp\/v2\/posts\/96527\/revisions"}],"predecessor-version":[{"id":96528,"href":"https:\/\/www.noticiasradioreflejos.com.ar\/2021\/wp-json\/wp\/v2\/posts\/96527\/revisions\/96528"}],"wp:attachment":[{"href":"https:\/\/www.noticiasradioreflejos.com.ar\/2021\/wp-json\/wp\/v2\/media?parent=96527"}],"wp:term":[{"taxonomy":"category","embeddable":true,"href":"https:\/\/www.noticiasradioreflejos.com.ar\/2021\/wp-json\/wp\/v2\/categories?post=96527"},{"taxonomy":"post_tag","embeddable":true,"href":"https:\/\/www.noticiasradioreflejos.com.ar\/2021\/wp-json\/wp\/v2\/tags?post=96527"}],"curies":[{"name":"wp","href":"https:\/\/api.w.org\/{rel}","templated":true}]}}