{"id":96521,"date":"2023-12-16T15:07:14","date_gmt":"2023-12-16T15:07:14","guid":{"rendered":"https:\/\/www.noticiasradioreflejos.com.ar\/2021\/?p=96521"},"modified":"2023-12-16T15:07:14","modified_gmt":"2023-12-16T15:07:14","slug":"alerta-por-tormentas-fuertes-para-seis-provincias-del-centro-y-este-del-pais","status":"publish","type":"post","link":"https:\/\/www.noticiasradioreflejos.com.ar\/2021\/alerta-por-tormentas-fuertes-para-seis-provincias-del-centro-y-este-del-pais\/","title":{"rendered":"Alerta por tormentas fuertes para seis provincias del centro y este del pa\u00eds"},"content":{"rendered":"<div class=\"wrapper-header\">\n<div class=\"container-xl\">\n<div class=\"row\">\n<div class=\"col-12\">\n<div class=\"head-content mb-4\">\n<p class=\"speak\">Es para zonas de C\u00f3rdoba, San Luis, La Pampa, R\u00edo Negro, Santa Fe y Buenos Aires. Rige otra advertencia por viento Zonda para Mendoza y San Juan. En nuestra regi\u00f3n rige alerta naranja.<\/p>\n<\/div>\n<\/div>\n<\/div>\n<\/div>\n<\/div>\n<p><!--more--><\/p>\n<div class=\"wrapper-editable-content\">\n<div class=\"wrapper-editable-content\">\n<div class=\"container-md\">\n<div class=\"row\">\n<div class=\"col-md-12 speak\">\n<div class=\"paragraph\">\n<figure class=\"mb-3\"><img decoding=\"async\" class=\" lazy \" src=\"https:\/\/www.telam.com.ar\/thumbs\/bluesteel\/advf\/imagenes\/2022\/03\/6225fc1575cba_1200.jpg\" alt=\"El Servicio Meteorolgico Nacional emiti alertas de nivel naranja y amarillo por tormentas\" width=\"100%\" height=\"100%\" \/><\/p>\n<div class=\"media-icons\">El Servicio Meteorol\u00f3gico Nacional emiti\u00f3 alertas de nivel naranja y amarillo por tormentas.<\/div>\n<\/figure>\n<p>El organismo indic\u00f3 que a excepci\u00f3n del conurbano bonaerense y zonas aleda\u00f1as, la provincia de Buenos Aires est\u00e1 bajo alerta naranja por tormentas en la costa de Patagones, norte de Bah\u00eda Blanca, oeste de Patagones y de Villarino, P\u00faan, la zona baja de Coronel Pringles, Coronel Su\u00e1rez, Saavedra y Tornquist.<\/p><\/div>\n<div><\/div>\n<div><b>El aviso meteorol\u00f3gico es a muy corto plazo n\u00b04060 para\u00a0 CNEL SUAREZ &#8211; PUAN &#8211; SAAVEDRA \u2013 TORNQUIST por tormentas fuertes con lluvias intensas y ocasional ca\u00edda de granizo. validez dos (2) horas posteriores a la emisi\u00f3n.\u00a0 FUENTE SMN.-<\/b><\/div>\n<\/div>\n<\/div>\n<div>El Servicio Meteorol\u00f3gico Nacional (SMN) emiti\u00f3 alertas de nivel naranja y amarillo por tormentas para zonas de las provincias de C\u00f3rdoba, San Luis, La Pampa, R\u00edo Negro, Santa Fe y Buenos Aires; otro del mismo nivel por viento Zonda para Mendoza y San Juan.<\/div>\n<div class=\"row\">\n<div class=\"col-md-12 speak\">\n<div class=\"paragraph\">\nSeg\u00fan el informe del organismo, en C\u00f3rdoba el <strong>alerta naranja por tormentas\u00a0<\/strong>afecta a las localidades de Ju\u00e1rez Celman, zona baja de R\u00edo Cuarto, General Roca y Presidente Roque S\u00e1enz Pe\u00f1a; mientras que el\u00a0<strong>alerta amarillo<\/strong>\u00a0es para General San Mart\u00edn, Marcos Ju\u00e1rez, Uni\u00f3n, y la zona serrana de Calamuchita y R\u00edo Cuarto.<\/p>\n<p>En San Luis, la mitad de la provincia esta bajo alerta naranja, en Gobernador Dupuy y la zona baja de Coronel Pringles y de General Pedernera; y la parte amarillo es para la zona baja de Ayacucho, de Belgrano, de Juan Mart\u00edn de Pueyrred\u00f3n, de Chacabuco, de Jun\u00edn y de Libertador General San Mart\u00edn.<\/p>\n<p>Con respecto a La Pampa, el SMN indic\u00f3 que las localidades de Chapaleuf\u00fa, Marac\u00f3, Rancul, Realic\u00f3, Trenel, Atreuc\u00f3, Capital, Catril\u00f3, Conhelo, Guatrach\u00e9, Quem\u00fa Quem\u00fa, Toay, Utrac\u00e1n, Caleu Caleu, Hucal, Curac\u00f3, Lihuel Calel, Chalileo, Limay Mahuida y Loventu\u00e9 est\u00e1n bajo alerta naranja; ,mientras que en Chical Co y Puel\u00e9n rige el aleta amarillo por tormentas.<\/p>\n<p>En R\u00edo Negro, el alerta naranja afecta la zona de Avellaneda, Pichi Mahuida, Conesa, la meseta de Adolfo Alsina, de San Antonio y Valcheta; mientras que por nivel amarillo est\u00e1 en alerta la costa de San Antonio.<\/p>\n<p>Sobre la provincia de Santa Fe se inform\u00f3 que solo hay alerta naranja por tormentas en las localidades de Caseros y General L\u00f3pez.<\/p>\n<p>Tambi\u00e9n la zona de Ayacucho, Balcarce, General Guido, Maip\u00fa, el noroeste de General Juan Madariaga y de Mar Chiquita, oeste de General Pueyrred\u00f3n, Alberti, Bragado, Chivilcoy, General Viamonte y Nueve de Julio.<\/p>\n<p>Este alerta tambi\u00e9n es para la zona de Veinticinco de Mayo, Adolfo Alsina, Daireaux, Guamin\u00ed, Pellegrini, Salliquel\u00f3, Trenque Lauquen, Tres Lomas, General La Madrid, Laprida, Olavarr\u00eda, Florentino Ameghino, General Villegas y Rivadavia.<\/p>\n<p>En tanto, el alerta amarillo por tormentas alcanza los partidos bonaerenses de Arrecifes, Capit\u00e1n Sarmiento, Carmen de Areco, Chacabuco, Col\u00f3n, General Arenales, General Pinto, Jun\u00edn, Leandro N. Alem, Lincoln, Rojas, Pergamino y Salto.<\/p>\n<p>El alerta \u00abNaranja\u00bb precisa que \u00abel \u00e1rea ser\u00e1 afectada por lluvias y tormentas, algunas localmente fuertes o severas, que se espera que las mismas est\u00e9n acompa\u00f1adas por r\u00e1fagas intensas, ca\u00edda de granizo de diversos tama\u00f1os, actividad el\u00e9ctrica, y principalmente abundante ca\u00edda de agua\u00bb.<\/p>\n<p>\u00abSe prev\u00e9n valores de precipitaci\u00f3n acumulada entre 40 y 100 mm, pudiendo ser superados en forma puntual\u00bb, indic\u00f3 el organismo.<\/p>\n<p>Sobre el nivel amarillo, el SMN dijo que el \u00e1rea tambi\u00e9n ser\u00e1 afectada lluvias y tormentas de variada intensidad, algunas localmente fuertes. Las mismas estar\u00e1n acompa\u00f1adas por r\u00e1fagas intensas, fuerte actividad el\u00e9ctrica, ocasional ca\u00edda de granizo, y abundante ca\u00edda de agua en cortos per\u00edodos de tiempo.<\/p>\n<p>\u00abSe estiman valores de precipitaci\u00f3n acumulada entre 20 y 40 mm, pudiendo ser superados de forma puntual\u00bb, concluyeron.<\/p>\n<p>Sobre el\u00a0<strong>alerta de nivel naranja por viento Zonda<\/strong>, el organismo meteorol\u00f3gico se\u00f1al\u00f3 que es para precordillera de Iglesia, de J\u00e1chal, de Coronel Felipe Varela y de General Lamadrid, en la provincia de San Juan; as\u00ed como para la zona baja de Malarg\u00fce, en Mendoza.<\/p>\n<p>\u00abEl \u00e1rea podr\u00e1 ser afectada por viento Zonda fuerte, con una intensidad entre 35 y 55 kil\u00f3metros por hora y r\u00e1fagas que podr\u00edan superar localmente los 100 km\/h. Este fen\u00f3meno puede provocar reducci\u00f3n significativa de la visibilidad, un repentino aumento de temperaturas y condiciones de muy baja humedad relativa\u00bb, concluy\u00f3 el SMN.<\/p><\/div>\n<\/div>\n<\/div>\n<\/div>\n<\/div>\n<\/div>\n","protected":false},"excerpt":{"rendered":"<p>Es para zonas de C\u00f3rdoba, San Luis, La Pampa, R\u00edo Negro, Santa Fe y Buenos Aires. Rige otra advertencia por viento Zonda para Mendoza y San Juan. En nuestra regi\u00f3n rige alerta naranja.<\/p>\n","protected":false},"author":3,"featured_media":0,"comment_status":"closed","ping_status":"closed","sticky":false,"template":"","format":"standard","meta":{"footnotes":""},"categories":[46],"tags":[48],"class_list":["post-96521","post","type-post","status-publish","format-standard","hentry","category-ciencia-y-tecnologia","tag-destacada"],"yoast_head":"<!-- This site is optimized with the Yoast SEO plugin v25.9 - https:\/\/yoast.com\/wordpress\/plugins\/seo\/ -->\n<title>Alerta por tormentas fuertes para seis provincias del centro y este del pa\u00eds - Noticias Radio Reflejos<\/title>\n<meta name=\"robots\" content=\"index, follow, max-snippet:-1, max-image-preview:large, max-video-preview:-1\" \/>\n<link rel=\"canonical\" href=\"https:\/\/www.noticiasradioreflejos.com.ar\/2021\/alerta-por-tormentas-fuertes-para-seis-provincias-del-centro-y-este-del-pais\/\" \/>\n<meta property=\"og:locale\" content=\"es_ES\" \/>\n<meta property=\"og:type\" content=\"article\" \/>\n<meta property=\"og:title\" content=\"Alerta por tormentas fuertes para seis provincias del centro y este del pa\u00eds - Noticias Radio Reflejos\" \/>\n<meta property=\"og:description\" content=\"Es para zonas de C\u00f3rdoba, San Luis, La Pampa, R\u00edo Negro, Santa Fe y Buenos Aires. Rige otra advertencia por viento Zonda para Mendoza y San Juan. En nuestra regi\u00f3n rige alerta naranja.\" \/>\n<meta property=\"og:url\" content=\"https:\/\/www.noticiasradioreflejos.com.ar\/2021\/alerta-por-tormentas-fuertes-para-seis-provincias-del-centro-y-este-del-pais\/\" \/>\n<meta property=\"og:site_name\" content=\"Noticias Radio Reflejos\" \/>\n<meta property=\"article:published_time\" content=\"2023-12-16T15:07:14+00:00\" \/>\n<meta property=\"og:image\" content=\"https:\/\/www.telam.com.ar\/thumbs\/bluesteel\/advf\/imagenes\/2022\/03\/6225fc1575cba_1200.jpg\" \/>\n<meta name=\"author\" content=\"Arnaldo Botto\" \/>\n<meta name=\"twitter:card\" content=\"summary_large_image\" \/>\n<script type=\"application\/ld+json\" class=\"yoast-schema-graph\">{\"@context\":\"https:\/\/schema.org\",\"@graph\":[{\"@type\":\"WebPage\",\"@id\":\"https:\/\/www.noticiasradioreflejos.com.ar\/2021\/alerta-por-tormentas-fuertes-para-seis-provincias-del-centro-y-este-del-pais\/\",\"url\":\"https:\/\/www.noticiasradioreflejos.com.ar\/2021\/alerta-por-tormentas-fuertes-para-seis-provincias-del-centro-y-este-del-pais\/\",\"name\":\"Alerta por tormentas fuertes para seis provincias del centro y este del pa\u00eds - Noticias Radio Reflejos\",\"isPartOf\":{\"@id\":\"https:\/\/www.noticiasradioreflejos.com.ar\/2021\/#website\"},\"primaryImageOfPage\":{\"@id\":\"https:\/\/www.noticiasradioreflejos.com.ar\/2021\/alerta-por-tormentas-fuertes-para-seis-provincias-del-centro-y-este-del-pais\/#primaryimage\"},\"image\":{\"@id\":\"https:\/\/www.noticiasradioreflejos.com.ar\/2021\/alerta-por-tormentas-fuertes-para-seis-provincias-del-centro-y-este-del-pais\/#primaryimage\"},\"thumbnailUrl\":\"https:\/\/www.telam.com.ar\/thumbs\/bluesteel\/advf\/imagenes\/2022\/03\/6225fc1575cba_1200.jpg\",\"datePublished\":\"2023-12-16T15:07:14+00:00\",\"author\":{\"@id\":\"https:\/\/www.noticiasradioreflejos.com.ar\/2021\/#\/schema\/person\/ad82545263dcc5ec0996818884fd5fb1\"},\"breadcrumb\":{\"@id\":\"https:\/\/www.noticiasradioreflejos.com.ar\/2021\/alerta-por-tormentas-fuertes-para-seis-provincias-del-centro-y-este-del-pais\/#breadcrumb\"},\"inLanguage\":\"es\",\"potentialAction\":[{\"@type\":\"ReadAction\",\"target\":[\"https:\/\/www.noticiasradioreflejos.com.ar\/2021\/alerta-por-tormentas-fuertes-para-seis-provincias-del-centro-y-este-del-pais\/\"]}]},{\"@type\":\"ImageObject\",\"inLanguage\":\"es\",\"@id\":\"https:\/\/www.noticiasradioreflejos.com.ar\/2021\/alerta-por-tormentas-fuertes-para-seis-provincias-del-centro-y-este-del-pais\/#primaryimage\",\"url\":\"https:\/\/www.telam.com.ar\/thumbs\/bluesteel\/advf\/imagenes\/2022\/03\/6225fc1575cba_1200.jpg\",\"contentUrl\":\"https:\/\/www.telam.com.ar\/thumbs\/bluesteel\/advf\/imagenes\/2022\/03\/6225fc1575cba_1200.jpg\"},{\"@type\":\"BreadcrumbList\",\"@id\":\"https:\/\/www.noticiasradioreflejos.com.ar\/2021\/alerta-por-tormentas-fuertes-para-seis-provincias-del-centro-y-este-del-pais\/#breadcrumb\",\"itemListElement\":[{\"@type\":\"ListItem\",\"position\":1,\"name\":\"Portada\",\"item\":\"https:\/\/www.noticiasradioreflejos.com.ar\/2021\/\"},{\"@type\":\"ListItem\",\"position\":2,\"name\":\"Alerta por tormentas fuertes para seis provincias del centro y este del pa\u00eds\"}]},{\"@type\":\"WebSite\",\"@id\":\"https:\/\/www.noticiasradioreflejos.com.ar\/2021\/#website\",\"url\":\"https:\/\/www.noticiasradioreflejos.com.ar\/2021\/\",\"name\":\"Noticias Radio Reflejos\",\"description\":\"Las noticias de mi comarca\",\"potentialAction\":[{\"@type\":\"SearchAction\",\"target\":{\"@type\":\"EntryPoint\",\"urlTemplate\":\"https:\/\/www.noticiasradioreflejos.com.ar\/2021\/?s={search_term_string}\"},\"query-input\":{\"@type\":\"PropertyValueSpecification\",\"valueRequired\":true,\"valueName\":\"search_term_string\"}}],\"inLanguage\":\"es\"},{\"@type\":\"Person\",\"@id\":\"https:\/\/www.noticiasradioreflejos.com.ar\/2021\/#\/schema\/person\/ad82545263dcc5ec0996818884fd5fb1\",\"name\":\"Arnaldo Botto\",\"image\":{\"@type\":\"ImageObject\",\"inLanguage\":\"es\",\"@id\":\"https:\/\/www.noticiasradioreflejos.com.ar\/2021\/#\/schema\/person\/image\/\",\"url\":\"https:\/\/secure.gravatar.com\/avatar\/55cb5e37c1efa326397366e6974cb338056df65cb50e7d64d1cf314e87504837?s=96&d=mm&r=g\",\"contentUrl\":\"https:\/\/secure.gravatar.com\/avatar\/55cb5e37c1efa326397366e6974cb338056df65cb50e7d64d1cf314e87504837?s=96&d=mm&r=g\",\"caption\":\"Arnaldo Botto\"},\"url\":\"https:\/\/www.noticiasradioreflejos.com.ar\/2021\/author\/arnaldo\/\"}]}<\/script>\n<!-- \/ Yoast SEO plugin. -->","yoast_head_json":{"title":"Alerta por tormentas fuertes para seis provincias del centro y este del pa\u00eds - Noticias Radio Reflejos","robots":{"index":"index","follow":"follow","max-snippet":"max-snippet:-1","max-image-preview":"max-image-preview:large","max-video-preview":"max-video-preview:-1"},"canonical":"https:\/\/www.noticiasradioreflejos.com.ar\/2021\/alerta-por-tormentas-fuertes-para-seis-provincias-del-centro-y-este-del-pais\/","og_locale":"es_ES","og_type":"article","og_title":"Alerta por tormentas fuertes para seis provincias del centro y este del pa\u00eds - Noticias Radio Reflejos","og_description":"Es para zonas de C\u00f3rdoba, San Luis, La Pampa, R\u00edo Negro, Santa Fe y Buenos Aires. Rige otra advertencia por viento Zonda para Mendoza y San Juan. En nuestra regi\u00f3n rige alerta naranja.","og_url":"https:\/\/www.noticiasradioreflejos.com.ar\/2021\/alerta-por-tormentas-fuertes-para-seis-provincias-del-centro-y-este-del-pais\/","og_site_name":"Noticias Radio Reflejos","article_published_time":"2023-12-16T15:07:14+00:00","og_image":[{"url":"https:\/\/www.telam.com.ar\/thumbs\/bluesteel\/advf\/imagenes\/2022\/03\/6225fc1575cba_1200.jpg","type":"","width":"","height":""}],"author":"Arnaldo Botto","twitter_card":"summary_large_image","schema":{"@context":"https:\/\/schema.org","@graph":[{"@type":"WebPage","@id":"https:\/\/www.noticiasradioreflejos.com.ar\/2021\/alerta-por-tormentas-fuertes-para-seis-provincias-del-centro-y-este-del-pais\/","url":"https:\/\/www.noticiasradioreflejos.com.ar\/2021\/alerta-por-tormentas-fuertes-para-seis-provincias-del-centro-y-este-del-pais\/","name":"Alerta por tormentas fuertes para seis provincias del centro y este del pa\u00eds - Noticias Radio Reflejos","isPartOf":{"@id":"https:\/\/www.noticiasradioreflejos.com.ar\/2021\/#website"},"primaryImageOfPage":{"@id":"https:\/\/www.noticiasradioreflejos.com.ar\/2021\/alerta-por-tormentas-fuertes-para-seis-provincias-del-centro-y-este-del-pais\/#primaryimage"},"image":{"@id":"https:\/\/www.noticiasradioreflejos.com.ar\/2021\/alerta-por-tormentas-fuertes-para-seis-provincias-del-centro-y-este-del-pais\/#primaryimage"},"thumbnailUrl":"https:\/\/www.telam.com.ar\/thumbs\/bluesteel\/advf\/imagenes\/2022\/03\/6225fc1575cba_1200.jpg","datePublished":"2023-12-16T15:07:14+00:00","author":{"@id":"https:\/\/www.noticiasradioreflejos.com.ar\/2021\/#\/schema\/person\/ad82545263dcc5ec0996818884fd5fb1"},"breadcrumb":{"@id":"https:\/\/www.noticiasradioreflejos.com.ar\/2021\/alerta-por-tormentas-fuertes-para-seis-provincias-del-centro-y-este-del-pais\/#breadcrumb"},"inLanguage":"es","potentialAction":[{"@type":"ReadAction","target":["https:\/\/www.noticiasradioreflejos.com.ar\/2021\/alerta-por-tormentas-fuertes-para-seis-provincias-del-centro-y-este-del-pais\/"]}]},{"@type":"ImageObject","inLanguage":"es","@id":"https:\/\/www.noticiasradioreflejos.com.ar\/2021\/alerta-por-tormentas-fuertes-para-seis-provincias-del-centro-y-este-del-pais\/#primaryimage","url":"https:\/\/www.telam.com.ar\/thumbs\/bluesteel\/advf\/imagenes\/2022\/03\/6225fc1575cba_1200.jpg","contentUrl":"https:\/\/www.telam.com.ar\/thumbs\/bluesteel\/advf\/imagenes\/2022\/03\/6225fc1575cba_1200.jpg"},{"@type":"BreadcrumbList","@id":"https:\/\/www.noticiasradioreflejos.com.ar\/2021\/alerta-por-tormentas-fuertes-para-seis-provincias-del-centro-y-este-del-pais\/#breadcrumb","itemListElement":[{"@type":"ListItem","position":1,"name":"Portada","item":"https:\/\/www.noticiasradioreflejos.com.ar\/2021\/"},{"@type":"ListItem","position":2,"name":"Alerta por tormentas fuertes para seis provincias del centro y este del pa\u00eds"}]},{"@type":"WebSite","@id":"https:\/\/www.noticiasradioreflejos.com.ar\/2021\/#website","url":"https:\/\/www.noticiasradioreflejos.com.ar\/2021\/","name":"Noticias Radio Reflejos","description":"Las noticias de mi comarca","potentialAction":[{"@type":"SearchAction","target":{"@type":"EntryPoint","urlTemplate":"https:\/\/www.noticiasradioreflejos.com.ar\/2021\/?s={search_term_string}"},"query-input":{"@type":"PropertyValueSpecification","valueRequired":true,"valueName":"search_term_string"}}],"inLanguage":"es"},{"@type":"Person","@id":"https:\/\/www.noticiasradioreflejos.com.ar\/2021\/#\/schema\/person\/ad82545263dcc5ec0996818884fd5fb1","name":"Arnaldo Botto","image":{"@type":"ImageObject","inLanguage":"es","@id":"https:\/\/www.noticiasradioreflejos.com.ar\/2021\/#\/schema\/person\/image\/","url":"https:\/\/secure.gravatar.com\/avatar\/55cb5e37c1efa326397366e6974cb338056df65cb50e7d64d1cf314e87504837?s=96&d=mm&r=g","contentUrl":"https:\/\/secure.gravatar.com\/avatar\/55cb5e37c1efa326397366e6974cb338056df65cb50e7d64d1cf314e87504837?s=96&d=mm&r=g","caption":"Arnaldo Botto"},"url":"https:\/\/www.noticiasradioreflejos.com.ar\/2021\/author\/arnaldo\/"}]}},"_links":{"self":[{"href":"https:\/\/www.noticiasradioreflejos.com.ar\/2021\/wp-json\/wp\/v2\/posts\/96521","targetHints":{"allow":["GET"]}}],"collection":[{"href":"https:\/\/www.noticiasradioreflejos.com.ar\/2021\/wp-json\/wp\/v2\/posts"}],"about":[{"href":"https:\/\/www.noticiasradioreflejos.com.ar\/2021\/wp-json\/wp\/v2\/types\/post"}],"author":[{"embeddable":true,"href":"https:\/\/www.noticiasradioreflejos.com.ar\/2021\/wp-json\/wp\/v2\/users\/3"}],"replies":[{"embeddable":true,"href":"https:\/\/www.noticiasradioreflejos.com.ar\/2021\/wp-json\/wp\/v2\/comments?post=96521"}],"version-history":[{"count":1,"href":"https:\/\/www.noticiasradioreflejos.com.ar\/2021\/wp-json\/wp\/v2\/posts\/96521\/revisions"}],"predecessor-version":[{"id":96526,"href":"https:\/\/www.noticiasradioreflejos.com.ar\/2021\/wp-json\/wp\/v2\/posts\/96521\/revisions\/96526"}],"wp:attachment":[{"href":"https:\/\/www.noticiasradioreflejos.com.ar\/2021\/wp-json\/wp\/v2\/media?parent=96521"}],"wp:term":[{"taxonomy":"category","embeddable":true,"href":"https:\/\/www.noticiasradioreflejos.com.ar\/2021\/wp-json\/wp\/v2\/categories?post=96521"},{"taxonomy":"post_tag","embeddable":true,"href":"https:\/\/www.noticiasradioreflejos.com.ar\/2021\/wp-json\/wp\/v2\/tags?post=96521"}],"curies":[{"name":"wp","href":"https:\/\/api.w.org\/{rel}","templated":true}]}}