{"id":96516,"date":"2023-12-15T23:17:45","date_gmt":"2023-12-15T23:17:45","guid":{"rendered":"https:\/\/www.noticiasradioreflejos.com.ar\/2021\/?p=96516"},"modified":"2023-12-15T23:17:45","modified_gmt":"2023-12-15T23:17:45","slug":"este-domingo-abrira-la-temporada-de-las-piscinas-municipales-de-tornquist","status":"publish","type":"post","link":"https:\/\/www.noticiasradioreflejos.com.ar\/2021\/este-domingo-abrira-la-temporada-de-las-piscinas-municipales-de-tornquist\/","title":{"rendered":"Este domingo abrir\u00e1 la temporada de las piscinas municipales de Tornquist"},"content":{"rendered":"<p>Este domingo 17, comenzar\u00e1 la temporada 2023\/24 de las piscinas municipales de la ciudad de Tornquist.<!--more--><\/p>\n<p>En ese marco, el intendente Sergio Bordoni y la Subsecretaria de Deporte, Sof\u00eda Urriaga, recorrieron este viernes el predio, donde en las ultimas semanas se realizaron diferentes tareas de mantenimiento para que quede listo para su apertura para uso p\u00fablico.<\/p>\n<p><a href=\"https:\/\/www.noticiasradioreflejos.com.ar\/2021\/este-domingo-abrira-la-temporada-de-las-piscinas-municipales-de-tornquist\/piscinas-tqt-3\/\" rel=\"attachment wp-att-96517\"><img loading=\"lazy\" decoding=\"async\" src=\"https:\/\/www.noticiasradioreflejos.com.ar\/2021\/wp-content\/uploads\/2023\/12\/Piscinas-Tqt-3.jpeg\" alt=\"\" width=\"1600\" height=\"1200\" class=\"aligncenter size-full wp-image-96517\" \/><\/a><br \/>\nEl lugar estar\u00e1 abierto todos los d\u00edas, de 14 a 20 hs, y las entradas tendr\u00e1n los siguientes valores:<br \/>\n-Mayores de 18 a\u00f1os residentes en el distrito: $400;<br \/>\n-Menores de 2 a 17 a\u00f1os residentes en el distrito: $200;<br \/>\n-Mayores de 18 a\u00f1os no residentes en el distrito: $1500;<br \/>\n-Menores de 2 a 17 a\u00f1os no residentes en el distrito: $1000;<br \/>\n-Menores de dos a\u00f1os no abonar\u00e1n ingreso.<br \/>\nTanto el cobro de las entradas como el usufructo del quiosco, estar\u00e1n nuevamente a cargo de los clubes Automoto y Uni\u00f3n.<\/p>\n","protected":false},"excerpt":{"rendered":"<p>Este domingo 17, comenzar\u00e1 la temporada 2023\/24 de las piscinas municipales de la ciudad de Tornquist.<\/p>\n","protected":false},"author":3,"featured_media":0,"comment_status":"closed","ping_status":"closed","sticky":false,"template":"","format":"standard","meta":{"footnotes":""},"categories":[28],"tags":[],"class_list":["post-96516","post","type-post","status-publish","format-standard","hentry","category-municipales"],"yoast_head":"<!-- This site is optimized with the Yoast SEO plugin v25.9 - https:\/\/yoast.com\/wordpress\/plugins\/seo\/ -->\n<title>Este domingo abrir\u00e1 la temporada de las piscinas municipales de Tornquist - Noticias Radio Reflejos<\/title>\n<meta name=\"robots\" content=\"index, follow, max-snippet:-1, max-image-preview:large, max-video-preview:-1\" \/>\n<link rel=\"canonical\" href=\"https:\/\/www.noticiasradioreflejos.com.ar\/2021\/este-domingo-abrira-la-temporada-de-las-piscinas-municipales-de-tornquist\/\" \/>\n<meta property=\"og:locale\" content=\"es_ES\" \/>\n<meta property=\"og:type\" content=\"article\" \/>\n<meta property=\"og:title\" content=\"Este domingo abrir\u00e1 la temporada de las piscinas municipales de Tornquist - Noticias Radio Reflejos\" \/>\n<meta property=\"og:description\" content=\"Este domingo 17, comenzar\u00e1 la temporada 2023\/24 de las piscinas municipales de la ciudad de Tornquist.\" \/>\n<meta property=\"og:url\" content=\"https:\/\/www.noticiasradioreflejos.com.ar\/2021\/este-domingo-abrira-la-temporada-de-las-piscinas-municipales-de-tornquist\/\" \/>\n<meta property=\"og:site_name\" content=\"Noticias Radio Reflejos\" \/>\n<meta property=\"article:published_time\" content=\"2023-12-15T23:17:45+00:00\" \/>\n<meta property=\"og:image\" content=\"https:\/\/www.noticiasradioreflejos.com.ar\/2021\/wp-content\/uploads\/2023\/12\/Piscinas-Tqt-3.jpeg\" \/>\n<meta name=\"author\" content=\"Arnaldo Botto\" \/>\n<meta name=\"twitter:card\" content=\"summary_large_image\" \/>\n<script type=\"application\/ld+json\" class=\"yoast-schema-graph\">{\"@context\":\"https:\/\/schema.org\",\"@graph\":[{\"@type\":\"WebPage\",\"@id\":\"https:\/\/www.noticiasradioreflejos.com.ar\/2021\/este-domingo-abrira-la-temporada-de-las-piscinas-municipales-de-tornquist\/\",\"url\":\"https:\/\/www.noticiasradioreflejos.com.ar\/2021\/este-domingo-abrira-la-temporada-de-las-piscinas-municipales-de-tornquist\/\",\"name\":\"Este domingo abrir\u00e1 la temporada de las piscinas municipales de Tornquist - Noticias Radio Reflejos\",\"isPartOf\":{\"@id\":\"https:\/\/www.noticiasradioreflejos.com.ar\/2021\/#website\"},\"primaryImageOfPage\":{\"@id\":\"https:\/\/www.noticiasradioreflejos.com.ar\/2021\/este-domingo-abrira-la-temporada-de-las-piscinas-municipales-de-tornquist\/#primaryimage\"},\"image\":{\"@id\":\"https:\/\/www.noticiasradioreflejos.com.ar\/2021\/este-domingo-abrira-la-temporada-de-las-piscinas-municipales-de-tornquist\/#primaryimage\"},\"thumbnailUrl\":\"https:\/\/www.noticiasradioreflejos.com.ar\/2021\/wp-content\/uploads\/2023\/12\/Piscinas-Tqt-3.jpeg\",\"datePublished\":\"2023-12-15T23:17:45+00:00\",\"author\":{\"@id\":\"https:\/\/www.noticiasradioreflejos.com.ar\/2021\/#\/schema\/person\/ad82545263dcc5ec0996818884fd5fb1\"},\"breadcrumb\":{\"@id\":\"https:\/\/www.noticiasradioreflejos.com.ar\/2021\/este-domingo-abrira-la-temporada-de-las-piscinas-municipales-de-tornquist\/#breadcrumb\"},\"inLanguage\":\"es\",\"potentialAction\":[{\"@type\":\"ReadAction\",\"target\":[\"https:\/\/www.noticiasradioreflejos.com.ar\/2021\/este-domingo-abrira-la-temporada-de-las-piscinas-municipales-de-tornquist\/\"]}]},{\"@type\":\"ImageObject\",\"inLanguage\":\"es\",\"@id\":\"https:\/\/www.noticiasradioreflejos.com.ar\/2021\/este-domingo-abrira-la-temporada-de-las-piscinas-municipales-de-tornquist\/#primaryimage\",\"url\":\"\",\"contentUrl\":\"\"},{\"@type\":\"BreadcrumbList\",\"@id\":\"https:\/\/www.noticiasradioreflejos.com.ar\/2021\/este-domingo-abrira-la-temporada-de-las-piscinas-municipales-de-tornquist\/#breadcrumb\",\"itemListElement\":[{\"@type\":\"ListItem\",\"position\":1,\"name\":\"Portada\",\"item\":\"https:\/\/www.noticiasradioreflejos.com.ar\/2021\/\"},{\"@type\":\"ListItem\",\"position\":2,\"name\":\"Este domingo abrir\u00e1 la temporada de las piscinas municipales de Tornquist\"}]},{\"@type\":\"WebSite\",\"@id\":\"https:\/\/www.noticiasradioreflejos.com.ar\/2021\/#website\",\"url\":\"https:\/\/www.noticiasradioreflejos.com.ar\/2021\/\",\"name\":\"Noticias Radio Reflejos\",\"description\":\"Las noticias de mi comarca\",\"potentialAction\":[{\"@type\":\"SearchAction\",\"target\":{\"@type\":\"EntryPoint\",\"urlTemplate\":\"https:\/\/www.noticiasradioreflejos.com.ar\/2021\/?s={search_term_string}\"},\"query-input\":{\"@type\":\"PropertyValueSpecification\",\"valueRequired\":true,\"valueName\":\"search_term_string\"}}],\"inLanguage\":\"es\"},{\"@type\":\"Person\",\"@id\":\"https:\/\/www.noticiasradioreflejos.com.ar\/2021\/#\/schema\/person\/ad82545263dcc5ec0996818884fd5fb1\",\"name\":\"Arnaldo Botto\",\"image\":{\"@type\":\"ImageObject\",\"inLanguage\":\"es\",\"@id\":\"https:\/\/www.noticiasradioreflejos.com.ar\/2021\/#\/schema\/person\/image\/\",\"url\":\"https:\/\/secure.gravatar.com\/avatar\/55cb5e37c1efa326397366e6974cb338056df65cb50e7d64d1cf314e87504837?s=96&d=mm&r=g\",\"contentUrl\":\"https:\/\/secure.gravatar.com\/avatar\/55cb5e37c1efa326397366e6974cb338056df65cb50e7d64d1cf314e87504837?s=96&d=mm&r=g\",\"caption\":\"Arnaldo Botto\"},\"url\":\"https:\/\/www.noticiasradioreflejos.com.ar\/2021\/author\/arnaldo\/\"}]}<\/script>\n<!-- \/ Yoast SEO plugin. -->","yoast_head_json":{"title":"Este domingo abrir\u00e1 la temporada de las piscinas municipales de Tornquist - Noticias Radio Reflejos","robots":{"index":"index","follow":"follow","max-snippet":"max-snippet:-1","max-image-preview":"max-image-preview:large","max-video-preview":"max-video-preview:-1"},"canonical":"https:\/\/www.noticiasradioreflejos.com.ar\/2021\/este-domingo-abrira-la-temporada-de-las-piscinas-municipales-de-tornquist\/","og_locale":"es_ES","og_type":"article","og_title":"Este domingo abrir\u00e1 la temporada de las piscinas municipales de Tornquist - Noticias Radio Reflejos","og_description":"Este domingo 17, comenzar\u00e1 la temporada 2023\/24 de las piscinas municipales de la ciudad de Tornquist.","og_url":"https:\/\/www.noticiasradioreflejos.com.ar\/2021\/este-domingo-abrira-la-temporada-de-las-piscinas-municipales-de-tornquist\/","og_site_name":"Noticias Radio Reflejos","article_published_time":"2023-12-15T23:17:45+00:00","og_image":[{"url":"https:\/\/www.noticiasradioreflejos.com.ar\/2021\/wp-content\/uploads\/2023\/12\/Piscinas-Tqt-3.jpeg","type":"","width":"","height":""}],"author":"Arnaldo Botto","twitter_card":"summary_large_image","schema":{"@context":"https:\/\/schema.org","@graph":[{"@type":"WebPage","@id":"https:\/\/www.noticiasradioreflejos.com.ar\/2021\/este-domingo-abrira-la-temporada-de-las-piscinas-municipales-de-tornquist\/","url":"https:\/\/www.noticiasradioreflejos.com.ar\/2021\/este-domingo-abrira-la-temporada-de-las-piscinas-municipales-de-tornquist\/","name":"Este domingo abrir\u00e1 la temporada de las piscinas municipales de Tornquist - Noticias Radio Reflejos","isPartOf":{"@id":"https:\/\/www.noticiasradioreflejos.com.ar\/2021\/#website"},"primaryImageOfPage":{"@id":"https:\/\/www.noticiasradioreflejos.com.ar\/2021\/este-domingo-abrira-la-temporada-de-las-piscinas-municipales-de-tornquist\/#primaryimage"},"image":{"@id":"https:\/\/www.noticiasradioreflejos.com.ar\/2021\/este-domingo-abrira-la-temporada-de-las-piscinas-municipales-de-tornquist\/#primaryimage"},"thumbnailUrl":"https:\/\/www.noticiasradioreflejos.com.ar\/2021\/wp-content\/uploads\/2023\/12\/Piscinas-Tqt-3.jpeg","datePublished":"2023-12-15T23:17:45+00:00","author":{"@id":"https:\/\/www.noticiasradioreflejos.com.ar\/2021\/#\/schema\/person\/ad82545263dcc5ec0996818884fd5fb1"},"breadcrumb":{"@id":"https:\/\/www.noticiasradioreflejos.com.ar\/2021\/este-domingo-abrira-la-temporada-de-las-piscinas-municipales-de-tornquist\/#breadcrumb"},"inLanguage":"es","potentialAction":[{"@type":"ReadAction","target":["https:\/\/www.noticiasradioreflejos.com.ar\/2021\/este-domingo-abrira-la-temporada-de-las-piscinas-municipales-de-tornquist\/"]}]},{"@type":"ImageObject","inLanguage":"es","@id":"https:\/\/www.noticiasradioreflejos.com.ar\/2021\/este-domingo-abrira-la-temporada-de-las-piscinas-municipales-de-tornquist\/#primaryimage","url":"","contentUrl":""},{"@type":"BreadcrumbList","@id":"https:\/\/www.noticiasradioreflejos.com.ar\/2021\/este-domingo-abrira-la-temporada-de-las-piscinas-municipales-de-tornquist\/#breadcrumb","itemListElement":[{"@type":"ListItem","position":1,"name":"Portada","item":"https:\/\/www.noticiasradioreflejos.com.ar\/2021\/"},{"@type":"ListItem","position":2,"name":"Este domingo abrir\u00e1 la temporada de las piscinas municipales de Tornquist"}]},{"@type":"WebSite","@id":"https:\/\/www.noticiasradioreflejos.com.ar\/2021\/#website","url":"https:\/\/www.noticiasradioreflejos.com.ar\/2021\/","name":"Noticias Radio Reflejos","description":"Las noticias de mi comarca","potentialAction":[{"@type":"SearchAction","target":{"@type":"EntryPoint","urlTemplate":"https:\/\/www.noticiasradioreflejos.com.ar\/2021\/?s={search_term_string}"},"query-input":{"@type":"PropertyValueSpecification","valueRequired":true,"valueName":"search_term_string"}}],"inLanguage":"es"},{"@type":"Person","@id":"https:\/\/www.noticiasradioreflejos.com.ar\/2021\/#\/schema\/person\/ad82545263dcc5ec0996818884fd5fb1","name":"Arnaldo Botto","image":{"@type":"ImageObject","inLanguage":"es","@id":"https:\/\/www.noticiasradioreflejos.com.ar\/2021\/#\/schema\/person\/image\/","url":"https:\/\/secure.gravatar.com\/avatar\/55cb5e37c1efa326397366e6974cb338056df65cb50e7d64d1cf314e87504837?s=96&d=mm&r=g","contentUrl":"https:\/\/secure.gravatar.com\/avatar\/55cb5e37c1efa326397366e6974cb338056df65cb50e7d64d1cf314e87504837?s=96&d=mm&r=g","caption":"Arnaldo Botto"},"url":"https:\/\/www.noticiasradioreflejos.com.ar\/2021\/author\/arnaldo\/"}]}},"_links":{"self":[{"href":"https:\/\/www.noticiasradioreflejos.com.ar\/2021\/wp-json\/wp\/v2\/posts\/96516","targetHints":{"allow":["GET"]}}],"collection":[{"href":"https:\/\/www.noticiasradioreflejos.com.ar\/2021\/wp-json\/wp\/v2\/posts"}],"about":[{"href":"https:\/\/www.noticiasradioreflejos.com.ar\/2021\/wp-json\/wp\/v2\/types\/post"}],"author":[{"embeddable":true,"href":"https:\/\/www.noticiasradioreflejos.com.ar\/2021\/wp-json\/wp\/v2\/users\/3"}],"replies":[{"embeddable":true,"href":"https:\/\/www.noticiasradioreflejos.com.ar\/2021\/wp-json\/wp\/v2\/comments?post=96516"}],"version-history":[{"count":2,"href":"https:\/\/www.noticiasradioreflejos.com.ar\/2021\/wp-json\/wp\/v2\/posts\/96516\/revisions"}],"predecessor-version":[{"id":96520,"href":"https:\/\/www.noticiasradioreflejos.com.ar\/2021\/wp-json\/wp\/v2\/posts\/96516\/revisions\/96520"}],"wp:attachment":[{"href":"https:\/\/www.noticiasradioreflejos.com.ar\/2021\/wp-json\/wp\/v2\/media?parent=96516"}],"wp:term":[{"taxonomy":"category","embeddable":true,"href":"https:\/\/www.noticiasradioreflejos.com.ar\/2021\/wp-json\/wp\/v2\/categories?post=96516"},{"taxonomy":"post_tag","embeddable":true,"href":"https:\/\/www.noticiasradioreflejos.com.ar\/2021\/wp-json\/wp\/v2\/tags?post=96516"}],"curies":[{"name":"wp","href":"https:\/\/api.w.org\/{rel}","templated":true}]}}