{"id":96469,"date":"2023-12-14T18:31:25","date_gmt":"2023-12-14T18:31:25","guid":{"rendered":"https:\/\/www.noticiasradioreflejos.com.ar\/2021\/?p=96469"},"modified":"2023-12-14T18:39:00","modified_gmt":"2023-12-14T18:39:00","slug":"cigarrillos-electronicos-la-oms-alerto-sobre-efectos-adversos-alarmantes-en-la-salud","status":"publish","type":"post","link":"https:\/\/www.noticiasradioreflejos.com.ar\/2021\/cigarrillos-electronicos-la-oms-alerto-sobre-efectos-adversos-alarmantes-en-la-salud\/","title":{"rendered":"Cigarrillos electr\u00f3nicos: la OMS alert\u00f3 sobre efectos adversos \u00abalarmantes\u00bb en la salud"},"content":{"rendered":"<p>El organismo inform\u00f3 que \u00absi bien no se comprenden completamente los efectos a largo plazo, se ha establecido que generan sustancias t\u00f3xicas, algunas de las cuales se sabe que causan c\u00e1ncer y otras que aumentan el riesgo de trastornos card\u00edacos y pulmonares\u00bb.<!--more--><\/p>\n<p>La Organizaci\u00f3n Mundial de la Salud (OMS) alert\u00f3 este jueves que \u00abse necesitan medidas urgentes para controlar los cigarrillos electr\u00f3nicos\u00bb, sobre todo para proteger a las poblaciones m\u00e1s j\u00f3venes de su consumo, ya que \u00abhan surgido pruebas alarmantes sobre los efectos adversos para la salud de la poblaci\u00f3n\u00bb.<\/p>\n<p>\u00abNo se ha demostrado que los cigarrillos electr\u00f3nicos como productos de consumo sean eficaces para dejar el consumo de tabaco a nivel poblacional. En cambio, han surgido pruebas alarmantes sobre los efectos adversos para la salud de la poblaci\u00f3n\u00bb, indic\u00f3 el organismo a trav\u00e9s de un comunicado.<\/p>\n<p>La OMS record\u00f3 que \u00ablos cigarrillos electr\u00f3nicos han sido permitidos en el mercado abierto y comercializados agresivamente entre los j\u00f3venes\u00bb y enumer\u00f3:<strong>\u00a0\u00ab34 pa\u00edses proh\u00edben la venta de cigarrillos electr\u00f3nicos, 88 pa\u00edses no tienen una edad m\u00ednima a partir de la cual se pueden comprar cigarrillos electr\u00f3nicos y 74 pa\u00edses no cuentan con regulaciones para estos productos nocivos\u00bb.<\/strong><\/p>\n<p>\u00abLos cigarrillos electr\u00f3nicos con nicotina son altamente adictivos y perjudiciales para la salud. Si bien no se comprenden completamente los efectos a largo plazo, se ha establecido que generan sustancias t\u00f3xicas, algunas de las cuales se sabe que causan c\u00e1ncer y otras que aumentan el riesgo de trastornos card\u00edacos y pulmonares\u00bb, describi\u00f3 el comunicado.<\/p>\n<p>Y continu\u00f3: \u00abEl uso de cigarrillos electr\u00f3nicos tambi\u00e9n puede afectar el desarrollo del cerebro y provocar trastornos del aprendizaje en los j\u00f3venes. La exposici\u00f3n fetal a los cigarrillos electr\u00f3nicos puede afectar negativamente al desarrollo del feto en mujeres embarazadas. La exposici\u00f3n a las emisiones de los cigarrillos electr\u00f3nicos tambi\u00e9n plantea riesgos para los transe\u00fantes.<\/p>\n<p><strong>\u00abLos ni\u00f1os est\u00e1n siendo reclutados y atrapados a una edad temprana para usar cigarrillos electr\u00f3nicos y pueden quedar adictos a la nicotina\u00bb<\/strong>, se\u00f1al\u00f3 el director general de la OMS, Tedros Adhanom Ghebreyesus.<\/p>\n<p>Y a\u00f1adi\u00f3: \u00abInsto a los pa\u00edses a implementar medidas estrictas para evitar su consumo y proteger a sus ciudadanos\u00bb.<\/p>\n<div class=\"twitter-tweet twitter-tweet-rendered\"><iframe id=\"twitter-widget-0\" class=\"\" title=\"X Post\" src=\"https:\/\/platform.twitter.com\/embed\/Tweet.html?creatorScreenName=agenciatelam&amp;dnt=false&amp;embedId=twitter-widget-0&amp;features=eyJ0ZndfdGltZWxpbmVfbGlzdCI6eyJidWNrZXQiOltdLCJ2ZXJzaW9uIjpudWxsfSwidGZ3X2ZvbGxvd2VyX2NvdW50X3N1bnNldCI6eyJidWNrZXQiOnRydWUsInZlcnNpb24iOm51bGx9LCJ0ZndfdHdlZXRfZWRpdF9iYWNrZW5kIjp7ImJ1Y2tldCI6Im9uIiwidmVyc2lvbiI6bnVsbH0sInRmd19yZWZzcmNfc2Vzc2lvbiI6eyJidWNrZXQiOiJvbiIsInZlcnNpb24iOm51bGx9LCJ0ZndfZm9zbnJfc29mdF9pbnRlcnZlbnRpb25zX2VuYWJsZWQiOnsiYnVja2V0Ijoib24iLCJ2ZXJzaW9uIjpudWxsfSwidGZ3X21peGVkX21lZGlhXzE1ODk3Ijp7ImJ1Y2tldCI6InRyZWF0bWVudCIsInZlcnNpb24iOm51bGx9LCJ0ZndfZXhwZXJpbWVudHNfY29va2llX2V4cGlyYXRpb24iOnsiYnVja2V0IjoxMjA5NjAwLCJ2ZXJzaW9uIjpudWxsfSwidGZ3X3Nob3dfYmlyZHdhdGNoX3Bpdm90c19lbmFibGVkIjp7ImJ1Y2tldCI6Im9uIiwidmVyc2lvbiI6bnVsbH0sInRmd19kdXBsaWNhdGVfc2NyaWJlc190b19zZXR0aW5ncyI6eyJidWNrZXQiOiJvbiIsInZlcnNpb24iOm51bGx9LCJ0ZndfdXNlX3Byb2ZpbGVfaW1hZ2Vfc2hhcGVfZW5hYmxlZCI6eyJidWNrZXQiOiJvbiIsInZlcnNpb24iOm51bGx9LCJ0ZndfdmlkZW9faGxzX2R5bmFtaWNfbWFuaWZlc3RzXzE1MDgyIjp7ImJ1Y2tldCI6InRydWVfYml0cmF0ZSIsInZlcnNpb24iOm51bGx9LCJ0ZndfbGVnYWN5X3RpbWVsaW5lX3N1bnNldCI6eyJidWNrZXQiOnRydWUsInZlcnNpb24iOm51bGx9LCJ0ZndfdHdlZXRfZWRpdF9mcm9udGVuZCI6eyJidWNrZXQiOiJvbiIsInZlcnNpb24iOm51bGx9fQ%3D%3D&amp;frame=false&amp;hideCard=false&amp;hideThread=false&amp;id=1735304189389992421&amp;lang=es&amp;maxWidth=560px&amp;origin=https%3A%2F%2Fwww.telam.com.ar%2Fnotas%2F202312%2F649507-cigarrillos-electronicos-oms-efectos-adversos-salud.html&amp;sessionId=d56e77b108c5c4eabd63761aeb2ef3361f7d8702&amp;siteScreenName=agenciatelam&amp;theme=light&amp;widgetsVersion=2615f7e52b7e0%3A1702314776716&amp;width=550px\" frameborder=\"0\" scrolling=\"no\" allowfullscreen=\"allowfullscreen\" data-tweet-id=\"1735304189389992421\"><\/iframe><\/div>\n<h2 class=\"\">La situaci\u00f3n en los m\u00e1s j\u00f3venes<\/h2>\n<p>Ruediger Krech, Director de Promoci\u00f3n de la Salud de la OMS, indic\u00f3 que \u201clos cigarrillos electr\u00f3nicos se dirigen a los ni\u00f1os a trav\u00e9s de las redes sociales y personas influyentes, con al menos 16 mil sabores; algunos de estos productos utilizan personajes de dibujos animados y tienen dise\u00f1os elegantes que atraen a las generaciones m\u00e1s j\u00f3venes; hay un aumento alarmante en el uso de cigarrillos electr\u00f3nicos entre ni\u00f1os y j\u00f3venes, con tasas que superan el uso de adultos en muchos pa\u00edses\u201d.<\/p>\n<p><strong>Seg\u00fan inform\u00f3 el organismo, los ni\u00f1os de 13 a 15 a\u00f1os utilizan cigarrillos electr\u00f3nicos en mayor proporci\u00f3n que los adultos en todas las regiones.<\/strong><\/p>\n<p>En Canad\u00e1, por ejemplo, las tasas de uso de cigarrillos electr\u00f3nicos entre los j\u00f3venes de 16 a 19 a\u00f1os se duplicaron entre 2017 y 2022, y en Inglaterra (Reino Unido) el n\u00famero de usuarios j\u00f3venes se triplic\u00f3 en los \u00faltimos tres a\u00f1os.<\/p>\n<p>\u00abIncluso una breve exposici\u00f3n al contenido de los cigarrillos electr\u00f3nicos en las redes sociales puede asociarse con una mayor intenci\u00f3n de usar estos productos, as\u00ed como con actitudes m\u00e1s positivas hacia los cigarrillos electr\u00f3nicos. Los estudios muestran consistentemente que los j\u00f3venes que usan cigarrillos electr\u00f3nicos tienen casi tres veces m\u00e1s probabilidades de consumir cigarrillos en el futuro\u00bb, concluyeron.<\/p>\n<p>En referencia a las acciones a tomar, el organismo sugiri\u00f3 dos v\u00edas: por un lado,\u00a0<strong>cuando los pa\u00edses proh\u00edban la venta de cigarrillos electr\u00f3nicos recomiendan \u00abfortalecer la implementaci\u00f3n de la prohibici\u00f3n y continuar el monitoreo y la vigilancia para apoyar las intervenciones de salud p\u00fablica y garantizar una aplicaci\u00f3n estricta\u00bb.<\/strong><\/p>\n<p>Por el otro, en aquellos pa\u00edses que permitan su comercializaci\u00f3n (venta, importaci\u00f3n, distribuci\u00f3n y fabricaci\u00f3n) recomiendan \u00abgarantizar regulaciones estrictas para reducir su atractivo y su da\u00f1o para la poblaci\u00f3n, incluida la prohibici\u00f3n de todos los sabores, la limitaci\u00f3n de la concentraci\u00f3n y la calidad de la nicotina, y gravarlos (es decir, aumentar sus impuestos).<\/p>\n<p>Finalmente, recordaron que, \u00abseg\u00fan la evidencia actual, no se recomienda que los gobiernos permitan la venta de cigarrillos electr\u00f3nicos como productos de consumo con el objetivo de dejar de fumar\u00bb.<\/p>\n","protected":false},"excerpt":{"rendered":"<p>El organismo inform\u00f3 que \u00absi bien no se comprenden completamente los efectos a largo plazo, se ha establecido que generan sustancias t\u00f3xicas, algunas de las cuales se sabe que causan c\u00e1ncer y otras que aumentan el riesgo de trastornos card\u00edacos y pulmonares\u00bb.<\/p>\n","protected":false},"author":3,"featured_media":0,"comment_status":"closed","ping_status":"closed","sticky":false,"template":"","format":"standard","meta":{"footnotes":""},"categories":[30,26],"tags":[],"class_list":["post-96469","post","type-post","status-publish","format-standard","hentry","category-salud","category-sociedad"],"yoast_head":"<!-- This site is optimized with the Yoast SEO plugin v25.9 - https:\/\/yoast.com\/wordpress\/plugins\/seo\/ -->\n<title>Cigarrillos electr\u00f3nicos: la OMS alert\u00f3 sobre efectos adversos &quot;alarmantes&quot; en la salud - Noticias Radio Reflejos<\/title>\n<meta name=\"robots\" content=\"index, follow, max-snippet:-1, max-image-preview:large, max-video-preview:-1\" \/>\n<link rel=\"canonical\" href=\"https:\/\/www.noticiasradioreflejos.com.ar\/2021\/cigarrillos-electronicos-la-oms-alerto-sobre-efectos-adversos-alarmantes-en-la-salud\/\" \/>\n<meta property=\"og:locale\" content=\"es_ES\" \/>\n<meta property=\"og:type\" content=\"article\" \/>\n<meta property=\"og:title\" content=\"Cigarrillos electr\u00f3nicos: la OMS alert\u00f3 sobre efectos adversos &quot;alarmantes&quot; en la salud - Noticias Radio Reflejos\" \/>\n<meta property=\"og:description\" content=\"El organismo inform\u00f3 que \u00absi bien no se comprenden completamente los efectos a largo plazo, se ha establecido que generan sustancias t\u00f3xicas, algunas de las cuales se sabe que causan c\u00e1ncer y otras que aumentan el riesgo de trastornos card\u00edacos y pulmonares\u00bb.\" \/>\n<meta property=\"og:url\" content=\"https:\/\/www.noticiasradioreflejos.com.ar\/2021\/cigarrillos-electronicos-la-oms-alerto-sobre-efectos-adversos-alarmantes-en-la-salud\/\" \/>\n<meta property=\"og:site_name\" content=\"Noticias Radio Reflejos\" \/>\n<meta property=\"article:published_time\" content=\"2023-12-14T18:31:25+00:00\" \/>\n<meta property=\"article:modified_time\" content=\"2023-12-14T18:39:00+00:00\" \/>\n<meta property=\"og:image\" content=\"https:\/\/www.noticiasradioreflejos.com.ar\/2021\/wp-content\/uploads\/2021\/07\/logosol300x200.png\" \/>\n\t<meta property=\"og:image:width\" content=\"300\" \/>\n\t<meta property=\"og:image:height\" content=\"200\" \/>\n\t<meta property=\"og:image:type\" content=\"image\/png\" \/>\n<meta name=\"author\" content=\"Arnaldo Botto\" \/>\n<meta name=\"twitter:card\" content=\"summary_large_image\" \/>\n<script type=\"application\/ld+json\" class=\"yoast-schema-graph\">{\"@context\":\"https:\/\/schema.org\",\"@graph\":[{\"@type\":\"WebPage\",\"@id\":\"https:\/\/www.noticiasradioreflejos.com.ar\/2021\/cigarrillos-electronicos-la-oms-alerto-sobre-efectos-adversos-alarmantes-en-la-salud\/\",\"url\":\"https:\/\/www.noticiasradioreflejos.com.ar\/2021\/cigarrillos-electronicos-la-oms-alerto-sobre-efectos-adversos-alarmantes-en-la-salud\/\",\"name\":\"Cigarrillos electr\u00f3nicos: la OMS alert\u00f3 sobre efectos adversos \\\"alarmantes\\\" en la salud - Noticias Radio Reflejos\",\"isPartOf\":{\"@id\":\"https:\/\/www.noticiasradioreflejos.com.ar\/2021\/#website\"},\"datePublished\":\"2023-12-14T18:31:25+00:00\",\"dateModified\":\"2023-12-14T18:39:00+00:00\",\"author\":{\"@id\":\"https:\/\/www.noticiasradioreflejos.com.ar\/2021\/#\/schema\/person\/ad82545263dcc5ec0996818884fd5fb1\"},\"breadcrumb\":{\"@id\":\"https:\/\/www.noticiasradioreflejos.com.ar\/2021\/cigarrillos-electronicos-la-oms-alerto-sobre-efectos-adversos-alarmantes-en-la-salud\/#breadcrumb\"},\"inLanguage\":\"es\",\"potentialAction\":[{\"@type\":\"ReadAction\",\"target\":[\"https:\/\/www.noticiasradioreflejos.com.ar\/2021\/cigarrillos-electronicos-la-oms-alerto-sobre-efectos-adversos-alarmantes-en-la-salud\/\"]}]},{\"@type\":\"BreadcrumbList\",\"@id\":\"https:\/\/www.noticiasradioreflejos.com.ar\/2021\/cigarrillos-electronicos-la-oms-alerto-sobre-efectos-adversos-alarmantes-en-la-salud\/#breadcrumb\",\"itemListElement\":[{\"@type\":\"ListItem\",\"position\":1,\"name\":\"Portada\",\"item\":\"https:\/\/www.noticiasradioreflejos.com.ar\/2021\/\"},{\"@type\":\"ListItem\",\"position\":2,\"name\":\"Cigarrillos electr\u00f3nicos: la OMS alert\u00f3 sobre efectos adversos \u00abalarmantes\u00bb en la salud\"}]},{\"@type\":\"WebSite\",\"@id\":\"https:\/\/www.noticiasradioreflejos.com.ar\/2021\/#website\",\"url\":\"https:\/\/www.noticiasradioreflejos.com.ar\/2021\/\",\"name\":\"Noticias Radio Reflejos\",\"description\":\"Las noticias de mi comarca\",\"potentialAction\":[{\"@type\":\"SearchAction\",\"target\":{\"@type\":\"EntryPoint\",\"urlTemplate\":\"https:\/\/www.noticiasradioreflejos.com.ar\/2021\/?s={search_term_string}\"},\"query-input\":{\"@type\":\"PropertyValueSpecification\",\"valueRequired\":true,\"valueName\":\"search_term_string\"}}],\"inLanguage\":\"es\"},{\"@type\":\"Person\",\"@id\":\"https:\/\/www.noticiasradioreflejos.com.ar\/2021\/#\/schema\/person\/ad82545263dcc5ec0996818884fd5fb1\",\"name\":\"Arnaldo Botto\",\"image\":{\"@type\":\"ImageObject\",\"inLanguage\":\"es\",\"@id\":\"https:\/\/www.noticiasradioreflejos.com.ar\/2021\/#\/schema\/person\/image\/\",\"url\":\"https:\/\/secure.gravatar.com\/avatar\/55cb5e37c1efa326397366e6974cb338056df65cb50e7d64d1cf314e87504837?s=96&d=mm&r=g\",\"contentUrl\":\"https:\/\/secure.gravatar.com\/avatar\/55cb5e37c1efa326397366e6974cb338056df65cb50e7d64d1cf314e87504837?s=96&d=mm&r=g\",\"caption\":\"Arnaldo Botto\"},\"url\":\"https:\/\/www.noticiasradioreflejos.com.ar\/2021\/author\/arnaldo\/\"}]}<\/script>\n<!-- \/ Yoast SEO plugin. -->","yoast_head_json":{"title":"Cigarrillos electr\u00f3nicos: la OMS alert\u00f3 sobre efectos adversos \"alarmantes\" en la salud - Noticias Radio Reflejos","robots":{"index":"index","follow":"follow","max-snippet":"max-snippet:-1","max-image-preview":"max-image-preview:large","max-video-preview":"max-video-preview:-1"},"canonical":"https:\/\/www.noticiasradioreflejos.com.ar\/2021\/cigarrillos-electronicos-la-oms-alerto-sobre-efectos-adversos-alarmantes-en-la-salud\/","og_locale":"es_ES","og_type":"article","og_title":"Cigarrillos electr\u00f3nicos: la OMS alert\u00f3 sobre efectos adversos \"alarmantes\" en la salud - Noticias Radio Reflejos","og_description":"El organismo inform\u00f3 que \u00absi bien no se comprenden completamente los efectos a largo plazo, se ha establecido que generan sustancias t\u00f3xicas, algunas de las cuales se sabe que causan c\u00e1ncer y otras que aumentan el riesgo de trastornos card\u00edacos y pulmonares\u00bb.","og_url":"https:\/\/www.noticiasradioreflejos.com.ar\/2021\/cigarrillos-electronicos-la-oms-alerto-sobre-efectos-adversos-alarmantes-en-la-salud\/","og_site_name":"Noticias Radio Reflejos","article_published_time":"2023-12-14T18:31:25+00:00","article_modified_time":"2023-12-14T18:39:00+00:00","og_image":[{"width":300,"height":200,"url":"https:\/\/www.noticiasradioreflejos.com.ar\/2021\/wp-content\/uploads\/2021\/07\/logosol300x200.png","type":"image\/png"}],"author":"Arnaldo Botto","twitter_card":"summary_large_image","schema":{"@context":"https:\/\/schema.org","@graph":[{"@type":"WebPage","@id":"https:\/\/www.noticiasradioreflejos.com.ar\/2021\/cigarrillos-electronicos-la-oms-alerto-sobre-efectos-adversos-alarmantes-en-la-salud\/","url":"https:\/\/www.noticiasradioreflejos.com.ar\/2021\/cigarrillos-electronicos-la-oms-alerto-sobre-efectos-adversos-alarmantes-en-la-salud\/","name":"Cigarrillos electr\u00f3nicos: la OMS alert\u00f3 sobre efectos adversos \"alarmantes\" en la salud - Noticias Radio Reflejos","isPartOf":{"@id":"https:\/\/www.noticiasradioreflejos.com.ar\/2021\/#website"},"datePublished":"2023-12-14T18:31:25+00:00","dateModified":"2023-12-14T18:39:00+00:00","author":{"@id":"https:\/\/www.noticiasradioreflejos.com.ar\/2021\/#\/schema\/person\/ad82545263dcc5ec0996818884fd5fb1"},"breadcrumb":{"@id":"https:\/\/www.noticiasradioreflejos.com.ar\/2021\/cigarrillos-electronicos-la-oms-alerto-sobre-efectos-adversos-alarmantes-en-la-salud\/#breadcrumb"},"inLanguage":"es","potentialAction":[{"@type":"ReadAction","target":["https:\/\/www.noticiasradioreflejos.com.ar\/2021\/cigarrillos-electronicos-la-oms-alerto-sobre-efectos-adversos-alarmantes-en-la-salud\/"]}]},{"@type":"BreadcrumbList","@id":"https:\/\/www.noticiasradioreflejos.com.ar\/2021\/cigarrillos-electronicos-la-oms-alerto-sobre-efectos-adversos-alarmantes-en-la-salud\/#breadcrumb","itemListElement":[{"@type":"ListItem","position":1,"name":"Portada","item":"https:\/\/www.noticiasradioreflejos.com.ar\/2021\/"},{"@type":"ListItem","position":2,"name":"Cigarrillos electr\u00f3nicos: la OMS alert\u00f3 sobre efectos adversos \u00abalarmantes\u00bb en la salud"}]},{"@type":"WebSite","@id":"https:\/\/www.noticiasradioreflejos.com.ar\/2021\/#website","url":"https:\/\/www.noticiasradioreflejos.com.ar\/2021\/","name":"Noticias Radio Reflejos","description":"Las noticias de mi comarca","potentialAction":[{"@type":"SearchAction","target":{"@type":"EntryPoint","urlTemplate":"https:\/\/www.noticiasradioreflejos.com.ar\/2021\/?s={search_term_string}"},"query-input":{"@type":"PropertyValueSpecification","valueRequired":true,"valueName":"search_term_string"}}],"inLanguage":"es"},{"@type":"Person","@id":"https:\/\/www.noticiasradioreflejos.com.ar\/2021\/#\/schema\/person\/ad82545263dcc5ec0996818884fd5fb1","name":"Arnaldo Botto","image":{"@type":"ImageObject","inLanguage":"es","@id":"https:\/\/www.noticiasradioreflejos.com.ar\/2021\/#\/schema\/person\/image\/","url":"https:\/\/secure.gravatar.com\/avatar\/55cb5e37c1efa326397366e6974cb338056df65cb50e7d64d1cf314e87504837?s=96&d=mm&r=g","contentUrl":"https:\/\/secure.gravatar.com\/avatar\/55cb5e37c1efa326397366e6974cb338056df65cb50e7d64d1cf314e87504837?s=96&d=mm&r=g","caption":"Arnaldo Botto"},"url":"https:\/\/www.noticiasradioreflejos.com.ar\/2021\/author\/arnaldo\/"}]}},"_links":{"self":[{"href":"https:\/\/www.noticiasradioreflejos.com.ar\/2021\/wp-json\/wp\/v2\/posts\/96469","targetHints":{"allow":["GET"]}}],"collection":[{"href":"https:\/\/www.noticiasradioreflejos.com.ar\/2021\/wp-json\/wp\/v2\/posts"}],"about":[{"href":"https:\/\/www.noticiasradioreflejos.com.ar\/2021\/wp-json\/wp\/v2\/types\/post"}],"author":[{"embeddable":true,"href":"https:\/\/www.noticiasradioreflejos.com.ar\/2021\/wp-json\/wp\/v2\/users\/3"}],"replies":[{"embeddable":true,"href":"https:\/\/www.noticiasradioreflejos.com.ar\/2021\/wp-json\/wp\/v2\/comments?post=96469"}],"version-history":[{"count":2,"href":"https:\/\/www.noticiasradioreflejos.com.ar\/2021\/wp-json\/wp\/v2\/posts\/96469\/revisions"}],"predecessor-version":[{"id":96475,"href":"https:\/\/www.noticiasradioreflejos.com.ar\/2021\/wp-json\/wp\/v2\/posts\/96469\/revisions\/96475"}],"wp:attachment":[{"href":"https:\/\/www.noticiasradioreflejos.com.ar\/2021\/wp-json\/wp\/v2\/media?parent=96469"}],"wp:term":[{"taxonomy":"category","embeddable":true,"href":"https:\/\/www.noticiasradioreflejos.com.ar\/2021\/wp-json\/wp\/v2\/categories?post=96469"},{"taxonomy":"post_tag","embeddable":true,"href":"https:\/\/www.noticiasradioreflejos.com.ar\/2021\/wp-json\/wp\/v2\/tags?post=96469"}],"curies":[{"name":"wp","href":"https:\/\/api.w.org\/{rel}","templated":true}]}}