{"id":96464,"date":"2023-12-14T18:15:42","date_gmt":"2023-12-14T18:15:42","guid":{"rendered":"https:\/\/www.noticiasradioreflejos.com.ar\/2021\/?p=96464"},"modified":"2023-12-14T18:17:05","modified_gmt":"2023-12-14T18:17:05","slug":"susana-dos-santos-teniamos-muchas-deficiencias-en-todas-las-areas","status":"publish","type":"post","link":"https:\/\/www.noticiasradioreflejos.com.ar\/2021\/susana-dos-santos-teniamos-muchas-deficiencias-en-todas-las-areas\/","title":{"rendered":"Susana Dos Santos: \u201cTen\u00edamos muchas deficiencias en todas las \u00e1reas\u201d"},"content":{"rendered":"<p>La flamante Delegada Municipal de Sierra asegur\u00f3 que el diagn\u00f3stico de los primeros d\u00edas arroj\u00f3 que era necesario \u201ccambiar varias de las estructuras de trabajo\u201d, al tiempo que confirm\u00f3 que \u201cen muy corto plazo se van a ver los resultados\u201d.<!--more--><\/p>\n<p>La recientemente nombrada delegada municipal de Sierra de la Ventana, Susana Dos Santos, hizo un repaso de los primeros d\u00edas de gesti\u00f3n.<\/p>\n<p>Al respecto inici\u00f3 diciendo que \u201clo primero que hicimos en la primera semana fue un diagn\u00f3stico. Se escuch\u00f3 al personal y en base a eso ya se tomaron decisiones, se armaron equipos de trabajo, se cambiaron varias de las estructuras de trabajo y la verdad es que estoy feliz\u201d.<\/p>\n<p>Seg\u00fan refiri\u00f3 \u201cse entendi\u00f3 el proyecto y la planificaci\u00f3n que hay para Sierra; de alguna manera con el crecimiento que tuvo la localidad en los \u00faltimos a\u00f1os, los equipos de los municipales estaban de pronto necesitando un cambio en las directivas y en la organizaci\u00f3n. Eso es fundamental. Si siempre vas con parches, nunca ten\u00e9s un rumbo\u201d.<\/p>\n<p>Acto seguido subray\u00f3 que \u201cesta semana ya lo pusimos en marca. En muy corto plazo se van a ver los resultados. Ten\u00edamos muchas deficiencias en todas las \u00e1reas. Eso se est\u00e1 cambiando radicalmente con un diagn\u00f3stico y yendo adelante del problema. No esperando que las cosas sucedan\u201d.<\/p>\n<p>De igual manera \u201cle pido a la gente que volvamos a tener ese sentido de amor por la localidad y el sentido de comunidad. No esperar que el estado nos resuelva todos los problemas. Madurar y hacernos cargo de nuestros propios residuos, seleccionarlo nosotros. Haremos un gran trabajo en el basurero. No sabemos si el incidente reciente fue por el basurero, pero s\u00ed sabemos lo que pasa todos los a\u00f1os y no queremos que se repita\u201d.<\/p>\n<p>En ese sentido aclar\u00f3 que \u201clos escombros y ramas es el 50% de la basura. Necesitamos re direccionar eso y recuperar, porque se puede recuperar. Para eso necesitamos la colaboraci\u00f3n de la comunidad. Lo mismo con los bald\u00edos, los cortes de pasto, las veredas\u2026 muchas cosas no son plata, son actitud, madurez, educaci\u00f3n y copiarnos\u201d.<\/p>\n<p><iframe loading=\"lazy\" width=\"100%\" height=\"166\" scrolling=\"no\" frameborder=\"no\" allow=\"autoplay\" src=\"https:\/\/w.soundcloud.com\/player\/?url=https%3A\/\/api.soundcloud.com\/tracks\/1690306209&#038;color=%23ff5500&#038;auto_play=false&#038;hide_related=false&#038;show_comments=true&#038;show_user=true&#038;show_reposts=false&#038;show_teaser=true\"><\/iframe><\/p>\n<div style=\"font-size: 10px; color: #cccccc;line-break: anywhere;word-break: normal;overflow: hidden;white-space: nowrap;text-overflow: ellipsis; font-family: Interstate,Lucida Grande,Lucida Sans Unicode,Lucida Sans,Garuda,Verdana,Tahoma,sans-serif;font-weight: 100;\"><a href=\"https:\/\/soundcloud.com\/fmreflejos-103-7\" title=\"fmreflejos 103.7\" target=\"_blank\" style=\"color: #cccccc; text-decoration: none;\" rel=\"noopener\">fmreflejos 103.7<\/a> \u00b7 <a href=\"https:\/\/soundcloud.com\/fmreflejos-103-7\/susana-dosantos-14-11\" title=\"Susana Dos Santos 14 - 11\" target=\"_blank\" style=\"color: #cccccc; text-decoration: none;\" rel=\"noopener\">Susana Dos Santos 14 &#8211; 11<\/a><\/div>\n","protected":false},"excerpt":{"rendered":"<p>La flamante Delegada Municipal de Sierra asegur\u00f3 que el diagn\u00f3stico de los primeros d\u00edas arroj\u00f3 que era necesario \u201ccambiar varias de las estructuras de trabajo\u201d, al tiempo que confirm\u00f3 que \u201cen muy corto plazo se van a ver los resultados\u201d.<\/p>\n","protected":false},"author":3,"featured_media":0,"comment_status":"closed","ping_status":"closed","sticky":false,"template":"","format":"standard","meta":{"footnotes":""},"categories":[28,24],"tags":[48],"class_list":["post-96464","post","type-post","status-publish","format-standard","hentry","category-municipales","category-politica","tag-destacada"],"yoast_head":"<!-- This site is optimized with the Yoast SEO plugin v25.9 - https:\/\/yoast.com\/wordpress\/plugins\/seo\/ -->\n<title>Susana Dos Santos: \u201cTen\u00edamos muchas deficiencias en todas las \u00e1reas\u201d - Noticias Radio Reflejos<\/title>\n<meta name=\"robots\" content=\"index, follow, max-snippet:-1, max-image-preview:large, max-video-preview:-1\" \/>\n<link rel=\"canonical\" href=\"https:\/\/www.noticiasradioreflejos.com.ar\/2021\/susana-dos-santos-teniamos-muchas-deficiencias-en-todas-las-areas\/\" \/>\n<meta property=\"og:locale\" content=\"es_ES\" \/>\n<meta property=\"og:type\" content=\"article\" \/>\n<meta property=\"og:title\" content=\"Susana Dos Santos: \u201cTen\u00edamos muchas deficiencias en todas las \u00e1reas\u201d - Noticias Radio Reflejos\" \/>\n<meta property=\"og:description\" content=\"La flamante Delegada Municipal de Sierra asegur\u00f3 que el diagn\u00f3stico de los primeros d\u00edas arroj\u00f3 que era necesario \u201ccambiar varias de las estructuras de trabajo\u201d, al tiempo que confirm\u00f3 que \u201cen muy corto plazo se van a ver los resultados\u201d.\" \/>\n<meta property=\"og:url\" content=\"https:\/\/www.noticiasradioreflejos.com.ar\/2021\/susana-dos-santos-teniamos-muchas-deficiencias-en-todas-las-areas\/\" \/>\n<meta property=\"og:site_name\" content=\"Noticias Radio Reflejos\" \/>\n<meta property=\"article:published_time\" content=\"2023-12-14T18:15:42+00:00\" \/>\n<meta property=\"article:modified_time\" content=\"2023-12-14T18:17:05+00:00\" \/>\n<meta property=\"og:image\" content=\"https:\/\/www.noticiasradioreflejos.com.ar\/2021\/wp-content\/uploads\/2021\/07\/logosol300x200.png\" \/>\n\t<meta property=\"og:image:width\" content=\"300\" \/>\n\t<meta property=\"og:image:height\" content=\"200\" \/>\n\t<meta property=\"og:image:type\" content=\"image\/png\" \/>\n<meta name=\"author\" content=\"Arnaldo Botto\" \/>\n<meta name=\"twitter:card\" content=\"summary_large_image\" \/>\n<script type=\"application\/ld+json\" class=\"yoast-schema-graph\">{\"@context\":\"https:\/\/schema.org\",\"@graph\":[{\"@type\":\"WebPage\",\"@id\":\"https:\/\/www.noticiasradioreflejos.com.ar\/2021\/susana-dos-santos-teniamos-muchas-deficiencias-en-todas-las-areas\/\",\"url\":\"https:\/\/www.noticiasradioreflejos.com.ar\/2021\/susana-dos-santos-teniamos-muchas-deficiencias-en-todas-las-areas\/\",\"name\":\"Susana Dos Santos: \u201cTen\u00edamos muchas deficiencias en todas las \u00e1reas\u201d - Noticias Radio Reflejos\",\"isPartOf\":{\"@id\":\"https:\/\/www.noticiasradioreflejos.com.ar\/2021\/#website\"},\"datePublished\":\"2023-12-14T18:15:42+00:00\",\"dateModified\":\"2023-12-14T18:17:05+00:00\",\"author\":{\"@id\":\"https:\/\/www.noticiasradioreflejos.com.ar\/2021\/#\/schema\/person\/ad82545263dcc5ec0996818884fd5fb1\"},\"breadcrumb\":{\"@id\":\"https:\/\/www.noticiasradioreflejos.com.ar\/2021\/susana-dos-santos-teniamos-muchas-deficiencias-en-todas-las-areas\/#breadcrumb\"},\"inLanguage\":\"es\",\"potentialAction\":[{\"@type\":\"ReadAction\",\"target\":[\"https:\/\/www.noticiasradioreflejos.com.ar\/2021\/susana-dos-santos-teniamos-muchas-deficiencias-en-todas-las-areas\/\"]}]},{\"@type\":\"BreadcrumbList\",\"@id\":\"https:\/\/www.noticiasradioreflejos.com.ar\/2021\/susana-dos-santos-teniamos-muchas-deficiencias-en-todas-las-areas\/#breadcrumb\",\"itemListElement\":[{\"@type\":\"ListItem\",\"position\":1,\"name\":\"Portada\",\"item\":\"https:\/\/www.noticiasradioreflejos.com.ar\/2021\/\"},{\"@type\":\"ListItem\",\"position\":2,\"name\":\"Susana Dos Santos: \u201cTen\u00edamos muchas deficiencias en todas las \u00e1reas\u201d\"}]},{\"@type\":\"WebSite\",\"@id\":\"https:\/\/www.noticiasradioreflejos.com.ar\/2021\/#website\",\"url\":\"https:\/\/www.noticiasradioreflejos.com.ar\/2021\/\",\"name\":\"Noticias Radio Reflejos\",\"description\":\"Las noticias de mi comarca\",\"potentialAction\":[{\"@type\":\"SearchAction\",\"target\":{\"@type\":\"EntryPoint\",\"urlTemplate\":\"https:\/\/www.noticiasradioreflejos.com.ar\/2021\/?s={search_term_string}\"},\"query-input\":{\"@type\":\"PropertyValueSpecification\",\"valueRequired\":true,\"valueName\":\"search_term_string\"}}],\"inLanguage\":\"es\"},{\"@type\":\"Person\",\"@id\":\"https:\/\/www.noticiasradioreflejos.com.ar\/2021\/#\/schema\/person\/ad82545263dcc5ec0996818884fd5fb1\",\"name\":\"Arnaldo Botto\",\"image\":{\"@type\":\"ImageObject\",\"inLanguage\":\"es\",\"@id\":\"https:\/\/www.noticiasradioreflejos.com.ar\/2021\/#\/schema\/person\/image\/\",\"url\":\"https:\/\/secure.gravatar.com\/avatar\/55cb5e37c1efa326397366e6974cb338056df65cb50e7d64d1cf314e87504837?s=96&d=mm&r=g\",\"contentUrl\":\"https:\/\/secure.gravatar.com\/avatar\/55cb5e37c1efa326397366e6974cb338056df65cb50e7d64d1cf314e87504837?s=96&d=mm&r=g\",\"caption\":\"Arnaldo Botto\"},\"url\":\"https:\/\/www.noticiasradioreflejos.com.ar\/2021\/author\/arnaldo\/\"}]}<\/script>\n<!-- \/ Yoast SEO plugin. -->","yoast_head_json":{"title":"Susana Dos Santos: \u201cTen\u00edamos muchas deficiencias en todas las \u00e1reas\u201d - Noticias Radio Reflejos","robots":{"index":"index","follow":"follow","max-snippet":"max-snippet:-1","max-image-preview":"max-image-preview:large","max-video-preview":"max-video-preview:-1"},"canonical":"https:\/\/www.noticiasradioreflejos.com.ar\/2021\/susana-dos-santos-teniamos-muchas-deficiencias-en-todas-las-areas\/","og_locale":"es_ES","og_type":"article","og_title":"Susana Dos Santos: \u201cTen\u00edamos muchas deficiencias en todas las \u00e1reas\u201d - Noticias Radio Reflejos","og_description":"La flamante Delegada Municipal de Sierra asegur\u00f3 que el diagn\u00f3stico de los primeros d\u00edas arroj\u00f3 que era necesario \u201ccambiar varias de las estructuras de trabajo\u201d, al tiempo que confirm\u00f3 que \u201cen muy corto plazo se van a ver los resultados\u201d.","og_url":"https:\/\/www.noticiasradioreflejos.com.ar\/2021\/susana-dos-santos-teniamos-muchas-deficiencias-en-todas-las-areas\/","og_site_name":"Noticias Radio Reflejos","article_published_time":"2023-12-14T18:15:42+00:00","article_modified_time":"2023-12-14T18:17:05+00:00","og_image":[{"width":300,"height":200,"url":"https:\/\/www.noticiasradioreflejos.com.ar\/2021\/wp-content\/uploads\/2021\/07\/logosol300x200.png","type":"image\/png"}],"author":"Arnaldo Botto","twitter_card":"summary_large_image","schema":{"@context":"https:\/\/schema.org","@graph":[{"@type":"WebPage","@id":"https:\/\/www.noticiasradioreflejos.com.ar\/2021\/susana-dos-santos-teniamos-muchas-deficiencias-en-todas-las-areas\/","url":"https:\/\/www.noticiasradioreflejos.com.ar\/2021\/susana-dos-santos-teniamos-muchas-deficiencias-en-todas-las-areas\/","name":"Susana Dos Santos: \u201cTen\u00edamos muchas deficiencias en todas las \u00e1reas\u201d - Noticias Radio Reflejos","isPartOf":{"@id":"https:\/\/www.noticiasradioreflejos.com.ar\/2021\/#website"},"datePublished":"2023-12-14T18:15:42+00:00","dateModified":"2023-12-14T18:17:05+00:00","author":{"@id":"https:\/\/www.noticiasradioreflejos.com.ar\/2021\/#\/schema\/person\/ad82545263dcc5ec0996818884fd5fb1"},"breadcrumb":{"@id":"https:\/\/www.noticiasradioreflejos.com.ar\/2021\/susana-dos-santos-teniamos-muchas-deficiencias-en-todas-las-areas\/#breadcrumb"},"inLanguage":"es","potentialAction":[{"@type":"ReadAction","target":["https:\/\/www.noticiasradioreflejos.com.ar\/2021\/susana-dos-santos-teniamos-muchas-deficiencias-en-todas-las-areas\/"]}]},{"@type":"BreadcrumbList","@id":"https:\/\/www.noticiasradioreflejos.com.ar\/2021\/susana-dos-santos-teniamos-muchas-deficiencias-en-todas-las-areas\/#breadcrumb","itemListElement":[{"@type":"ListItem","position":1,"name":"Portada","item":"https:\/\/www.noticiasradioreflejos.com.ar\/2021\/"},{"@type":"ListItem","position":2,"name":"Susana Dos Santos: \u201cTen\u00edamos muchas deficiencias en todas las \u00e1reas\u201d"}]},{"@type":"WebSite","@id":"https:\/\/www.noticiasradioreflejos.com.ar\/2021\/#website","url":"https:\/\/www.noticiasradioreflejos.com.ar\/2021\/","name":"Noticias Radio Reflejos","description":"Las noticias de mi comarca","potentialAction":[{"@type":"SearchAction","target":{"@type":"EntryPoint","urlTemplate":"https:\/\/www.noticiasradioreflejos.com.ar\/2021\/?s={search_term_string}"},"query-input":{"@type":"PropertyValueSpecification","valueRequired":true,"valueName":"search_term_string"}}],"inLanguage":"es"},{"@type":"Person","@id":"https:\/\/www.noticiasradioreflejos.com.ar\/2021\/#\/schema\/person\/ad82545263dcc5ec0996818884fd5fb1","name":"Arnaldo Botto","image":{"@type":"ImageObject","inLanguage":"es","@id":"https:\/\/www.noticiasradioreflejos.com.ar\/2021\/#\/schema\/person\/image\/","url":"https:\/\/secure.gravatar.com\/avatar\/55cb5e37c1efa326397366e6974cb338056df65cb50e7d64d1cf314e87504837?s=96&d=mm&r=g","contentUrl":"https:\/\/secure.gravatar.com\/avatar\/55cb5e37c1efa326397366e6974cb338056df65cb50e7d64d1cf314e87504837?s=96&d=mm&r=g","caption":"Arnaldo Botto"},"url":"https:\/\/www.noticiasradioreflejos.com.ar\/2021\/author\/arnaldo\/"}]}},"_links":{"self":[{"href":"https:\/\/www.noticiasradioreflejos.com.ar\/2021\/wp-json\/wp\/v2\/posts\/96464","targetHints":{"allow":["GET"]}}],"collection":[{"href":"https:\/\/www.noticiasradioreflejos.com.ar\/2021\/wp-json\/wp\/v2\/posts"}],"about":[{"href":"https:\/\/www.noticiasradioreflejos.com.ar\/2021\/wp-json\/wp\/v2\/types\/post"}],"author":[{"embeddable":true,"href":"https:\/\/www.noticiasradioreflejos.com.ar\/2021\/wp-json\/wp\/v2\/users\/3"}],"replies":[{"embeddable":true,"href":"https:\/\/www.noticiasradioreflejos.com.ar\/2021\/wp-json\/wp\/v2\/comments?post=96464"}],"version-history":[{"count":3,"href":"https:\/\/www.noticiasradioreflejos.com.ar\/2021\/wp-json\/wp\/v2\/posts\/96464\/revisions"}],"predecessor-version":[{"id":96468,"href":"https:\/\/www.noticiasradioreflejos.com.ar\/2021\/wp-json\/wp\/v2\/posts\/96464\/revisions\/96468"}],"wp:attachment":[{"href":"https:\/\/www.noticiasradioreflejos.com.ar\/2021\/wp-json\/wp\/v2\/media?parent=96464"}],"wp:term":[{"taxonomy":"category","embeddable":true,"href":"https:\/\/www.noticiasradioreflejos.com.ar\/2021\/wp-json\/wp\/v2\/categories?post=96464"},{"taxonomy":"post_tag","embeddable":true,"href":"https:\/\/www.noticiasradioreflejos.com.ar\/2021\/wp-json\/wp\/v2\/tags?post=96464"}],"curies":[{"name":"wp","href":"https:\/\/api.w.org\/{rel}","templated":true}]}}