{"id":96461,"date":"2023-12-14T17:56:16","date_gmt":"2023-12-14T17:56:16","guid":{"rendered":"https:\/\/www.noticiasradioreflejos.com.ar\/2021\/?p=96461"},"modified":"2023-12-14T17:56:16","modified_gmt":"2023-12-14T17:56:16","slug":"cerro-ceferino-el-viernes-liberaron-la-calle","status":"publish","type":"post","link":"https:\/\/www.noticiasradioreflejos.com.ar\/2021\/cerro-ceferino-el-viernes-liberaron-la-calle\/","title":{"rendered":"Cerro Ceferino: \u201cEl viernes liberaron la calle\u201d"},"content":{"rendered":"<p>H\u00e9ctor Cabral, miembro activo de la Asociaci\u00f3n de Fomento de ese barrio, coment\u00f3 la buena nueva, aunque aclar\u00f3 que \u201ca\u00fan tienen que sacar los postes con alambrados del sector\u201d.<!--more--><\/p>\n<p>Las idas y vueltas entre la Asociaci\u00f3n de Fomento del barrio Cerro Ceferino, el fideicomiso que gener\u00f3 el emprendimiento y el municipio de Coronel Su\u00e1rez sum\u00f3 un nuevo cap\u00edtulo.<\/p>\n<p>En esta ocasi\u00f3n fue uno de los m\u00e1s activos miembros, H\u00e9ctor Cabral, el cual cont\u00f3 que \u201ctras idas y vueltas el viernes pasado liberaron la calle, pero no as\u00ed los postes con alambrados. A\u00fan estamos esperando eso\u201d.<\/p>\n<p>Esta situaci\u00f3n, rememorando, se dio debido a que \u201ciniciamos un juicio al respecto y la jueza dict\u00f3 una cautelar para liberar calles y dejar de lotear tan cerca del r\u00edo\u201d, lo que tuvo diversos contrapuntos a lo largo de varios meses.<\/p>\n<p>En su momento, y seg\u00fan reconoci\u00f3 Cabral, \u201cle pedimos al municipio hacer una parquizaci\u00f3n del espacio p\u00fablico frente al rio, y sumarle una bicisenda. Somos los propios habitantes los que hacemos el ofrecimiento al turista y ya est\u00e1 funcionando eso. De donde hab\u00eda vacas, ahora hay gente que contribuye de buena forma a Su\u00e1rez\u201d.<\/p>\n<p>De igual manera y ligado a esto admiti\u00f3 que \u201clamentablemente desde el fideicomiso nos fallaron. Nos tuvieron a la vuelta hasta que fuimos a La Plata y nos enteramos que no hab\u00eda nada presentado. No estaba la aprobaci\u00f3n de ADA sobre los terrenos en relaci\u00f3n a la distancia del r\u00edo\u201d.<\/p>\n<p>Por \u00faltimo, y sobre la liberaci\u00f3n de la calle, el vecino no pudo esconder su asombro, debido a que \u201cel delegado dice que ellos no liberaron la calle, pero los vecinos que lo vieron, dicen que fueron m\u00e1quinas municipales. Al menos ellos afirmaron que en su momento cerraron la calle\u201d.<\/p>\n<p>&nbsp;<\/p>\n<p><iframe loading=\"lazy\" src=\"https:\/\/w.soundcloud.com\/player\/?url=https%3A\/\/api.soundcloud.com\/tracks\/1690306062&amp;color=%23ff5500&amp;auto_play=false&amp;hide_related=false&amp;show_comments=true&amp;show_user=true&amp;show_reposts=false&amp;show_teaser=true\" width=\"100%\" height=\"166\" frameborder=\"no\" scrolling=\"no\"><\/iframe><\/p>\n<div style=\"font-size: 10px; color: #cccccc; line-break: anywhere; word-break: normal; overflow: hidden; white-space: nowrap; text-overflow: ellipsis; font-family: Interstate,Lucida Grande,Lucida Sans Unicode,Lucida Sans,Garuda,Verdana,Tahoma,sans-serif; font-weight: 100;\"><a style=\"color: #cccccc; text-decoration: none;\" title=\"fmreflejos 103.7\" href=\"https:\/\/soundcloud.com\/fmreflejos-103-7\" target=\"_blank\" rel=\"noopener\">fmreflejos 103.7<\/a> \u00b7 <a style=\"color: #cccccc; text-decoration: none;\" title=\"Hector Cabral 14 - 11\" href=\"https:\/\/soundcloud.com\/fmreflejos-103-7\/hector-cabral-14-11\" target=\"_blank\" rel=\"noopener\">Hector Cabral 14 &#8211; 11<\/a><\/div>\n","protected":false},"excerpt":{"rendered":"<p>H\u00e9ctor Cabral, miembro activo de la Asociaci\u00f3n de Fomento de ese barrio, coment\u00f3 la buena nueva, aunque aclar\u00f3 que \u201ca\u00fan tienen que sacar los postes con alambrados del sector\u201d.<\/p>\n","protected":false},"author":3,"featured_media":89958,"comment_status":"closed","ping_status":"closed","sticky":false,"template":"","format":"standard","meta":{"footnotes":""},"categories":[26],"tags":[48],"class_list":["post-96461","post","type-post","status-publish","format-standard","has-post-thumbnail","hentry","category-sociedad","tag-destacada"],"yoast_head":"<!-- This site is optimized with the Yoast SEO plugin v25.9 - https:\/\/yoast.com\/wordpress\/plugins\/seo\/ -->\n<title>Cerro Ceferino: \u201cEl viernes liberaron la calle\u201d - Noticias Radio Reflejos<\/title>\n<meta name=\"robots\" content=\"index, follow, max-snippet:-1, max-image-preview:large, max-video-preview:-1\" \/>\n<link rel=\"canonical\" href=\"https:\/\/www.noticiasradioreflejos.com.ar\/2021\/cerro-ceferino-el-viernes-liberaron-la-calle\/\" \/>\n<meta property=\"og:locale\" content=\"es_ES\" \/>\n<meta property=\"og:type\" content=\"article\" \/>\n<meta property=\"og:title\" content=\"Cerro Ceferino: \u201cEl viernes liberaron la calle\u201d - Noticias Radio Reflejos\" \/>\n<meta property=\"og:description\" content=\"H\u00e9ctor Cabral, miembro activo de la Asociaci\u00f3n de Fomento de ese barrio, coment\u00f3 la buena nueva, aunque aclar\u00f3 que \u201ca\u00fan tienen que sacar los postes con alambrados del sector\u201d.\" \/>\n<meta property=\"og:url\" content=\"https:\/\/www.noticiasradioreflejos.com.ar\/2021\/cerro-ceferino-el-viernes-liberaron-la-calle\/\" \/>\n<meta property=\"og:site_name\" content=\"Noticias Radio Reflejos\" \/>\n<meta property=\"article:published_time\" content=\"2023-12-14T17:56:16+00:00\" \/>\n<meta property=\"og:image\" content=\"https:\/\/www.noticiasradioreflejos.com.ar\/2021\/wp-content\/uploads\/2023\/06\/Barrio-Cerro-Ceferino.jpg\" \/>\n\t<meta property=\"og:image:width\" content=\"1366\" \/>\n\t<meta property=\"og:image:height\" content=\"768\" \/>\n\t<meta property=\"og:image:type\" content=\"image\/jpeg\" \/>\n<meta name=\"author\" content=\"Arnaldo Botto\" \/>\n<meta name=\"twitter:card\" content=\"summary_large_image\" \/>\n<script type=\"application\/ld+json\" class=\"yoast-schema-graph\">{\"@context\":\"https:\/\/schema.org\",\"@graph\":[{\"@type\":\"WebPage\",\"@id\":\"https:\/\/www.noticiasradioreflejos.com.ar\/2021\/cerro-ceferino-el-viernes-liberaron-la-calle\/\",\"url\":\"https:\/\/www.noticiasradioreflejos.com.ar\/2021\/cerro-ceferino-el-viernes-liberaron-la-calle\/\",\"name\":\"Cerro Ceferino: \u201cEl viernes liberaron la calle\u201d - Noticias Radio Reflejos\",\"isPartOf\":{\"@id\":\"https:\/\/www.noticiasradioreflejos.com.ar\/2021\/#website\"},\"primaryImageOfPage\":{\"@id\":\"https:\/\/www.noticiasradioreflejos.com.ar\/2021\/cerro-ceferino-el-viernes-liberaron-la-calle\/#primaryimage\"},\"image\":{\"@id\":\"https:\/\/www.noticiasradioreflejos.com.ar\/2021\/cerro-ceferino-el-viernes-liberaron-la-calle\/#primaryimage\"},\"thumbnailUrl\":\"https:\/\/www.noticiasradioreflejos.com.ar\/2021\/wp-content\/uploads\/2023\/06\/Barrio-Cerro-Ceferino.jpg\",\"datePublished\":\"2023-12-14T17:56:16+00:00\",\"author\":{\"@id\":\"https:\/\/www.noticiasradioreflejos.com.ar\/2021\/#\/schema\/person\/ad82545263dcc5ec0996818884fd5fb1\"},\"breadcrumb\":{\"@id\":\"https:\/\/www.noticiasradioreflejos.com.ar\/2021\/cerro-ceferino-el-viernes-liberaron-la-calle\/#breadcrumb\"},\"inLanguage\":\"es\",\"potentialAction\":[{\"@type\":\"ReadAction\",\"target\":[\"https:\/\/www.noticiasradioreflejos.com.ar\/2021\/cerro-ceferino-el-viernes-liberaron-la-calle\/\"]}]},{\"@type\":\"ImageObject\",\"inLanguage\":\"es\",\"@id\":\"https:\/\/www.noticiasradioreflejos.com.ar\/2021\/cerro-ceferino-el-viernes-liberaron-la-calle\/#primaryimage\",\"url\":\"https:\/\/www.noticiasradioreflejos.com.ar\/2021\/wp-content\/uploads\/2023\/06\/Barrio-Cerro-Ceferino.jpg\",\"contentUrl\":\"https:\/\/www.noticiasradioreflejos.com.ar\/2021\/wp-content\/uploads\/2023\/06\/Barrio-Cerro-Ceferino.jpg\",\"width\":1366,\"height\":768},{\"@type\":\"BreadcrumbList\",\"@id\":\"https:\/\/www.noticiasradioreflejos.com.ar\/2021\/cerro-ceferino-el-viernes-liberaron-la-calle\/#breadcrumb\",\"itemListElement\":[{\"@type\":\"ListItem\",\"position\":1,\"name\":\"Portada\",\"item\":\"https:\/\/www.noticiasradioreflejos.com.ar\/2021\/\"},{\"@type\":\"ListItem\",\"position\":2,\"name\":\"Cerro Ceferino: \u201cEl viernes liberaron la calle\u201d\"}]},{\"@type\":\"WebSite\",\"@id\":\"https:\/\/www.noticiasradioreflejos.com.ar\/2021\/#website\",\"url\":\"https:\/\/www.noticiasradioreflejos.com.ar\/2021\/\",\"name\":\"Noticias Radio Reflejos\",\"description\":\"Las noticias de mi comarca\",\"potentialAction\":[{\"@type\":\"SearchAction\",\"target\":{\"@type\":\"EntryPoint\",\"urlTemplate\":\"https:\/\/www.noticiasradioreflejos.com.ar\/2021\/?s={search_term_string}\"},\"query-input\":{\"@type\":\"PropertyValueSpecification\",\"valueRequired\":true,\"valueName\":\"search_term_string\"}}],\"inLanguage\":\"es\"},{\"@type\":\"Person\",\"@id\":\"https:\/\/www.noticiasradioreflejos.com.ar\/2021\/#\/schema\/person\/ad82545263dcc5ec0996818884fd5fb1\",\"name\":\"Arnaldo Botto\",\"image\":{\"@type\":\"ImageObject\",\"inLanguage\":\"es\",\"@id\":\"https:\/\/www.noticiasradioreflejos.com.ar\/2021\/#\/schema\/person\/image\/\",\"url\":\"https:\/\/secure.gravatar.com\/avatar\/55cb5e37c1efa326397366e6974cb338056df65cb50e7d64d1cf314e87504837?s=96&d=mm&r=g\",\"contentUrl\":\"https:\/\/secure.gravatar.com\/avatar\/55cb5e37c1efa326397366e6974cb338056df65cb50e7d64d1cf314e87504837?s=96&d=mm&r=g\",\"caption\":\"Arnaldo Botto\"},\"url\":\"https:\/\/www.noticiasradioreflejos.com.ar\/2021\/author\/arnaldo\/\"}]}<\/script>\n<!-- \/ Yoast SEO plugin. -->","yoast_head_json":{"title":"Cerro Ceferino: \u201cEl viernes liberaron la calle\u201d - Noticias Radio Reflejos","robots":{"index":"index","follow":"follow","max-snippet":"max-snippet:-1","max-image-preview":"max-image-preview:large","max-video-preview":"max-video-preview:-1"},"canonical":"https:\/\/www.noticiasradioreflejos.com.ar\/2021\/cerro-ceferino-el-viernes-liberaron-la-calle\/","og_locale":"es_ES","og_type":"article","og_title":"Cerro Ceferino: \u201cEl viernes liberaron la calle\u201d - Noticias Radio Reflejos","og_description":"H\u00e9ctor Cabral, miembro activo de la Asociaci\u00f3n de Fomento de ese barrio, coment\u00f3 la buena nueva, aunque aclar\u00f3 que \u201ca\u00fan tienen que sacar los postes con alambrados del sector\u201d.","og_url":"https:\/\/www.noticiasradioreflejos.com.ar\/2021\/cerro-ceferino-el-viernes-liberaron-la-calle\/","og_site_name":"Noticias Radio Reflejos","article_published_time":"2023-12-14T17:56:16+00:00","og_image":[{"width":1366,"height":768,"url":"https:\/\/www.noticiasradioreflejos.com.ar\/2021\/wp-content\/uploads\/2023\/06\/Barrio-Cerro-Ceferino.jpg","type":"image\/jpeg"}],"author":"Arnaldo Botto","twitter_card":"summary_large_image","schema":{"@context":"https:\/\/schema.org","@graph":[{"@type":"WebPage","@id":"https:\/\/www.noticiasradioreflejos.com.ar\/2021\/cerro-ceferino-el-viernes-liberaron-la-calle\/","url":"https:\/\/www.noticiasradioreflejos.com.ar\/2021\/cerro-ceferino-el-viernes-liberaron-la-calle\/","name":"Cerro Ceferino: \u201cEl viernes liberaron la calle\u201d - Noticias Radio Reflejos","isPartOf":{"@id":"https:\/\/www.noticiasradioreflejos.com.ar\/2021\/#website"},"primaryImageOfPage":{"@id":"https:\/\/www.noticiasradioreflejos.com.ar\/2021\/cerro-ceferino-el-viernes-liberaron-la-calle\/#primaryimage"},"image":{"@id":"https:\/\/www.noticiasradioreflejos.com.ar\/2021\/cerro-ceferino-el-viernes-liberaron-la-calle\/#primaryimage"},"thumbnailUrl":"https:\/\/www.noticiasradioreflejos.com.ar\/2021\/wp-content\/uploads\/2023\/06\/Barrio-Cerro-Ceferino.jpg","datePublished":"2023-12-14T17:56:16+00:00","author":{"@id":"https:\/\/www.noticiasradioreflejos.com.ar\/2021\/#\/schema\/person\/ad82545263dcc5ec0996818884fd5fb1"},"breadcrumb":{"@id":"https:\/\/www.noticiasradioreflejos.com.ar\/2021\/cerro-ceferino-el-viernes-liberaron-la-calle\/#breadcrumb"},"inLanguage":"es","potentialAction":[{"@type":"ReadAction","target":["https:\/\/www.noticiasradioreflejos.com.ar\/2021\/cerro-ceferino-el-viernes-liberaron-la-calle\/"]}]},{"@type":"ImageObject","inLanguage":"es","@id":"https:\/\/www.noticiasradioreflejos.com.ar\/2021\/cerro-ceferino-el-viernes-liberaron-la-calle\/#primaryimage","url":"https:\/\/www.noticiasradioreflejos.com.ar\/2021\/wp-content\/uploads\/2023\/06\/Barrio-Cerro-Ceferino.jpg","contentUrl":"https:\/\/www.noticiasradioreflejos.com.ar\/2021\/wp-content\/uploads\/2023\/06\/Barrio-Cerro-Ceferino.jpg","width":1366,"height":768},{"@type":"BreadcrumbList","@id":"https:\/\/www.noticiasradioreflejos.com.ar\/2021\/cerro-ceferino-el-viernes-liberaron-la-calle\/#breadcrumb","itemListElement":[{"@type":"ListItem","position":1,"name":"Portada","item":"https:\/\/www.noticiasradioreflejos.com.ar\/2021\/"},{"@type":"ListItem","position":2,"name":"Cerro Ceferino: \u201cEl viernes liberaron la calle\u201d"}]},{"@type":"WebSite","@id":"https:\/\/www.noticiasradioreflejos.com.ar\/2021\/#website","url":"https:\/\/www.noticiasradioreflejos.com.ar\/2021\/","name":"Noticias Radio Reflejos","description":"Las noticias de mi comarca","potentialAction":[{"@type":"SearchAction","target":{"@type":"EntryPoint","urlTemplate":"https:\/\/www.noticiasradioreflejos.com.ar\/2021\/?s={search_term_string}"},"query-input":{"@type":"PropertyValueSpecification","valueRequired":true,"valueName":"search_term_string"}}],"inLanguage":"es"},{"@type":"Person","@id":"https:\/\/www.noticiasradioreflejos.com.ar\/2021\/#\/schema\/person\/ad82545263dcc5ec0996818884fd5fb1","name":"Arnaldo Botto","image":{"@type":"ImageObject","inLanguage":"es","@id":"https:\/\/www.noticiasradioreflejos.com.ar\/2021\/#\/schema\/person\/image\/","url":"https:\/\/secure.gravatar.com\/avatar\/55cb5e37c1efa326397366e6974cb338056df65cb50e7d64d1cf314e87504837?s=96&d=mm&r=g","contentUrl":"https:\/\/secure.gravatar.com\/avatar\/55cb5e37c1efa326397366e6974cb338056df65cb50e7d64d1cf314e87504837?s=96&d=mm&r=g","caption":"Arnaldo Botto"},"url":"https:\/\/www.noticiasradioreflejos.com.ar\/2021\/author\/arnaldo\/"}]}},"_links":{"self":[{"href":"https:\/\/www.noticiasradioreflejos.com.ar\/2021\/wp-json\/wp\/v2\/posts\/96461","targetHints":{"allow":["GET"]}}],"collection":[{"href":"https:\/\/www.noticiasradioreflejos.com.ar\/2021\/wp-json\/wp\/v2\/posts"}],"about":[{"href":"https:\/\/www.noticiasradioreflejos.com.ar\/2021\/wp-json\/wp\/v2\/types\/post"}],"author":[{"embeddable":true,"href":"https:\/\/www.noticiasradioreflejos.com.ar\/2021\/wp-json\/wp\/v2\/users\/3"}],"replies":[{"embeddable":true,"href":"https:\/\/www.noticiasradioreflejos.com.ar\/2021\/wp-json\/wp\/v2\/comments?post=96461"}],"version-history":[{"count":2,"href":"https:\/\/www.noticiasradioreflejos.com.ar\/2021\/wp-json\/wp\/v2\/posts\/96461\/revisions"}],"predecessor-version":[{"id":96463,"href":"https:\/\/www.noticiasradioreflejos.com.ar\/2021\/wp-json\/wp\/v2\/posts\/96461\/revisions\/96463"}],"wp:featuredmedia":[{"embeddable":true,"href":"https:\/\/www.noticiasradioreflejos.com.ar\/2021\/wp-json\/wp\/v2\/media\/89958"}],"wp:attachment":[{"href":"https:\/\/www.noticiasradioreflejos.com.ar\/2021\/wp-json\/wp\/v2\/media?parent=96461"}],"wp:term":[{"taxonomy":"category","embeddable":true,"href":"https:\/\/www.noticiasradioreflejos.com.ar\/2021\/wp-json\/wp\/v2\/categories?post=96461"},{"taxonomy":"post_tag","embeddable":true,"href":"https:\/\/www.noticiasradioreflejos.com.ar\/2021\/wp-json\/wp\/v2\/tags?post=96461"}],"curies":[{"name":"wp","href":"https:\/\/api.w.org\/{rel}","templated":true}]}}