{"id":96457,"date":"2023-12-14T17:39:38","date_gmt":"2023-12-14T17:39:38","guid":{"rendered":"https:\/\/www.noticiasradioreflejos.com.ar\/2021\/?p=96457"},"modified":"2023-12-14T17:39:38","modified_gmt":"2023-12-14T17:39:38","slug":"hay-un-ciclo-de-violencia-continua-que-padece-el-pueblo-de-palestina","status":"publish","type":"post","link":"https:\/\/www.noticiasradioreflejos.com.ar\/2021\/hay-un-ciclo-de-violencia-continua-que-padece-el-pueblo-de-palestina\/","title":{"rendered":"\u201cHay un ciclo de violencia continua que padece el pueblo de Palestina\u201d"},"content":{"rendered":"<p>En otra entrega de <em><strong>Tiempo Educativo<\/strong><\/em>, el <strong>licenciado Gabriel Sivinian<\/strong> habl\u00f3 sobre el conflicto que se vive por estos d\u00edas en la Franja de Gaza. \u201cQuedarnos con la foto es sesgado\u201d afirm\u00f3.<!--more--><\/p>\n<p>En una nueva entrega semanal de Tiempo Educativo, en esta ocasi\u00f3n quien tuvo la palabra fue el profesor Gabriel Silvinian, el cual, como es una costumbre en este micro, rompi\u00f3 el hielo present\u00e1ndose.<\/p>\n<p>\u201cSoy licenciado en sociolog\u00eda, egresado de la UBA. Llevo tres d\u00e9cadas ense\u00f1ando en escuelas p\u00fablicas. Ahora a cargo de la C\u00e1tedra de Libres Estudios Palestinos de la Facultad de Filosof\u00eda y Letras de la UBA. Es una c\u00e1tedra que hace 15 a\u00f1os ya funciona\u201d coment\u00f3.<\/p>\n<p>A esto le agreg\u00f3 que \u201csoy un ciudadano sensibilizado particularmente por las tem\u00e1ticas de derechos humanos por mi propia biograf\u00eda, ya que soy nieto de cuatro abuelos sobrevivientes del genocidio Armenio, y que comenz\u00f3 a entender de pol\u00edtica con el despertar de la democracia en 1983\u201d.<\/p>\n<p>Yendo de lleno a la situaci\u00f3n que ocurre entre Israel y Palestina, el catedr\u00e1tico aseguro que \u201cse toma la foto del 7 de octubre con la irrupci\u00f3n de Hamas al sur de Israel, de los cr\u00edmenes cometidos ese d\u00eda. No es admisible bajo ning\u00fan punto de vista el ataque a la poblaci\u00f3n civil, ni la continuidad de esos cr\u00edmenes. Pero ac\u00e1 hay una pel\u00edcula. Esa foto es condenable. Pero hay una pel\u00edcula que tiene cuanto menos 75 a\u00f1os. Quedarnos con la foto es sesgado\u201d.<\/p>\n<p>Seg\u00fan su visi\u00f3n \u201chay un ciclo de violencia continua que padece el pueblo de Palestina, hay una resistencia del pueblo de Palestina que no se expresa solo de forma armada, y que tiene que ver con 75 a\u00f1os de despojo colonial de su territorio, de desplazamiento de poblaci\u00f3n, de implantaci\u00f3n de poblaci\u00f3n for\u00e1nea, y que empieza con la implantaci\u00f3n del estado de Israel en la Palestina hist\u00f3rica, y que uno puede situar m\u00e1s atr\u00e1s\u201d.<\/p>\n<p>Por \u00faltimo reconoci\u00f3 que \u201cel tema pasa por la caracterizaci\u00f3n de lo que es la cuesti\u00f3n de Palestina; ellos denominan todo este proceso como la cat\u00e1strofe. Enfrentan un colonialismo por sustituci\u00f3n poblacional, donde un movimiento pol\u00edtico llega al amparo de un imperio colonial que domina sus tierras, se asienta, desplaza a la poblaci\u00f3n nativa, implanta poblaci\u00f3n for\u00e1nea y no tiene en cuenta a los originarios\u201d.<\/p>\n<p><iframe loading=\"lazy\" width=\"100%\" height=\"166\" scrolling=\"no\" frameborder=\"no\" allow=\"autoplay\" src=\"https:\/\/w.soundcloud.com\/player\/?url=https%3A\/\/api.soundcloud.com\/tracks\/1690126788&#038;color=%23ff5500&#038;auto_play=false&#038;hide_related=false&#038;show_comments=true&#038;show_user=true&#038;show_reposts=false&#038;show_teaser=true\"><\/iframe><\/p>\n<div style=\"font-size: 10px; color: #cccccc;line-break: anywhere;word-break: normal;overflow: hidden;white-space: nowrap;text-overflow: ellipsis; font-family: Interstate,Lucida Grande,Lucida Sans Unicode,Lucida Sans,Garuda,Verdana,Tahoma,sans-serif;font-weight: 100;\"><a href=\"https:\/\/soundcloud.com\/fmreflejos-103-7\" title=\"fmreflejos 103.7\" target=\"_blank\" style=\"color: #cccccc; text-decoration: none;\" rel=\"noopener\">fmreflejos 103.7<\/a> \u00b7 <a href=\"https:\/\/soundcloud.com\/fmreflejos-103-7\/gabriel-sivinian-conflicto-israel-palestina\" title=\"Gabriel Sivinian CONFLICTO ISRAEL PALESTINA\" target=\"_blank\" style=\"color: #cccccc; text-decoration: none;\" rel=\"noopener\">Gabriel Sivinian CONFLICTO ISRAEL PALESTINA<\/a><\/div>\n","protected":false},"excerpt":{"rendered":"<p>En otra entrega de Tiempo Educativo, el licenciado Gabriel Sivinian habl\u00f3 sobre el conflicto que se vive por estos d\u00edas en la Franja de Gaza. \u201cQuedarnos con la foto es sesgado\u201d afirm\u00f3.<\/p>\n","protected":false},"author":3,"featured_media":0,"comment_status":"closed","ping_status":"closed","sticky":false,"template":"","format":"standard","meta":{"footnotes":""},"categories":[24,26],"tags":[],"class_list":["post-96457","post","type-post","status-publish","format-standard","hentry","category-politica","category-sociedad"],"yoast_head":"<!-- This site is optimized with the Yoast SEO plugin v25.9 - https:\/\/yoast.com\/wordpress\/plugins\/seo\/ -->\n<title>\u201cHay un ciclo de violencia continua que padece el pueblo de Palestina\u201d - Noticias Radio Reflejos<\/title>\n<meta name=\"robots\" content=\"index, follow, max-snippet:-1, max-image-preview:large, max-video-preview:-1\" \/>\n<link rel=\"canonical\" href=\"https:\/\/www.noticiasradioreflejos.com.ar\/2021\/hay-un-ciclo-de-violencia-continua-que-padece-el-pueblo-de-palestina\/\" \/>\n<meta property=\"og:locale\" content=\"es_ES\" \/>\n<meta property=\"og:type\" content=\"article\" \/>\n<meta property=\"og:title\" content=\"\u201cHay un ciclo de violencia continua que padece el pueblo de Palestina\u201d - Noticias Radio Reflejos\" \/>\n<meta property=\"og:description\" content=\"En otra entrega de Tiempo Educativo, el licenciado Gabriel Sivinian habl\u00f3 sobre el conflicto que se vive por estos d\u00edas en la Franja de Gaza. \u201cQuedarnos con la foto es sesgado\u201d afirm\u00f3.\" \/>\n<meta property=\"og:url\" content=\"https:\/\/www.noticiasradioreflejos.com.ar\/2021\/hay-un-ciclo-de-violencia-continua-que-padece-el-pueblo-de-palestina\/\" \/>\n<meta property=\"og:site_name\" content=\"Noticias Radio Reflejos\" \/>\n<meta property=\"article:published_time\" content=\"2023-12-14T17:39:38+00:00\" \/>\n<meta property=\"og:image\" content=\"https:\/\/www.noticiasradioreflejos.com.ar\/2021\/wp-content\/uploads\/2021\/07\/logosol300x200.png\" \/>\n\t<meta property=\"og:image:width\" content=\"300\" \/>\n\t<meta property=\"og:image:height\" content=\"200\" \/>\n\t<meta property=\"og:image:type\" content=\"image\/png\" \/>\n<meta name=\"author\" content=\"Arnaldo Botto\" \/>\n<meta name=\"twitter:card\" content=\"summary_large_image\" \/>\n<script type=\"application\/ld+json\" class=\"yoast-schema-graph\">{\"@context\":\"https:\/\/schema.org\",\"@graph\":[{\"@type\":\"WebPage\",\"@id\":\"https:\/\/www.noticiasradioreflejos.com.ar\/2021\/hay-un-ciclo-de-violencia-continua-que-padece-el-pueblo-de-palestina\/\",\"url\":\"https:\/\/www.noticiasradioreflejos.com.ar\/2021\/hay-un-ciclo-de-violencia-continua-que-padece-el-pueblo-de-palestina\/\",\"name\":\"\u201cHay un ciclo de violencia continua que padece el pueblo de Palestina\u201d - Noticias Radio Reflejos\",\"isPartOf\":{\"@id\":\"https:\/\/www.noticiasradioreflejos.com.ar\/2021\/#website\"},\"datePublished\":\"2023-12-14T17:39:38+00:00\",\"author\":{\"@id\":\"https:\/\/www.noticiasradioreflejos.com.ar\/2021\/#\/schema\/person\/ad82545263dcc5ec0996818884fd5fb1\"},\"breadcrumb\":{\"@id\":\"https:\/\/www.noticiasradioreflejos.com.ar\/2021\/hay-un-ciclo-de-violencia-continua-que-padece-el-pueblo-de-palestina\/#breadcrumb\"},\"inLanguage\":\"es\",\"potentialAction\":[{\"@type\":\"ReadAction\",\"target\":[\"https:\/\/www.noticiasradioreflejos.com.ar\/2021\/hay-un-ciclo-de-violencia-continua-que-padece-el-pueblo-de-palestina\/\"]}]},{\"@type\":\"BreadcrumbList\",\"@id\":\"https:\/\/www.noticiasradioreflejos.com.ar\/2021\/hay-un-ciclo-de-violencia-continua-que-padece-el-pueblo-de-palestina\/#breadcrumb\",\"itemListElement\":[{\"@type\":\"ListItem\",\"position\":1,\"name\":\"Portada\",\"item\":\"https:\/\/www.noticiasradioreflejos.com.ar\/2021\/\"},{\"@type\":\"ListItem\",\"position\":2,\"name\":\"\u201cHay un ciclo de violencia continua que padece el pueblo de Palestina\u201d\"}]},{\"@type\":\"WebSite\",\"@id\":\"https:\/\/www.noticiasradioreflejos.com.ar\/2021\/#website\",\"url\":\"https:\/\/www.noticiasradioreflejos.com.ar\/2021\/\",\"name\":\"Noticias Radio Reflejos\",\"description\":\"Las noticias de mi comarca\",\"potentialAction\":[{\"@type\":\"SearchAction\",\"target\":{\"@type\":\"EntryPoint\",\"urlTemplate\":\"https:\/\/www.noticiasradioreflejos.com.ar\/2021\/?s={search_term_string}\"},\"query-input\":{\"@type\":\"PropertyValueSpecification\",\"valueRequired\":true,\"valueName\":\"search_term_string\"}}],\"inLanguage\":\"es\"},{\"@type\":\"Person\",\"@id\":\"https:\/\/www.noticiasradioreflejos.com.ar\/2021\/#\/schema\/person\/ad82545263dcc5ec0996818884fd5fb1\",\"name\":\"Arnaldo Botto\",\"image\":{\"@type\":\"ImageObject\",\"inLanguage\":\"es\",\"@id\":\"https:\/\/www.noticiasradioreflejos.com.ar\/2021\/#\/schema\/person\/image\/\",\"url\":\"https:\/\/secure.gravatar.com\/avatar\/55cb5e37c1efa326397366e6974cb338056df65cb50e7d64d1cf314e87504837?s=96&d=mm&r=g\",\"contentUrl\":\"https:\/\/secure.gravatar.com\/avatar\/55cb5e37c1efa326397366e6974cb338056df65cb50e7d64d1cf314e87504837?s=96&d=mm&r=g\",\"caption\":\"Arnaldo Botto\"},\"url\":\"https:\/\/www.noticiasradioreflejos.com.ar\/2021\/author\/arnaldo\/\"}]}<\/script>\n<!-- \/ Yoast SEO plugin. -->","yoast_head_json":{"title":"\u201cHay un ciclo de violencia continua que padece el pueblo de Palestina\u201d - Noticias Radio Reflejos","robots":{"index":"index","follow":"follow","max-snippet":"max-snippet:-1","max-image-preview":"max-image-preview:large","max-video-preview":"max-video-preview:-1"},"canonical":"https:\/\/www.noticiasradioreflejos.com.ar\/2021\/hay-un-ciclo-de-violencia-continua-que-padece-el-pueblo-de-palestina\/","og_locale":"es_ES","og_type":"article","og_title":"\u201cHay un ciclo de violencia continua que padece el pueblo de Palestina\u201d - Noticias Radio Reflejos","og_description":"En otra entrega de Tiempo Educativo, el licenciado Gabriel Sivinian habl\u00f3 sobre el conflicto que se vive por estos d\u00edas en la Franja de Gaza. \u201cQuedarnos con la foto es sesgado\u201d afirm\u00f3.","og_url":"https:\/\/www.noticiasradioreflejos.com.ar\/2021\/hay-un-ciclo-de-violencia-continua-que-padece-el-pueblo-de-palestina\/","og_site_name":"Noticias Radio Reflejos","article_published_time":"2023-12-14T17:39:38+00:00","og_image":[{"width":300,"height":200,"url":"https:\/\/www.noticiasradioreflejos.com.ar\/2021\/wp-content\/uploads\/2021\/07\/logosol300x200.png","type":"image\/png"}],"author":"Arnaldo Botto","twitter_card":"summary_large_image","schema":{"@context":"https:\/\/schema.org","@graph":[{"@type":"WebPage","@id":"https:\/\/www.noticiasradioreflejos.com.ar\/2021\/hay-un-ciclo-de-violencia-continua-que-padece-el-pueblo-de-palestina\/","url":"https:\/\/www.noticiasradioreflejos.com.ar\/2021\/hay-un-ciclo-de-violencia-continua-que-padece-el-pueblo-de-palestina\/","name":"\u201cHay un ciclo de violencia continua que padece el pueblo de Palestina\u201d - Noticias Radio Reflejos","isPartOf":{"@id":"https:\/\/www.noticiasradioreflejos.com.ar\/2021\/#website"},"datePublished":"2023-12-14T17:39:38+00:00","author":{"@id":"https:\/\/www.noticiasradioreflejos.com.ar\/2021\/#\/schema\/person\/ad82545263dcc5ec0996818884fd5fb1"},"breadcrumb":{"@id":"https:\/\/www.noticiasradioreflejos.com.ar\/2021\/hay-un-ciclo-de-violencia-continua-que-padece-el-pueblo-de-palestina\/#breadcrumb"},"inLanguage":"es","potentialAction":[{"@type":"ReadAction","target":["https:\/\/www.noticiasradioreflejos.com.ar\/2021\/hay-un-ciclo-de-violencia-continua-que-padece-el-pueblo-de-palestina\/"]}]},{"@type":"BreadcrumbList","@id":"https:\/\/www.noticiasradioreflejos.com.ar\/2021\/hay-un-ciclo-de-violencia-continua-que-padece-el-pueblo-de-palestina\/#breadcrumb","itemListElement":[{"@type":"ListItem","position":1,"name":"Portada","item":"https:\/\/www.noticiasradioreflejos.com.ar\/2021\/"},{"@type":"ListItem","position":2,"name":"\u201cHay un ciclo de violencia continua que padece el pueblo de Palestina\u201d"}]},{"@type":"WebSite","@id":"https:\/\/www.noticiasradioreflejos.com.ar\/2021\/#website","url":"https:\/\/www.noticiasradioreflejos.com.ar\/2021\/","name":"Noticias Radio Reflejos","description":"Las noticias de mi comarca","potentialAction":[{"@type":"SearchAction","target":{"@type":"EntryPoint","urlTemplate":"https:\/\/www.noticiasradioreflejos.com.ar\/2021\/?s={search_term_string}"},"query-input":{"@type":"PropertyValueSpecification","valueRequired":true,"valueName":"search_term_string"}}],"inLanguage":"es"},{"@type":"Person","@id":"https:\/\/www.noticiasradioreflejos.com.ar\/2021\/#\/schema\/person\/ad82545263dcc5ec0996818884fd5fb1","name":"Arnaldo Botto","image":{"@type":"ImageObject","inLanguage":"es","@id":"https:\/\/www.noticiasradioreflejos.com.ar\/2021\/#\/schema\/person\/image\/","url":"https:\/\/secure.gravatar.com\/avatar\/55cb5e37c1efa326397366e6974cb338056df65cb50e7d64d1cf314e87504837?s=96&d=mm&r=g","contentUrl":"https:\/\/secure.gravatar.com\/avatar\/55cb5e37c1efa326397366e6974cb338056df65cb50e7d64d1cf314e87504837?s=96&d=mm&r=g","caption":"Arnaldo Botto"},"url":"https:\/\/www.noticiasradioreflejos.com.ar\/2021\/author\/arnaldo\/"}]}},"_links":{"self":[{"href":"https:\/\/www.noticiasradioreflejos.com.ar\/2021\/wp-json\/wp\/v2\/posts\/96457","targetHints":{"allow":["GET"]}}],"collection":[{"href":"https:\/\/www.noticiasradioreflejos.com.ar\/2021\/wp-json\/wp\/v2\/posts"}],"about":[{"href":"https:\/\/www.noticiasradioreflejos.com.ar\/2021\/wp-json\/wp\/v2\/types\/post"}],"author":[{"embeddable":true,"href":"https:\/\/www.noticiasradioreflejos.com.ar\/2021\/wp-json\/wp\/v2\/users\/3"}],"replies":[{"embeddable":true,"href":"https:\/\/www.noticiasradioreflejos.com.ar\/2021\/wp-json\/wp\/v2\/comments?post=96457"}],"version-history":[{"count":2,"href":"https:\/\/www.noticiasradioreflejos.com.ar\/2021\/wp-json\/wp\/v2\/posts\/96457\/revisions"}],"predecessor-version":[{"id":96460,"href":"https:\/\/www.noticiasradioreflejos.com.ar\/2021\/wp-json\/wp\/v2\/posts\/96457\/revisions\/96460"}],"wp:attachment":[{"href":"https:\/\/www.noticiasradioreflejos.com.ar\/2021\/wp-json\/wp\/v2\/media?parent=96457"}],"wp:term":[{"taxonomy":"category","embeddable":true,"href":"https:\/\/www.noticiasradioreflejos.com.ar\/2021\/wp-json\/wp\/v2\/categories?post=96457"},{"taxonomy":"post_tag","embeddable":true,"href":"https:\/\/www.noticiasradioreflejos.com.ar\/2021\/wp-json\/wp\/v2\/tags?post=96457"}],"curies":[{"name":"wp","href":"https:\/\/api.w.org\/{rel}","templated":true}]}}