{"id":96354,"date":"2023-12-13T00:21:08","date_gmt":"2023-12-13T00:21:08","guid":{"rendered":"https:\/\/www.noticiasradioreflejos.com.ar\/2021\/?p=96354"},"modified":"2023-12-13T00:21:08","modified_gmt":"2023-12-13T00:21:08","slug":"el-verano-boreal-de-2023-fue-el-mas-caluroso-desde-que-comenzaron-los-registros","status":"publish","type":"post","link":"https:\/\/www.noticiasradioreflejos.com.ar\/2021\/el-verano-boreal-de-2023-fue-el-mas-caluroso-desde-que-comenzaron-los-registros\/","title":{"rendered":"El verano boreal de 2023 fue el m\u00e1s caluroso desde que comenzaron los registros"},"content":{"rendered":"<p>La Agencia Cient\u00edfica de los Estados Unidos traz\u00f3 \u00abun panorama alarmante de esta regi\u00f3n del mundo\u00bb. Las temperaturas en promedio de los meses de julio a septiembre fue de 6,4\u00ba C, los registros m\u00e1s altos desde que comenzaron en 1900.<!--more--><\/p>\n<figure class=\"mb-3\"><img decoding=\"async\" class=\" lazy \" src=\"https:\/\/www.telam.com.ar\/thumbs\/bluesteel\/advf\/imagenes\/2023\/07\/64ad3f69a7ccb_1200.jpg\" alt=\"Foto archivo\" width=\"100%\" height=\"100%\" \/><figcaption><\/figcaption><\/figure>\n<p><strong>El verano boreal de 2023 \u00abfue el m\u00e1s caluroso, jam\u00e1s registrado en el \u00c1rtico\u00bb<\/strong>, seg\u00fan un informe difundido este martes por la Agencia Cient\u00edfica de los Estados Unidos, que traz\u00f3 \u00abun panorama alarmante de esta regi\u00f3n del mundo\u00bb y especialmente \u00abvulnerable a los efectos del calentamiento global\u00bb.<\/p>\n<p>El reporte anual de la \u00abOficina Nacional de Administraci\u00f3n Oce\u00e1nica y Atmosf\u00e9rica\u00bb, (NOAA), agencia del Departamento de Comercio de los Estados Unidos que fuera publicado este martes, destaca la magnitud de \u00abincendios que azotaron Canad\u00e1, durante el verano, hasta los continuos deshielos de Groenlandia\u00bb.<\/p>\n<p><strong>\u00abLas temperaturas en promedio de los meses de julio a septiembre fue de 6,4\u00ba C, los registros m\u00e1s altos desde que comenzaron en 1900\u00bb<\/strong>, consign\u00f3 la agencia AFP.<\/p>\n<p>\u00abEl mensaje primordial del informe de calificaciones de este a\u00f1o, es que\u00a0<strong>ahora es el momento de actuar<\/strong>\u00ab, sostuvo por su parte, en un comunicado, el responsable de la Oficina, Rick Spinrad.<\/p>\n<p>\u00abNosotros, como naci\u00f3n y comunidad global,\u00a0<strong>debemos reducir dr\u00e1sticamente las emisiones de gases de efecto invernadero<\/strong>\u00a0que, est\u00e1n impulsando estos cambios\u00bb destac\u00f3 el funcionario norteamericano.<\/p>\n<p>En tanto, las temperaturas promedio del verano boreal han aumentado a promedio de 0,17\u00b0C por d\u00e9cada, se detall\u00f3 en la 18va. edici\u00f3n del \u00abReport Card del \u00c1rtico de la NOAA\u00bb, un trabajo elaborado por 82 expertos y realizado en 13 pa\u00edses.<\/p>\n<p>\u00abEn general, fue el sexto a\u00f1o m\u00e1s c\u00e1lido en el \u00c1rtico, y con -7\u00b0C\u00bb, ampli\u00f3 el reporte de los investigadores.<\/p>\n<p>En ese orden, las observaci\u00f3n del informe anual enfatiz\u00f3 la l\u00ednea de tendencia en curso de calentamiento de temperatura del mar y aire, \u00abdisminuci\u00f3n de la capa de nieve y del hielo marino y continuo derretimiento de la capa helada de Groenlandia\u00bb.<\/p>\n<p>Tambi\u00e9n hubo en el a\u00f1o acontecimientos de impacto que tuvieron la \u00abclara firma\u00bb del cambio clim\u00e1tico; en opini\u00f3n de los expertos. El \u00c1rtico canadiense experiment\u00f3 la peor temporada de incendios forestales, que jam\u00e1s se registr\u00f3 y provoc\u00f3 la evacuaci\u00f3n de 20.000 personas de la ciudad de Yellowknife en agosto\u00bb.<\/p>\n<p>Tambi\u00e9n en el mismo mes, un lago glacial cercano a Juneau, Alaska, sufri\u00f3 la rotura de su presa, \u00abcon lo cual se generaron vastas inundaciones y da\u00f1os materiales a lo largo del r\u00edo Mendenhall, como resultado de dos d\u00e9cadas de adelgazamiento de los glaciares\u00bb.<\/p>\n<p>\u00abLa tendencia al calentamiento global, a largo plazo, tiene una variedad de impacto desigual en ecosistemas y redes alimentarias de las que depende la poblaci\u00f3n\u00bb, concluy\u00f3 el informe.<\/p>\n","protected":false},"excerpt":{"rendered":"<p>La Agencia Cient\u00edfica de los Estados Unidos traz\u00f3 \u00abun panorama alarmante de esta regi\u00f3n del mundo\u00bb. Las temperaturas en promedio de los meses de julio a septiembre fue de 6,4\u00ba C, los registros m\u00e1s altos desde que comenzaron en 1900.<\/p>\n","protected":false},"author":3,"featured_media":0,"comment_status":"closed","ping_status":"closed","sticky":false,"template":"","format":"standard","meta":{"footnotes":""},"categories":[46],"tags":[],"class_list":["post-96354","post","type-post","status-publish","format-standard","hentry","category-ciencia-y-tecnologia"],"yoast_head":"<!-- This site is optimized with the Yoast SEO plugin v25.9 - https:\/\/yoast.com\/wordpress\/plugins\/seo\/ -->\n<title>El verano boreal de 2023 fue el m\u00e1s caluroso desde que comenzaron los registros - Noticias Radio Reflejos<\/title>\n<meta name=\"robots\" content=\"index, follow, max-snippet:-1, max-image-preview:large, max-video-preview:-1\" \/>\n<link rel=\"canonical\" href=\"https:\/\/www.noticiasradioreflejos.com.ar\/2021\/el-verano-boreal-de-2023-fue-el-mas-caluroso-desde-que-comenzaron-los-registros\/\" \/>\n<meta property=\"og:locale\" content=\"es_ES\" \/>\n<meta property=\"og:type\" content=\"article\" \/>\n<meta property=\"og:title\" content=\"El verano boreal de 2023 fue el m\u00e1s caluroso desde que comenzaron los registros - Noticias Radio Reflejos\" \/>\n<meta property=\"og:description\" content=\"La Agencia Cient\u00edfica de los Estados Unidos traz\u00f3 \u00abun panorama alarmante de esta regi\u00f3n del mundo\u00bb. Las temperaturas en promedio de los meses de julio a septiembre fue de 6,4\u00ba C, los registros m\u00e1s altos desde que comenzaron en 1900.\" \/>\n<meta property=\"og:url\" content=\"https:\/\/www.noticiasradioreflejos.com.ar\/2021\/el-verano-boreal-de-2023-fue-el-mas-caluroso-desde-que-comenzaron-los-registros\/\" \/>\n<meta property=\"og:site_name\" content=\"Noticias Radio Reflejos\" \/>\n<meta property=\"article:published_time\" content=\"2023-12-13T00:21:08+00:00\" \/>\n<meta property=\"og:image\" content=\"https:\/\/www.telam.com.ar\/thumbs\/bluesteel\/advf\/imagenes\/2023\/07\/64ad3f69a7ccb_1200.jpg\" \/>\n<meta name=\"author\" content=\"Arnaldo Botto\" \/>\n<meta name=\"twitter:card\" content=\"summary_large_image\" \/>\n<script type=\"application\/ld+json\" class=\"yoast-schema-graph\">{\"@context\":\"https:\/\/schema.org\",\"@graph\":[{\"@type\":\"WebPage\",\"@id\":\"https:\/\/www.noticiasradioreflejos.com.ar\/2021\/el-verano-boreal-de-2023-fue-el-mas-caluroso-desde-que-comenzaron-los-registros\/\",\"url\":\"https:\/\/www.noticiasradioreflejos.com.ar\/2021\/el-verano-boreal-de-2023-fue-el-mas-caluroso-desde-que-comenzaron-los-registros\/\",\"name\":\"El verano boreal de 2023 fue el m\u00e1s caluroso desde que comenzaron los registros - Noticias Radio Reflejos\",\"isPartOf\":{\"@id\":\"https:\/\/www.noticiasradioreflejos.com.ar\/2021\/#website\"},\"primaryImageOfPage\":{\"@id\":\"https:\/\/www.noticiasradioreflejos.com.ar\/2021\/el-verano-boreal-de-2023-fue-el-mas-caluroso-desde-que-comenzaron-los-registros\/#primaryimage\"},\"image\":{\"@id\":\"https:\/\/www.noticiasradioreflejos.com.ar\/2021\/el-verano-boreal-de-2023-fue-el-mas-caluroso-desde-que-comenzaron-los-registros\/#primaryimage\"},\"thumbnailUrl\":\"https:\/\/www.telam.com.ar\/thumbs\/bluesteel\/advf\/imagenes\/2023\/07\/64ad3f69a7ccb_1200.jpg\",\"datePublished\":\"2023-12-13T00:21:08+00:00\",\"author\":{\"@id\":\"https:\/\/www.noticiasradioreflejos.com.ar\/2021\/#\/schema\/person\/ad82545263dcc5ec0996818884fd5fb1\"},\"breadcrumb\":{\"@id\":\"https:\/\/www.noticiasradioreflejos.com.ar\/2021\/el-verano-boreal-de-2023-fue-el-mas-caluroso-desde-que-comenzaron-los-registros\/#breadcrumb\"},\"inLanguage\":\"es\",\"potentialAction\":[{\"@type\":\"ReadAction\",\"target\":[\"https:\/\/www.noticiasradioreflejos.com.ar\/2021\/el-verano-boreal-de-2023-fue-el-mas-caluroso-desde-que-comenzaron-los-registros\/\"]}]},{\"@type\":\"ImageObject\",\"inLanguage\":\"es\",\"@id\":\"https:\/\/www.noticiasradioreflejos.com.ar\/2021\/el-verano-boreal-de-2023-fue-el-mas-caluroso-desde-que-comenzaron-los-registros\/#primaryimage\",\"url\":\"https:\/\/www.telam.com.ar\/thumbs\/bluesteel\/advf\/imagenes\/2023\/07\/64ad3f69a7ccb_1200.jpg\",\"contentUrl\":\"https:\/\/www.telam.com.ar\/thumbs\/bluesteel\/advf\/imagenes\/2023\/07\/64ad3f69a7ccb_1200.jpg\"},{\"@type\":\"BreadcrumbList\",\"@id\":\"https:\/\/www.noticiasradioreflejos.com.ar\/2021\/el-verano-boreal-de-2023-fue-el-mas-caluroso-desde-que-comenzaron-los-registros\/#breadcrumb\",\"itemListElement\":[{\"@type\":\"ListItem\",\"position\":1,\"name\":\"Portada\",\"item\":\"https:\/\/www.noticiasradioreflejos.com.ar\/2021\/\"},{\"@type\":\"ListItem\",\"position\":2,\"name\":\"El verano boreal de 2023 fue el m\u00e1s caluroso desde que comenzaron los registros\"}]},{\"@type\":\"WebSite\",\"@id\":\"https:\/\/www.noticiasradioreflejos.com.ar\/2021\/#website\",\"url\":\"https:\/\/www.noticiasradioreflejos.com.ar\/2021\/\",\"name\":\"Noticias Radio Reflejos\",\"description\":\"Las noticias de mi comarca\",\"potentialAction\":[{\"@type\":\"SearchAction\",\"target\":{\"@type\":\"EntryPoint\",\"urlTemplate\":\"https:\/\/www.noticiasradioreflejos.com.ar\/2021\/?s={search_term_string}\"},\"query-input\":{\"@type\":\"PropertyValueSpecification\",\"valueRequired\":true,\"valueName\":\"search_term_string\"}}],\"inLanguage\":\"es\"},{\"@type\":\"Person\",\"@id\":\"https:\/\/www.noticiasradioreflejos.com.ar\/2021\/#\/schema\/person\/ad82545263dcc5ec0996818884fd5fb1\",\"name\":\"Arnaldo Botto\",\"image\":{\"@type\":\"ImageObject\",\"inLanguage\":\"es\",\"@id\":\"https:\/\/www.noticiasradioreflejos.com.ar\/2021\/#\/schema\/person\/image\/\",\"url\":\"https:\/\/secure.gravatar.com\/avatar\/55cb5e37c1efa326397366e6974cb338056df65cb50e7d64d1cf314e87504837?s=96&d=mm&r=g\",\"contentUrl\":\"https:\/\/secure.gravatar.com\/avatar\/55cb5e37c1efa326397366e6974cb338056df65cb50e7d64d1cf314e87504837?s=96&d=mm&r=g\",\"caption\":\"Arnaldo Botto\"},\"url\":\"https:\/\/www.noticiasradioreflejos.com.ar\/2021\/author\/arnaldo\/\"}]}<\/script>\n<!-- \/ Yoast SEO plugin. -->","yoast_head_json":{"title":"El verano boreal de 2023 fue el m\u00e1s caluroso desde que comenzaron los registros - Noticias Radio Reflejos","robots":{"index":"index","follow":"follow","max-snippet":"max-snippet:-1","max-image-preview":"max-image-preview:large","max-video-preview":"max-video-preview:-1"},"canonical":"https:\/\/www.noticiasradioreflejos.com.ar\/2021\/el-verano-boreal-de-2023-fue-el-mas-caluroso-desde-que-comenzaron-los-registros\/","og_locale":"es_ES","og_type":"article","og_title":"El verano boreal de 2023 fue el m\u00e1s caluroso desde que comenzaron los registros - Noticias Radio Reflejos","og_description":"La Agencia Cient\u00edfica de los Estados Unidos traz\u00f3 \u00abun panorama alarmante de esta regi\u00f3n del mundo\u00bb. Las temperaturas en promedio de los meses de julio a septiembre fue de 6,4\u00ba C, los registros m\u00e1s altos desde que comenzaron en 1900.","og_url":"https:\/\/www.noticiasradioreflejos.com.ar\/2021\/el-verano-boreal-de-2023-fue-el-mas-caluroso-desde-que-comenzaron-los-registros\/","og_site_name":"Noticias Radio Reflejos","article_published_time":"2023-12-13T00:21:08+00:00","og_image":[{"url":"https:\/\/www.telam.com.ar\/thumbs\/bluesteel\/advf\/imagenes\/2023\/07\/64ad3f69a7ccb_1200.jpg","type":"","width":"","height":""}],"author":"Arnaldo Botto","twitter_card":"summary_large_image","schema":{"@context":"https:\/\/schema.org","@graph":[{"@type":"WebPage","@id":"https:\/\/www.noticiasradioreflejos.com.ar\/2021\/el-verano-boreal-de-2023-fue-el-mas-caluroso-desde-que-comenzaron-los-registros\/","url":"https:\/\/www.noticiasradioreflejos.com.ar\/2021\/el-verano-boreal-de-2023-fue-el-mas-caluroso-desde-que-comenzaron-los-registros\/","name":"El verano boreal de 2023 fue el m\u00e1s caluroso desde que comenzaron los registros - Noticias Radio Reflejos","isPartOf":{"@id":"https:\/\/www.noticiasradioreflejos.com.ar\/2021\/#website"},"primaryImageOfPage":{"@id":"https:\/\/www.noticiasradioreflejos.com.ar\/2021\/el-verano-boreal-de-2023-fue-el-mas-caluroso-desde-que-comenzaron-los-registros\/#primaryimage"},"image":{"@id":"https:\/\/www.noticiasradioreflejos.com.ar\/2021\/el-verano-boreal-de-2023-fue-el-mas-caluroso-desde-que-comenzaron-los-registros\/#primaryimage"},"thumbnailUrl":"https:\/\/www.telam.com.ar\/thumbs\/bluesteel\/advf\/imagenes\/2023\/07\/64ad3f69a7ccb_1200.jpg","datePublished":"2023-12-13T00:21:08+00:00","author":{"@id":"https:\/\/www.noticiasradioreflejos.com.ar\/2021\/#\/schema\/person\/ad82545263dcc5ec0996818884fd5fb1"},"breadcrumb":{"@id":"https:\/\/www.noticiasradioreflejos.com.ar\/2021\/el-verano-boreal-de-2023-fue-el-mas-caluroso-desde-que-comenzaron-los-registros\/#breadcrumb"},"inLanguage":"es","potentialAction":[{"@type":"ReadAction","target":["https:\/\/www.noticiasradioreflejos.com.ar\/2021\/el-verano-boreal-de-2023-fue-el-mas-caluroso-desde-que-comenzaron-los-registros\/"]}]},{"@type":"ImageObject","inLanguage":"es","@id":"https:\/\/www.noticiasradioreflejos.com.ar\/2021\/el-verano-boreal-de-2023-fue-el-mas-caluroso-desde-que-comenzaron-los-registros\/#primaryimage","url":"https:\/\/www.telam.com.ar\/thumbs\/bluesteel\/advf\/imagenes\/2023\/07\/64ad3f69a7ccb_1200.jpg","contentUrl":"https:\/\/www.telam.com.ar\/thumbs\/bluesteel\/advf\/imagenes\/2023\/07\/64ad3f69a7ccb_1200.jpg"},{"@type":"BreadcrumbList","@id":"https:\/\/www.noticiasradioreflejos.com.ar\/2021\/el-verano-boreal-de-2023-fue-el-mas-caluroso-desde-que-comenzaron-los-registros\/#breadcrumb","itemListElement":[{"@type":"ListItem","position":1,"name":"Portada","item":"https:\/\/www.noticiasradioreflejos.com.ar\/2021\/"},{"@type":"ListItem","position":2,"name":"El verano boreal de 2023 fue el m\u00e1s caluroso desde que comenzaron los registros"}]},{"@type":"WebSite","@id":"https:\/\/www.noticiasradioreflejos.com.ar\/2021\/#website","url":"https:\/\/www.noticiasradioreflejos.com.ar\/2021\/","name":"Noticias Radio Reflejos","description":"Las noticias de mi comarca","potentialAction":[{"@type":"SearchAction","target":{"@type":"EntryPoint","urlTemplate":"https:\/\/www.noticiasradioreflejos.com.ar\/2021\/?s={search_term_string}"},"query-input":{"@type":"PropertyValueSpecification","valueRequired":true,"valueName":"search_term_string"}}],"inLanguage":"es"},{"@type":"Person","@id":"https:\/\/www.noticiasradioreflejos.com.ar\/2021\/#\/schema\/person\/ad82545263dcc5ec0996818884fd5fb1","name":"Arnaldo Botto","image":{"@type":"ImageObject","inLanguage":"es","@id":"https:\/\/www.noticiasradioreflejos.com.ar\/2021\/#\/schema\/person\/image\/","url":"https:\/\/secure.gravatar.com\/avatar\/55cb5e37c1efa326397366e6974cb338056df65cb50e7d64d1cf314e87504837?s=96&d=mm&r=g","contentUrl":"https:\/\/secure.gravatar.com\/avatar\/55cb5e37c1efa326397366e6974cb338056df65cb50e7d64d1cf314e87504837?s=96&d=mm&r=g","caption":"Arnaldo Botto"},"url":"https:\/\/www.noticiasradioreflejos.com.ar\/2021\/author\/arnaldo\/"}]}},"_links":{"self":[{"href":"https:\/\/www.noticiasradioreflejos.com.ar\/2021\/wp-json\/wp\/v2\/posts\/96354","targetHints":{"allow":["GET"]}}],"collection":[{"href":"https:\/\/www.noticiasradioreflejos.com.ar\/2021\/wp-json\/wp\/v2\/posts"}],"about":[{"href":"https:\/\/www.noticiasradioreflejos.com.ar\/2021\/wp-json\/wp\/v2\/types\/post"}],"author":[{"embeddable":true,"href":"https:\/\/www.noticiasradioreflejos.com.ar\/2021\/wp-json\/wp\/v2\/users\/3"}],"replies":[{"embeddable":true,"href":"https:\/\/www.noticiasradioreflejos.com.ar\/2021\/wp-json\/wp\/v2\/comments?post=96354"}],"version-history":[{"count":1,"href":"https:\/\/www.noticiasradioreflejos.com.ar\/2021\/wp-json\/wp\/v2\/posts\/96354\/revisions"}],"predecessor-version":[{"id":96356,"href":"https:\/\/www.noticiasradioreflejos.com.ar\/2021\/wp-json\/wp\/v2\/posts\/96354\/revisions\/96356"}],"wp:attachment":[{"href":"https:\/\/www.noticiasradioreflejos.com.ar\/2021\/wp-json\/wp\/v2\/media?parent=96354"}],"wp:term":[{"taxonomy":"category","embeddable":true,"href":"https:\/\/www.noticiasradioreflejos.com.ar\/2021\/wp-json\/wp\/v2\/categories?post=96354"},{"taxonomy":"post_tag","embeddable":true,"href":"https:\/\/www.noticiasradioreflejos.com.ar\/2021\/wp-json\/wp\/v2\/tags?post=96354"}],"curies":[{"name":"wp","href":"https:\/\/api.w.org\/{rel}","templated":true}]}}