{"id":96344,"date":"2023-12-12T20:29:52","date_gmt":"2023-12-12T20:29:52","guid":{"rendered":"https:\/\/www.noticiasradioreflejos.com.ar\/2021\/?p=96344"},"modified":"2023-12-12T20:29:52","modified_gmt":"2023-12-12T20:29:52","slug":"bloque-jxc-ucr-pedido-de-informe","status":"publish","type":"post","link":"https:\/\/www.noticiasradioreflejos.com.ar\/2021\/bloque-jxc-ucr-pedido-de-informe\/","title":{"rendered":"Bloque JxC UCR: Pedido de informe"},"content":{"rendered":"<p>El bloque de Juntos por el Cambio y la UCR realizan pedido de informe visto el incendio producido el d\u00eda de ayer entre Sierra de la Ventana y Saldungaray.<!--more--><\/p>\n<p>Tornquist, 12 de diciembre de 2023.-<br \/>\nVISTO:<br \/>\n\tEl incendio producido el d\u00eda 11 de diciembre del corriente entre las localidades de Sierra de la Ventana y Saldungaray;<br \/>\n\tLa Ley Nacional N\u00b0 25.916 de \u201cGesti\u00f3n de Residuos Domiciliarios\u201d, Y; <\/p>\n<p>CONSIDERANDO:<br \/>\n\t\tQue se habr\u00eda originado por una maniobra negligente en el predio municipal del basural a cielo abierto ubicado entre las localidades de Sierra de la Ventana y Saldungaray;<br \/>\n\t\tQue dicho siniestro produjo da\u00f1os materiales a propietarios de campos cercanos;<br \/>\n\t\tQue entre los da\u00f1os materiales se habr\u00edan quemado m\u00e1s de 50 hect\u00e1reas de cebada, olivares y colmenas, adem\u00e1s de kil\u00f3metros de alambrados;<br \/>\n\t\tQue el siniestro puso en riesgo viviendas familiares;<br \/>\n\t\tQue en la zona se\u00f1alada el municipio, recientemente, habilit\u00f3 desarrollos inmobiliarios;<br \/>\n\t\tQue es fundamental saber cu\u00e1les fueron las responsabilidades del municipio frente al hecho y cuales los recaudos que debieron haber sido tomados;<br \/>\n\t\tQue, si no existiera plan de contingencia frente a incendios en la zona se\u00f1alada, creemos imprescindible que el Estado municipal confeccione el mismo de manera urgente; <\/p>\n<p>POR ELLO:<br \/>\nLOS BLOQUES DE JUNTOS Y JUNTOS POR EL CAMBIO<br \/>\nPROPONEN EL SIGUIENTE<br \/>\nPEDIDO DE INFORME<\/p>\n<p>ARTICULO 1\u00b0: Solicitar al Departamento Ejecutivo que, a trav\u00e9s del \u00e1rea que corresponda, informe si es habitual que se lleven adelante quemas para reducir la basura. Asimismo, informe sobre los controles y medidas de seguridad implementadas en el basural a cielo abierto para evitar incendios. <\/p>\n<p>ARTICULO 2\u00b0: De forma.<\/p>\n","protected":false},"excerpt":{"rendered":"<p>El bloque de Juntos por el Cambio y la UCR realizan pedido de informe visto el incendio producido el d\u00eda de ayer entre Sierra de la Ventana y Saldungaray.<\/p>\n","protected":false},"author":3,"featured_media":66840,"comment_status":"closed","ping_status":"closed","sticky":false,"template":"","format":"standard","meta":{"footnotes":""},"categories":[59,24],"tags":[],"class_list":["post-96344","post","type-post","status-publish","format-standard","has-post-thumbnail","hentry","category-concejo-deliberante","category-politica"],"yoast_head":"<!-- This site is optimized with the Yoast SEO plugin v25.9 - https:\/\/yoast.com\/wordpress\/plugins\/seo\/ -->\n<title>Bloque JxC UCR: Pedido de informe - Noticias Radio Reflejos<\/title>\n<meta name=\"robots\" content=\"index, follow, max-snippet:-1, max-image-preview:large, max-video-preview:-1\" \/>\n<link rel=\"canonical\" href=\"https:\/\/www.noticiasradioreflejos.com.ar\/2021\/bloque-jxc-ucr-pedido-de-informe\/\" \/>\n<meta property=\"og:locale\" content=\"es_ES\" \/>\n<meta property=\"og:type\" content=\"article\" \/>\n<meta property=\"og:title\" content=\"Bloque JxC UCR: Pedido de informe - Noticias Radio Reflejos\" \/>\n<meta property=\"og:description\" content=\"El bloque de Juntos por el Cambio y la UCR realizan pedido de informe visto el incendio producido el d\u00eda de ayer entre Sierra de la Ventana y Saldungaray.\" \/>\n<meta property=\"og:url\" content=\"https:\/\/www.noticiasradioreflejos.com.ar\/2021\/bloque-jxc-ucr-pedido-de-informe\/\" \/>\n<meta property=\"og:site_name\" content=\"Noticias Radio Reflejos\" \/>\n<meta property=\"article:published_time\" content=\"2023-12-12T20:29:52+00:00\" \/>\n<meta property=\"og:image\" content=\"https:\/\/www.noticiasradioreflejos.com.ar\/2021\/wp-content\/uploads\/2022\/01\/Juntos-por-Tornquit.png\" \/>\n\t<meta property=\"og:image:width\" content=\"575\" \/>\n\t<meta property=\"og:image:height\" content=\"300\" \/>\n\t<meta property=\"og:image:type\" content=\"image\/png\" \/>\n<meta name=\"author\" content=\"Arnaldo Botto\" \/>\n<meta name=\"twitter:card\" content=\"summary_large_image\" \/>\n<script type=\"application\/ld+json\" class=\"yoast-schema-graph\">{\"@context\":\"https:\/\/schema.org\",\"@graph\":[{\"@type\":\"WebPage\",\"@id\":\"https:\/\/www.noticiasradioreflejos.com.ar\/2021\/bloque-jxc-ucr-pedido-de-informe\/\",\"url\":\"https:\/\/www.noticiasradioreflejos.com.ar\/2021\/bloque-jxc-ucr-pedido-de-informe\/\",\"name\":\"Bloque JxC UCR: Pedido de informe - Noticias Radio Reflejos\",\"isPartOf\":{\"@id\":\"https:\/\/www.noticiasradioreflejos.com.ar\/2021\/#website\"},\"primaryImageOfPage\":{\"@id\":\"https:\/\/www.noticiasradioreflejos.com.ar\/2021\/bloque-jxc-ucr-pedido-de-informe\/#primaryimage\"},\"image\":{\"@id\":\"https:\/\/www.noticiasradioreflejos.com.ar\/2021\/bloque-jxc-ucr-pedido-de-informe\/#primaryimage\"},\"thumbnailUrl\":\"https:\/\/www.noticiasradioreflejos.com.ar\/2021\/wp-content\/uploads\/2022\/01\/Juntos-por-Tornquit.png\",\"datePublished\":\"2023-12-12T20:29:52+00:00\",\"author\":{\"@id\":\"https:\/\/www.noticiasradioreflejos.com.ar\/2021\/#\/schema\/person\/ad82545263dcc5ec0996818884fd5fb1\"},\"breadcrumb\":{\"@id\":\"https:\/\/www.noticiasradioreflejos.com.ar\/2021\/bloque-jxc-ucr-pedido-de-informe\/#breadcrumb\"},\"inLanguage\":\"es\",\"potentialAction\":[{\"@type\":\"ReadAction\",\"target\":[\"https:\/\/www.noticiasradioreflejos.com.ar\/2021\/bloque-jxc-ucr-pedido-de-informe\/\"]}]},{\"@type\":\"ImageObject\",\"inLanguage\":\"es\",\"@id\":\"https:\/\/www.noticiasradioreflejos.com.ar\/2021\/bloque-jxc-ucr-pedido-de-informe\/#primaryimage\",\"url\":\"https:\/\/www.noticiasradioreflejos.com.ar\/2021\/wp-content\/uploads\/2022\/01\/Juntos-por-Tornquit.png\",\"contentUrl\":\"https:\/\/www.noticiasradioreflejos.com.ar\/2021\/wp-content\/uploads\/2022\/01\/Juntos-por-Tornquit.png\",\"width\":575,\"height\":300},{\"@type\":\"BreadcrumbList\",\"@id\":\"https:\/\/www.noticiasradioreflejos.com.ar\/2021\/bloque-jxc-ucr-pedido-de-informe\/#breadcrumb\",\"itemListElement\":[{\"@type\":\"ListItem\",\"position\":1,\"name\":\"Portada\",\"item\":\"https:\/\/www.noticiasradioreflejos.com.ar\/2021\/\"},{\"@type\":\"ListItem\",\"position\":2,\"name\":\"Bloque JxC UCR: Pedido de informe\"}]},{\"@type\":\"WebSite\",\"@id\":\"https:\/\/www.noticiasradioreflejos.com.ar\/2021\/#website\",\"url\":\"https:\/\/www.noticiasradioreflejos.com.ar\/2021\/\",\"name\":\"Noticias Radio Reflejos\",\"description\":\"Las noticias de mi comarca\",\"potentialAction\":[{\"@type\":\"SearchAction\",\"target\":{\"@type\":\"EntryPoint\",\"urlTemplate\":\"https:\/\/www.noticiasradioreflejos.com.ar\/2021\/?s={search_term_string}\"},\"query-input\":{\"@type\":\"PropertyValueSpecification\",\"valueRequired\":true,\"valueName\":\"search_term_string\"}}],\"inLanguage\":\"es\"},{\"@type\":\"Person\",\"@id\":\"https:\/\/www.noticiasradioreflejos.com.ar\/2021\/#\/schema\/person\/ad82545263dcc5ec0996818884fd5fb1\",\"name\":\"Arnaldo Botto\",\"image\":{\"@type\":\"ImageObject\",\"inLanguage\":\"es\",\"@id\":\"https:\/\/www.noticiasradioreflejos.com.ar\/2021\/#\/schema\/person\/image\/\",\"url\":\"https:\/\/secure.gravatar.com\/avatar\/55cb5e37c1efa326397366e6974cb338056df65cb50e7d64d1cf314e87504837?s=96&d=mm&r=g\",\"contentUrl\":\"https:\/\/secure.gravatar.com\/avatar\/55cb5e37c1efa326397366e6974cb338056df65cb50e7d64d1cf314e87504837?s=96&d=mm&r=g\",\"caption\":\"Arnaldo Botto\"},\"url\":\"https:\/\/www.noticiasradioreflejos.com.ar\/2021\/author\/arnaldo\/\"}]}<\/script>\n<!-- \/ Yoast SEO plugin. -->","yoast_head_json":{"title":"Bloque JxC UCR: Pedido de informe - Noticias Radio Reflejos","robots":{"index":"index","follow":"follow","max-snippet":"max-snippet:-1","max-image-preview":"max-image-preview:large","max-video-preview":"max-video-preview:-1"},"canonical":"https:\/\/www.noticiasradioreflejos.com.ar\/2021\/bloque-jxc-ucr-pedido-de-informe\/","og_locale":"es_ES","og_type":"article","og_title":"Bloque JxC UCR: Pedido de informe - Noticias Radio Reflejos","og_description":"El bloque de Juntos por el Cambio y la UCR realizan pedido de informe visto el incendio producido el d\u00eda de ayer entre Sierra de la Ventana y Saldungaray.","og_url":"https:\/\/www.noticiasradioreflejos.com.ar\/2021\/bloque-jxc-ucr-pedido-de-informe\/","og_site_name":"Noticias Radio Reflejos","article_published_time":"2023-12-12T20:29:52+00:00","og_image":[{"width":575,"height":300,"url":"https:\/\/www.noticiasradioreflejos.com.ar\/2021\/wp-content\/uploads\/2022\/01\/Juntos-por-Tornquit.png","type":"image\/png"}],"author":"Arnaldo Botto","twitter_card":"summary_large_image","schema":{"@context":"https:\/\/schema.org","@graph":[{"@type":"WebPage","@id":"https:\/\/www.noticiasradioreflejos.com.ar\/2021\/bloque-jxc-ucr-pedido-de-informe\/","url":"https:\/\/www.noticiasradioreflejos.com.ar\/2021\/bloque-jxc-ucr-pedido-de-informe\/","name":"Bloque JxC UCR: Pedido de informe - Noticias Radio Reflejos","isPartOf":{"@id":"https:\/\/www.noticiasradioreflejos.com.ar\/2021\/#website"},"primaryImageOfPage":{"@id":"https:\/\/www.noticiasradioreflejos.com.ar\/2021\/bloque-jxc-ucr-pedido-de-informe\/#primaryimage"},"image":{"@id":"https:\/\/www.noticiasradioreflejos.com.ar\/2021\/bloque-jxc-ucr-pedido-de-informe\/#primaryimage"},"thumbnailUrl":"https:\/\/www.noticiasradioreflejos.com.ar\/2021\/wp-content\/uploads\/2022\/01\/Juntos-por-Tornquit.png","datePublished":"2023-12-12T20:29:52+00:00","author":{"@id":"https:\/\/www.noticiasradioreflejos.com.ar\/2021\/#\/schema\/person\/ad82545263dcc5ec0996818884fd5fb1"},"breadcrumb":{"@id":"https:\/\/www.noticiasradioreflejos.com.ar\/2021\/bloque-jxc-ucr-pedido-de-informe\/#breadcrumb"},"inLanguage":"es","potentialAction":[{"@type":"ReadAction","target":["https:\/\/www.noticiasradioreflejos.com.ar\/2021\/bloque-jxc-ucr-pedido-de-informe\/"]}]},{"@type":"ImageObject","inLanguage":"es","@id":"https:\/\/www.noticiasradioreflejos.com.ar\/2021\/bloque-jxc-ucr-pedido-de-informe\/#primaryimage","url":"https:\/\/www.noticiasradioreflejos.com.ar\/2021\/wp-content\/uploads\/2022\/01\/Juntos-por-Tornquit.png","contentUrl":"https:\/\/www.noticiasradioreflejos.com.ar\/2021\/wp-content\/uploads\/2022\/01\/Juntos-por-Tornquit.png","width":575,"height":300},{"@type":"BreadcrumbList","@id":"https:\/\/www.noticiasradioreflejos.com.ar\/2021\/bloque-jxc-ucr-pedido-de-informe\/#breadcrumb","itemListElement":[{"@type":"ListItem","position":1,"name":"Portada","item":"https:\/\/www.noticiasradioreflejos.com.ar\/2021\/"},{"@type":"ListItem","position":2,"name":"Bloque JxC UCR: Pedido de informe"}]},{"@type":"WebSite","@id":"https:\/\/www.noticiasradioreflejos.com.ar\/2021\/#website","url":"https:\/\/www.noticiasradioreflejos.com.ar\/2021\/","name":"Noticias Radio Reflejos","description":"Las noticias de mi comarca","potentialAction":[{"@type":"SearchAction","target":{"@type":"EntryPoint","urlTemplate":"https:\/\/www.noticiasradioreflejos.com.ar\/2021\/?s={search_term_string}"},"query-input":{"@type":"PropertyValueSpecification","valueRequired":true,"valueName":"search_term_string"}}],"inLanguage":"es"},{"@type":"Person","@id":"https:\/\/www.noticiasradioreflejos.com.ar\/2021\/#\/schema\/person\/ad82545263dcc5ec0996818884fd5fb1","name":"Arnaldo Botto","image":{"@type":"ImageObject","inLanguage":"es","@id":"https:\/\/www.noticiasradioreflejos.com.ar\/2021\/#\/schema\/person\/image\/","url":"https:\/\/secure.gravatar.com\/avatar\/55cb5e37c1efa326397366e6974cb338056df65cb50e7d64d1cf314e87504837?s=96&d=mm&r=g","contentUrl":"https:\/\/secure.gravatar.com\/avatar\/55cb5e37c1efa326397366e6974cb338056df65cb50e7d64d1cf314e87504837?s=96&d=mm&r=g","caption":"Arnaldo Botto"},"url":"https:\/\/www.noticiasradioreflejos.com.ar\/2021\/author\/arnaldo\/"}]}},"_links":{"self":[{"href":"https:\/\/www.noticiasradioreflejos.com.ar\/2021\/wp-json\/wp\/v2\/posts\/96344","targetHints":{"allow":["GET"]}}],"collection":[{"href":"https:\/\/www.noticiasradioreflejos.com.ar\/2021\/wp-json\/wp\/v2\/posts"}],"about":[{"href":"https:\/\/www.noticiasradioreflejos.com.ar\/2021\/wp-json\/wp\/v2\/types\/post"}],"author":[{"embeddable":true,"href":"https:\/\/www.noticiasradioreflejos.com.ar\/2021\/wp-json\/wp\/v2\/users\/3"}],"replies":[{"embeddable":true,"href":"https:\/\/www.noticiasradioreflejos.com.ar\/2021\/wp-json\/wp\/v2\/comments?post=96344"}],"version-history":[{"count":1,"href":"https:\/\/www.noticiasradioreflejos.com.ar\/2021\/wp-json\/wp\/v2\/posts\/96344\/revisions"}],"predecessor-version":[{"id":96345,"href":"https:\/\/www.noticiasradioreflejos.com.ar\/2021\/wp-json\/wp\/v2\/posts\/96344\/revisions\/96345"}],"wp:featuredmedia":[{"embeddable":true,"href":"https:\/\/www.noticiasradioreflejos.com.ar\/2021\/wp-json\/wp\/v2\/media\/66840"}],"wp:attachment":[{"href":"https:\/\/www.noticiasradioreflejos.com.ar\/2021\/wp-json\/wp\/v2\/media?parent=96344"}],"wp:term":[{"taxonomy":"category","embeddable":true,"href":"https:\/\/www.noticiasradioreflejos.com.ar\/2021\/wp-json\/wp\/v2\/categories?post=96344"},{"taxonomy":"post_tag","embeddable":true,"href":"https:\/\/www.noticiasradioreflejos.com.ar\/2021\/wp-json\/wp\/v2\/tags?post=96344"}],"curies":[{"name":"wp","href":"https:\/\/api.w.org\/{rel}","templated":true}]}}