{"id":96329,"date":"2023-12-12T17:55:47","date_gmt":"2023-12-12T17:55:47","guid":{"rendered":"https:\/\/www.noticiasradioreflejos.com.ar\/2021\/?p=96329"},"modified":"2023-12-12T17:55:47","modified_gmt":"2023-12-12T17:55:47","slug":"cuales-son-las-recomendaciones-para-protegerse-de-los-rayos-y-prevenir-el-cancer-de-piel","status":"publish","type":"post","link":"https:\/\/www.noticiasradioreflejos.com.ar\/2021\/cuales-son-las-recomendaciones-para-protegerse-de-los-rayos-y-prevenir-el-cancer-de-piel\/","title":{"rendered":"Cu\u00e1les son las recomendaciones para protegerse de los rayos y prevenir el c\u00e1ncer de piel"},"content":{"rendered":"<p>Por a\u00f1o hay entre 2 y 3 millones de nuevos casos de c\u00e1ncer de piel en el mundo, de los cuales 10 mil corresponden a la Argentina, con una mayor prevalencia entre los hombres mayores de 50 a\u00f1os, informaron desde Lalcec.<!--more--><\/p>\n<div>\n<div class=\"wrapper-editable-content\">\n<div>\n<div class=\"container-md\">\n<div class=\"row\">\n<div class=\"col-md-12 speak\">\n<div class=\"paragraph\">\n<figure class=\"mb-3\"><img decoding=\"async\" class=\" lazy \" src=\"https:\/\/www.telam.com.ar\/thumbs\/bluesteel\/advf\/imagenes\/2022\/11\/63612879a1999_1200.jpg\" alt=\"En temporada de altas temperaturas y exposicin solar es fundamental la proteccin y el cuidado de la piel de la radiacin ultravioleta aunque lo importante de esa prevencin es aplicarla todo el tiempo\" width=\"100%\" height=\"100%\" \/><figcaption><em>En temporada de altas temperaturas y exposici\u00f3n solar es fundamental la protecci\u00f3n y el cuidado de la piel de la radiaci\u00f3n ultravioleta, aunque lo importante de esa prevenci\u00f3n es aplicarla todo el tiempo\u00bb.<\/em><\/figcaption><\/figure>\n<p>&nbsp;<\/p>\n<p>Ante la pr\u00f3xima llegada del verano, la Liga de Lucha contra el C\u00e1ncer (Lalcec) emiti\u00f3 una serie de recomendaciones para el cuidado de la piel teniendo en cuenta que el 52,8% de los melanomas diagnosticados en Argentina son atribuibles a la exposici\u00f3n a rayos UV, \u00ablo que lo ubica entre los pa\u00edses de riesgo medio\u00bb para el desarrollo de este tipo de c\u00e1ncer entre personas de m\u00e1s de 30 a\u00f1os<\/p>\n<p>Desde la organizaci\u00f3n recordaron que<strong>\u00a0\u00abpor a\u00f1o hay entre 2 y 3 millones de nuevos casos de c\u00e1ncer de piel en el mundo\u00bb,<\/strong>\u00a0de los cuales 10 mil corresponden a la Argentina, con una mayor prevalencia entre los hombres mayores de 50 a\u00f1os.<\/p>\n<p>\u00abEn temporada de altas temperaturas y exposici\u00f3n solar es fundamental la protecci\u00f3n y el cuidado de la piel de la radiaci\u00f3n ultravioleta, aunque lo importante de esa prevenci\u00f3n es aplicarla todo el tiempo, sin esperar solo la \u00e9poca estival, debido a efectos ambientales como el calentamiento global y el cambio clim\u00e1tico\u00bb, dijeron en un comunicado.<\/p>\n<p>No obstante, aclararon que hay otras fuentes de irradiaci\u00f3n ultravioleta que afectan la piel como\u00a0<strong>\u00ablas l\u00e1mparas solares y las camas o c\u00e1maras de bronceado\u00bb.<\/strong><\/p>\n<p>\u00abLa exposici\u00f3n a \u00e9stas causa el envejecimiento prematuro de la piel y da\u00f1os que pueden resultar en c\u00e1ncer de piel\u00bb explica el director M\u00e9dico y coordinador del \u00e1rea psicosocial en Lalcec, Carlos Silva.<\/p>\n<p>Las estimaciones realizadas por la Agencia Internacional de Investigaci\u00f3n sobre C\u00e1ncer (IARC) de la Organizaci\u00f3n Mundial de la Salud en Argentina atribuyen el 52,8% de los melanomas a la exposici\u00f3n a rayos UV, lo que lo ubica entre los pa\u00edses de riesgo medio. Adem\u00e1s, se prev\u00e9 que para el 2030 los no melanomas incrementar\u00e1n un 23% y los melanomas un 19%.<\/p>\n<p><strong>\u00abEstar atentos a la sintomatolog\u00eda es vital para el control y detecci\u00f3n del c\u00e1ncer a tiempo\u00bb,<\/strong>\u00a0dijo Silva, y agreg\u00f3 que \u00abpara ello es fundamental conocer nuestro cuerpo, qu\u00e9 lunares tiene y su morfolog\u00eda, prestar atenci\u00f3n a las llagas o lesiones que no terminan de cicatrizarse\u00bb.<\/p>\n<p>El especialista explic\u00f3 que en el caso del carcinoma basocelular, el c\u00e1ncer de piel m\u00e1s frecuente, \u00ablas lesiones aparecen en el cuello y el rostro, y hay que estar alerta ante la presencia de bultos de color aperlados, citarices marr\u00f3n o \u00falceras con costras que sangran y no terminan de curarse\u00bb.<\/p>\n<p>En el caso del carcinoma espinocelular, las lesiones se dan \u00aben el rostro, las orejas las manos\u00bb donde \u00abaparecen n\u00f3dulos rojos y firmes, o bien, lesiones planas con superficie escamosa y costras\u00bb.<\/p>\n<p>En tanto, el melanoma aparece en cualquier parte del cuerpo que no ha sido expuesta al sol o en un lunar que puede volverse canceroso mientras que \u00aben los hombres se presenta en el rostro o en el cuerpo y en las mujeres, en la parte inferior de las piernas\u00bb.<\/p>\n<p>Desde Lalcec, recuerdan que existen diferentes tratamientos para el c\u00e1ncer de piel que \u00abcada d\u00eda son m\u00e1s eficientes\u00bb y que van \u00abdesde la cirug\u00eda, pasando por la radiaci\u00f3n o medicamentos de terapia dirigida, hasta la tan revolucionaria inmunoterapia\u00bb.<\/p>\n<h2 class=\"\">Recomendaciones<\/h2>\n<p>Tambi\u00e9n enumeran una serie de medidas que se puede tomar para el cuidado de la piel:<\/p>\n<p>\u25cf Colocarse protector solar a diario, de m\u00ednimo un FPS 30+, media hora antes de la exposici\u00f3n al sol y volver a aplicarlo cada 2 horas, o a\u00fan con mayor frecuencia si se moja o hay sudoraci\u00f3n profusa.<\/p>\n<p>\u25cf No exponerse a la luz solar por un tiempo prolongado, evitando el sol entre las 10 de la ma\u00f1ana y las 4 de la tarde.<\/p>\n<p>\u25cf Exfoliar la piel de manera diaria y aplicarse crema despu\u00e9s de la ducha cuando la piel a\u00fan est\u00e1 h\u00fameda, ya que favorece la retenci\u00f3n del agua y una mayor absorci\u00f3n.<\/p>\n<p>\u25cf Utilizar anteojos con filtro UV.<\/p>\n<p>\u25cf Hidratarse adecuadamente: se sugiere aumentar el consumo de agua potable fresca, bebiendo al menos 8 vasos al d\u00eda y llevar una dieta equilibrada y variada en prote\u00ednas, vitaminas y \u00e1cidos grasos es clave, ya que ayuda a formar nuevas c\u00e9lulas y mantener nutrida nuestra piel. Tambi\u00e9n adherir algunos alimentos que son extremadamente beneficiosos y le otorgan un aspecto m\u00e1s sano, saludable y radiante a la piel como el chocolate negro, la avena, la zanahoria, la naranja, la palta, el tomate, kiwi, frutos rojos, pepino y nuez.<\/p>\n<p>\u25cf La consulta dermatol\u00f3gica.<\/p>\n<\/div>\n<\/div>\n<\/div>\n<\/div>\n<\/div>\n<\/div>\n<\/div>\n","protected":false},"excerpt":{"rendered":"<p>Por a\u00f1o hay entre 2 y 3 millones de nuevos casos de c\u00e1ncer de piel en el mundo, de los cuales 10 mil corresponden a la Argentina, con una mayor prevalencia entre los hombres mayores de 50 a\u00f1os, informaron desde Lalcec.<\/p>\n","protected":false},"author":3,"featured_media":0,"comment_status":"closed","ping_status":"closed","sticky":false,"template":"","format":"standard","meta":{"footnotes":""},"categories":[30],"tags":[],"class_list":["post-96329","post","type-post","status-publish","format-standard","hentry","category-salud"],"yoast_head":"<!-- This site is optimized with the Yoast SEO plugin v25.9 - https:\/\/yoast.com\/wordpress\/plugins\/seo\/ -->\n<title>Cu\u00e1les son las recomendaciones para protegerse de los rayos y prevenir el c\u00e1ncer de piel - Noticias Radio Reflejos<\/title>\n<meta name=\"robots\" content=\"index, follow, max-snippet:-1, max-image-preview:large, max-video-preview:-1\" \/>\n<link rel=\"canonical\" href=\"https:\/\/www.noticiasradioreflejos.com.ar\/2021\/cuales-son-las-recomendaciones-para-protegerse-de-los-rayos-y-prevenir-el-cancer-de-piel\/\" \/>\n<meta property=\"og:locale\" content=\"es_ES\" \/>\n<meta property=\"og:type\" content=\"article\" \/>\n<meta property=\"og:title\" content=\"Cu\u00e1les son las recomendaciones para protegerse de los rayos y prevenir el c\u00e1ncer de piel - Noticias Radio Reflejos\" \/>\n<meta property=\"og:description\" content=\"Por a\u00f1o hay entre 2 y 3 millones de nuevos casos de c\u00e1ncer de piel en el mundo, de los cuales 10 mil corresponden a la Argentina, con una mayor prevalencia entre los hombres mayores de 50 a\u00f1os, informaron desde Lalcec.\" \/>\n<meta property=\"og:url\" content=\"https:\/\/www.noticiasradioreflejos.com.ar\/2021\/cuales-son-las-recomendaciones-para-protegerse-de-los-rayos-y-prevenir-el-cancer-de-piel\/\" \/>\n<meta property=\"og:site_name\" content=\"Noticias Radio Reflejos\" \/>\n<meta property=\"article:published_time\" content=\"2023-12-12T17:55:47+00:00\" \/>\n<meta property=\"og:image\" content=\"https:\/\/www.telam.com.ar\/thumbs\/bluesteel\/advf\/imagenes\/2022\/11\/63612879a1999_1200.jpg\" \/>\n<meta name=\"author\" content=\"Arnaldo Botto\" \/>\n<meta name=\"twitter:card\" content=\"summary_large_image\" \/>\n<script type=\"application\/ld+json\" class=\"yoast-schema-graph\">{\"@context\":\"https:\/\/schema.org\",\"@graph\":[{\"@type\":\"WebPage\",\"@id\":\"https:\/\/www.noticiasradioreflejos.com.ar\/2021\/cuales-son-las-recomendaciones-para-protegerse-de-los-rayos-y-prevenir-el-cancer-de-piel\/\",\"url\":\"https:\/\/www.noticiasradioreflejos.com.ar\/2021\/cuales-son-las-recomendaciones-para-protegerse-de-los-rayos-y-prevenir-el-cancer-de-piel\/\",\"name\":\"Cu\u00e1les son las recomendaciones para protegerse de los rayos y prevenir el c\u00e1ncer de piel - Noticias Radio Reflejos\",\"isPartOf\":{\"@id\":\"https:\/\/www.noticiasradioreflejos.com.ar\/2021\/#website\"},\"primaryImageOfPage\":{\"@id\":\"https:\/\/www.noticiasradioreflejos.com.ar\/2021\/cuales-son-las-recomendaciones-para-protegerse-de-los-rayos-y-prevenir-el-cancer-de-piel\/#primaryimage\"},\"image\":{\"@id\":\"https:\/\/www.noticiasradioreflejos.com.ar\/2021\/cuales-son-las-recomendaciones-para-protegerse-de-los-rayos-y-prevenir-el-cancer-de-piel\/#primaryimage\"},\"thumbnailUrl\":\"https:\/\/www.telam.com.ar\/thumbs\/bluesteel\/advf\/imagenes\/2022\/11\/63612879a1999_1200.jpg\",\"datePublished\":\"2023-12-12T17:55:47+00:00\",\"author\":{\"@id\":\"https:\/\/www.noticiasradioreflejos.com.ar\/2021\/#\/schema\/person\/ad82545263dcc5ec0996818884fd5fb1\"},\"breadcrumb\":{\"@id\":\"https:\/\/www.noticiasradioreflejos.com.ar\/2021\/cuales-son-las-recomendaciones-para-protegerse-de-los-rayos-y-prevenir-el-cancer-de-piel\/#breadcrumb\"},\"inLanguage\":\"es\",\"potentialAction\":[{\"@type\":\"ReadAction\",\"target\":[\"https:\/\/www.noticiasradioreflejos.com.ar\/2021\/cuales-son-las-recomendaciones-para-protegerse-de-los-rayos-y-prevenir-el-cancer-de-piel\/\"]}]},{\"@type\":\"ImageObject\",\"inLanguage\":\"es\",\"@id\":\"https:\/\/www.noticiasradioreflejos.com.ar\/2021\/cuales-son-las-recomendaciones-para-protegerse-de-los-rayos-y-prevenir-el-cancer-de-piel\/#primaryimage\",\"url\":\"https:\/\/www.telam.com.ar\/thumbs\/bluesteel\/advf\/imagenes\/2022\/11\/63612879a1999_1200.jpg\",\"contentUrl\":\"https:\/\/www.telam.com.ar\/thumbs\/bluesteel\/advf\/imagenes\/2022\/11\/63612879a1999_1200.jpg\"},{\"@type\":\"BreadcrumbList\",\"@id\":\"https:\/\/www.noticiasradioreflejos.com.ar\/2021\/cuales-son-las-recomendaciones-para-protegerse-de-los-rayos-y-prevenir-el-cancer-de-piel\/#breadcrumb\",\"itemListElement\":[{\"@type\":\"ListItem\",\"position\":1,\"name\":\"Portada\",\"item\":\"https:\/\/www.noticiasradioreflejos.com.ar\/2021\/\"},{\"@type\":\"ListItem\",\"position\":2,\"name\":\"Cu\u00e1les son las recomendaciones para protegerse de los rayos y prevenir el c\u00e1ncer de piel\"}]},{\"@type\":\"WebSite\",\"@id\":\"https:\/\/www.noticiasradioreflejos.com.ar\/2021\/#website\",\"url\":\"https:\/\/www.noticiasradioreflejos.com.ar\/2021\/\",\"name\":\"Noticias Radio Reflejos\",\"description\":\"Las noticias de mi comarca\",\"potentialAction\":[{\"@type\":\"SearchAction\",\"target\":{\"@type\":\"EntryPoint\",\"urlTemplate\":\"https:\/\/www.noticiasradioreflejos.com.ar\/2021\/?s={search_term_string}\"},\"query-input\":{\"@type\":\"PropertyValueSpecification\",\"valueRequired\":true,\"valueName\":\"search_term_string\"}}],\"inLanguage\":\"es\"},{\"@type\":\"Person\",\"@id\":\"https:\/\/www.noticiasradioreflejos.com.ar\/2021\/#\/schema\/person\/ad82545263dcc5ec0996818884fd5fb1\",\"name\":\"Arnaldo Botto\",\"image\":{\"@type\":\"ImageObject\",\"inLanguage\":\"es\",\"@id\":\"https:\/\/www.noticiasradioreflejos.com.ar\/2021\/#\/schema\/person\/image\/\",\"url\":\"https:\/\/secure.gravatar.com\/avatar\/55cb5e37c1efa326397366e6974cb338056df65cb50e7d64d1cf314e87504837?s=96&d=mm&r=g\",\"contentUrl\":\"https:\/\/secure.gravatar.com\/avatar\/55cb5e37c1efa326397366e6974cb338056df65cb50e7d64d1cf314e87504837?s=96&d=mm&r=g\",\"caption\":\"Arnaldo Botto\"},\"url\":\"https:\/\/www.noticiasradioreflejos.com.ar\/2021\/author\/arnaldo\/\"}]}<\/script>\n<!-- \/ Yoast SEO plugin. -->","yoast_head_json":{"title":"Cu\u00e1les son las recomendaciones para protegerse de los rayos y prevenir el c\u00e1ncer de piel - Noticias Radio Reflejos","robots":{"index":"index","follow":"follow","max-snippet":"max-snippet:-1","max-image-preview":"max-image-preview:large","max-video-preview":"max-video-preview:-1"},"canonical":"https:\/\/www.noticiasradioreflejos.com.ar\/2021\/cuales-son-las-recomendaciones-para-protegerse-de-los-rayos-y-prevenir-el-cancer-de-piel\/","og_locale":"es_ES","og_type":"article","og_title":"Cu\u00e1les son las recomendaciones para protegerse de los rayos y prevenir el c\u00e1ncer de piel - Noticias Radio Reflejos","og_description":"Por a\u00f1o hay entre 2 y 3 millones de nuevos casos de c\u00e1ncer de piel en el mundo, de los cuales 10 mil corresponden a la Argentina, con una mayor prevalencia entre los hombres mayores de 50 a\u00f1os, informaron desde Lalcec.","og_url":"https:\/\/www.noticiasradioreflejos.com.ar\/2021\/cuales-son-las-recomendaciones-para-protegerse-de-los-rayos-y-prevenir-el-cancer-de-piel\/","og_site_name":"Noticias Radio Reflejos","article_published_time":"2023-12-12T17:55:47+00:00","og_image":[{"url":"https:\/\/www.telam.com.ar\/thumbs\/bluesteel\/advf\/imagenes\/2022\/11\/63612879a1999_1200.jpg","type":"","width":"","height":""}],"author":"Arnaldo Botto","twitter_card":"summary_large_image","schema":{"@context":"https:\/\/schema.org","@graph":[{"@type":"WebPage","@id":"https:\/\/www.noticiasradioreflejos.com.ar\/2021\/cuales-son-las-recomendaciones-para-protegerse-de-los-rayos-y-prevenir-el-cancer-de-piel\/","url":"https:\/\/www.noticiasradioreflejos.com.ar\/2021\/cuales-son-las-recomendaciones-para-protegerse-de-los-rayos-y-prevenir-el-cancer-de-piel\/","name":"Cu\u00e1les son las recomendaciones para protegerse de los rayos y prevenir el c\u00e1ncer de piel - Noticias Radio Reflejos","isPartOf":{"@id":"https:\/\/www.noticiasradioreflejos.com.ar\/2021\/#website"},"primaryImageOfPage":{"@id":"https:\/\/www.noticiasradioreflejos.com.ar\/2021\/cuales-son-las-recomendaciones-para-protegerse-de-los-rayos-y-prevenir-el-cancer-de-piel\/#primaryimage"},"image":{"@id":"https:\/\/www.noticiasradioreflejos.com.ar\/2021\/cuales-son-las-recomendaciones-para-protegerse-de-los-rayos-y-prevenir-el-cancer-de-piel\/#primaryimage"},"thumbnailUrl":"https:\/\/www.telam.com.ar\/thumbs\/bluesteel\/advf\/imagenes\/2022\/11\/63612879a1999_1200.jpg","datePublished":"2023-12-12T17:55:47+00:00","author":{"@id":"https:\/\/www.noticiasradioreflejos.com.ar\/2021\/#\/schema\/person\/ad82545263dcc5ec0996818884fd5fb1"},"breadcrumb":{"@id":"https:\/\/www.noticiasradioreflejos.com.ar\/2021\/cuales-son-las-recomendaciones-para-protegerse-de-los-rayos-y-prevenir-el-cancer-de-piel\/#breadcrumb"},"inLanguage":"es","potentialAction":[{"@type":"ReadAction","target":["https:\/\/www.noticiasradioreflejos.com.ar\/2021\/cuales-son-las-recomendaciones-para-protegerse-de-los-rayos-y-prevenir-el-cancer-de-piel\/"]}]},{"@type":"ImageObject","inLanguage":"es","@id":"https:\/\/www.noticiasradioreflejos.com.ar\/2021\/cuales-son-las-recomendaciones-para-protegerse-de-los-rayos-y-prevenir-el-cancer-de-piel\/#primaryimage","url":"https:\/\/www.telam.com.ar\/thumbs\/bluesteel\/advf\/imagenes\/2022\/11\/63612879a1999_1200.jpg","contentUrl":"https:\/\/www.telam.com.ar\/thumbs\/bluesteel\/advf\/imagenes\/2022\/11\/63612879a1999_1200.jpg"},{"@type":"BreadcrumbList","@id":"https:\/\/www.noticiasradioreflejos.com.ar\/2021\/cuales-son-las-recomendaciones-para-protegerse-de-los-rayos-y-prevenir-el-cancer-de-piel\/#breadcrumb","itemListElement":[{"@type":"ListItem","position":1,"name":"Portada","item":"https:\/\/www.noticiasradioreflejos.com.ar\/2021\/"},{"@type":"ListItem","position":2,"name":"Cu\u00e1les son las recomendaciones para protegerse de los rayos y prevenir el c\u00e1ncer de piel"}]},{"@type":"WebSite","@id":"https:\/\/www.noticiasradioreflejos.com.ar\/2021\/#website","url":"https:\/\/www.noticiasradioreflejos.com.ar\/2021\/","name":"Noticias Radio Reflejos","description":"Las noticias de mi comarca","potentialAction":[{"@type":"SearchAction","target":{"@type":"EntryPoint","urlTemplate":"https:\/\/www.noticiasradioreflejos.com.ar\/2021\/?s={search_term_string}"},"query-input":{"@type":"PropertyValueSpecification","valueRequired":true,"valueName":"search_term_string"}}],"inLanguage":"es"},{"@type":"Person","@id":"https:\/\/www.noticiasradioreflejos.com.ar\/2021\/#\/schema\/person\/ad82545263dcc5ec0996818884fd5fb1","name":"Arnaldo Botto","image":{"@type":"ImageObject","inLanguage":"es","@id":"https:\/\/www.noticiasradioreflejos.com.ar\/2021\/#\/schema\/person\/image\/","url":"https:\/\/secure.gravatar.com\/avatar\/55cb5e37c1efa326397366e6974cb338056df65cb50e7d64d1cf314e87504837?s=96&d=mm&r=g","contentUrl":"https:\/\/secure.gravatar.com\/avatar\/55cb5e37c1efa326397366e6974cb338056df65cb50e7d64d1cf314e87504837?s=96&d=mm&r=g","caption":"Arnaldo Botto"},"url":"https:\/\/www.noticiasradioreflejos.com.ar\/2021\/author\/arnaldo\/"}]}},"_links":{"self":[{"href":"https:\/\/www.noticiasradioreflejos.com.ar\/2021\/wp-json\/wp\/v2\/posts\/96329","targetHints":{"allow":["GET"]}}],"collection":[{"href":"https:\/\/www.noticiasradioreflejos.com.ar\/2021\/wp-json\/wp\/v2\/posts"}],"about":[{"href":"https:\/\/www.noticiasradioreflejos.com.ar\/2021\/wp-json\/wp\/v2\/types\/post"}],"author":[{"embeddable":true,"href":"https:\/\/www.noticiasradioreflejos.com.ar\/2021\/wp-json\/wp\/v2\/users\/3"}],"replies":[{"embeddable":true,"href":"https:\/\/www.noticiasradioreflejos.com.ar\/2021\/wp-json\/wp\/v2\/comments?post=96329"}],"version-history":[{"count":1,"href":"https:\/\/www.noticiasradioreflejos.com.ar\/2021\/wp-json\/wp\/v2\/posts\/96329\/revisions"}],"predecessor-version":[{"id":96331,"href":"https:\/\/www.noticiasradioreflejos.com.ar\/2021\/wp-json\/wp\/v2\/posts\/96329\/revisions\/96331"}],"wp:attachment":[{"href":"https:\/\/www.noticiasradioreflejos.com.ar\/2021\/wp-json\/wp\/v2\/media?parent=96329"}],"wp:term":[{"taxonomy":"category","embeddable":true,"href":"https:\/\/www.noticiasradioreflejos.com.ar\/2021\/wp-json\/wp\/v2\/categories?post=96329"},{"taxonomy":"post_tag","embeddable":true,"href":"https:\/\/www.noticiasradioreflejos.com.ar\/2021\/wp-json\/wp\/v2\/tags?post=96329"}],"curies":[{"name":"wp","href":"https:\/\/api.w.org\/{rel}","templated":true}]}}