{"id":96321,"date":"2023-12-12T17:49:13","date_gmt":"2023-12-12T17:49:13","guid":{"rendered":"https:\/\/www.noticiasradioreflejos.com.ar\/2021\/?p=96321"},"modified":"2023-12-12T17:49:13","modified_gmt":"2023-12-12T17:49:13","slug":"caballos-en-el-parque-haya-o-no-haya-virus-tienen-que-tener-un-control","status":"publish","type":"post","link":"https:\/\/www.noticiasradioreflejos.com.ar\/2021\/caballos-en-el-parque-haya-o-no-haya-virus-tienen-que-tener-un-control\/","title":{"rendered":"Caballos en el Parque: \u201cHaya o no haya virus, tienen que tener un control\u201d"},"content":{"rendered":"<p>La guardaparques Patricia Gonz\u00e1lez, integrante de la ONG Silice, explic\u00f3 los motivos que llevaron a hacer p\u00fablica la carta enviada a SeNaSa para que tome cartas en el asunto sobre la poblaci\u00f3n de caballos que habita el Parque Provincial Ernesto Tornquist.<!--more--><\/p>\n<p>Contin\u00faan los ecos de la carta enviada a SeNaSa por parte de la ONG Silice, la cual advierte sobre el peligro de un brote epidemiol\u00f3gico en el Parque Provincial, principalmente por la falta de control que hay sobre los 600 caballos que all\u00ed habitan.<\/p>\n<p>Al respecto cont\u00f3 que \u201cse est\u00e1 divulgando la presencia de un virus que aparece en los equinos. SeNaSa pide que se extremen las medidas sanitarias, entonces inevitablemente no pudimos dejar de pensar que en el Parque Provincial hay unos 600 caballos, que impactan en el ecosistema\u201d.<\/p>\n<p>Acto seguido aclar\u00f3 que \u201cnosotros no decimos que los caballos no pueden estar en este mundo, decimos que no pueden estar en el Parque Provincial. Tienen que estar en otro lado\u201d.<\/p>\n<p>Seg\u00fan record\u00f3 \u201cen el 2008 se sacaron 200 caballos cimarrones, se llevaron a Pig\u00fc\u00e9 y por un a\u00f1o ese campo qued\u00f3 inhabilitado de la cantidad de parasitosis que ten\u00eda. Probablemente eso se est\u00e9 dando ahora, incluso esos ten\u00edan quebraduras mal curadas. Estos caballos no la pasan bien. Tienen una situaci\u00f3n de salud complicada\u201d.<\/p>\n<p>Haciendo un crudo resumen, subray\u00f3 que \u201cquieren hacer nuevos estudios, cosa que ya est\u00e1n hechos. Para algunos es m\u00e1s importante obtener tesinas y doctorados que resolver problemas. Y lo que no se resuelve se potencia\u201d.<\/p>\n<p>Seg\u00fan la perspectiva que manejan \u201cesto podr\u00eda afectar a la gente y a la biodiversidad. No es que est\u00e1n aislados. Eso lo denunciamos ante SeNaSa para que act\u00faen. Haya o no haya virus, tienen que tener un control sanitario\u201d.<\/p>\n<p>Por \u00faltimo acot\u00f3 que \u201cla justicia ambiental es justicia social tambi\u00e9n. Esto es proteger a los turistas y a quienes trabajan en el parque. No puede haber 600 caballos sin control\u201d.<\/p>\n<p><iframe loading=\"lazy\" width=\"100%\" height=\"166\" scrolling=\"no\" frameborder=\"no\" allow=\"autoplay\" src=\"https:\/\/w.soundcloud.com\/player\/?url=https%3A\/\/api.soundcloud.com\/tracks\/1688563536&#038;color=%23ff5500&#038;auto_play=false&#038;hide_related=false&#038;show_comments=true&#038;show_user=true&#038;show_reposts=false&#038;show_teaser=true\"><\/iframe><\/p>\n<div style=\"font-size: 10px; color: #cccccc;line-break: anywhere;word-break: normal;overflow: hidden;white-space: nowrap;text-overflow: ellipsis; font-family: Interstate,Lucida Grande,Lucida Sans Unicode,Lucida Sans,Garuda,Verdana,Tahoma,sans-serif;font-weight: 100;\"><a href=\"https:\/\/soundcloud.com\/fmreflejos-103-7\" title=\"fmreflejos 103.7\" target=\"_blank\" style=\"color: #cccccc; text-decoration: none;\" rel=\"noopener\">fmreflejos 103.7<\/a> \u00b7 <a href=\"https:\/\/soundcloud.com\/fmreflejos-103-7\/patricia-gonzales-12-12\" title=\"Patricia Gonzales 12 - 12\" target=\"_blank\" style=\"color: #cccccc; text-decoration: none;\" rel=\"noopener\">Patricia Gonzales 12 &#8211; 12<\/a><\/div>\n","protected":false},"excerpt":{"rendered":"<p>La guardaparques Patricia Gonz\u00e1lez, integrante de la ONG Silice, explic\u00f3 los motivos que llevaron a hacer p\u00fablica la carta enviada a SeNaSa para que tome cartas en el asunto sobre la poblaci\u00f3n de caballos que habita el Parque Provincial Ernesto Tornquist.<\/p>\n","protected":false},"author":3,"featured_media":96327,"comment_status":"closed","ping_status":"closed","sticky":false,"template":"","format":"standard","meta":{"footnotes":""},"categories":[30,26,33],"tags":[48],"class_list":["post-96321","post","type-post","status-publish","format-standard","has-post-thumbnail","hentry","category-salud","category-sociedad","category-turismo","tag-destacada"],"yoast_head":"<!-- This site is optimized with the Yoast SEO plugin v25.9 - https:\/\/yoast.com\/wordpress\/plugins\/seo\/ -->\n<title>Caballos en el Parque: \u201cHaya o no haya virus, tienen que tener un control\u201d - Noticias Radio Reflejos<\/title>\n<meta name=\"robots\" content=\"index, follow, max-snippet:-1, max-image-preview:large, max-video-preview:-1\" \/>\n<link rel=\"canonical\" href=\"https:\/\/www.noticiasradioreflejos.com.ar\/2021\/caballos-en-el-parque-haya-o-no-haya-virus-tienen-que-tener-un-control\/\" \/>\n<meta property=\"og:locale\" content=\"es_ES\" \/>\n<meta property=\"og:type\" content=\"article\" \/>\n<meta property=\"og:title\" content=\"Caballos en el Parque: \u201cHaya o no haya virus, tienen que tener un control\u201d - Noticias Radio Reflejos\" \/>\n<meta property=\"og:description\" content=\"La guardaparques Patricia Gonz\u00e1lez, integrante de la ONG Silice, explic\u00f3 los motivos que llevaron a hacer p\u00fablica la carta enviada a SeNaSa para que tome cartas en el asunto sobre la poblaci\u00f3n de caballos que habita el Parque Provincial Ernesto Tornquist.\" \/>\n<meta property=\"og:url\" content=\"https:\/\/www.noticiasradioreflejos.com.ar\/2021\/caballos-en-el-parque-haya-o-no-haya-virus-tienen-que-tener-un-control\/\" \/>\n<meta property=\"og:site_name\" content=\"Noticias Radio Reflejos\" \/>\n<meta property=\"article:published_time\" content=\"2023-12-12T17:49:13+00:00\" \/>\n<meta property=\"og:image\" content=\"https:\/\/www.noticiasradioreflejos.com.ar\/2021\/wp-content\/uploads\/2023\/12\/CoVentana-105-16-Ago-09-048.jpg\" \/>\n\t<meta property=\"og:image:width\" content=\"400\" \/>\n\t<meta property=\"og:image:height\" content=\"225\" \/>\n\t<meta property=\"og:image:type\" content=\"image\/jpeg\" \/>\n<meta name=\"author\" content=\"Arnaldo Botto\" \/>\n<meta name=\"twitter:card\" content=\"summary_large_image\" \/>\n<script type=\"application\/ld+json\" class=\"yoast-schema-graph\">{\"@context\":\"https:\/\/schema.org\",\"@graph\":[{\"@type\":\"WebPage\",\"@id\":\"https:\/\/www.noticiasradioreflejos.com.ar\/2021\/caballos-en-el-parque-haya-o-no-haya-virus-tienen-que-tener-un-control\/\",\"url\":\"https:\/\/www.noticiasradioreflejos.com.ar\/2021\/caballos-en-el-parque-haya-o-no-haya-virus-tienen-que-tener-un-control\/\",\"name\":\"Caballos en el Parque: \u201cHaya o no haya virus, tienen que tener un control\u201d - Noticias Radio Reflejos\",\"isPartOf\":{\"@id\":\"https:\/\/www.noticiasradioreflejos.com.ar\/2021\/#website\"},\"primaryImageOfPage\":{\"@id\":\"https:\/\/www.noticiasradioreflejos.com.ar\/2021\/caballos-en-el-parque-haya-o-no-haya-virus-tienen-que-tener-un-control\/#primaryimage\"},\"image\":{\"@id\":\"https:\/\/www.noticiasradioreflejos.com.ar\/2021\/caballos-en-el-parque-haya-o-no-haya-virus-tienen-que-tener-un-control\/#primaryimage\"},\"thumbnailUrl\":\"https:\/\/www.noticiasradioreflejos.com.ar\/2021\/wp-content\/uploads\/2023\/12\/CoVentana-105-16-Ago-09-048.jpg\",\"datePublished\":\"2023-12-12T17:49:13+00:00\",\"author\":{\"@id\":\"https:\/\/www.noticiasradioreflejos.com.ar\/2021\/#\/schema\/person\/ad82545263dcc5ec0996818884fd5fb1\"},\"breadcrumb\":{\"@id\":\"https:\/\/www.noticiasradioreflejos.com.ar\/2021\/caballos-en-el-parque-haya-o-no-haya-virus-tienen-que-tener-un-control\/#breadcrumb\"},\"inLanguage\":\"es\",\"potentialAction\":[{\"@type\":\"ReadAction\",\"target\":[\"https:\/\/www.noticiasradioreflejos.com.ar\/2021\/caballos-en-el-parque-haya-o-no-haya-virus-tienen-que-tener-un-control\/\"]}]},{\"@type\":\"ImageObject\",\"inLanguage\":\"es\",\"@id\":\"https:\/\/www.noticiasradioreflejos.com.ar\/2021\/caballos-en-el-parque-haya-o-no-haya-virus-tienen-que-tener-un-control\/#primaryimage\",\"url\":\"https:\/\/www.noticiasradioreflejos.com.ar\/2021\/wp-content\/uploads\/2023\/12\/CoVentana-105-16-Ago-09-048.jpg\",\"contentUrl\":\"https:\/\/www.noticiasradioreflejos.com.ar\/2021\/wp-content\/uploads\/2023\/12\/CoVentana-105-16-Ago-09-048.jpg\",\"width\":400,\"height\":225},{\"@type\":\"BreadcrumbList\",\"@id\":\"https:\/\/www.noticiasradioreflejos.com.ar\/2021\/caballos-en-el-parque-haya-o-no-haya-virus-tienen-que-tener-un-control\/#breadcrumb\",\"itemListElement\":[{\"@type\":\"ListItem\",\"position\":1,\"name\":\"Portada\",\"item\":\"https:\/\/www.noticiasradioreflejos.com.ar\/2021\/\"},{\"@type\":\"ListItem\",\"position\":2,\"name\":\"Caballos en el Parque: \u201cHaya o no haya virus, tienen que tener un control\u201d\"}]},{\"@type\":\"WebSite\",\"@id\":\"https:\/\/www.noticiasradioreflejos.com.ar\/2021\/#website\",\"url\":\"https:\/\/www.noticiasradioreflejos.com.ar\/2021\/\",\"name\":\"Noticias Radio Reflejos\",\"description\":\"Las noticias de mi comarca\",\"potentialAction\":[{\"@type\":\"SearchAction\",\"target\":{\"@type\":\"EntryPoint\",\"urlTemplate\":\"https:\/\/www.noticiasradioreflejos.com.ar\/2021\/?s={search_term_string}\"},\"query-input\":{\"@type\":\"PropertyValueSpecification\",\"valueRequired\":true,\"valueName\":\"search_term_string\"}}],\"inLanguage\":\"es\"},{\"@type\":\"Person\",\"@id\":\"https:\/\/www.noticiasradioreflejos.com.ar\/2021\/#\/schema\/person\/ad82545263dcc5ec0996818884fd5fb1\",\"name\":\"Arnaldo Botto\",\"image\":{\"@type\":\"ImageObject\",\"inLanguage\":\"es\",\"@id\":\"https:\/\/www.noticiasradioreflejos.com.ar\/2021\/#\/schema\/person\/image\/\",\"url\":\"https:\/\/secure.gravatar.com\/avatar\/55cb5e37c1efa326397366e6974cb338056df65cb50e7d64d1cf314e87504837?s=96&d=mm&r=g\",\"contentUrl\":\"https:\/\/secure.gravatar.com\/avatar\/55cb5e37c1efa326397366e6974cb338056df65cb50e7d64d1cf314e87504837?s=96&d=mm&r=g\",\"caption\":\"Arnaldo Botto\"},\"url\":\"https:\/\/www.noticiasradioreflejos.com.ar\/2021\/author\/arnaldo\/\"}]}<\/script>\n<!-- \/ Yoast SEO plugin. -->","yoast_head_json":{"title":"Caballos en el Parque: \u201cHaya o no haya virus, tienen que tener un control\u201d - Noticias Radio Reflejos","robots":{"index":"index","follow":"follow","max-snippet":"max-snippet:-1","max-image-preview":"max-image-preview:large","max-video-preview":"max-video-preview:-1"},"canonical":"https:\/\/www.noticiasradioreflejos.com.ar\/2021\/caballos-en-el-parque-haya-o-no-haya-virus-tienen-que-tener-un-control\/","og_locale":"es_ES","og_type":"article","og_title":"Caballos en el Parque: \u201cHaya o no haya virus, tienen que tener un control\u201d - Noticias Radio Reflejos","og_description":"La guardaparques Patricia Gonz\u00e1lez, integrante de la ONG Silice, explic\u00f3 los motivos que llevaron a hacer p\u00fablica la carta enviada a SeNaSa para que tome cartas en el asunto sobre la poblaci\u00f3n de caballos que habita el Parque Provincial Ernesto Tornquist.","og_url":"https:\/\/www.noticiasradioreflejos.com.ar\/2021\/caballos-en-el-parque-haya-o-no-haya-virus-tienen-que-tener-un-control\/","og_site_name":"Noticias Radio Reflejos","article_published_time":"2023-12-12T17:49:13+00:00","og_image":[{"width":400,"height":225,"url":"https:\/\/www.noticiasradioreflejos.com.ar\/2021\/wp-content\/uploads\/2023\/12\/CoVentana-105-16-Ago-09-048.jpg","type":"image\/jpeg"}],"author":"Arnaldo Botto","twitter_card":"summary_large_image","schema":{"@context":"https:\/\/schema.org","@graph":[{"@type":"WebPage","@id":"https:\/\/www.noticiasradioreflejos.com.ar\/2021\/caballos-en-el-parque-haya-o-no-haya-virus-tienen-que-tener-un-control\/","url":"https:\/\/www.noticiasradioreflejos.com.ar\/2021\/caballos-en-el-parque-haya-o-no-haya-virus-tienen-que-tener-un-control\/","name":"Caballos en el Parque: \u201cHaya o no haya virus, tienen que tener un control\u201d - Noticias Radio Reflejos","isPartOf":{"@id":"https:\/\/www.noticiasradioreflejos.com.ar\/2021\/#website"},"primaryImageOfPage":{"@id":"https:\/\/www.noticiasradioreflejos.com.ar\/2021\/caballos-en-el-parque-haya-o-no-haya-virus-tienen-que-tener-un-control\/#primaryimage"},"image":{"@id":"https:\/\/www.noticiasradioreflejos.com.ar\/2021\/caballos-en-el-parque-haya-o-no-haya-virus-tienen-que-tener-un-control\/#primaryimage"},"thumbnailUrl":"https:\/\/www.noticiasradioreflejos.com.ar\/2021\/wp-content\/uploads\/2023\/12\/CoVentana-105-16-Ago-09-048.jpg","datePublished":"2023-12-12T17:49:13+00:00","author":{"@id":"https:\/\/www.noticiasradioreflejos.com.ar\/2021\/#\/schema\/person\/ad82545263dcc5ec0996818884fd5fb1"},"breadcrumb":{"@id":"https:\/\/www.noticiasradioreflejos.com.ar\/2021\/caballos-en-el-parque-haya-o-no-haya-virus-tienen-que-tener-un-control\/#breadcrumb"},"inLanguage":"es","potentialAction":[{"@type":"ReadAction","target":["https:\/\/www.noticiasradioreflejos.com.ar\/2021\/caballos-en-el-parque-haya-o-no-haya-virus-tienen-que-tener-un-control\/"]}]},{"@type":"ImageObject","inLanguage":"es","@id":"https:\/\/www.noticiasradioreflejos.com.ar\/2021\/caballos-en-el-parque-haya-o-no-haya-virus-tienen-que-tener-un-control\/#primaryimage","url":"https:\/\/www.noticiasradioreflejos.com.ar\/2021\/wp-content\/uploads\/2023\/12\/CoVentana-105-16-Ago-09-048.jpg","contentUrl":"https:\/\/www.noticiasradioreflejos.com.ar\/2021\/wp-content\/uploads\/2023\/12\/CoVentana-105-16-Ago-09-048.jpg","width":400,"height":225},{"@type":"BreadcrumbList","@id":"https:\/\/www.noticiasradioreflejos.com.ar\/2021\/caballos-en-el-parque-haya-o-no-haya-virus-tienen-que-tener-un-control\/#breadcrumb","itemListElement":[{"@type":"ListItem","position":1,"name":"Portada","item":"https:\/\/www.noticiasradioreflejos.com.ar\/2021\/"},{"@type":"ListItem","position":2,"name":"Caballos en el Parque: \u201cHaya o no haya virus, tienen que tener un control\u201d"}]},{"@type":"WebSite","@id":"https:\/\/www.noticiasradioreflejos.com.ar\/2021\/#website","url":"https:\/\/www.noticiasradioreflejos.com.ar\/2021\/","name":"Noticias Radio Reflejos","description":"Las noticias de mi comarca","potentialAction":[{"@type":"SearchAction","target":{"@type":"EntryPoint","urlTemplate":"https:\/\/www.noticiasradioreflejos.com.ar\/2021\/?s={search_term_string}"},"query-input":{"@type":"PropertyValueSpecification","valueRequired":true,"valueName":"search_term_string"}}],"inLanguage":"es"},{"@type":"Person","@id":"https:\/\/www.noticiasradioreflejos.com.ar\/2021\/#\/schema\/person\/ad82545263dcc5ec0996818884fd5fb1","name":"Arnaldo Botto","image":{"@type":"ImageObject","inLanguage":"es","@id":"https:\/\/www.noticiasradioreflejos.com.ar\/2021\/#\/schema\/person\/image\/","url":"https:\/\/secure.gravatar.com\/avatar\/55cb5e37c1efa326397366e6974cb338056df65cb50e7d64d1cf314e87504837?s=96&d=mm&r=g","contentUrl":"https:\/\/secure.gravatar.com\/avatar\/55cb5e37c1efa326397366e6974cb338056df65cb50e7d64d1cf314e87504837?s=96&d=mm&r=g","caption":"Arnaldo Botto"},"url":"https:\/\/www.noticiasradioreflejos.com.ar\/2021\/author\/arnaldo\/"}]}},"_links":{"self":[{"href":"https:\/\/www.noticiasradioreflejos.com.ar\/2021\/wp-json\/wp\/v2\/posts\/96321","targetHints":{"allow":["GET"]}}],"collection":[{"href":"https:\/\/www.noticiasradioreflejos.com.ar\/2021\/wp-json\/wp\/v2\/posts"}],"about":[{"href":"https:\/\/www.noticiasradioreflejos.com.ar\/2021\/wp-json\/wp\/v2\/types\/post"}],"author":[{"embeddable":true,"href":"https:\/\/www.noticiasradioreflejos.com.ar\/2021\/wp-json\/wp\/v2\/users\/3"}],"replies":[{"embeddable":true,"href":"https:\/\/www.noticiasradioreflejos.com.ar\/2021\/wp-json\/wp\/v2\/comments?post=96321"}],"version-history":[{"count":2,"href":"https:\/\/www.noticiasradioreflejos.com.ar\/2021\/wp-json\/wp\/v2\/posts\/96321\/revisions"}],"predecessor-version":[{"id":96328,"href":"https:\/\/www.noticiasradioreflejos.com.ar\/2021\/wp-json\/wp\/v2\/posts\/96321\/revisions\/96328"}],"wp:featuredmedia":[{"embeddable":true,"href":"https:\/\/www.noticiasradioreflejos.com.ar\/2021\/wp-json\/wp\/v2\/media\/96327"}],"wp:attachment":[{"href":"https:\/\/www.noticiasradioreflejos.com.ar\/2021\/wp-json\/wp\/v2\/media?parent=96321"}],"wp:term":[{"taxonomy":"category","embeddable":true,"href":"https:\/\/www.noticiasradioreflejos.com.ar\/2021\/wp-json\/wp\/v2\/categories?post=96321"},{"taxonomy":"post_tag","embeddable":true,"href":"https:\/\/www.noticiasradioreflejos.com.ar\/2021\/wp-json\/wp\/v2\/tags?post=96321"}],"curies":[{"name":"wp","href":"https:\/\/api.w.org\/{rel}","templated":true}]}}