{"id":96319,"date":"2023-12-12T17:24:03","date_gmt":"2023-12-12T17:24:03","guid":{"rendered":"https:\/\/www.noticiasradioreflejos.com.ar\/2021\/?p=96319"},"modified":"2023-12-12T17:24:03","modified_gmt":"2023-12-12T17:24:03","slug":"fabian-delgado-esta-manana-se-duplico-la-energia-en-la-comarca","status":"publish","type":"post","link":"https:\/\/www.noticiasradioreflejos.com.ar\/2021\/fabian-delgado-esta-manana-se-duplico-la-energia-en-la-comarca\/","title":{"rendered":"Fabi\u00e1n Delgado: \u201cEsta ma\u00f1ana se duplic\u00f3 la energ\u00eda en la comarca\u201d"},"content":{"rendered":"<p>El titular de CooPerSiVe confirm\u00f3 la duplicaci\u00f3n de megavatios para el partido de Tornquist tras concretarse la repotenciaci\u00f3n de la subestaci\u00f3n. \u201cNos confirmaron que no vamos a tener ning\u00fan inconveniente en el verano\u201d asegur\u00f3.<!--more--><\/p>\n<p>Esta ma\u00f1ana, y tras varios a\u00f1os de gesti\u00f3n, la comarca vivi\u00f3 un salto energ\u00e9tico relevante, ya que duplic\u00f3 la cantidad de megavatios y con esto, se asegur\u00f3 por algunos a\u00f1os no padecer problemas de electricidad.<\/p>\n<p><a title=\"tranfo Tansba (3)\" href=\"https:\/\/www.flickr.com\/photos\/182279889@N02\/53393634568\/in\/dateposted-public\/\" data-flickr-embed=\"true\" data-footer=\"true\"><img loading=\"lazy\" decoding=\"async\" class=\"alignleft\" src=\"https:\/\/live.staticflickr.com\/65535\/53393634568_bff22ab8ef_c.jpg\" alt=\"tranfo Tansba (3)\" width=\"401\" height=\"713\" \/><\/a><script async src=\"\/\/embedr.flickr.com\/assets\/client-code.js\" charset=\"utf-8\"><\/script>As\u00ed lo hizo saber el titular de CooperSive, Fabi\u00e1n Delgado, quien explic\u00f3 que \u201clo que se logr\u00f3 con la repotenciaci\u00f3n de este transformaci\u00f3n en la subestaci\u00f3n de Tornquist es un proyecto que inici\u00f3 antes de que yo estuviese en la cooperativa. Viene del 2013. El transformador que serv\u00eda para abastecer a la papelera, sirve para abastecer a Tornquist, Villa, Sierra, Saldungaray, y tambi\u00e9n el \u00e1rea rural que depende de la cooperativa era de 15 y ahora se llev\u00f3 a 30 megavatios. Se duplic\u00f3 la potencia\u201d.<\/p>\n<p>Al mismo tiempo cont\u00f3 que \u201ctanto el banco de capacitores como los generadores ya no se necesitar\u00e1n, por lo que los desconectar\u00e1n ma\u00f1ana. Por eso ma\u00f1ana habr\u00e1 un corte de dos horas, temprano. A\u00fan no est\u00e1 el horario definido, pero ser\u00eda entre las 7 y las 9\u201d.<\/p>\n<p>Proyectando los meses de calor, subray\u00f3 que \u201clo que nos inform\u00f3 Edes es que a partir de ahora no deber\u00edamos tener problemas de energ\u00eda. Nosotros le pasamos la necesidad nuestra para la temporada y en principio nos han asegurado que no vamos a tener ning\u00fan inconveniente\u201d.<\/p>\n<p>Mientras que sobre los toques finales, acot\u00f3 que \u201cal ingreso de la subestaci\u00f3n tenemos unos booster que calibran la tensi\u00f3n y hoy a la ma\u00f1ana se ajust\u00f3 todo en funci\u00f3n del cambio de l\u00ednea que se hizo\u201d.<\/p>\n<p><iframe loading=\"lazy\" src=\"https:\/\/w.soundcloud.com\/player\/?url=https%3A\/\/api.soundcloud.com\/tracks\/1688518491&amp;color=%23ff5500&amp;auto_play=false&amp;hide_related=false&amp;show_comments=true&amp;show_user=true&amp;show_reposts=false&amp;show_teaser=true\" width=\"100%\" height=\"166\" frameborder=\"no\" scrolling=\"no\"><\/iframe><\/p>\n<div style=\"font-size: 10px; color: #cccccc; line-break: anywhere; word-break: normal; overflow: hidden; white-space: nowrap; text-overflow: ellipsis; font-family: Interstate,Lucida Grande,Lucida Sans Unicode,Lucida Sans,Garuda,Verdana,Tahoma,sans-serif; font-weight: 100;\"><a style=\"color: #cccccc; text-decoration: none;\" title=\"fmreflejos 103.7\" href=\"https:\/\/soundcloud.com\/fmreflejos-103-7\" target=\"_blank\" rel=\"noopener\">fmreflejos 103.7<\/a> \u00b7 <a style=\"color: #cccccc; text-decoration: none;\" title=\"Fabian Delgado 12 - 12\" href=\"https:\/\/soundcloud.com\/fmreflejos-103-7\/fabian-delgado-12-12\" target=\"_blank\" rel=\"noopener\">Fabian Delgado 12 &#8211; 12<\/a><\/div>\n<p><a data-flickr-embed=\"true\" data-footer=\"true\" href=\"https:\/\/www.flickr.com\/photos\/182279889@N02\/53393884385\/in\/dateposted-public\/\" title=\"tranfo Tansba (2)\"><img loading=\"lazy\" decoding=\"async\" src=\"https:\/\/live.staticflickr.com\/65535\/53393884385_1783f40ac7_c.jpg\" width=\"600\" height=\"800\" alt=\"tranfo Tansba (2)\"\/><\/a><script async src=\"\/\/embedr.flickr.com\/assets\/client-code.js\" charset=\"utf-8\"><\/script><\/p>\n","protected":false},"excerpt":{"rendered":"<p>El titular de CooPerSiVe confirm\u00f3 la duplicaci\u00f3n de megavatios para el partido de Tornquist tras concretarse la repotenciaci\u00f3n de la subestaci\u00f3n. \u201cNos confirmaron que no vamos a tener ning\u00fan inconveniente en el verano\u201d asegur\u00f3.<\/p>\n","protected":false},"author":3,"featured_media":96323,"comment_status":"closed","ping_status":"closed","sticky":false,"template":"","format":"standard","meta":{"footnotes":""},"categories":[26],"tags":[48],"class_list":["post-96319","post","type-post","status-publish","format-standard","has-post-thumbnail","hentry","category-sociedad","tag-destacada"],"yoast_head":"<!-- This site is optimized with the Yoast SEO plugin v25.9 - https:\/\/yoast.com\/wordpress\/plugins\/seo\/ -->\n<title>Fabi\u00e1n Delgado: \u201cEsta ma\u00f1ana se duplic\u00f3 la energ\u00eda en la comarca\u201d - Noticias Radio Reflejos<\/title>\n<meta name=\"robots\" content=\"index, follow, max-snippet:-1, max-image-preview:large, max-video-preview:-1\" \/>\n<link rel=\"canonical\" href=\"https:\/\/www.noticiasradioreflejos.com.ar\/2021\/fabian-delgado-esta-manana-se-duplico-la-energia-en-la-comarca\/\" \/>\n<meta property=\"og:locale\" content=\"es_ES\" \/>\n<meta property=\"og:type\" content=\"article\" \/>\n<meta property=\"og:title\" content=\"Fabi\u00e1n Delgado: \u201cEsta ma\u00f1ana se duplic\u00f3 la energ\u00eda en la comarca\u201d - Noticias Radio Reflejos\" \/>\n<meta property=\"og:description\" content=\"El titular de CooPerSiVe confirm\u00f3 la duplicaci\u00f3n de megavatios para el partido de Tornquist tras concretarse la repotenciaci\u00f3n de la subestaci\u00f3n. \u201cNos confirmaron que no vamos a tener ning\u00fan inconveniente en el verano\u201d asegur\u00f3.\" \/>\n<meta property=\"og:url\" content=\"https:\/\/www.noticiasradioreflejos.com.ar\/2021\/fabian-delgado-esta-manana-se-duplico-la-energia-en-la-comarca\/\" \/>\n<meta property=\"og:site_name\" content=\"Noticias Radio Reflejos\" \/>\n<meta property=\"article:published_time\" content=\"2023-12-12T17:24:03+00:00\" \/>\n<meta property=\"og:image\" content=\"https:\/\/www.noticiasradioreflejos.com.ar\/2021\/wp-content\/uploads\/2023\/12\/tranfo-Tansba-1.jpeg\" \/>\n\t<meta property=\"og:image:width\" content=\"1600\" \/>\n\t<meta property=\"og:image:height\" content=\"900\" \/>\n\t<meta property=\"og:image:type\" content=\"image\/jpeg\" \/>\n<meta name=\"author\" content=\"Arnaldo Botto\" \/>\n<meta name=\"twitter:card\" content=\"summary_large_image\" \/>\n<script type=\"application\/ld+json\" class=\"yoast-schema-graph\">{\"@context\":\"https:\/\/schema.org\",\"@graph\":[{\"@type\":\"WebPage\",\"@id\":\"https:\/\/www.noticiasradioreflejos.com.ar\/2021\/fabian-delgado-esta-manana-se-duplico-la-energia-en-la-comarca\/\",\"url\":\"https:\/\/www.noticiasradioreflejos.com.ar\/2021\/fabian-delgado-esta-manana-se-duplico-la-energia-en-la-comarca\/\",\"name\":\"Fabi\u00e1n Delgado: \u201cEsta ma\u00f1ana se duplic\u00f3 la energ\u00eda en la comarca\u201d - Noticias Radio Reflejos\",\"isPartOf\":{\"@id\":\"https:\/\/www.noticiasradioreflejos.com.ar\/2021\/#website\"},\"primaryImageOfPage\":{\"@id\":\"https:\/\/www.noticiasradioreflejos.com.ar\/2021\/fabian-delgado-esta-manana-se-duplico-la-energia-en-la-comarca\/#primaryimage\"},\"image\":{\"@id\":\"https:\/\/www.noticiasradioreflejos.com.ar\/2021\/fabian-delgado-esta-manana-se-duplico-la-energia-en-la-comarca\/#primaryimage\"},\"thumbnailUrl\":\"https:\/\/www.noticiasradioreflejos.com.ar\/2021\/wp-content\/uploads\/2023\/12\/tranfo-Tansba-1.jpeg\",\"datePublished\":\"2023-12-12T17:24:03+00:00\",\"author\":{\"@id\":\"https:\/\/www.noticiasradioreflejos.com.ar\/2021\/#\/schema\/person\/ad82545263dcc5ec0996818884fd5fb1\"},\"breadcrumb\":{\"@id\":\"https:\/\/www.noticiasradioreflejos.com.ar\/2021\/fabian-delgado-esta-manana-se-duplico-la-energia-en-la-comarca\/#breadcrumb\"},\"inLanguage\":\"es\",\"potentialAction\":[{\"@type\":\"ReadAction\",\"target\":[\"https:\/\/www.noticiasradioreflejos.com.ar\/2021\/fabian-delgado-esta-manana-se-duplico-la-energia-en-la-comarca\/\"]}]},{\"@type\":\"ImageObject\",\"inLanguage\":\"es\",\"@id\":\"https:\/\/www.noticiasradioreflejos.com.ar\/2021\/fabian-delgado-esta-manana-se-duplico-la-energia-en-la-comarca\/#primaryimage\",\"url\":\"https:\/\/www.noticiasradioreflejos.com.ar\/2021\/wp-content\/uploads\/2023\/12\/tranfo-Tansba-1.jpeg\",\"contentUrl\":\"https:\/\/www.noticiasradioreflejos.com.ar\/2021\/wp-content\/uploads\/2023\/12\/tranfo-Tansba-1.jpeg\",\"width\":1600,\"height\":900},{\"@type\":\"BreadcrumbList\",\"@id\":\"https:\/\/www.noticiasradioreflejos.com.ar\/2021\/fabian-delgado-esta-manana-se-duplico-la-energia-en-la-comarca\/#breadcrumb\",\"itemListElement\":[{\"@type\":\"ListItem\",\"position\":1,\"name\":\"Portada\",\"item\":\"https:\/\/www.noticiasradioreflejos.com.ar\/2021\/\"},{\"@type\":\"ListItem\",\"position\":2,\"name\":\"Fabi\u00e1n Delgado: \u201cEsta ma\u00f1ana se duplic\u00f3 la energ\u00eda en la comarca\u201d\"}]},{\"@type\":\"WebSite\",\"@id\":\"https:\/\/www.noticiasradioreflejos.com.ar\/2021\/#website\",\"url\":\"https:\/\/www.noticiasradioreflejos.com.ar\/2021\/\",\"name\":\"Noticias Radio Reflejos\",\"description\":\"Las noticias de mi comarca\",\"potentialAction\":[{\"@type\":\"SearchAction\",\"target\":{\"@type\":\"EntryPoint\",\"urlTemplate\":\"https:\/\/www.noticiasradioreflejos.com.ar\/2021\/?s={search_term_string}\"},\"query-input\":{\"@type\":\"PropertyValueSpecification\",\"valueRequired\":true,\"valueName\":\"search_term_string\"}}],\"inLanguage\":\"es\"},{\"@type\":\"Person\",\"@id\":\"https:\/\/www.noticiasradioreflejos.com.ar\/2021\/#\/schema\/person\/ad82545263dcc5ec0996818884fd5fb1\",\"name\":\"Arnaldo Botto\",\"image\":{\"@type\":\"ImageObject\",\"inLanguage\":\"es\",\"@id\":\"https:\/\/www.noticiasradioreflejos.com.ar\/2021\/#\/schema\/person\/image\/\",\"url\":\"https:\/\/secure.gravatar.com\/avatar\/55cb5e37c1efa326397366e6974cb338056df65cb50e7d64d1cf314e87504837?s=96&d=mm&r=g\",\"contentUrl\":\"https:\/\/secure.gravatar.com\/avatar\/55cb5e37c1efa326397366e6974cb338056df65cb50e7d64d1cf314e87504837?s=96&d=mm&r=g\",\"caption\":\"Arnaldo Botto\"},\"url\":\"https:\/\/www.noticiasradioreflejos.com.ar\/2021\/author\/arnaldo\/\"}]}<\/script>\n<!-- \/ Yoast SEO plugin. -->","yoast_head_json":{"title":"Fabi\u00e1n Delgado: \u201cEsta ma\u00f1ana se duplic\u00f3 la energ\u00eda en la comarca\u201d - Noticias Radio Reflejos","robots":{"index":"index","follow":"follow","max-snippet":"max-snippet:-1","max-image-preview":"max-image-preview:large","max-video-preview":"max-video-preview:-1"},"canonical":"https:\/\/www.noticiasradioreflejos.com.ar\/2021\/fabian-delgado-esta-manana-se-duplico-la-energia-en-la-comarca\/","og_locale":"es_ES","og_type":"article","og_title":"Fabi\u00e1n Delgado: \u201cEsta ma\u00f1ana se duplic\u00f3 la energ\u00eda en la comarca\u201d - Noticias Radio Reflejos","og_description":"El titular de CooPerSiVe confirm\u00f3 la duplicaci\u00f3n de megavatios para el partido de Tornquist tras concretarse la repotenciaci\u00f3n de la subestaci\u00f3n. \u201cNos confirmaron que no vamos a tener ning\u00fan inconveniente en el verano\u201d asegur\u00f3.","og_url":"https:\/\/www.noticiasradioreflejos.com.ar\/2021\/fabian-delgado-esta-manana-se-duplico-la-energia-en-la-comarca\/","og_site_name":"Noticias Radio Reflejos","article_published_time":"2023-12-12T17:24:03+00:00","og_image":[{"width":1600,"height":900,"url":"https:\/\/www.noticiasradioreflejos.com.ar\/2021\/wp-content\/uploads\/2023\/12\/tranfo-Tansba-1.jpeg","type":"image\/jpeg"}],"author":"Arnaldo Botto","twitter_card":"summary_large_image","schema":{"@context":"https:\/\/schema.org","@graph":[{"@type":"WebPage","@id":"https:\/\/www.noticiasradioreflejos.com.ar\/2021\/fabian-delgado-esta-manana-se-duplico-la-energia-en-la-comarca\/","url":"https:\/\/www.noticiasradioreflejos.com.ar\/2021\/fabian-delgado-esta-manana-se-duplico-la-energia-en-la-comarca\/","name":"Fabi\u00e1n Delgado: \u201cEsta ma\u00f1ana se duplic\u00f3 la energ\u00eda en la comarca\u201d - Noticias Radio Reflejos","isPartOf":{"@id":"https:\/\/www.noticiasradioreflejos.com.ar\/2021\/#website"},"primaryImageOfPage":{"@id":"https:\/\/www.noticiasradioreflejos.com.ar\/2021\/fabian-delgado-esta-manana-se-duplico-la-energia-en-la-comarca\/#primaryimage"},"image":{"@id":"https:\/\/www.noticiasradioreflejos.com.ar\/2021\/fabian-delgado-esta-manana-se-duplico-la-energia-en-la-comarca\/#primaryimage"},"thumbnailUrl":"https:\/\/www.noticiasradioreflejos.com.ar\/2021\/wp-content\/uploads\/2023\/12\/tranfo-Tansba-1.jpeg","datePublished":"2023-12-12T17:24:03+00:00","author":{"@id":"https:\/\/www.noticiasradioreflejos.com.ar\/2021\/#\/schema\/person\/ad82545263dcc5ec0996818884fd5fb1"},"breadcrumb":{"@id":"https:\/\/www.noticiasradioreflejos.com.ar\/2021\/fabian-delgado-esta-manana-se-duplico-la-energia-en-la-comarca\/#breadcrumb"},"inLanguage":"es","potentialAction":[{"@type":"ReadAction","target":["https:\/\/www.noticiasradioreflejos.com.ar\/2021\/fabian-delgado-esta-manana-se-duplico-la-energia-en-la-comarca\/"]}]},{"@type":"ImageObject","inLanguage":"es","@id":"https:\/\/www.noticiasradioreflejos.com.ar\/2021\/fabian-delgado-esta-manana-se-duplico-la-energia-en-la-comarca\/#primaryimage","url":"https:\/\/www.noticiasradioreflejos.com.ar\/2021\/wp-content\/uploads\/2023\/12\/tranfo-Tansba-1.jpeg","contentUrl":"https:\/\/www.noticiasradioreflejos.com.ar\/2021\/wp-content\/uploads\/2023\/12\/tranfo-Tansba-1.jpeg","width":1600,"height":900},{"@type":"BreadcrumbList","@id":"https:\/\/www.noticiasradioreflejos.com.ar\/2021\/fabian-delgado-esta-manana-se-duplico-la-energia-en-la-comarca\/#breadcrumb","itemListElement":[{"@type":"ListItem","position":1,"name":"Portada","item":"https:\/\/www.noticiasradioreflejos.com.ar\/2021\/"},{"@type":"ListItem","position":2,"name":"Fabi\u00e1n Delgado: \u201cEsta ma\u00f1ana se duplic\u00f3 la energ\u00eda en la comarca\u201d"}]},{"@type":"WebSite","@id":"https:\/\/www.noticiasradioreflejos.com.ar\/2021\/#website","url":"https:\/\/www.noticiasradioreflejos.com.ar\/2021\/","name":"Noticias Radio Reflejos","description":"Las noticias de mi comarca","potentialAction":[{"@type":"SearchAction","target":{"@type":"EntryPoint","urlTemplate":"https:\/\/www.noticiasradioreflejos.com.ar\/2021\/?s={search_term_string}"},"query-input":{"@type":"PropertyValueSpecification","valueRequired":true,"valueName":"search_term_string"}}],"inLanguage":"es"},{"@type":"Person","@id":"https:\/\/www.noticiasradioreflejos.com.ar\/2021\/#\/schema\/person\/ad82545263dcc5ec0996818884fd5fb1","name":"Arnaldo Botto","image":{"@type":"ImageObject","inLanguage":"es","@id":"https:\/\/www.noticiasradioreflejos.com.ar\/2021\/#\/schema\/person\/image\/","url":"https:\/\/secure.gravatar.com\/avatar\/55cb5e37c1efa326397366e6974cb338056df65cb50e7d64d1cf314e87504837?s=96&d=mm&r=g","contentUrl":"https:\/\/secure.gravatar.com\/avatar\/55cb5e37c1efa326397366e6974cb338056df65cb50e7d64d1cf314e87504837?s=96&d=mm&r=g","caption":"Arnaldo Botto"},"url":"https:\/\/www.noticiasradioreflejos.com.ar\/2021\/author\/arnaldo\/"}]}},"_links":{"self":[{"href":"https:\/\/www.noticiasradioreflejos.com.ar\/2021\/wp-json\/wp\/v2\/posts\/96319","targetHints":{"allow":["GET"]}}],"collection":[{"href":"https:\/\/www.noticiasradioreflejos.com.ar\/2021\/wp-json\/wp\/v2\/posts"}],"about":[{"href":"https:\/\/www.noticiasradioreflejos.com.ar\/2021\/wp-json\/wp\/v2\/types\/post"}],"author":[{"embeddable":true,"href":"https:\/\/www.noticiasradioreflejos.com.ar\/2021\/wp-json\/wp\/v2\/users\/3"}],"replies":[{"embeddable":true,"href":"https:\/\/www.noticiasradioreflejos.com.ar\/2021\/wp-json\/wp\/v2\/comments?post=96319"}],"version-history":[{"count":2,"href":"https:\/\/www.noticiasradioreflejos.com.ar\/2021\/wp-json\/wp\/v2\/posts\/96319\/revisions"}],"predecessor-version":[{"id":96324,"href":"https:\/\/www.noticiasradioreflejos.com.ar\/2021\/wp-json\/wp\/v2\/posts\/96319\/revisions\/96324"}],"wp:featuredmedia":[{"embeddable":true,"href":"https:\/\/www.noticiasradioreflejos.com.ar\/2021\/wp-json\/wp\/v2\/media\/96323"}],"wp:attachment":[{"href":"https:\/\/www.noticiasradioreflejos.com.ar\/2021\/wp-json\/wp\/v2\/media?parent=96319"}],"wp:term":[{"taxonomy":"category","embeddable":true,"href":"https:\/\/www.noticiasradioreflejos.com.ar\/2021\/wp-json\/wp\/v2\/categories?post=96319"},{"taxonomy":"post_tag","embeddable":true,"href":"https:\/\/www.noticiasradioreflejos.com.ar\/2021\/wp-json\/wp\/v2\/tags?post=96319"}],"curies":[{"name":"wp","href":"https:\/\/api.w.org\/{rel}","templated":true}]}}