{"id":96317,"date":"2023-12-12T17:30:05","date_gmt":"2023-12-12T17:30:05","guid":{"rendered":"https:\/\/www.noticiasradioreflejos.com.ar\/2021\/?p=96317"},"modified":"2023-12-12T17:30:05","modified_gmt":"2023-12-12T17:30:05","slug":"una-ong-alerta-sobre-la-crisis-sanitaria-que-podria-vivir-la-comarca-por-los-caballos-en-el-parque-provincial","status":"publish","type":"post","link":"https:\/\/www.noticiasradioreflejos.com.ar\/2021\/una-ong-alerta-sobre-la-crisis-sanitaria-que-podria-vivir-la-comarca-por-los-caballos-en-el-parque-provincial\/","title":{"rendered":"Una ONG alerta sobre la crisis sanitaria que podr\u00eda vivir la comarca por los caballos en el Parque Provincial"},"content":{"rendered":"<p>La organizaci\u00f3n SILICE hizo foco en la encefalomielitis equina y el nulo control que hay sobre los 600 caballos que est\u00e1n en el sector. \u00bfSe pone en riesgo la temporada de verano?<!--more--><\/p>\n<p>En las \u00faltimas horas la ONG Silice de Bah\u00eda Blanca alert\u00f3 a SeNaSa sobre el potencial brote epidemiol\u00f3gico que podr\u00eda originarse en el Parque Provincial Ernesto Tornquist, a ra\u00edz del nulo control que hay sobre los 600 caballos que all\u00ed habitan, y la creciente ola de encefalomielitis equina.<\/p>\n<h4>A continuaci\u00f3n el texto completo de la organizaci\u00f3n:<\/h4>\n<p><em>Desde la ong conservacionista Silice 14.8 de Bah\u00eda Blanca estamos preocupados por la situaci\u00f3n sanitaria de encefalomielitis equina. En este sentido denunciamos que en el Parque Provincial Ernesto Tornquist ruta pcial 76 km 221 partido de Tornquist, tienen liberados unos 600 caballos sin control sanitario. Estos animales tienen contacto con los campos vecinos y el parque provincial recibe m\u00e1s de 100.000 turistas al a\u00f1o. Nos preocupa la salud de las personas y de la biodiversidad especialmente de la fauna, muchas de ellas end\u00e9micas que puedan verse afectadas. El Parque Tornquist es una Reserva Natural provincial (ley 12.818) dependiente del Ministerio de Ambiente de la Provincia de Buenos Aires. Reclamamos una urgente intervenci\u00f3n teniendo en cuenta que esos caballos no deber\u00edan estar all\u00ed porque incumplen con la ley provincial de parques y reservas naturales 10.907<\/em><br \/>\n<em>Nuestro mail: <a href=\"mailto:silice.ong@gmail.com\">silice.ong@gmail.com<\/a><\/em><\/p>\n","protected":false},"excerpt":{"rendered":"<p>La organizaci\u00f3n SILICE hizo foco en la encefalomielitis equina y el nulo control que hay sobre los 600 caballos que est\u00e1n en el sector. \u00bfSe pone en riesgo la temporada de verano?<\/p>\n","protected":false},"author":3,"featured_media":96325,"comment_status":"closed","ping_status":"closed","sticky":false,"template":"","format":"standard","meta":{"footnotes":""},"categories":[30,26,33],"tags":[48],"class_list":["post-96317","post","type-post","status-publish","format-standard","has-post-thumbnail","hentry","category-salud","category-sociedad","category-turismo","tag-destacada"],"yoast_head":"<!-- This site is optimized with the Yoast SEO plugin v25.9 - https:\/\/yoast.com\/wordpress\/plugins\/seo\/ -->\n<title>Una ONG alerta sobre la crisis sanitaria que podr\u00eda vivir la comarca por los caballos en el Parque Provincial - Noticias Radio Reflejos<\/title>\n<meta name=\"robots\" content=\"index, follow, max-snippet:-1, max-image-preview:large, max-video-preview:-1\" \/>\n<link rel=\"canonical\" href=\"https:\/\/www.noticiasradioreflejos.com.ar\/2021\/una-ong-alerta-sobre-la-crisis-sanitaria-que-podria-vivir-la-comarca-por-los-caballos-en-el-parque-provincial\/\" \/>\n<meta property=\"og:locale\" content=\"es_ES\" \/>\n<meta property=\"og:type\" content=\"article\" \/>\n<meta property=\"og:title\" content=\"Una ONG alerta sobre la crisis sanitaria que podr\u00eda vivir la comarca por los caballos en el Parque Provincial - Noticias Radio Reflejos\" \/>\n<meta property=\"og:description\" content=\"La organizaci\u00f3n SILICE hizo foco en la encefalomielitis equina y el nulo control que hay sobre los 600 caballos que est\u00e1n en el sector. \u00bfSe pone en riesgo la temporada de verano?\" \/>\n<meta property=\"og:url\" content=\"https:\/\/www.noticiasradioreflejos.com.ar\/2021\/una-ong-alerta-sobre-la-crisis-sanitaria-que-podria-vivir-la-comarca-por-los-caballos-en-el-parque-provincial\/\" \/>\n<meta property=\"og:site_name\" content=\"Noticias Radio Reflejos\" \/>\n<meta property=\"article:published_time\" content=\"2023-12-12T17:30:05+00:00\" \/>\n<meta property=\"og:image\" content=\"https:\/\/www.noticiasradioreflejos.com.ar\/2021\/wp-content\/uploads\/2023\/12\/caballo-pque-Tornquist.jpg\" \/>\n\t<meta property=\"og:image:width\" content=\"635\" \/>\n\t<meta property=\"og:image:height\" content=\"304\" \/>\n\t<meta property=\"og:image:type\" content=\"image\/jpeg\" \/>\n<meta name=\"author\" content=\"Arnaldo Botto\" \/>\n<meta name=\"twitter:card\" content=\"summary_large_image\" \/>\n<script type=\"application\/ld+json\" class=\"yoast-schema-graph\">{\"@context\":\"https:\/\/schema.org\",\"@graph\":[{\"@type\":\"WebPage\",\"@id\":\"https:\/\/www.noticiasradioreflejos.com.ar\/2021\/una-ong-alerta-sobre-la-crisis-sanitaria-que-podria-vivir-la-comarca-por-los-caballos-en-el-parque-provincial\/\",\"url\":\"https:\/\/www.noticiasradioreflejos.com.ar\/2021\/una-ong-alerta-sobre-la-crisis-sanitaria-que-podria-vivir-la-comarca-por-los-caballos-en-el-parque-provincial\/\",\"name\":\"Una ONG alerta sobre la crisis sanitaria que podr\u00eda vivir la comarca por los caballos en el Parque Provincial - Noticias Radio Reflejos\",\"isPartOf\":{\"@id\":\"https:\/\/www.noticiasradioreflejos.com.ar\/2021\/#website\"},\"primaryImageOfPage\":{\"@id\":\"https:\/\/www.noticiasradioreflejos.com.ar\/2021\/una-ong-alerta-sobre-la-crisis-sanitaria-que-podria-vivir-la-comarca-por-los-caballos-en-el-parque-provincial\/#primaryimage\"},\"image\":{\"@id\":\"https:\/\/www.noticiasradioreflejos.com.ar\/2021\/una-ong-alerta-sobre-la-crisis-sanitaria-que-podria-vivir-la-comarca-por-los-caballos-en-el-parque-provincial\/#primaryimage\"},\"thumbnailUrl\":\"https:\/\/www.noticiasradioreflejos.com.ar\/2021\/wp-content\/uploads\/2023\/12\/caballo-pque-Tornquist.jpg\",\"datePublished\":\"2023-12-12T17:30:05+00:00\",\"author\":{\"@id\":\"https:\/\/www.noticiasradioreflejos.com.ar\/2021\/#\/schema\/person\/ad82545263dcc5ec0996818884fd5fb1\"},\"breadcrumb\":{\"@id\":\"https:\/\/www.noticiasradioreflejos.com.ar\/2021\/una-ong-alerta-sobre-la-crisis-sanitaria-que-podria-vivir-la-comarca-por-los-caballos-en-el-parque-provincial\/#breadcrumb\"},\"inLanguage\":\"es\",\"potentialAction\":[{\"@type\":\"ReadAction\",\"target\":[\"https:\/\/www.noticiasradioreflejos.com.ar\/2021\/una-ong-alerta-sobre-la-crisis-sanitaria-que-podria-vivir-la-comarca-por-los-caballos-en-el-parque-provincial\/\"]}]},{\"@type\":\"ImageObject\",\"inLanguage\":\"es\",\"@id\":\"https:\/\/www.noticiasradioreflejos.com.ar\/2021\/una-ong-alerta-sobre-la-crisis-sanitaria-que-podria-vivir-la-comarca-por-los-caballos-en-el-parque-provincial\/#primaryimage\",\"url\":\"https:\/\/www.noticiasradioreflejos.com.ar\/2021\/wp-content\/uploads\/2023\/12\/caballo-pque-Tornquist.jpg\",\"contentUrl\":\"https:\/\/www.noticiasradioreflejos.com.ar\/2021\/wp-content\/uploads\/2023\/12\/caballo-pque-Tornquist.jpg\",\"width\":635,\"height\":304},{\"@type\":\"BreadcrumbList\",\"@id\":\"https:\/\/www.noticiasradioreflejos.com.ar\/2021\/una-ong-alerta-sobre-la-crisis-sanitaria-que-podria-vivir-la-comarca-por-los-caballos-en-el-parque-provincial\/#breadcrumb\",\"itemListElement\":[{\"@type\":\"ListItem\",\"position\":1,\"name\":\"Portada\",\"item\":\"https:\/\/www.noticiasradioreflejos.com.ar\/2021\/\"},{\"@type\":\"ListItem\",\"position\":2,\"name\":\"Una ONG alerta sobre la crisis sanitaria que podr\u00eda vivir la comarca por los caballos en el Parque Provincial\"}]},{\"@type\":\"WebSite\",\"@id\":\"https:\/\/www.noticiasradioreflejos.com.ar\/2021\/#website\",\"url\":\"https:\/\/www.noticiasradioreflejos.com.ar\/2021\/\",\"name\":\"Noticias Radio Reflejos\",\"description\":\"Las noticias de mi comarca\",\"potentialAction\":[{\"@type\":\"SearchAction\",\"target\":{\"@type\":\"EntryPoint\",\"urlTemplate\":\"https:\/\/www.noticiasradioreflejos.com.ar\/2021\/?s={search_term_string}\"},\"query-input\":{\"@type\":\"PropertyValueSpecification\",\"valueRequired\":true,\"valueName\":\"search_term_string\"}}],\"inLanguage\":\"es\"},{\"@type\":\"Person\",\"@id\":\"https:\/\/www.noticiasradioreflejos.com.ar\/2021\/#\/schema\/person\/ad82545263dcc5ec0996818884fd5fb1\",\"name\":\"Arnaldo Botto\",\"image\":{\"@type\":\"ImageObject\",\"inLanguage\":\"es\",\"@id\":\"https:\/\/www.noticiasradioreflejos.com.ar\/2021\/#\/schema\/person\/image\/\",\"url\":\"https:\/\/secure.gravatar.com\/avatar\/55cb5e37c1efa326397366e6974cb338056df65cb50e7d64d1cf314e87504837?s=96&d=mm&r=g\",\"contentUrl\":\"https:\/\/secure.gravatar.com\/avatar\/55cb5e37c1efa326397366e6974cb338056df65cb50e7d64d1cf314e87504837?s=96&d=mm&r=g\",\"caption\":\"Arnaldo Botto\"},\"url\":\"https:\/\/www.noticiasradioreflejos.com.ar\/2021\/author\/arnaldo\/\"}]}<\/script>\n<!-- \/ Yoast SEO plugin. -->","yoast_head_json":{"title":"Una ONG alerta sobre la crisis sanitaria que podr\u00eda vivir la comarca por los caballos en el Parque Provincial - Noticias Radio Reflejos","robots":{"index":"index","follow":"follow","max-snippet":"max-snippet:-1","max-image-preview":"max-image-preview:large","max-video-preview":"max-video-preview:-1"},"canonical":"https:\/\/www.noticiasradioreflejos.com.ar\/2021\/una-ong-alerta-sobre-la-crisis-sanitaria-que-podria-vivir-la-comarca-por-los-caballos-en-el-parque-provincial\/","og_locale":"es_ES","og_type":"article","og_title":"Una ONG alerta sobre la crisis sanitaria que podr\u00eda vivir la comarca por los caballos en el Parque Provincial - Noticias Radio Reflejos","og_description":"La organizaci\u00f3n SILICE hizo foco en la encefalomielitis equina y el nulo control que hay sobre los 600 caballos que est\u00e1n en el sector. \u00bfSe pone en riesgo la temporada de verano?","og_url":"https:\/\/www.noticiasradioreflejos.com.ar\/2021\/una-ong-alerta-sobre-la-crisis-sanitaria-que-podria-vivir-la-comarca-por-los-caballos-en-el-parque-provincial\/","og_site_name":"Noticias Radio Reflejos","article_published_time":"2023-12-12T17:30:05+00:00","og_image":[{"width":635,"height":304,"url":"https:\/\/www.noticiasradioreflejos.com.ar\/2021\/wp-content\/uploads\/2023\/12\/caballo-pque-Tornquist.jpg","type":"image\/jpeg"}],"author":"Arnaldo Botto","twitter_card":"summary_large_image","schema":{"@context":"https:\/\/schema.org","@graph":[{"@type":"WebPage","@id":"https:\/\/www.noticiasradioreflejos.com.ar\/2021\/una-ong-alerta-sobre-la-crisis-sanitaria-que-podria-vivir-la-comarca-por-los-caballos-en-el-parque-provincial\/","url":"https:\/\/www.noticiasradioreflejos.com.ar\/2021\/una-ong-alerta-sobre-la-crisis-sanitaria-que-podria-vivir-la-comarca-por-los-caballos-en-el-parque-provincial\/","name":"Una ONG alerta sobre la crisis sanitaria que podr\u00eda vivir la comarca por los caballos en el Parque Provincial - Noticias Radio Reflejos","isPartOf":{"@id":"https:\/\/www.noticiasradioreflejos.com.ar\/2021\/#website"},"primaryImageOfPage":{"@id":"https:\/\/www.noticiasradioreflejos.com.ar\/2021\/una-ong-alerta-sobre-la-crisis-sanitaria-que-podria-vivir-la-comarca-por-los-caballos-en-el-parque-provincial\/#primaryimage"},"image":{"@id":"https:\/\/www.noticiasradioreflejos.com.ar\/2021\/una-ong-alerta-sobre-la-crisis-sanitaria-que-podria-vivir-la-comarca-por-los-caballos-en-el-parque-provincial\/#primaryimage"},"thumbnailUrl":"https:\/\/www.noticiasradioreflejos.com.ar\/2021\/wp-content\/uploads\/2023\/12\/caballo-pque-Tornquist.jpg","datePublished":"2023-12-12T17:30:05+00:00","author":{"@id":"https:\/\/www.noticiasradioreflejos.com.ar\/2021\/#\/schema\/person\/ad82545263dcc5ec0996818884fd5fb1"},"breadcrumb":{"@id":"https:\/\/www.noticiasradioreflejos.com.ar\/2021\/una-ong-alerta-sobre-la-crisis-sanitaria-que-podria-vivir-la-comarca-por-los-caballos-en-el-parque-provincial\/#breadcrumb"},"inLanguage":"es","potentialAction":[{"@type":"ReadAction","target":["https:\/\/www.noticiasradioreflejos.com.ar\/2021\/una-ong-alerta-sobre-la-crisis-sanitaria-que-podria-vivir-la-comarca-por-los-caballos-en-el-parque-provincial\/"]}]},{"@type":"ImageObject","inLanguage":"es","@id":"https:\/\/www.noticiasradioreflejos.com.ar\/2021\/una-ong-alerta-sobre-la-crisis-sanitaria-que-podria-vivir-la-comarca-por-los-caballos-en-el-parque-provincial\/#primaryimage","url":"https:\/\/www.noticiasradioreflejos.com.ar\/2021\/wp-content\/uploads\/2023\/12\/caballo-pque-Tornquist.jpg","contentUrl":"https:\/\/www.noticiasradioreflejos.com.ar\/2021\/wp-content\/uploads\/2023\/12\/caballo-pque-Tornquist.jpg","width":635,"height":304},{"@type":"BreadcrumbList","@id":"https:\/\/www.noticiasradioreflejos.com.ar\/2021\/una-ong-alerta-sobre-la-crisis-sanitaria-que-podria-vivir-la-comarca-por-los-caballos-en-el-parque-provincial\/#breadcrumb","itemListElement":[{"@type":"ListItem","position":1,"name":"Portada","item":"https:\/\/www.noticiasradioreflejos.com.ar\/2021\/"},{"@type":"ListItem","position":2,"name":"Una ONG alerta sobre la crisis sanitaria que podr\u00eda vivir la comarca por los caballos en el Parque Provincial"}]},{"@type":"WebSite","@id":"https:\/\/www.noticiasradioreflejos.com.ar\/2021\/#website","url":"https:\/\/www.noticiasradioreflejos.com.ar\/2021\/","name":"Noticias Radio Reflejos","description":"Las noticias de mi comarca","potentialAction":[{"@type":"SearchAction","target":{"@type":"EntryPoint","urlTemplate":"https:\/\/www.noticiasradioreflejos.com.ar\/2021\/?s={search_term_string}"},"query-input":{"@type":"PropertyValueSpecification","valueRequired":true,"valueName":"search_term_string"}}],"inLanguage":"es"},{"@type":"Person","@id":"https:\/\/www.noticiasradioreflejos.com.ar\/2021\/#\/schema\/person\/ad82545263dcc5ec0996818884fd5fb1","name":"Arnaldo Botto","image":{"@type":"ImageObject","inLanguage":"es","@id":"https:\/\/www.noticiasradioreflejos.com.ar\/2021\/#\/schema\/person\/image\/","url":"https:\/\/secure.gravatar.com\/avatar\/55cb5e37c1efa326397366e6974cb338056df65cb50e7d64d1cf314e87504837?s=96&d=mm&r=g","contentUrl":"https:\/\/secure.gravatar.com\/avatar\/55cb5e37c1efa326397366e6974cb338056df65cb50e7d64d1cf314e87504837?s=96&d=mm&r=g","caption":"Arnaldo Botto"},"url":"https:\/\/www.noticiasradioreflejos.com.ar\/2021\/author\/arnaldo\/"}]}},"_links":{"self":[{"href":"https:\/\/www.noticiasradioreflejos.com.ar\/2021\/wp-json\/wp\/v2\/posts\/96317","targetHints":{"allow":["GET"]}}],"collection":[{"href":"https:\/\/www.noticiasradioreflejos.com.ar\/2021\/wp-json\/wp\/v2\/posts"}],"about":[{"href":"https:\/\/www.noticiasradioreflejos.com.ar\/2021\/wp-json\/wp\/v2\/types\/post"}],"author":[{"embeddable":true,"href":"https:\/\/www.noticiasradioreflejos.com.ar\/2021\/wp-json\/wp\/v2\/users\/3"}],"replies":[{"embeddable":true,"href":"https:\/\/www.noticiasradioreflejos.com.ar\/2021\/wp-json\/wp\/v2\/comments?post=96317"}],"version-history":[{"count":2,"href":"https:\/\/www.noticiasradioreflejos.com.ar\/2021\/wp-json\/wp\/v2\/posts\/96317\/revisions"}],"predecessor-version":[{"id":96326,"href":"https:\/\/www.noticiasradioreflejos.com.ar\/2021\/wp-json\/wp\/v2\/posts\/96317\/revisions\/96326"}],"wp:featuredmedia":[{"embeddable":true,"href":"https:\/\/www.noticiasradioreflejos.com.ar\/2021\/wp-json\/wp\/v2\/media\/96325"}],"wp:attachment":[{"href":"https:\/\/www.noticiasradioreflejos.com.ar\/2021\/wp-json\/wp\/v2\/media?parent=96317"}],"wp:term":[{"taxonomy":"category","embeddable":true,"href":"https:\/\/www.noticiasradioreflejos.com.ar\/2021\/wp-json\/wp\/v2\/categories?post=96317"},{"taxonomy":"post_tag","embeddable":true,"href":"https:\/\/www.noticiasradioreflejos.com.ar\/2021\/wp-json\/wp\/v2\/tags?post=96317"}],"curies":[{"name":"wp","href":"https:\/\/api.w.org\/{rel}","templated":true}]}}