{"id":96307,"date":"2023-12-12T14:58:40","date_gmt":"2023-12-12T14:58:40","guid":{"rendered":"https:\/\/www.noticiasradioreflejos.com.ar\/2021\/?p=96307"},"modified":"2023-12-12T14:58:40","modified_gmt":"2023-12-12T14:58:40","slug":"detuvieron-al-hombre-que-arrojo-un-botellazo-a-milei-durante-la-asuncion-presidencial","status":"publish","type":"post","link":"https:\/\/www.noticiasradioreflejos.com.ar\/2021\/detuvieron-al-hombre-que-arrojo-un-botellazo-a-milei-durante-la-asuncion-presidencial\/","title":{"rendered":"Detuvieron al hombre que arroj\u00f3 un botellazo a Milei durante la asunci\u00f3n presidencial"},"content":{"rendered":"<p>Una llamada al 911 advirti\u00f3 sobre la presencia de Mercanzini en la puerta del canal Cr\u00f3nica HD en el barrio porte\u00f1o de San Telmo, donde se present\u00f3 con la intenci\u00f3n de realizar una nota. Fue apresado en el lugar por efectivos de la Polic\u00eda de la Ciudad.<!--more--><\/p>\n<p>El hombre que desde el lunes estaba con pedido de captura por haber arrojado el domingo una botella a la comitiva que trasladaba al presidente Javier Milei desde el Congreso Nacional a la Casa Rosada por la Avenida de Mayo fue detenido en la ma\u00f1ana del martes en la puerta del canal Cr\u00f3nica HD, informaron fuentes policiales.<\/p>\n<p>Se trata de\u00a0<strong>Gast\u00f3n Ariel Mercanzini<\/strong>\u00a0(51), quien se present\u00f3 en el canal con la intenci\u00f3n de realizar una nota, pero ante un llamado del 911, efectivos de la Polic\u00eda de la Ciudad lo detuvieron en la puerta, sobre la avenida Juan de Garay 140, en el barrio porte\u00f1o de San Telmo.<\/p>\n<p>Mercanzini, que vest\u00eda la misma ropa con la que el domingo qued\u00f3 filmado &#8211; jean y camisa manga corta a cuadros-, lleg\u00f3 a decirle a la producci\u00f3n del canal de noticias que\u00a0<strong>su intenci\u00f3n era pedir \u00abperd\u00f3n\u00bb por lo que hab\u00eda hecho y que ese d\u00eda estaba alcoholizado<\/strong>.<\/p>\n<blockquote class=\"twitter-tweet\">\n<p lang=\"es\" dir=\"ltr\">AGRESOR DETENIDO<\/p>\n<p>La Polic\u00eda de la Ciudad acaba de detener al presunto agresor del Presidente <a href=\"https:\/\/twitter.com\/JMilei?ref_src=twsrc%5Etfw\">@JMilei<\/a>. <br \/>Ya est\u00e1 a disposici\u00f3n de la Justicia.<br \/>Es con orden\u2026 <a href=\"https:\/\/t.co\/GHlY59CADM\">pic.twitter.com\/GHlY59CADM<\/a><\/p>\n<p>&mdash; Waldo Wolff (@WolffWaldo) <a href=\"https:\/\/twitter.com\/WolffWaldo\/status\/1734574967780516105?ref_src=twsrc%5Etfw\">December 12, 2023<\/a><\/p><\/blockquote>\n<p> <script async src=\"https:\/\/platform.twitter.com\/widgets.js\" charset=\"utf-8\"><\/script><\/p>\n<p>El arresto tambi\u00e9n fue confirmado por el ministro de Seguridad porte\u00f1o,\u00a0<strong>Waldo Wolff<\/strong>, quien en su cuenta de la red social X se\u00f1al\u00f3: \u00abAgresor detenido. La Polic\u00eda de la Ciudad acaba de detener al presunto agresor del Presidente @JMilei. Ya est\u00e1 a disposici\u00f3n de la Justicia. Es con orden\u00bb.<\/p>\n<p>La detenci\u00f3n de Mercanzini hab\u00eda sido ordenada el lunes por el juez federal Ariel Lijo, luego de que fuera\u00a0<strong>identificado por videos de c\u00e1maras de seguridad como el hombre que hab\u00eda intentado agredir al flamante jefe de Estado y que lastim\u00f3 con el botellazo a uno de sus custodios en el rostro.<\/strong><\/p>\n<figure class=\"mb-3\"><img decoding=\"async\" class=\" lazy \" src=\"https:\/\/www.telam.com.ar\/thumbs\/bluesteel\/advf\/imagenes\/2023\/12\/6578696c5a061_1200.jpg\" alt=\"Foto Prensa\" width=\"100%\" height=\"100%\" \/><\/p>\n<div class=\"media-icons\"><\/div><figcaption>Foto: Prensa.<\/figcaption><\/figure>\n<h2 class=\"\">La agresi\u00f3n durante traslado de Milei a Casa de Gobierno<\/h2>\n<p>El hecho ocurri\u00f3 el domingo por la tarde cuando, tras el acto de traspaso de mando y la jura en el Congreso, Milei se trasladaba en un auto descapotable por Avenida de Mayo rumbo a la Casa de Gobierno.<\/p>\n<p>A la altura de la calle Montevideo, uno de los custodios, el subcomisario de la Polic\u00eda Federal Argentina (PFA)\u00a0<strong>Guillermo Armentano, recibi\u00f3 el impacto de una botella que hab\u00eda sido arrojada desde la vereda por un hombre<\/strong>.<\/p>\n<p>La acci\u00f3n qued\u00f3 registrada por las c\u00e1maras de televisi\u00f3n pero, adem\u00e1s, los investigadores obtuvieron un video de una c\u00e1mara de seguridad de la cuadra, donde se observa que el agresor -un hombre con camisa de mangas cortas y que portaba una mochila-, ven\u00eda caminando a la par de la comitiva, se acerca a la gente que saludaba al presidente junto al vallado, arroja la botella y se aleja a pie.<\/p>\n<p>El ministro Wolff explic\u00f3 el lunes que luego del hecho el hombre lleg\u00f3 a ser identificado y\u00a0<strong>se le labr\u00f3 un acta por protagonizar algunos incidentes con los seguidores del presidente, pero que en ese momento no se lo detuvo porque se desconoc\u00eda que hab\u00eda sido el autor de la agresi\u00f3n al presidente.<\/strong><\/p>\n<p>Luego, cuando con los videos se identific\u00f3 al sospechoso, la Polic\u00eda de la Ciudad advirti\u00f3 que se trataba de Mercanzini y, con esa informaci\u00f3n, la justicia federal orden\u00f3 su detenci\u00f3n.<\/p>\n","protected":false},"excerpt":{"rendered":"<p>Una llamada al 911 advirti\u00f3 sobre la presencia de Mercanzini en la puerta del canal Cr\u00f3nica HD en el barrio porte\u00f1o de San Telmo, donde se present\u00f3 con la intenci\u00f3n de realizar una nota. Fue apresado en el lugar por efectivos de la Polic\u00eda de la Ciudad.<\/p>\n","protected":false},"author":3,"featured_media":0,"comment_status":"closed","ping_status":"closed","sticky":false,"template":"","format":"standard","meta":{"footnotes":""},"categories":[29],"tags":[],"class_list":["post-96307","post","type-post","status-publish","format-standard","hentry","category-policiales"],"yoast_head":"<!-- This site is optimized with the Yoast SEO plugin v25.9 - https:\/\/yoast.com\/wordpress\/plugins\/seo\/ -->\n<title>Detuvieron al hombre que arroj\u00f3 un botellazo a Milei durante la asunci\u00f3n presidencial - Noticias Radio Reflejos<\/title>\n<meta name=\"robots\" content=\"index, follow, max-snippet:-1, max-image-preview:large, max-video-preview:-1\" \/>\n<link rel=\"canonical\" href=\"https:\/\/www.noticiasradioreflejos.com.ar\/2021\/detuvieron-al-hombre-que-arrojo-un-botellazo-a-milei-durante-la-asuncion-presidencial\/\" \/>\n<meta property=\"og:locale\" content=\"es_ES\" \/>\n<meta property=\"og:type\" content=\"article\" \/>\n<meta property=\"og:title\" content=\"Detuvieron al hombre que arroj\u00f3 un botellazo a Milei durante la asunci\u00f3n presidencial - Noticias Radio Reflejos\" \/>\n<meta property=\"og:description\" content=\"Una llamada al 911 advirti\u00f3 sobre la presencia de Mercanzini en la puerta del canal Cr\u00f3nica HD en el barrio porte\u00f1o de San Telmo, donde se present\u00f3 con la intenci\u00f3n de realizar una nota. Fue apresado en el lugar por efectivos de la Polic\u00eda de la Ciudad.\" \/>\n<meta property=\"og:url\" content=\"https:\/\/www.noticiasradioreflejos.com.ar\/2021\/detuvieron-al-hombre-que-arrojo-un-botellazo-a-milei-durante-la-asuncion-presidencial\/\" \/>\n<meta property=\"og:site_name\" content=\"Noticias Radio Reflejos\" \/>\n<meta property=\"article:published_time\" content=\"2023-12-12T14:58:40+00:00\" \/>\n<meta property=\"og:image\" content=\"https:\/\/www.telam.com.ar\/thumbs\/bluesteel\/advf\/imagenes\/2023\/12\/6578696c5a061_1200.jpg\" \/>\n<meta name=\"author\" content=\"Arnaldo Botto\" \/>\n<meta name=\"twitter:card\" content=\"summary_large_image\" \/>\n<script type=\"application\/ld+json\" class=\"yoast-schema-graph\">{\"@context\":\"https:\/\/schema.org\",\"@graph\":[{\"@type\":\"WebPage\",\"@id\":\"https:\/\/www.noticiasradioreflejos.com.ar\/2021\/detuvieron-al-hombre-que-arrojo-un-botellazo-a-milei-durante-la-asuncion-presidencial\/\",\"url\":\"https:\/\/www.noticiasradioreflejos.com.ar\/2021\/detuvieron-al-hombre-que-arrojo-un-botellazo-a-milei-durante-la-asuncion-presidencial\/\",\"name\":\"Detuvieron al hombre que arroj\u00f3 un botellazo a Milei durante la asunci\u00f3n presidencial - Noticias Radio Reflejos\",\"isPartOf\":{\"@id\":\"https:\/\/www.noticiasradioreflejos.com.ar\/2021\/#website\"},\"primaryImageOfPage\":{\"@id\":\"https:\/\/www.noticiasradioreflejos.com.ar\/2021\/detuvieron-al-hombre-que-arrojo-un-botellazo-a-milei-durante-la-asuncion-presidencial\/#primaryimage\"},\"image\":{\"@id\":\"https:\/\/www.noticiasradioreflejos.com.ar\/2021\/detuvieron-al-hombre-que-arrojo-un-botellazo-a-milei-durante-la-asuncion-presidencial\/#primaryimage\"},\"thumbnailUrl\":\"https:\/\/www.telam.com.ar\/thumbs\/bluesteel\/advf\/imagenes\/2023\/12\/6578696c5a061_1200.jpg\",\"datePublished\":\"2023-12-12T14:58:40+00:00\",\"author\":{\"@id\":\"https:\/\/www.noticiasradioreflejos.com.ar\/2021\/#\/schema\/person\/ad82545263dcc5ec0996818884fd5fb1\"},\"breadcrumb\":{\"@id\":\"https:\/\/www.noticiasradioreflejos.com.ar\/2021\/detuvieron-al-hombre-que-arrojo-un-botellazo-a-milei-durante-la-asuncion-presidencial\/#breadcrumb\"},\"inLanguage\":\"es\",\"potentialAction\":[{\"@type\":\"ReadAction\",\"target\":[\"https:\/\/www.noticiasradioreflejos.com.ar\/2021\/detuvieron-al-hombre-que-arrojo-un-botellazo-a-milei-durante-la-asuncion-presidencial\/\"]}]},{\"@type\":\"ImageObject\",\"inLanguage\":\"es\",\"@id\":\"https:\/\/www.noticiasradioreflejos.com.ar\/2021\/detuvieron-al-hombre-que-arrojo-un-botellazo-a-milei-durante-la-asuncion-presidencial\/#primaryimage\",\"url\":\"https:\/\/www.telam.com.ar\/thumbs\/bluesteel\/advf\/imagenes\/2023\/12\/6578696c5a061_1200.jpg\",\"contentUrl\":\"https:\/\/www.telam.com.ar\/thumbs\/bluesteel\/advf\/imagenes\/2023\/12\/6578696c5a061_1200.jpg\"},{\"@type\":\"BreadcrumbList\",\"@id\":\"https:\/\/www.noticiasradioreflejos.com.ar\/2021\/detuvieron-al-hombre-que-arrojo-un-botellazo-a-milei-durante-la-asuncion-presidencial\/#breadcrumb\",\"itemListElement\":[{\"@type\":\"ListItem\",\"position\":1,\"name\":\"Portada\",\"item\":\"https:\/\/www.noticiasradioreflejos.com.ar\/2021\/\"},{\"@type\":\"ListItem\",\"position\":2,\"name\":\"Detuvieron al hombre que arroj\u00f3 un botellazo a Milei durante la asunci\u00f3n presidencial\"}]},{\"@type\":\"WebSite\",\"@id\":\"https:\/\/www.noticiasradioreflejos.com.ar\/2021\/#website\",\"url\":\"https:\/\/www.noticiasradioreflejos.com.ar\/2021\/\",\"name\":\"Noticias Radio Reflejos\",\"description\":\"Las noticias de mi comarca\",\"potentialAction\":[{\"@type\":\"SearchAction\",\"target\":{\"@type\":\"EntryPoint\",\"urlTemplate\":\"https:\/\/www.noticiasradioreflejos.com.ar\/2021\/?s={search_term_string}\"},\"query-input\":{\"@type\":\"PropertyValueSpecification\",\"valueRequired\":true,\"valueName\":\"search_term_string\"}}],\"inLanguage\":\"es\"},{\"@type\":\"Person\",\"@id\":\"https:\/\/www.noticiasradioreflejos.com.ar\/2021\/#\/schema\/person\/ad82545263dcc5ec0996818884fd5fb1\",\"name\":\"Arnaldo Botto\",\"image\":{\"@type\":\"ImageObject\",\"inLanguage\":\"es\",\"@id\":\"https:\/\/www.noticiasradioreflejos.com.ar\/2021\/#\/schema\/person\/image\/\",\"url\":\"https:\/\/secure.gravatar.com\/avatar\/55cb5e37c1efa326397366e6974cb338056df65cb50e7d64d1cf314e87504837?s=96&d=mm&r=g\",\"contentUrl\":\"https:\/\/secure.gravatar.com\/avatar\/55cb5e37c1efa326397366e6974cb338056df65cb50e7d64d1cf314e87504837?s=96&d=mm&r=g\",\"caption\":\"Arnaldo Botto\"},\"url\":\"https:\/\/www.noticiasradioreflejos.com.ar\/2021\/author\/arnaldo\/\"}]}<\/script>\n<!-- \/ Yoast SEO plugin. -->","yoast_head_json":{"title":"Detuvieron al hombre que arroj\u00f3 un botellazo a Milei durante la asunci\u00f3n presidencial - Noticias Radio Reflejos","robots":{"index":"index","follow":"follow","max-snippet":"max-snippet:-1","max-image-preview":"max-image-preview:large","max-video-preview":"max-video-preview:-1"},"canonical":"https:\/\/www.noticiasradioreflejos.com.ar\/2021\/detuvieron-al-hombre-que-arrojo-un-botellazo-a-milei-durante-la-asuncion-presidencial\/","og_locale":"es_ES","og_type":"article","og_title":"Detuvieron al hombre que arroj\u00f3 un botellazo a Milei durante la asunci\u00f3n presidencial - Noticias Radio Reflejos","og_description":"Una llamada al 911 advirti\u00f3 sobre la presencia de Mercanzini en la puerta del canal Cr\u00f3nica HD en el barrio porte\u00f1o de San Telmo, donde se present\u00f3 con la intenci\u00f3n de realizar una nota. Fue apresado en el lugar por efectivos de la Polic\u00eda de la Ciudad.","og_url":"https:\/\/www.noticiasradioreflejos.com.ar\/2021\/detuvieron-al-hombre-que-arrojo-un-botellazo-a-milei-durante-la-asuncion-presidencial\/","og_site_name":"Noticias Radio Reflejos","article_published_time":"2023-12-12T14:58:40+00:00","og_image":[{"url":"https:\/\/www.telam.com.ar\/thumbs\/bluesteel\/advf\/imagenes\/2023\/12\/6578696c5a061_1200.jpg","type":"","width":"","height":""}],"author":"Arnaldo Botto","twitter_card":"summary_large_image","schema":{"@context":"https:\/\/schema.org","@graph":[{"@type":"WebPage","@id":"https:\/\/www.noticiasradioreflejos.com.ar\/2021\/detuvieron-al-hombre-que-arrojo-un-botellazo-a-milei-durante-la-asuncion-presidencial\/","url":"https:\/\/www.noticiasradioreflejos.com.ar\/2021\/detuvieron-al-hombre-que-arrojo-un-botellazo-a-milei-durante-la-asuncion-presidencial\/","name":"Detuvieron al hombre que arroj\u00f3 un botellazo a Milei durante la asunci\u00f3n presidencial - Noticias Radio Reflejos","isPartOf":{"@id":"https:\/\/www.noticiasradioreflejos.com.ar\/2021\/#website"},"primaryImageOfPage":{"@id":"https:\/\/www.noticiasradioreflejos.com.ar\/2021\/detuvieron-al-hombre-que-arrojo-un-botellazo-a-milei-durante-la-asuncion-presidencial\/#primaryimage"},"image":{"@id":"https:\/\/www.noticiasradioreflejos.com.ar\/2021\/detuvieron-al-hombre-que-arrojo-un-botellazo-a-milei-durante-la-asuncion-presidencial\/#primaryimage"},"thumbnailUrl":"https:\/\/www.telam.com.ar\/thumbs\/bluesteel\/advf\/imagenes\/2023\/12\/6578696c5a061_1200.jpg","datePublished":"2023-12-12T14:58:40+00:00","author":{"@id":"https:\/\/www.noticiasradioreflejos.com.ar\/2021\/#\/schema\/person\/ad82545263dcc5ec0996818884fd5fb1"},"breadcrumb":{"@id":"https:\/\/www.noticiasradioreflejos.com.ar\/2021\/detuvieron-al-hombre-que-arrojo-un-botellazo-a-milei-durante-la-asuncion-presidencial\/#breadcrumb"},"inLanguage":"es","potentialAction":[{"@type":"ReadAction","target":["https:\/\/www.noticiasradioreflejos.com.ar\/2021\/detuvieron-al-hombre-que-arrojo-un-botellazo-a-milei-durante-la-asuncion-presidencial\/"]}]},{"@type":"ImageObject","inLanguage":"es","@id":"https:\/\/www.noticiasradioreflejos.com.ar\/2021\/detuvieron-al-hombre-que-arrojo-un-botellazo-a-milei-durante-la-asuncion-presidencial\/#primaryimage","url":"https:\/\/www.telam.com.ar\/thumbs\/bluesteel\/advf\/imagenes\/2023\/12\/6578696c5a061_1200.jpg","contentUrl":"https:\/\/www.telam.com.ar\/thumbs\/bluesteel\/advf\/imagenes\/2023\/12\/6578696c5a061_1200.jpg"},{"@type":"BreadcrumbList","@id":"https:\/\/www.noticiasradioreflejos.com.ar\/2021\/detuvieron-al-hombre-que-arrojo-un-botellazo-a-milei-durante-la-asuncion-presidencial\/#breadcrumb","itemListElement":[{"@type":"ListItem","position":1,"name":"Portada","item":"https:\/\/www.noticiasradioreflejos.com.ar\/2021\/"},{"@type":"ListItem","position":2,"name":"Detuvieron al hombre que arroj\u00f3 un botellazo a Milei durante la asunci\u00f3n presidencial"}]},{"@type":"WebSite","@id":"https:\/\/www.noticiasradioreflejos.com.ar\/2021\/#website","url":"https:\/\/www.noticiasradioreflejos.com.ar\/2021\/","name":"Noticias Radio Reflejos","description":"Las noticias de mi comarca","potentialAction":[{"@type":"SearchAction","target":{"@type":"EntryPoint","urlTemplate":"https:\/\/www.noticiasradioreflejos.com.ar\/2021\/?s={search_term_string}"},"query-input":{"@type":"PropertyValueSpecification","valueRequired":true,"valueName":"search_term_string"}}],"inLanguage":"es"},{"@type":"Person","@id":"https:\/\/www.noticiasradioreflejos.com.ar\/2021\/#\/schema\/person\/ad82545263dcc5ec0996818884fd5fb1","name":"Arnaldo Botto","image":{"@type":"ImageObject","inLanguage":"es","@id":"https:\/\/www.noticiasradioreflejos.com.ar\/2021\/#\/schema\/person\/image\/","url":"https:\/\/secure.gravatar.com\/avatar\/55cb5e37c1efa326397366e6974cb338056df65cb50e7d64d1cf314e87504837?s=96&d=mm&r=g","contentUrl":"https:\/\/secure.gravatar.com\/avatar\/55cb5e37c1efa326397366e6974cb338056df65cb50e7d64d1cf314e87504837?s=96&d=mm&r=g","caption":"Arnaldo Botto"},"url":"https:\/\/www.noticiasradioreflejos.com.ar\/2021\/author\/arnaldo\/"}]}},"_links":{"self":[{"href":"https:\/\/www.noticiasradioreflejos.com.ar\/2021\/wp-json\/wp\/v2\/posts\/96307","targetHints":{"allow":["GET"]}}],"collection":[{"href":"https:\/\/www.noticiasradioreflejos.com.ar\/2021\/wp-json\/wp\/v2\/posts"}],"about":[{"href":"https:\/\/www.noticiasradioreflejos.com.ar\/2021\/wp-json\/wp\/v2\/types\/post"}],"author":[{"embeddable":true,"href":"https:\/\/www.noticiasradioreflejos.com.ar\/2021\/wp-json\/wp\/v2\/users\/3"}],"replies":[{"embeddable":true,"href":"https:\/\/www.noticiasradioreflejos.com.ar\/2021\/wp-json\/wp\/v2\/comments?post=96307"}],"version-history":[{"count":1,"href":"https:\/\/www.noticiasradioreflejos.com.ar\/2021\/wp-json\/wp\/v2\/posts\/96307\/revisions"}],"predecessor-version":[{"id":96309,"href":"https:\/\/www.noticiasradioreflejos.com.ar\/2021\/wp-json\/wp\/v2\/posts\/96307\/revisions\/96309"}],"wp:attachment":[{"href":"https:\/\/www.noticiasradioreflejos.com.ar\/2021\/wp-json\/wp\/v2\/media?parent=96307"}],"wp:term":[{"taxonomy":"category","embeddable":true,"href":"https:\/\/www.noticiasradioreflejos.com.ar\/2021\/wp-json\/wp\/v2\/categories?post=96307"},{"taxonomy":"post_tag","embeddable":true,"href":"https:\/\/www.noticiasradioreflejos.com.ar\/2021\/wp-json\/wp\/v2\/tags?post=96307"}],"curies":[{"name":"wp","href":"https:\/\/api.w.org\/{rel}","templated":true}]}}