{"id":96299,"date":"2023-12-12T12:11:53","date_gmt":"2023-12-12T12:11:53","guid":{"rendered":"https:\/\/www.noticiasradioreflejos.com.ar\/2021\/?p=96299"},"modified":"2023-12-12T13:26:44","modified_gmt":"2023-12-12T13:26:44","slug":"tragedia-en-el-cerro-marmolejo-revelan-como-fueron-los-ultimos-minutos-con-vida-de-los-andinistas-fallecidos","status":"publish","type":"post","link":"https:\/\/www.noticiasradioreflejos.com.ar\/2021\/tragedia-en-el-cerro-marmolejo-revelan-como-fueron-los-ultimos-minutos-con-vida-de-los-andinistas-fallecidos\/","title":{"rendered":"Tragedia en el cerro Marmolejo: revelan c\u00f3mo fueron los \u00faltimos minutos con vida de los andinistas fallecidos"},"content":{"rendered":"<p>Los estudios de los cuerpos se vieron demorados por el estado de congelamiento y en las \u00faltimas horas se conocieron los resultados de la autopsia<!--more--><\/p>\n<p><a title=\"Traslado de Andinistas\" href=\"https:\/\/www.flickr.com\/photos\/182279889@N02\/53393029138\/in\/dateposted-public\/\" data-flickr-embed=\"true\" data-footer=\"true\"><img loading=\"lazy\" decoding=\"async\" class=\"aligncenter\" src=\"https:\/\/live.staticflickr.com\/31337\/53393029138_c55e37623e_w.jpg\" alt=\"Traslado de Andinistas\" width=\"519\" height=\"293\" \/><\/a><\/p>\n<p class=\"paragraph\" data-mrf-recirculation=\"Links inline\">Se conocieron los primeros datos que arroj\u00f3 la autopsia de los\u00a0<b>tres<\/b>\u00a0<b>andinistas argentinos\u00a0<\/b>que murieron en el\u00a0<b>Cerro Marmolejo<\/b>, en el lado chileno de la Cordillera de Los Andes, quienes estuvieron varios d\u00edas desaparecidos hasta que se confirm\u00f3 su deceso.<\/p>\n<p class=\"paragraph\" data-mrf-recirculation=\"Links inline\">En el informe que dio a conocer el<b>\u00a0Servicio M\u00e9dico Legal Chileno<\/b>\u00a0se\u00f1alaron que los estudios de an\u00e1lisis de los cuerpos se vieron demoradas debido al estado de congelamiento de los restos de\u00a0<b>Ra\u00fal Espir<\/b>,\u00a0<b>Sergio Berardo<\/b>\u00a0e\u00a0<b>Ignacio Javier Lucero<\/b>, quienes hab\u00edan desaparecido el 29 de noviembre y tras una intensa b\u00fasqueda confirmaron su muerte el 4 de diciembre.<\/p>\n<p class=\"paragraph\" data-mrf-recirculation=\"Links inline\">Los estudios se\u00f1alaron que los hombres quedaron congelados en tan solo\u00a0<b>11 minutos<\/b>\u00a0debido a las condiciones clim\u00e1ticas del lugar, donde la temperatura oscila entre los -10\u00baC y los -15\u00baC.<\/p>\n<p class=\"paragraph\" data-mrf-recirculation=\"Links inline\">Especificaron desde el organismo que la autopsia estaba prevista para el mi\u00e9rcoles pasado. Sin embargo, reci\u00e9n pudieron llevarla a cabo el s\u00e1bado cuando los cuerpos eran manipulables para ejecutar los an\u00e1lisis pertinentes.<\/p>\n<p class=\"paragraph\" data-mrf-recirculation=\"Links inline\">El medio local\u00a0<i>MDZ\u00a0<\/i>inform\u00f3 que las condiciones clim\u00e1ticas no fueron las \u00fanicas causantes del fallecimiento de los monta\u00f1istas, ya que tambi\u00e9n se sum\u00f3 el impedimento a realizar un r\u00e1pido rescate, hecho que finalmente ocurri\u00f3 el mi\u00e9rcoles pasado en un operativo contrarreloj que dur\u00f3 7 horas. El mismo estuvo a cargo del personal de\u00a0<b>Socorro Andino<\/b>,\u00a0<b>de Senapred y del Grupo de Operaciones Policiales de Chile<\/b>.<\/p>\n<p class=\"paragraph\" data-mrf-recirculation=\"Links inline\">El cuadro que sufrieron los andinistas fue una hipotermia accidental. La misma ocurre cuando la p\u00e9rdida de temperatura corporal supera la capacidad de producci\u00f3n de calor. Esta se da cuando el cuerpo se encuentra en unos 35\u00baC, es decir, dos grados menos de la temperatura considerada normal en el cuerpo humano.<\/p>\n<div class=\"visual__image\"><img loading=\"lazy\" decoding=\"async\" class=\" lazyload\" src=\"https:\/\/www.infobae.com\/new-resizer\/cf8wTcCFgFzXgy-AD7s8w10MxcQ=\/420x187\/filters:format(webp):quality(85)\/cloudfront-us-east-1.images.arcpublishing.com\/infobae\/IVSP7U7AHVETZCAIUPNIJPEC6E.png%20420w\" sizes=\"auto, (min-width: 1560px) 856px, (min-width: 1000px) calc(74.63vw - 293px), (min-width: 780px) calc(100vw - 376px), (min-width: 580px) calc(100vw - 32px), 100vw\" srcset=\"https:\/\/www.infobae.com\/new-resizer\/cf8wTcCFgFzXgy-AD7s8w10MxcQ=\/420x187\/filters:format(webp):quality(85)\/cloudfront-us-east-1.images.arcpublishing.com\/infobae\/IVSP7U7AHVETZCAIUPNIJPEC6E.png 420w,https:\/\/www.infobae.com\/new-resizer\/MIeclboD30O2skSOMav5Ii031_c=\/768x341\/filters:format(webp):quality(85)\/cloudfront-us-east-1.images.arcpublishing.com\/infobae\/IVSP7U7AHVETZCAIUPNIJPEC6E.png 768w,https:\/\/www.infobae.com\/new-resizer\/HSurZhwVYc5noAWN-qwQt7JdXa0=\/992x441\/filters:format(webp):quality(85)\/cloudfront-us-east-1.images.arcpublishing.com\/infobae\/IVSP7U7AHVETZCAIUPNIJPEC6E.png 992w,https:\/\/www.infobae.com\/new-resizer\/hJkvpgs-6Wxea13s9ETI8Jm0gyg=\/1200x533\/filters:format(webp):quality(85)\/cloudfront-us-east-1.images.arcpublishing.com\/infobae\/IVSP7U7AHVETZCAIUPNIJPEC6E.png 1200w\" alt=\"Murieron de hipotermia y por el lento rescate \" width=\"643\" height=\"295\" data-src=\"https:\/\/www.infobae.com\/new-resizer\/cf8wTcCFgFzXgy-AD7s8w10MxcQ=\/420x187\/filters:format(webp):quality(85)\/cloudfront-us-east-1.images.arcpublishing.com\/infobae\/IVSP7U7AHVETZCAIUPNIJPEC6E.png 420w\" \/>Murieron de <em>hipotermia y por el lento rescate<\/em><\/div>\n<p class=\"paragraph\" data-mrf-recirculation=\"Links inline\">En estos casos los primeros s\u00edntomas alarmantes son escalofr\u00edos, disminuci\u00f3n del ritmo card\u00edaco y de la respiraci\u00f3n. El doctor\u00a0<b>C\u00e9sar Cort\u00e9s<\/b>,<b>\u00a0jefe del Servicio de Urgencias del Hospital Cl\u00ednico Universidad de Chile<\/b>, explic\u00f3 que esto se produce porque el cuerpo busca \u201cgenerar calor, capacidad que cuando desciende la temperatura corporal se pierde\u201d.<\/p>\n<p class=\"paragraph\" data-mrf-recirculation=\"Links inline\">Adem\u00e1s, detall\u00f3 que cuando la temperatura baja, la persona comienza a perder capacidad cerebral y vascular. As\u00ed, se ve impedido de mover sus extremidades, hablar o recordar. Luego, su piel toma un color azul y los procesos metab\u00f3licos celulares se detienen, lo que finalmente terminara con su vida.<\/p>\n<p class=\"paragraph\" data-mrf-recirculation=\"Links inline\">Los cuerpos, al ser rescatados por un helic\u00f3ptero de alta altitud, que est\u00e1n dedicados para los trabajos en alta monta\u00f1a, fueron trasladados en principio al punto base de\u00a0<b>Lo Vald\u00e9s<\/b>, ubicado a 1800 metros en<b>\u00a0el Caj\u00f3n del Maipo<\/b>. Adem\u00e1s, se conoci\u00f3 el \u00faltimo mensaje emitido por Lucero mientras intentaba ascender al volc\u00e1n Marmolejo.<\/p>\n<p class=\"paragraph\" data-mrf-recirculation=\"Links inline\">La pareja de Lucero,<b>\u00a0Mar\u00eda Fernanda Mart\u00ednez Thierry<\/b>, revel\u00f3 un texto enviado por \u00e9l momentos antes de su muerte: \u201cEstoy emprendiendo mi viaje\u201d. Este habr\u00eda sido su \u00faltimo contacto, interpretado por ella como una despedida, seg\u00fan consign\u00f3\u00a0<i>Clar\u00edn<\/i>.<\/p>\n<div class=\"visual__image\"><img loading=\"lazy\" decoding=\"async\" class=\" lazyload\" src=\"https:\/\/www.infobae.com\/new-resizer\/s0mkkOtJBR-Y9lpyM5Pll5i7HJk=\/420x280\/filters:format(webp):quality(85)\/cloudfront-us-east-1.images.arcpublishing.com\/infobae\/Z4SHQTJ7MJAIJCHXSD7XHNG6YA.png%20420w\" sizes=\"auto, (min-width: 1560px) 856px, (min-width: 1000px) calc(74.63vw - 293px), (min-width: 780px) calc(100vw - 376px), (min-width: 580px) calc(100vw - 32px), 100vw\" srcset=\"https:\/\/www.infobae.com\/new-resizer\/s0mkkOtJBR-Y9lpyM5Pll5i7HJk=\/420x280\/filters:format(webp):quality(85)\/cloudfront-us-east-1.images.arcpublishing.com\/infobae\/Z4SHQTJ7MJAIJCHXSD7XHNG6YA.png 420w,https:\/\/www.infobae.com\/new-resizer\/byGo14_vH4MRrfZrXUmX0hmstKQ=\/768x512\/filters:format(webp):quality(85)\/cloudfront-us-east-1.images.arcpublishing.com\/infobae\/Z4SHQTJ7MJAIJCHXSD7XHNG6YA.png 768w,https:\/\/www.infobae.com\/new-resizer\/-pzgkK1kbOI8RCOpPED7lOatUkE=\/992x661\/filters:format(webp):quality(85)\/cloudfront-us-east-1.images.arcpublishing.com\/infobae\/Z4SHQTJ7MJAIJCHXSD7XHNG6YA.png 992w,https:\/\/www.infobae.com\/new-resizer\/1HDNHIMI4P_oBZg0CrVrJ6DB1lQ=\/1200x800\/filters:format(webp):quality(85)\/cloudfront-us-east-1.images.arcpublishing.com\/infobae\/Z4SHQTJ7MJAIJCHXSD7XHNG6YA.png 1200w,https:\/\/www.infobae.com\/new-resizer\/BHr2J2ccSpA8XQOBtJBAnAe_biY=\/1440x960\/filters:format(webp):quality(85)\/cloudfront-us-east-1.images.arcpublishing.com\/infobae\/Z4SHQTJ7MJAIJCHXSD7XHNG6YA.png 1440w\" alt=\"El gu\u00eda hab\u00eda hecho el Aconcagua en reiteradas oportunidades, m\u00e1s otras excursiones de alto riesgo y sufri\u00f3 un infarto en una de ellas \" width=\"708\" height=\"471\" data-src=\"https:\/\/www.infobae.com\/new-resizer\/s0mkkOtJBR-Y9lpyM5Pll5i7HJk=\/420x280\/filters:format(webp):quality(85)\/cloudfront-us-east-1.images.arcpublishing.com\/infobae\/Z4SHQTJ7MJAIJCHXSD7XHNG6YA.png 420w\" \/>El <em>gu\u00eda hab\u00eda hecho el Aconcagua en reiteradas oportunidades, m\u00e1s otras excursiones de alto riesgo y sufri\u00f3 un infarto en una de ellas<\/em><\/div>\n<p class=\"paragraph\" data-mrf-recirculation=\"Links inline\">Los tres argentinos hab\u00edan planeado su ascensi\u00f3n durante meses junto a dos chilenos, quienes finalmente decidieron no continuar.<\/p>\n<p class=\"paragraph\" data-mrf-recirculation=\"Links inline\">Vale aclarar que el gu\u00eda mendocino ten\u00eda experiencia en excursiones de alta monta\u00f1a, con\u00a0<b>45 ascensos al Aconcagua<\/b>. Un dato: nunca hab\u00eda escalado el Marmolejo.<\/p>\n<p class=\"paragraph\" data-mrf-recirculation=\"Links inline\">La expedici\u00f3n parti\u00f3 del complejo\u00a0<b>Los Penitentes<\/b>, con un recorrido que inclu\u00eda pasar por un glaciar de tres kil\u00f3metros (1.86 millas) con grietas. Expertos recordaron que la zona se caracteriza por sus potent\u00edsimas tormentas y vientos de m\u00e1s de 80 km\/h (50 mph).<\/p>\n<p class=\"paragraph\" data-mrf-recirculation=\"Links inline\">La compa\u00f1era de Lucero, acompa\u00f1ada por familiares y amigos, anhela que su pareja descansase en el cementerio del Aconcagua, honrando su amada profesi\u00f3n.<\/p>\n<p class=\"paragraph\" data-mrf-recirculation=\"Links inline\">La pasi\u00f3n por el monta\u00f1ismo llev\u00f3 a estas personas a enfrentar desaf\u00edos extremos, como evidencia el historial de uno de los fallecidos, Ignacio Lucero, quien super\u00f3 un infarto y un ACV en la cima del\u00a0<b>monte Manaslu<\/b>\u00a0en\u00a0<b>Nepal<\/b>.<\/p>\n<p data-mrf-recirculation=\"Links inline\">\n<p data-mrf-recirculation=\"Links inline\">\n<p data-mrf-recirculation=\"Links inline\"><em><strong>Fuente Infobae<\/strong><\/em><\/p>\n","protected":false},"excerpt":{"rendered":"<p>Los estudios de los cuerpos se vieron demorados por el estado de congelamiento y en las \u00faltimas horas se conocieron los resultados de la autopsia<\/p>\n","protected":false},"author":3,"featured_media":0,"comment_status":"closed","ping_status":"closed","sticky":false,"template":"","format":"standard","meta":{"footnotes":""},"categories":[26],"tags":[],"class_list":["post-96299","post","type-post","status-publish","format-standard","hentry","category-sociedad"],"yoast_head":"<!-- This site is optimized with the Yoast SEO plugin v25.9 - https:\/\/yoast.com\/wordpress\/plugins\/seo\/ -->\n<title>Tragedia en el cerro Marmolejo: revelan c\u00f3mo fueron los \u00faltimos minutos con vida de los andinistas fallecidos - Noticias Radio Reflejos<\/title>\n<meta name=\"robots\" content=\"index, follow, max-snippet:-1, max-image-preview:large, max-video-preview:-1\" \/>\n<link rel=\"canonical\" href=\"https:\/\/www.noticiasradioreflejos.com.ar\/2021\/tragedia-en-el-cerro-marmolejo-revelan-como-fueron-los-ultimos-minutos-con-vida-de-los-andinistas-fallecidos\/\" \/>\n<meta property=\"og:locale\" content=\"es_ES\" \/>\n<meta property=\"og:type\" content=\"article\" \/>\n<meta property=\"og:title\" content=\"Tragedia en el cerro Marmolejo: revelan c\u00f3mo fueron los \u00faltimos minutos con vida de los andinistas fallecidos - Noticias Radio Reflejos\" \/>\n<meta property=\"og:description\" content=\"Los estudios de los cuerpos se vieron demorados por el estado de congelamiento y en las \u00faltimas horas se conocieron los resultados de la autopsia\" \/>\n<meta property=\"og:url\" content=\"https:\/\/www.noticiasradioreflejos.com.ar\/2021\/tragedia-en-el-cerro-marmolejo-revelan-como-fueron-los-ultimos-minutos-con-vida-de-los-andinistas-fallecidos\/\" \/>\n<meta property=\"og:site_name\" content=\"Noticias Radio Reflejos\" \/>\n<meta property=\"article:published_time\" content=\"2023-12-12T12:11:53+00:00\" \/>\n<meta property=\"article:modified_time\" content=\"2023-12-12T13:26:44+00:00\" \/>\n<meta property=\"og:image\" content=\"https:\/\/live.staticflickr.com\/31337\/53393029138_c55e37623e_w.jpg\" \/>\n<meta name=\"author\" content=\"Arnaldo Botto\" \/>\n<meta name=\"twitter:card\" content=\"summary_large_image\" \/>\n<script type=\"application\/ld+json\" class=\"yoast-schema-graph\">{\"@context\":\"https:\/\/schema.org\",\"@graph\":[{\"@type\":\"WebPage\",\"@id\":\"https:\/\/www.noticiasradioreflejos.com.ar\/2021\/tragedia-en-el-cerro-marmolejo-revelan-como-fueron-los-ultimos-minutos-con-vida-de-los-andinistas-fallecidos\/\",\"url\":\"https:\/\/www.noticiasradioreflejos.com.ar\/2021\/tragedia-en-el-cerro-marmolejo-revelan-como-fueron-los-ultimos-minutos-con-vida-de-los-andinistas-fallecidos\/\",\"name\":\"Tragedia en el cerro Marmolejo: revelan c\u00f3mo fueron los \u00faltimos minutos con vida de los andinistas fallecidos - Noticias Radio Reflejos\",\"isPartOf\":{\"@id\":\"https:\/\/www.noticiasradioreflejos.com.ar\/2021\/#website\"},\"primaryImageOfPage\":{\"@id\":\"https:\/\/www.noticiasradioreflejos.com.ar\/2021\/tragedia-en-el-cerro-marmolejo-revelan-como-fueron-los-ultimos-minutos-con-vida-de-los-andinistas-fallecidos\/#primaryimage\"},\"image\":{\"@id\":\"https:\/\/www.noticiasradioreflejos.com.ar\/2021\/tragedia-en-el-cerro-marmolejo-revelan-como-fueron-los-ultimos-minutos-con-vida-de-los-andinistas-fallecidos\/#primaryimage\"},\"thumbnailUrl\":\"https:\/\/live.staticflickr.com\/31337\/53393029138_c55e37623e_w.jpg\",\"datePublished\":\"2023-12-12T12:11:53+00:00\",\"dateModified\":\"2023-12-12T13:26:44+00:00\",\"author\":{\"@id\":\"https:\/\/www.noticiasradioreflejos.com.ar\/2021\/#\/schema\/person\/ad82545263dcc5ec0996818884fd5fb1\"},\"breadcrumb\":{\"@id\":\"https:\/\/www.noticiasradioreflejos.com.ar\/2021\/tragedia-en-el-cerro-marmolejo-revelan-como-fueron-los-ultimos-minutos-con-vida-de-los-andinistas-fallecidos\/#breadcrumb\"},\"inLanguage\":\"es\",\"potentialAction\":[{\"@type\":\"ReadAction\",\"target\":[\"https:\/\/www.noticiasradioreflejos.com.ar\/2021\/tragedia-en-el-cerro-marmolejo-revelan-como-fueron-los-ultimos-minutos-con-vida-de-los-andinistas-fallecidos\/\"]}]},{\"@type\":\"ImageObject\",\"inLanguage\":\"es\",\"@id\":\"https:\/\/www.noticiasradioreflejos.com.ar\/2021\/tragedia-en-el-cerro-marmolejo-revelan-como-fueron-los-ultimos-minutos-con-vida-de-los-andinistas-fallecidos\/#primaryimage\",\"url\":\"https:\/\/live.staticflickr.com\/31337\/53393029138_c55e37623e_w.jpg\",\"contentUrl\":\"https:\/\/live.staticflickr.com\/31337\/53393029138_c55e37623e_w.jpg\"},{\"@type\":\"BreadcrumbList\",\"@id\":\"https:\/\/www.noticiasradioreflejos.com.ar\/2021\/tragedia-en-el-cerro-marmolejo-revelan-como-fueron-los-ultimos-minutos-con-vida-de-los-andinistas-fallecidos\/#breadcrumb\",\"itemListElement\":[{\"@type\":\"ListItem\",\"position\":1,\"name\":\"Portada\",\"item\":\"https:\/\/www.noticiasradioreflejos.com.ar\/2021\/\"},{\"@type\":\"ListItem\",\"position\":2,\"name\":\"Tragedia en el cerro Marmolejo: revelan c\u00f3mo fueron los \u00faltimos minutos con vida de los andinistas fallecidos\"}]},{\"@type\":\"WebSite\",\"@id\":\"https:\/\/www.noticiasradioreflejos.com.ar\/2021\/#website\",\"url\":\"https:\/\/www.noticiasradioreflejos.com.ar\/2021\/\",\"name\":\"Noticias Radio Reflejos\",\"description\":\"Las noticias de mi comarca\",\"potentialAction\":[{\"@type\":\"SearchAction\",\"target\":{\"@type\":\"EntryPoint\",\"urlTemplate\":\"https:\/\/www.noticiasradioreflejos.com.ar\/2021\/?s={search_term_string}\"},\"query-input\":{\"@type\":\"PropertyValueSpecification\",\"valueRequired\":true,\"valueName\":\"search_term_string\"}}],\"inLanguage\":\"es\"},{\"@type\":\"Person\",\"@id\":\"https:\/\/www.noticiasradioreflejos.com.ar\/2021\/#\/schema\/person\/ad82545263dcc5ec0996818884fd5fb1\",\"name\":\"Arnaldo Botto\",\"image\":{\"@type\":\"ImageObject\",\"inLanguage\":\"es\",\"@id\":\"https:\/\/www.noticiasradioreflejos.com.ar\/2021\/#\/schema\/person\/image\/\",\"url\":\"https:\/\/secure.gravatar.com\/avatar\/55cb5e37c1efa326397366e6974cb338056df65cb50e7d64d1cf314e87504837?s=96&d=mm&r=g\",\"contentUrl\":\"https:\/\/secure.gravatar.com\/avatar\/55cb5e37c1efa326397366e6974cb338056df65cb50e7d64d1cf314e87504837?s=96&d=mm&r=g\",\"caption\":\"Arnaldo Botto\"},\"url\":\"https:\/\/www.noticiasradioreflejos.com.ar\/2021\/author\/arnaldo\/\"}]}<\/script>\n<!-- \/ Yoast SEO plugin. -->","yoast_head_json":{"title":"Tragedia en el cerro Marmolejo: revelan c\u00f3mo fueron los \u00faltimos minutos con vida de los andinistas fallecidos - Noticias Radio Reflejos","robots":{"index":"index","follow":"follow","max-snippet":"max-snippet:-1","max-image-preview":"max-image-preview:large","max-video-preview":"max-video-preview:-1"},"canonical":"https:\/\/www.noticiasradioreflejos.com.ar\/2021\/tragedia-en-el-cerro-marmolejo-revelan-como-fueron-los-ultimos-minutos-con-vida-de-los-andinistas-fallecidos\/","og_locale":"es_ES","og_type":"article","og_title":"Tragedia en el cerro Marmolejo: revelan c\u00f3mo fueron los \u00faltimos minutos con vida de los andinistas fallecidos - Noticias Radio Reflejos","og_description":"Los estudios de los cuerpos se vieron demorados por el estado de congelamiento y en las \u00faltimas horas se conocieron los resultados de la autopsia","og_url":"https:\/\/www.noticiasradioreflejos.com.ar\/2021\/tragedia-en-el-cerro-marmolejo-revelan-como-fueron-los-ultimos-minutos-con-vida-de-los-andinistas-fallecidos\/","og_site_name":"Noticias Radio Reflejos","article_published_time":"2023-12-12T12:11:53+00:00","article_modified_time":"2023-12-12T13:26:44+00:00","og_image":[{"url":"https:\/\/live.staticflickr.com\/31337\/53393029138_c55e37623e_w.jpg","type":"","width":"","height":""}],"author":"Arnaldo Botto","twitter_card":"summary_large_image","schema":{"@context":"https:\/\/schema.org","@graph":[{"@type":"WebPage","@id":"https:\/\/www.noticiasradioreflejos.com.ar\/2021\/tragedia-en-el-cerro-marmolejo-revelan-como-fueron-los-ultimos-minutos-con-vida-de-los-andinistas-fallecidos\/","url":"https:\/\/www.noticiasradioreflejos.com.ar\/2021\/tragedia-en-el-cerro-marmolejo-revelan-como-fueron-los-ultimos-minutos-con-vida-de-los-andinistas-fallecidos\/","name":"Tragedia en el cerro Marmolejo: revelan c\u00f3mo fueron los \u00faltimos minutos con vida de los andinistas fallecidos - Noticias Radio Reflejos","isPartOf":{"@id":"https:\/\/www.noticiasradioreflejos.com.ar\/2021\/#website"},"primaryImageOfPage":{"@id":"https:\/\/www.noticiasradioreflejos.com.ar\/2021\/tragedia-en-el-cerro-marmolejo-revelan-como-fueron-los-ultimos-minutos-con-vida-de-los-andinistas-fallecidos\/#primaryimage"},"image":{"@id":"https:\/\/www.noticiasradioreflejos.com.ar\/2021\/tragedia-en-el-cerro-marmolejo-revelan-como-fueron-los-ultimos-minutos-con-vida-de-los-andinistas-fallecidos\/#primaryimage"},"thumbnailUrl":"https:\/\/live.staticflickr.com\/31337\/53393029138_c55e37623e_w.jpg","datePublished":"2023-12-12T12:11:53+00:00","dateModified":"2023-12-12T13:26:44+00:00","author":{"@id":"https:\/\/www.noticiasradioreflejos.com.ar\/2021\/#\/schema\/person\/ad82545263dcc5ec0996818884fd5fb1"},"breadcrumb":{"@id":"https:\/\/www.noticiasradioreflejos.com.ar\/2021\/tragedia-en-el-cerro-marmolejo-revelan-como-fueron-los-ultimos-minutos-con-vida-de-los-andinistas-fallecidos\/#breadcrumb"},"inLanguage":"es","potentialAction":[{"@type":"ReadAction","target":["https:\/\/www.noticiasradioreflejos.com.ar\/2021\/tragedia-en-el-cerro-marmolejo-revelan-como-fueron-los-ultimos-minutos-con-vida-de-los-andinistas-fallecidos\/"]}]},{"@type":"ImageObject","inLanguage":"es","@id":"https:\/\/www.noticiasradioreflejos.com.ar\/2021\/tragedia-en-el-cerro-marmolejo-revelan-como-fueron-los-ultimos-minutos-con-vida-de-los-andinistas-fallecidos\/#primaryimage","url":"https:\/\/live.staticflickr.com\/31337\/53393029138_c55e37623e_w.jpg","contentUrl":"https:\/\/live.staticflickr.com\/31337\/53393029138_c55e37623e_w.jpg"},{"@type":"BreadcrumbList","@id":"https:\/\/www.noticiasradioreflejos.com.ar\/2021\/tragedia-en-el-cerro-marmolejo-revelan-como-fueron-los-ultimos-minutos-con-vida-de-los-andinistas-fallecidos\/#breadcrumb","itemListElement":[{"@type":"ListItem","position":1,"name":"Portada","item":"https:\/\/www.noticiasradioreflejos.com.ar\/2021\/"},{"@type":"ListItem","position":2,"name":"Tragedia en el cerro Marmolejo: revelan c\u00f3mo fueron los \u00faltimos minutos con vida de los andinistas fallecidos"}]},{"@type":"WebSite","@id":"https:\/\/www.noticiasradioreflejos.com.ar\/2021\/#website","url":"https:\/\/www.noticiasradioreflejos.com.ar\/2021\/","name":"Noticias Radio Reflejos","description":"Las noticias de mi comarca","potentialAction":[{"@type":"SearchAction","target":{"@type":"EntryPoint","urlTemplate":"https:\/\/www.noticiasradioreflejos.com.ar\/2021\/?s={search_term_string}"},"query-input":{"@type":"PropertyValueSpecification","valueRequired":true,"valueName":"search_term_string"}}],"inLanguage":"es"},{"@type":"Person","@id":"https:\/\/www.noticiasradioreflejos.com.ar\/2021\/#\/schema\/person\/ad82545263dcc5ec0996818884fd5fb1","name":"Arnaldo Botto","image":{"@type":"ImageObject","inLanguage":"es","@id":"https:\/\/www.noticiasradioreflejos.com.ar\/2021\/#\/schema\/person\/image\/","url":"https:\/\/secure.gravatar.com\/avatar\/55cb5e37c1efa326397366e6974cb338056df65cb50e7d64d1cf314e87504837?s=96&d=mm&r=g","contentUrl":"https:\/\/secure.gravatar.com\/avatar\/55cb5e37c1efa326397366e6974cb338056df65cb50e7d64d1cf314e87504837?s=96&d=mm&r=g","caption":"Arnaldo Botto"},"url":"https:\/\/www.noticiasradioreflejos.com.ar\/2021\/author\/arnaldo\/"}]}},"_links":{"self":[{"href":"https:\/\/www.noticiasradioreflejos.com.ar\/2021\/wp-json\/wp\/v2\/posts\/96299","targetHints":{"allow":["GET"]}}],"collection":[{"href":"https:\/\/www.noticiasradioreflejos.com.ar\/2021\/wp-json\/wp\/v2\/posts"}],"about":[{"href":"https:\/\/www.noticiasradioreflejos.com.ar\/2021\/wp-json\/wp\/v2\/types\/post"}],"author":[{"embeddable":true,"href":"https:\/\/www.noticiasradioreflejos.com.ar\/2021\/wp-json\/wp\/v2\/users\/3"}],"replies":[{"embeddable":true,"href":"https:\/\/www.noticiasradioreflejos.com.ar\/2021\/wp-json\/wp\/v2\/comments?post=96299"}],"version-history":[{"count":2,"href":"https:\/\/www.noticiasradioreflejos.com.ar\/2021\/wp-json\/wp\/v2\/posts\/96299\/revisions"}],"predecessor-version":[{"id":96304,"href":"https:\/\/www.noticiasradioreflejos.com.ar\/2021\/wp-json\/wp\/v2\/posts\/96299\/revisions\/96304"}],"wp:attachment":[{"href":"https:\/\/www.noticiasradioreflejos.com.ar\/2021\/wp-json\/wp\/v2\/media?parent=96299"}],"wp:term":[{"taxonomy":"category","embeddable":true,"href":"https:\/\/www.noticiasradioreflejos.com.ar\/2021\/wp-json\/wp\/v2\/categories?post=96299"},{"taxonomy":"post_tag","embeddable":true,"href":"https:\/\/www.noticiasradioreflejos.com.ar\/2021\/wp-json\/wp\/v2\/tags?post=96299"}],"curies":[{"name":"wp","href":"https:\/\/api.w.org\/{rel}","templated":true}]}}