{"id":96296,"date":"2023-12-12T11:45:45","date_gmt":"2023-12-12T11:45:45","guid":{"rendered":"https:\/\/www.noticiasradioreflejos.com.ar\/2021\/?p=96296"},"modified":"2023-12-12T11:45:45","modified_gmt":"2023-12-12T11:45:45","slug":"caputo-realiza-su-primer-anuncio-como-ministro-con-un-paquete-de-medidas-economicas","status":"publish","type":"post","link":"https:\/\/www.noticiasradioreflejos.com.ar\/2021\/caputo-realiza-su-primer-anuncio-como-ministro-con-un-paquete-de-medidas-economicas\/","title":{"rendered":"Caputo realiza su primer anuncio como ministro con un paquete de medidas econ\u00f3micas"},"content":{"rendered":"<p>El ministro de Econom\u00eda mantuvo varios encuentros de trabajo, incluida una reuni\u00f3n con el Presidente Javier Milei. Adem\u00e1s, se espera que se concrete el reemplazo de Miguel Pesce al frente del Banco Central, por el designado Santiago Bausilli.<!--more--><\/p>\n<p>Caputo junto al secretario de Finanzas, Pablo Quirno, tras reunirse con Milei \/ Foto: V\u00edctoro Carreira<\/p>\n<p>El ministro de Econom\u00eda,<strong>\u00a0Luis Caputo<\/strong>, anunciar\u00e1 este martes un paquete de medidas que girar\u00e1n en torno al objetivo prioritario de alcanzar el equilibrio fiscal, b\u00e1sicamente con\u00a0<strong>un fuerte recorte del gasto en la administraci\u00f3n p\u00fablica<\/strong>\u00a0y de distintos sectores que reciben subsidios del Tesoro Nacional, como parte del camino elegido para reducir la inflaci\u00f3n.<\/p>\n<p>De manera paralela, se espera que se concrete\u00a0<strong>el reemplazo de Miguel Pesce al frente del Banco Central, por el designado Santiago Bausilli,<\/strong>\u00a0hombre de confianza de Caputo, quien brindar\u00e1 definiciones sobre el futuro del mercado cambiario a partir de un sinceramiento del valor del d\u00f3lar oficial, una medida que es esperada con expectativa tanto por los exportadores, importadores, y el sector financiero.<\/p>\n<p><strong>Caputo mantuvo varios encuentros de trabajo durante la jornada, no s\u00f3lo con los miembros de su gabinete, sino tambi\u00e9n con el propio presidente Javier Milei.<\/strong><\/p>\n<p>De hecho, para dar los retoques finales al plan financiero y fiscal que anunciar\u00e1n en las pr\u00f3ximas horas, Caputo se reuni\u00f3 primero en horas de la ma\u00f1ana con Milei, cuando particip\u00f3 en la Casa Rosada de la reuni\u00f3n de Gabinete y luego, a las 15, repas\u00f3 con el presidente los detalles de los temas en los que avanz\u00f3 junto a sus colaboradores.<\/p>\n<p>El ministro de Econom\u00eda tambi\u00e9n se reuni\u00f3 con\u00a0<strong>el designado secretario de Hacienda, Carlos Guberman<\/strong>, quien tendr\u00e1 a su cargo la reducci\u00f3n del d\u00e9ficit fiscal y el reparto de fondos desde el gobierno Nacional a las provincias .<\/p>\n<p>Seg\u00fan estimaciones de la consultora Invecq,\u00a0<strong>el gobierno de Alberto Fern\u00e1ndez y Cristina Kirchner dej\u00f3 un d\u00e9ficit fiscal total del 6% del PBI,<\/strong>\u00a0cuatro puntos por encima del 1,9% que se hab\u00eda convenido en marzo del a\u00f1o pasado con el Fondo Monetario Internacional (FMI) cuando renegociaron las deuda de US$ 44.000 millones.<\/p>\n<p>El presidente Milei anunci\u00f3 el domingo una fuerte restricci\u00f3n del d\u00e9ficit fiscal porque \u201cno hay m\u00e1s plata\u201d para gastar.\u00a0Por esto llam\u00f3 a una dr\u00e1stica reducci\u00f3n de organismos del Estado, la revisi\u00f3n de los contratos efectuados en el \u00faltimo a\u00f1o, y privatizar varias empresas en manos p\u00fablicas.<\/p>\n<figure class=\"mb-3\"><img decoding=\"async\" class=\" lazy \" src=\"https:\/\/www.telam.com.ar\/thumbs\/bluesteel\/advf\/imagenes\/2023\/12\/657799995a4e2_1200.jpg\" alt=\"Milei al arribar a Casa Rosada Foto Osvaldo Fanton\" width=\"100%\" height=\"100%\" \/><\/p>\n<div class=\"media-icons\"><\/div><figcaption>Milei al arribar a Casa Rosada \/ Foto: Osvaldo Fanton.<\/figcaption><\/figure>\n<p><strong>El vocero presidencial, Manuel Adorni<\/strong>, explic\u00f3 este lunes que las medidas apuntan a \u00abresolver problemas muy estructurales\u00bb, debido a que se \u00abtermin\u00f3 eso de gastar m\u00e1s de lo que se tiene\u00bb.<\/p>\n<p>M\u00e1s all\u00e1 de estas declaraciones,\u00a0<strong>Caputo tambi\u00e9n se reuni\u00f3 con su secretario de Finanzas, Pablo Quirno,<\/strong>\u00a0con quien debe enfrentar no solo esa deuda con el FMI, sino tambi\u00e9n los otros compromisos que mantiene el Estado Nacional .<\/p>\n<blockquote class=\"\"><p>Hasta octubre, \u00faltimo dato oficial, la deuda del Estado Nacional hab\u00eda alcanzado la cifra r\u00e9cord de US$ 416.812 millones, con un aument\u00f3 US$12.680 millones respecto a septiembre<\/p><\/blockquote>\n<p>Seg\u00fan el \u00faltimo informe del ministerio de Econom\u00eda, con esta suba, el promedio de aumento mensual alcanz\u00f3 a US$ 2.740 millones en los \u00faltimos 12 meses, contra los US$ 2.000 que ven\u00eda manteniendo hasta junio.<\/p>\n<p>A estos pasivos\u00a0<strong>se le deben sumar los US$ 30.000 millones que posee el Banco Central<\/strong>\u00a0y eventualmente los US$ 16.000 millones por el fallo en contra de la justicia norteamericana por la forma en que se estatiz\u00f3 YPF<\/p>\n<p>S\u00f3lo entre diciembre y abril inclusive, el ministerio de Econom\u00eda deba hacer frente a vencimientos por $ 22,3 billones y US% 18.513 millones, la mitad de ellos con el Fondo Monetario Internacional, seg\u00fan datos de la oficina de Presupuesto del Congreso.<\/p>\n<p>Milei destac\u00f3 cuando fue electo que Caputo trabaja en \u201cla ingenier\u00eda financiera\u201d para lograr un pr\u00e9stamo para rescatar los US$ 30.000 millones que el Banco Central adeuda en concepto de Leliqs y con eso levantar el cepo cambiario y regularizar la econom\u00eda.<\/p>\n<p><strong>\u201cNosotros lo que vamos a arrancar es con la reforma del Estado<\/strong>\u00a0y solucionar el problema de las Leliqs. Esos son los dos problemas que hay que resolver de manera urgente\u201d, dijo Milei .<\/p>\n<p>El n\u00facleo duro del equipo liderado por Caputo est\u00e1 integrado por Pablo Quirno como secretario de Finanzas; Jos\u00e9 Garc\u00eda Hamilton, secretario Legal y Administrativo; Carlos Guberman, secretario de Hacienda; Joaqu\u00edn Cottani, secretario de Pol\u00ectica Econ\u00f3mica; Leonardo Madcur, representante argentino ante el Fondo Monetario Internacional, y los asesores Federico Furiase y Mart\u00edn Vauthier, entre otros colaboradores.<\/p>\n","protected":false},"excerpt":{"rendered":"<p>El ministro de Econom\u00eda mantuvo varios encuentros de trabajo, incluida una reuni\u00f3n con el Presidente Javier Milei. Adem\u00e1s, se espera que se concrete el reemplazo de Miguel Pesce al frente del Banco Central, por el designado Santiago Bausilli.<\/p>\n","protected":false},"author":3,"featured_media":0,"comment_status":"closed","ping_status":"closed","sticky":false,"template":"","format":"standard","meta":{"footnotes":""},"categories":[36],"tags":[],"class_list":["post-96296","post","type-post","status-publish","format-standard","hentry","category-economia"],"yoast_head":"<!-- This site is optimized with the Yoast SEO plugin v25.9 - https:\/\/yoast.com\/wordpress\/plugins\/seo\/ -->\n<title>Caputo realiza su primer anuncio como ministro con un paquete de medidas econ\u00f3micas - Noticias Radio Reflejos<\/title>\n<meta name=\"robots\" content=\"index, follow, max-snippet:-1, max-image-preview:large, max-video-preview:-1\" \/>\n<link rel=\"canonical\" href=\"https:\/\/www.noticiasradioreflejos.com.ar\/2021\/caputo-realiza-su-primer-anuncio-como-ministro-con-un-paquete-de-medidas-economicas\/\" \/>\n<meta property=\"og:locale\" content=\"es_ES\" \/>\n<meta property=\"og:type\" content=\"article\" \/>\n<meta property=\"og:title\" content=\"Caputo realiza su primer anuncio como ministro con un paquete de medidas econ\u00f3micas - Noticias Radio Reflejos\" \/>\n<meta property=\"og:description\" content=\"El ministro de Econom\u00eda mantuvo varios encuentros de trabajo, incluida una reuni\u00f3n con el Presidente Javier Milei. Adem\u00e1s, se espera que se concrete el reemplazo de Miguel Pesce al frente del Banco Central, por el designado Santiago Bausilli.\" \/>\n<meta property=\"og:url\" content=\"https:\/\/www.noticiasradioreflejos.com.ar\/2021\/caputo-realiza-su-primer-anuncio-como-ministro-con-un-paquete-de-medidas-economicas\/\" \/>\n<meta property=\"og:site_name\" content=\"Noticias Radio Reflejos\" \/>\n<meta property=\"article:published_time\" content=\"2023-12-12T11:45:45+00:00\" \/>\n<meta property=\"og:image\" content=\"https:\/\/www.telam.com.ar\/thumbs\/bluesteel\/advf\/imagenes\/2023\/12\/657799995a4e2_1200.jpg\" \/>\n<meta name=\"author\" content=\"Arnaldo Botto\" \/>\n<meta name=\"twitter:card\" content=\"summary_large_image\" \/>\n<script type=\"application\/ld+json\" class=\"yoast-schema-graph\">{\"@context\":\"https:\/\/schema.org\",\"@graph\":[{\"@type\":\"WebPage\",\"@id\":\"https:\/\/www.noticiasradioreflejos.com.ar\/2021\/caputo-realiza-su-primer-anuncio-como-ministro-con-un-paquete-de-medidas-economicas\/\",\"url\":\"https:\/\/www.noticiasradioreflejos.com.ar\/2021\/caputo-realiza-su-primer-anuncio-como-ministro-con-un-paquete-de-medidas-economicas\/\",\"name\":\"Caputo realiza su primer anuncio como ministro con un paquete de medidas econ\u00f3micas - Noticias Radio Reflejos\",\"isPartOf\":{\"@id\":\"https:\/\/www.noticiasradioreflejos.com.ar\/2021\/#website\"},\"primaryImageOfPage\":{\"@id\":\"https:\/\/www.noticiasradioreflejos.com.ar\/2021\/caputo-realiza-su-primer-anuncio-como-ministro-con-un-paquete-de-medidas-economicas\/#primaryimage\"},\"image\":{\"@id\":\"https:\/\/www.noticiasradioreflejos.com.ar\/2021\/caputo-realiza-su-primer-anuncio-como-ministro-con-un-paquete-de-medidas-economicas\/#primaryimage\"},\"thumbnailUrl\":\"https:\/\/www.telam.com.ar\/thumbs\/bluesteel\/advf\/imagenes\/2023\/12\/657799995a4e2_1200.jpg\",\"datePublished\":\"2023-12-12T11:45:45+00:00\",\"author\":{\"@id\":\"https:\/\/www.noticiasradioreflejos.com.ar\/2021\/#\/schema\/person\/ad82545263dcc5ec0996818884fd5fb1\"},\"breadcrumb\":{\"@id\":\"https:\/\/www.noticiasradioreflejos.com.ar\/2021\/caputo-realiza-su-primer-anuncio-como-ministro-con-un-paquete-de-medidas-economicas\/#breadcrumb\"},\"inLanguage\":\"es\",\"potentialAction\":[{\"@type\":\"ReadAction\",\"target\":[\"https:\/\/www.noticiasradioreflejos.com.ar\/2021\/caputo-realiza-su-primer-anuncio-como-ministro-con-un-paquete-de-medidas-economicas\/\"]}]},{\"@type\":\"ImageObject\",\"inLanguage\":\"es\",\"@id\":\"https:\/\/www.noticiasradioreflejos.com.ar\/2021\/caputo-realiza-su-primer-anuncio-como-ministro-con-un-paquete-de-medidas-economicas\/#primaryimage\",\"url\":\"https:\/\/www.telam.com.ar\/thumbs\/bluesteel\/advf\/imagenes\/2023\/12\/657799995a4e2_1200.jpg\",\"contentUrl\":\"https:\/\/www.telam.com.ar\/thumbs\/bluesteel\/advf\/imagenes\/2023\/12\/657799995a4e2_1200.jpg\"},{\"@type\":\"BreadcrumbList\",\"@id\":\"https:\/\/www.noticiasradioreflejos.com.ar\/2021\/caputo-realiza-su-primer-anuncio-como-ministro-con-un-paquete-de-medidas-economicas\/#breadcrumb\",\"itemListElement\":[{\"@type\":\"ListItem\",\"position\":1,\"name\":\"Portada\",\"item\":\"https:\/\/www.noticiasradioreflejos.com.ar\/2021\/\"},{\"@type\":\"ListItem\",\"position\":2,\"name\":\"Caputo realiza su primer anuncio como ministro con un paquete de medidas econ\u00f3micas\"}]},{\"@type\":\"WebSite\",\"@id\":\"https:\/\/www.noticiasradioreflejos.com.ar\/2021\/#website\",\"url\":\"https:\/\/www.noticiasradioreflejos.com.ar\/2021\/\",\"name\":\"Noticias Radio Reflejos\",\"description\":\"Las noticias de mi comarca\",\"potentialAction\":[{\"@type\":\"SearchAction\",\"target\":{\"@type\":\"EntryPoint\",\"urlTemplate\":\"https:\/\/www.noticiasradioreflejos.com.ar\/2021\/?s={search_term_string}\"},\"query-input\":{\"@type\":\"PropertyValueSpecification\",\"valueRequired\":true,\"valueName\":\"search_term_string\"}}],\"inLanguage\":\"es\"},{\"@type\":\"Person\",\"@id\":\"https:\/\/www.noticiasradioreflejos.com.ar\/2021\/#\/schema\/person\/ad82545263dcc5ec0996818884fd5fb1\",\"name\":\"Arnaldo Botto\",\"image\":{\"@type\":\"ImageObject\",\"inLanguage\":\"es\",\"@id\":\"https:\/\/www.noticiasradioreflejos.com.ar\/2021\/#\/schema\/person\/image\/\",\"url\":\"https:\/\/secure.gravatar.com\/avatar\/55cb5e37c1efa326397366e6974cb338056df65cb50e7d64d1cf314e87504837?s=96&d=mm&r=g\",\"contentUrl\":\"https:\/\/secure.gravatar.com\/avatar\/55cb5e37c1efa326397366e6974cb338056df65cb50e7d64d1cf314e87504837?s=96&d=mm&r=g\",\"caption\":\"Arnaldo Botto\"},\"url\":\"https:\/\/www.noticiasradioreflejos.com.ar\/2021\/author\/arnaldo\/\"}]}<\/script>\n<!-- \/ Yoast SEO plugin. -->","yoast_head_json":{"title":"Caputo realiza su primer anuncio como ministro con un paquete de medidas econ\u00f3micas - Noticias Radio Reflejos","robots":{"index":"index","follow":"follow","max-snippet":"max-snippet:-1","max-image-preview":"max-image-preview:large","max-video-preview":"max-video-preview:-1"},"canonical":"https:\/\/www.noticiasradioreflejos.com.ar\/2021\/caputo-realiza-su-primer-anuncio-como-ministro-con-un-paquete-de-medidas-economicas\/","og_locale":"es_ES","og_type":"article","og_title":"Caputo realiza su primer anuncio como ministro con un paquete de medidas econ\u00f3micas - Noticias Radio Reflejos","og_description":"El ministro de Econom\u00eda mantuvo varios encuentros de trabajo, incluida una reuni\u00f3n con el Presidente Javier Milei. Adem\u00e1s, se espera que se concrete el reemplazo de Miguel Pesce al frente del Banco Central, por el designado Santiago Bausilli.","og_url":"https:\/\/www.noticiasradioreflejos.com.ar\/2021\/caputo-realiza-su-primer-anuncio-como-ministro-con-un-paquete-de-medidas-economicas\/","og_site_name":"Noticias Radio Reflejos","article_published_time":"2023-12-12T11:45:45+00:00","og_image":[{"url":"https:\/\/www.telam.com.ar\/thumbs\/bluesteel\/advf\/imagenes\/2023\/12\/657799995a4e2_1200.jpg","type":"","width":"","height":""}],"author":"Arnaldo Botto","twitter_card":"summary_large_image","schema":{"@context":"https:\/\/schema.org","@graph":[{"@type":"WebPage","@id":"https:\/\/www.noticiasradioreflejos.com.ar\/2021\/caputo-realiza-su-primer-anuncio-como-ministro-con-un-paquete-de-medidas-economicas\/","url":"https:\/\/www.noticiasradioreflejos.com.ar\/2021\/caputo-realiza-su-primer-anuncio-como-ministro-con-un-paquete-de-medidas-economicas\/","name":"Caputo realiza su primer anuncio como ministro con un paquete de medidas econ\u00f3micas - Noticias Radio Reflejos","isPartOf":{"@id":"https:\/\/www.noticiasradioreflejos.com.ar\/2021\/#website"},"primaryImageOfPage":{"@id":"https:\/\/www.noticiasradioreflejos.com.ar\/2021\/caputo-realiza-su-primer-anuncio-como-ministro-con-un-paquete-de-medidas-economicas\/#primaryimage"},"image":{"@id":"https:\/\/www.noticiasradioreflejos.com.ar\/2021\/caputo-realiza-su-primer-anuncio-como-ministro-con-un-paquete-de-medidas-economicas\/#primaryimage"},"thumbnailUrl":"https:\/\/www.telam.com.ar\/thumbs\/bluesteel\/advf\/imagenes\/2023\/12\/657799995a4e2_1200.jpg","datePublished":"2023-12-12T11:45:45+00:00","author":{"@id":"https:\/\/www.noticiasradioreflejos.com.ar\/2021\/#\/schema\/person\/ad82545263dcc5ec0996818884fd5fb1"},"breadcrumb":{"@id":"https:\/\/www.noticiasradioreflejos.com.ar\/2021\/caputo-realiza-su-primer-anuncio-como-ministro-con-un-paquete-de-medidas-economicas\/#breadcrumb"},"inLanguage":"es","potentialAction":[{"@type":"ReadAction","target":["https:\/\/www.noticiasradioreflejos.com.ar\/2021\/caputo-realiza-su-primer-anuncio-como-ministro-con-un-paquete-de-medidas-economicas\/"]}]},{"@type":"ImageObject","inLanguage":"es","@id":"https:\/\/www.noticiasradioreflejos.com.ar\/2021\/caputo-realiza-su-primer-anuncio-como-ministro-con-un-paquete-de-medidas-economicas\/#primaryimage","url":"https:\/\/www.telam.com.ar\/thumbs\/bluesteel\/advf\/imagenes\/2023\/12\/657799995a4e2_1200.jpg","contentUrl":"https:\/\/www.telam.com.ar\/thumbs\/bluesteel\/advf\/imagenes\/2023\/12\/657799995a4e2_1200.jpg"},{"@type":"BreadcrumbList","@id":"https:\/\/www.noticiasradioreflejos.com.ar\/2021\/caputo-realiza-su-primer-anuncio-como-ministro-con-un-paquete-de-medidas-economicas\/#breadcrumb","itemListElement":[{"@type":"ListItem","position":1,"name":"Portada","item":"https:\/\/www.noticiasradioreflejos.com.ar\/2021\/"},{"@type":"ListItem","position":2,"name":"Caputo realiza su primer anuncio como ministro con un paquete de medidas econ\u00f3micas"}]},{"@type":"WebSite","@id":"https:\/\/www.noticiasradioreflejos.com.ar\/2021\/#website","url":"https:\/\/www.noticiasradioreflejos.com.ar\/2021\/","name":"Noticias Radio Reflejos","description":"Las noticias de mi comarca","potentialAction":[{"@type":"SearchAction","target":{"@type":"EntryPoint","urlTemplate":"https:\/\/www.noticiasradioreflejos.com.ar\/2021\/?s={search_term_string}"},"query-input":{"@type":"PropertyValueSpecification","valueRequired":true,"valueName":"search_term_string"}}],"inLanguage":"es"},{"@type":"Person","@id":"https:\/\/www.noticiasradioreflejos.com.ar\/2021\/#\/schema\/person\/ad82545263dcc5ec0996818884fd5fb1","name":"Arnaldo Botto","image":{"@type":"ImageObject","inLanguage":"es","@id":"https:\/\/www.noticiasradioreflejos.com.ar\/2021\/#\/schema\/person\/image\/","url":"https:\/\/secure.gravatar.com\/avatar\/55cb5e37c1efa326397366e6974cb338056df65cb50e7d64d1cf314e87504837?s=96&d=mm&r=g","contentUrl":"https:\/\/secure.gravatar.com\/avatar\/55cb5e37c1efa326397366e6974cb338056df65cb50e7d64d1cf314e87504837?s=96&d=mm&r=g","caption":"Arnaldo Botto"},"url":"https:\/\/www.noticiasradioreflejos.com.ar\/2021\/author\/arnaldo\/"}]}},"_links":{"self":[{"href":"https:\/\/www.noticiasradioreflejos.com.ar\/2021\/wp-json\/wp\/v2\/posts\/96296","targetHints":{"allow":["GET"]}}],"collection":[{"href":"https:\/\/www.noticiasradioreflejos.com.ar\/2021\/wp-json\/wp\/v2\/posts"}],"about":[{"href":"https:\/\/www.noticiasradioreflejos.com.ar\/2021\/wp-json\/wp\/v2\/types\/post"}],"author":[{"embeddable":true,"href":"https:\/\/www.noticiasradioreflejos.com.ar\/2021\/wp-json\/wp\/v2\/users\/3"}],"replies":[{"embeddable":true,"href":"https:\/\/www.noticiasradioreflejos.com.ar\/2021\/wp-json\/wp\/v2\/comments?post=96296"}],"version-history":[{"count":1,"href":"https:\/\/www.noticiasradioreflejos.com.ar\/2021\/wp-json\/wp\/v2\/posts\/96296\/revisions"}],"predecessor-version":[{"id":96298,"href":"https:\/\/www.noticiasradioreflejos.com.ar\/2021\/wp-json\/wp\/v2\/posts\/96296\/revisions\/96298"}],"wp:attachment":[{"href":"https:\/\/www.noticiasradioreflejos.com.ar\/2021\/wp-json\/wp\/v2\/media?parent=96296"}],"wp:term":[{"taxonomy":"category","embeddable":true,"href":"https:\/\/www.noticiasradioreflejos.com.ar\/2021\/wp-json\/wp\/v2\/categories?post=96296"},{"taxonomy":"post_tag","embeddable":true,"href":"https:\/\/www.noticiasradioreflejos.com.ar\/2021\/wp-json\/wp\/v2\/tags?post=96296"}],"curies":[{"name":"wp","href":"https:\/\/api.w.org\/{rel}","templated":true}]}}