{"id":96294,"date":"2023-12-12T10:48:53","date_gmt":"2023-12-12T10:48:53","guid":{"rendered":"https:\/\/www.noticiasradioreflejos.com.ar\/2021\/?p=96294"},"modified":"2023-12-12T10:48:53","modified_gmt":"2023-12-12T10:48:53","slug":"culminaron-los-trabajos-de-la-ampliacion-de-la-sub-estacion-transformadora-de-transba-en-tornquist","status":"publish","type":"post","link":"https:\/\/www.noticiasradioreflejos.com.ar\/2021\/culminaron-los-trabajos-de-la-ampliacion-de-la-sub-estacion-transformadora-de-transba-en-tornquist\/","title":{"rendered":"Culminaron los trabajos de la ampliaci\u00f3n de la sub estaci\u00f3n transformadora de TRANSBA en TORNQUIST"},"content":{"rendered":"<p>COOPERSIVE informa a la poblaci\u00f3n y asociados que han culminado los trabajos de cambio del transformador en la Sub Estaci\u00f3n Transformadora de TRANSBA sita en Tornquist, lo que ha duplicado la potencia de abastecimiento al nodo Ventana (pasando de 15 a 30 Mv).<!--more--><\/p>\n<p>En la ma\u00f1ana de hoy, entre las 6:40 y 6:50 horas, se efectu\u00f3 un corte general de energ\u00eda que permiti\u00f3 efectuar las maniobras necesarias para volver a ser abastecidos desde dicha localidad.<\/p>\n<p>&nbsp;<\/p>\n<p>Sepan nuestros asociados disculpar las molestias ocasionadas por este corte.<\/p>\n<p>&nbsp;<\/p>\n<p>&nbsp;<\/p>\n<p>&nbsp;<\/p>\n<p>Consejo de Administraci\u00f3n<\/p>\n<p>12-dic-2023<\/p>\n<p>&nbsp;<\/p>\n","protected":false},"excerpt":{"rendered":"<p>COOPERSIVE informa a la poblaci\u00f3n y asociados que han culminado los trabajos de cambio del transformador en la Sub Estaci\u00f3n Transformadora de TRANSBA sita en Tornquist, lo que ha duplicado la potencia de abastecimiento al nodo Ventana (pasando de 15 a 30 Mv).<\/p>\n","protected":false},"author":3,"featured_media":0,"comment_status":"closed","ping_status":"closed","sticky":false,"template":"","format":"standard","meta":{"footnotes":""},"categories":[26],"tags":[],"class_list":["post-96294","post","type-post","status-publish","format-standard","hentry","category-sociedad"],"yoast_head":"<!-- This site is optimized with the Yoast SEO plugin v25.9 - https:\/\/yoast.com\/wordpress\/plugins\/seo\/ -->\n<title>Culminaron los trabajos de la ampliaci\u00f3n de la sub estaci\u00f3n transformadora de TRANSBA en TORNQUIST - Noticias Radio Reflejos<\/title>\n<meta name=\"robots\" content=\"index, follow, max-snippet:-1, max-image-preview:large, max-video-preview:-1\" \/>\n<link rel=\"canonical\" href=\"https:\/\/www.noticiasradioreflejos.com.ar\/2021\/culminaron-los-trabajos-de-la-ampliacion-de-la-sub-estacion-transformadora-de-transba-en-tornquist\/\" \/>\n<meta property=\"og:locale\" content=\"es_ES\" \/>\n<meta property=\"og:type\" content=\"article\" \/>\n<meta property=\"og:title\" content=\"Culminaron los trabajos de la ampliaci\u00f3n de la sub estaci\u00f3n transformadora de TRANSBA en TORNQUIST - Noticias Radio Reflejos\" \/>\n<meta property=\"og:description\" content=\"COOPERSIVE informa a la poblaci\u00f3n y asociados que han culminado los trabajos de cambio del transformador en la Sub Estaci\u00f3n Transformadora de TRANSBA sita en Tornquist, lo que ha duplicado la potencia de abastecimiento al nodo Ventana (pasando de 15 a 30 Mv).\" \/>\n<meta property=\"og:url\" content=\"https:\/\/www.noticiasradioreflejos.com.ar\/2021\/culminaron-los-trabajos-de-la-ampliacion-de-la-sub-estacion-transformadora-de-transba-en-tornquist\/\" \/>\n<meta property=\"og:site_name\" content=\"Noticias Radio Reflejos\" \/>\n<meta property=\"article:published_time\" content=\"2023-12-12T10:48:53+00:00\" \/>\n<meta property=\"og:image\" content=\"https:\/\/www.noticiasradioreflejos.com.ar\/2021\/wp-content\/uploads\/2023\/10\/Coopersive-75-aniv.png\" \/>\n\t<meta property=\"og:image:width\" content=\"937\" \/>\n\t<meta property=\"og:image:height\" content=\"505\" \/>\n\t<meta property=\"og:image:type\" content=\"image\/png\" \/>\n<meta name=\"author\" content=\"Arnaldo Botto\" \/>\n<meta name=\"twitter:card\" content=\"summary_large_image\" \/>\n<script type=\"application\/ld+json\" class=\"yoast-schema-graph\">{\"@context\":\"https:\/\/schema.org\",\"@graph\":[{\"@type\":\"WebPage\",\"@id\":\"https:\/\/www.noticiasradioreflejos.com.ar\/2021\/culminaron-los-trabajos-de-la-ampliacion-de-la-sub-estacion-transformadora-de-transba-en-tornquist\/\",\"url\":\"https:\/\/www.noticiasradioreflejos.com.ar\/2021\/culminaron-los-trabajos-de-la-ampliacion-de-la-sub-estacion-transformadora-de-transba-en-tornquist\/\",\"name\":\"Culminaron los trabajos de la ampliaci\u00f3n de la sub estaci\u00f3n transformadora de TRANSBA en TORNQUIST - Noticias Radio Reflejos\",\"isPartOf\":{\"@id\":\"https:\/\/www.noticiasradioreflejos.com.ar\/2021\/#website\"},\"datePublished\":\"2023-12-12T10:48:53+00:00\",\"author\":{\"@id\":\"https:\/\/www.noticiasradioreflejos.com.ar\/2021\/#\/schema\/person\/ad82545263dcc5ec0996818884fd5fb1\"},\"breadcrumb\":{\"@id\":\"https:\/\/www.noticiasradioreflejos.com.ar\/2021\/culminaron-los-trabajos-de-la-ampliacion-de-la-sub-estacion-transformadora-de-transba-en-tornquist\/#breadcrumb\"},\"inLanguage\":\"es\",\"potentialAction\":[{\"@type\":\"ReadAction\",\"target\":[\"https:\/\/www.noticiasradioreflejos.com.ar\/2021\/culminaron-los-trabajos-de-la-ampliacion-de-la-sub-estacion-transformadora-de-transba-en-tornquist\/\"]}]},{\"@type\":\"BreadcrumbList\",\"@id\":\"https:\/\/www.noticiasradioreflejos.com.ar\/2021\/culminaron-los-trabajos-de-la-ampliacion-de-la-sub-estacion-transformadora-de-transba-en-tornquist\/#breadcrumb\",\"itemListElement\":[{\"@type\":\"ListItem\",\"position\":1,\"name\":\"Portada\",\"item\":\"https:\/\/www.noticiasradioreflejos.com.ar\/2021\/\"},{\"@type\":\"ListItem\",\"position\":2,\"name\":\"Culminaron los trabajos de la ampliaci\u00f3n de la sub estaci\u00f3n transformadora de TRANSBA en TORNQUIST\"}]},{\"@type\":\"WebSite\",\"@id\":\"https:\/\/www.noticiasradioreflejos.com.ar\/2021\/#website\",\"url\":\"https:\/\/www.noticiasradioreflejos.com.ar\/2021\/\",\"name\":\"Noticias Radio Reflejos\",\"description\":\"Las noticias de mi comarca\",\"potentialAction\":[{\"@type\":\"SearchAction\",\"target\":{\"@type\":\"EntryPoint\",\"urlTemplate\":\"https:\/\/www.noticiasradioreflejos.com.ar\/2021\/?s={search_term_string}\"},\"query-input\":{\"@type\":\"PropertyValueSpecification\",\"valueRequired\":true,\"valueName\":\"search_term_string\"}}],\"inLanguage\":\"es\"},{\"@type\":\"Person\",\"@id\":\"https:\/\/www.noticiasradioreflejos.com.ar\/2021\/#\/schema\/person\/ad82545263dcc5ec0996818884fd5fb1\",\"name\":\"Arnaldo Botto\",\"image\":{\"@type\":\"ImageObject\",\"inLanguage\":\"es\",\"@id\":\"https:\/\/www.noticiasradioreflejos.com.ar\/2021\/#\/schema\/person\/image\/\",\"url\":\"https:\/\/secure.gravatar.com\/avatar\/55cb5e37c1efa326397366e6974cb338056df65cb50e7d64d1cf314e87504837?s=96&d=mm&r=g\",\"contentUrl\":\"https:\/\/secure.gravatar.com\/avatar\/55cb5e37c1efa326397366e6974cb338056df65cb50e7d64d1cf314e87504837?s=96&d=mm&r=g\",\"caption\":\"Arnaldo Botto\"},\"url\":\"https:\/\/www.noticiasradioreflejos.com.ar\/2021\/author\/arnaldo\/\"}]}<\/script>\n<!-- \/ Yoast SEO plugin. -->","yoast_head_json":{"title":"Culminaron los trabajos de la ampliaci\u00f3n de la sub estaci\u00f3n transformadora de TRANSBA en TORNQUIST - Noticias Radio Reflejos","robots":{"index":"index","follow":"follow","max-snippet":"max-snippet:-1","max-image-preview":"max-image-preview:large","max-video-preview":"max-video-preview:-1"},"canonical":"https:\/\/www.noticiasradioreflejos.com.ar\/2021\/culminaron-los-trabajos-de-la-ampliacion-de-la-sub-estacion-transformadora-de-transba-en-tornquist\/","og_locale":"es_ES","og_type":"article","og_title":"Culminaron los trabajos de la ampliaci\u00f3n de la sub estaci\u00f3n transformadora de TRANSBA en TORNQUIST - Noticias Radio Reflejos","og_description":"COOPERSIVE informa a la poblaci\u00f3n y asociados que han culminado los trabajos de cambio del transformador en la Sub Estaci\u00f3n Transformadora de TRANSBA sita en Tornquist, lo que ha duplicado la potencia de abastecimiento al nodo Ventana (pasando de 15 a 30 Mv).","og_url":"https:\/\/www.noticiasradioreflejos.com.ar\/2021\/culminaron-los-trabajos-de-la-ampliacion-de-la-sub-estacion-transformadora-de-transba-en-tornquist\/","og_site_name":"Noticias Radio Reflejos","article_published_time":"2023-12-12T10:48:53+00:00","og_image":[{"width":937,"height":505,"url":"https:\/\/www.noticiasradioreflejos.com.ar\/2021\/wp-content\/uploads\/2023\/10\/Coopersive-75-aniv.png","type":"image\/png"}],"author":"Arnaldo Botto","twitter_card":"summary_large_image","schema":{"@context":"https:\/\/schema.org","@graph":[{"@type":"WebPage","@id":"https:\/\/www.noticiasradioreflejos.com.ar\/2021\/culminaron-los-trabajos-de-la-ampliacion-de-la-sub-estacion-transformadora-de-transba-en-tornquist\/","url":"https:\/\/www.noticiasradioreflejos.com.ar\/2021\/culminaron-los-trabajos-de-la-ampliacion-de-la-sub-estacion-transformadora-de-transba-en-tornquist\/","name":"Culminaron los trabajos de la ampliaci\u00f3n de la sub estaci\u00f3n transformadora de TRANSBA en TORNQUIST - Noticias Radio Reflejos","isPartOf":{"@id":"https:\/\/www.noticiasradioreflejos.com.ar\/2021\/#website"},"datePublished":"2023-12-12T10:48:53+00:00","author":{"@id":"https:\/\/www.noticiasradioreflejos.com.ar\/2021\/#\/schema\/person\/ad82545263dcc5ec0996818884fd5fb1"},"breadcrumb":{"@id":"https:\/\/www.noticiasradioreflejos.com.ar\/2021\/culminaron-los-trabajos-de-la-ampliacion-de-la-sub-estacion-transformadora-de-transba-en-tornquist\/#breadcrumb"},"inLanguage":"es","potentialAction":[{"@type":"ReadAction","target":["https:\/\/www.noticiasradioreflejos.com.ar\/2021\/culminaron-los-trabajos-de-la-ampliacion-de-la-sub-estacion-transformadora-de-transba-en-tornquist\/"]}]},{"@type":"BreadcrumbList","@id":"https:\/\/www.noticiasradioreflejos.com.ar\/2021\/culminaron-los-trabajos-de-la-ampliacion-de-la-sub-estacion-transformadora-de-transba-en-tornquist\/#breadcrumb","itemListElement":[{"@type":"ListItem","position":1,"name":"Portada","item":"https:\/\/www.noticiasradioreflejos.com.ar\/2021\/"},{"@type":"ListItem","position":2,"name":"Culminaron los trabajos de la ampliaci\u00f3n de la sub estaci\u00f3n transformadora de TRANSBA en TORNQUIST"}]},{"@type":"WebSite","@id":"https:\/\/www.noticiasradioreflejos.com.ar\/2021\/#website","url":"https:\/\/www.noticiasradioreflejos.com.ar\/2021\/","name":"Noticias Radio Reflejos","description":"Las noticias de mi comarca","potentialAction":[{"@type":"SearchAction","target":{"@type":"EntryPoint","urlTemplate":"https:\/\/www.noticiasradioreflejos.com.ar\/2021\/?s={search_term_string}"},"query-input":{"@type":"PropertyValueSpecification","valueRequired":true,"valueName":"search_term_string"}}],"inLanguage":"es"},{"@type":"Person","@id":"https:\/\/www.noticiasradioreflejos.com.ar\/2021\/#\/schema\/person\/ad82545263dcc5ec0996818884fd5fb1","name":"Arnaldo Botto","image":{"@type":"ImageObject","inLanguage":"es","@id":"https:\/\/www.noticiasradioreflejos.com.ar\/2021\/#\/schema\/person\/image\/","url":"https:\/\/secure.gravatar.com\/avatar\/55cb5e37c1efa326397366e6974cb338056df65cb50e7d64d1cf314e87504837?s=96&d=mm&r=g","contentUrl":"https:\/\/secure.gravatar.com\/avatar\/55cb5e37c1efa326397366e6974cb338056df65cb50e7d64d1cf314e87504837?s=96&d=mm&r=g","caption":"Arnaldo Botto"},"url":"https:\/\/www.noticiasradioreflejos.com.ar\/2021\/author\/arnaldo\/"}]}},"_links":{"self":[{"href":"https:\/\/www.noticiasradioreflejos.com.ar\/2021\/wp-json\/wp\/v2\/posts\/96294","targetHints":{"allow":["GET"]}}],"collection":[{"href":"https:\/\/www.noticiasradioreflejos.com.ar\/2021\/wp-json\/wp\/v2\/posts"}],"about":[{"href":"https:\/\/www.noticiasradioreflejos.com.ar\/2021\/wp-json\/wp\/v2\/types\/post"}],"author":[{"embeddable":true,"href":"https:\/\/www.noticiasradioreflejos.com.ar\/2021\/wp-json\/wp\/v2\/users\/3"}],"replies":[{"embeddable":true,"href":"https:\/\/www.noticiasradioreflejos.com.ar\/2021\/wp-json\/wp\/v2\/comments?post=96294"}],"version-history":[{"count":1,"href":"https:\/\/www.noticiasradioreflejos.com.ar\/2021\/wp-json\/wp\/v2\/posts\/96294\/revisions"}],"predecessor-version":[{"id":96295,"href":"https:\/\/www.noticiasradioreflejos.com.ar\/2021\/wp-json\/wp\/v2\/posts\/96294\/revisions\/96295"}],"wp:attachment":[{"href":"https:\/\/www.noticiasradioreflejos.com.ar\/2021\/wp-json\/wp\/v2\/media?parent=96294"}],"wp:term":[{"taxonomy":"category","embeddable":true,"href":"https:\/\/www.noticiasradioreflejos.com.ar\/2021\/wp-json\/wp\/v2\/categories?post=96294"},{"taxonomy":"post_tag","embeddable":true,"href":"https:\/\/www.noticiasradioreflejos.com.ar\/2021\/wp-json\/wp\/v2\/tags?post=96294"}],"curies":[{"name":"wp","href":"https:\/\/api.w.org\/{rel}","templated":true}]}}