{"id":96291,"date":"2023-12-11T23:21:37","date_gmt":"2023-12-11T23:21:37","guid":{"rendered":"https:\/\/www.noticiasradioreflejos.com.ar\/2021\/?p=96291"},"modified":"2023-12-11T23:21:37","modified_gmt":"2023-12-11T23:21:37","slug":"pedido-de-audiencia-urgente-de-las-farmacias-a-las-nuevas-autoridades-del-pami","status":"publish","type":"post","link":"https:\/\/www.noticiasradioreflejos.com.ar\/2021\/pedido-de-audiencia-urgente-de-las-farmacias-a-las-nuevas-autoridades-del-pami\/","title":{"rendered":"Pedido de audiencia \u201curgente\u201d de las farmacias a las nuevas autoridades del PAMI"},"content":{"rendered":"<p>La Federaci\u00f3n Argentina de C\u00e1maras de Farmacias (FACAF) junto a otras entidades con representaci\u00f3n en m\u00e1s de 14.000 farmacias en todo el pa\u00eds pidieron una audiencia \u201curgente\u201d con las nuevas autoridades del PAMI con la finalidad de abrir una instancia de di\u00e1logo y acci\u00f3n \u201cnecesaria\u201d para sostener los mecanismos operativos vigentes que \u201cgaranticen la continuidad del acceso de los adultos mayores a los medicamentos\u201d.<!--more--><\/p>\n<p>Desde la FACAF explicaron que enviaron una nota firmada junto a la COFA, AFMSRA, Asociaci\u00f3n Mutual Farmasur y FEFARA, al nuevo titular del PAMI solicitando una reuni\u00f3n porque resulta necesario \u201canalizar el actual escenario de la prestaci\u00f3n de medicamentos debido a los aumentos importantes de precios a fin de evitar el desabastecimiento y sostener con normalidad el desarrollo de los convenios vigentes\u201d.<\/p>\n<p>\u201cResulta muy importante llevar tranquilidad y previsibilidad a las farmacias prestadoras, as\u00ed como ofrecer nuestra mayor disposici\u00f3n para el trabajo conjunto en pos de que los beneficiarios del PAMI no se vean afectados en el acceso al medicamento, as\u00ed como la provisi\u00f3n de Pa\u00f1ales-HAD y campa\u00f1as de vacunaci\u00f3n\u201d.<\/p>\n","protected":false},"excerpt":{"rendered":"<p>La Federaci\u00f3n Argentina de C\u00e1maras de Farmacias (FACAF) junto a otras entidades con representaci\u00f3n en m\u00e1s de 14.000 farmacias en todo el pa\u00eds pidieron una audiencia \u201curgente\u201d con las nuevas autoridades del PAMI con la finalidad de abrir una instancia de di\u00e1logo y acci\u00f3n \u201cnecesaria\u201d para sostener los mecanismos operativos vigentes que \u201cgaranticen la continuidad [&hellip;]<\/p>\n","protected":false},"author":3,"featured_media":96292,"comment_status":"closed","ping_status":"closed","sticky":false,"template":"","format":"standard","meta":{"footnotes":""},"categories":[26],"tags":[],"class_list":["post-96291","post","type-post","status-publish","format-standard","has-post-thumbnail","hentry","category-sociedad"],"yoast_head":"<!-- This site is optimized with the Yoast SEO plugin v25.9 - https:\/\/yoast.com\/wordpress\/plugins\/seo\/ -->\n<title>Pedido de audiencia \u201curgente\u201d de las farmacias a las nuevas autoridades del PAMI - Noticias Radio Reflejos<\/title>\n<meta name=\"robots\" content=\"index, follow, max-snippet:-1, max-image-preview:large, max-video-preview:-1\" \/>\n<link rel=\"canonical\" href=\"https:\/\/www.noticiasradioreflejos.com.ar\/2021\/pedido-de-audiencia-urgente-de-las-farmacias-a-las-nuevas-autoridades-del-pami\/\" \/>\n<meta property=\"og:locale\" content=\"es_ES\" \/>\n<meta property=\"og:type\" content=\"article\" \/>\n<meta property=\"og:title\" content=\"Pedido de audiencia \u201curgente\u201d de las farmacias a las nuevas autoridades del PAMI - Noticias Radio Reflejos\" \/>\n<meta property=\"og:description\" content=\"La Federaci\u00f3n Argentina de C\u00e1maras de Farmacias (FACAF) junto a otras entidades con representaci\u00f3n en m\u00e1s de 14.000 farmacias en todo el pa\u00eds pidieron una audiencia \u201curgente\u201d con las nuevas autoridades del PAMI con la finalidad de abrir una instancia de di\u00e1logo y acci\u00f3n \u201cnecesaria\u201d para sostener los mecanismos operativos vigentes que \u201cgaranticen la continuidad [&hellip;]\" \/>\n<meta property=\"og:url\" content=\"https:\/\/www.noticiasradioreflejos.com.ar\/2021\/pedido-de-audiencia-urgente-de-las-farmacias-a-las-nuevas-autoridades-del-pami\/\" \/>\n<meta property=\"og:site_name\" content=\"Noticias Radio Reflejos\" \/>\n<meta property=\"article:published_time\" content=\"2023-12-11T23:21:37+00:00\" \/>\n<meta property=\"og:image\" content=\"https:\/\/www.noticiasradioreflejos.com.ar\/2021\/wp-content\/uploads\/2023\/12\/farmacias-que-cubre-pami.jpg\" \/>\n\t<meta property=\"og:image:width\" content=\"1496\" \/>\n\t<meta property=\"og:image:height\" content=\"950\" \/>\n\t<meta property=\"og:image:type\" content=\"image\/jpeg\" \/>\n<meta name=\"author\" content=\"Arnaldo Botto\" \/>\n<meta name=\"twitter:card\" content=\"summary_large_image\" \/>\n<script type=\"application\/ld+json\" class=\"yoast-schema-graph\">{\"@context\":\"https:\/\/schema.org\",\"@graph\":[{\"@type\":\"WebPage\",\"@id\":\"https:\/\/www.noticiasradioreflejos.com.ar\/2021\/pedido-de-audiencia-urgente-de-las-farmacias-a-las-nuevas-autoridades-del-pami\/\",\"url\":\"https:\/\/www.noticiasradioreflejos.com.ar\/2021\/pedido-de-audiencia-urgente-de-las-farmacias-a-las-nuevas-autoridades-del-pami\/\",\"name\":\"Pedido de audiencia \u201curgente\u201d de las farmacias a las nuevas autoridades del PAMI - Noticias Radio Reflejos\",\"isPartOf\":{\"@id\":\"https:\/\/www.noticiasradioreflejos.com.ar\/2021\/#website\"},\"primaryImageOfPage\":{\"@id\":\"https:\/\/www.noticiasradioreflejos.com.ar\/2021\/pedido-de-audiencia-urgente-de-las-farmacias-a-las-nuevas-autoridades-del-pami\/#primaryimage\"},\"image\":{\"@id\":\"https:\/\/www.noticiasradioreflejos.com.ar\/2021\/pedido-de-audiencia-urgente-de-las-farmacias-a-las-nuevas-autoridades-del-pami\/#primaryimage\"},\"thumbnailUrl\":\"https:\/\/www.noticiasradioreflejos.com.ar\/2021\/wp-content\/uploads\/2023\/12\/farmacias-que-cubre-pami.jpg\",\"datePublished\":\"2023-12-11T23:21:37+00:00\",\"author\":{\"@id\":\"https:\/\/www.noticiasradioreflejos.com.ar\/2021\/#\/schema\/person\/ad82545263dcc5ec0996818884fd5fb1\"},\"breadcrumb\":{\"@id\":\"https:\/\/www.noticiasradioreflejos.com.ar\/2021\/pedido-de-audiencia-urgente-de-las-farmacias-a-las-nuevas-autoridades-del-pami\/#breadcrumb\"},\"inLanguage\":\"es\",\"potentialAction\":[{\"@type\":\"ReadAction\",\"target\":[\"https:\/\/www.noticiasradioreflejos.com.ar\/2021\/pedido-de-audiencia-urgente-de-las-farmacias-a-las-nuevas-autoridades-del-pami\/\"]}]},{\"@type\":\"ImageObject\",\"inLanguage\":\"es\",\"@id\":\"https:\/\/www.noticiasradioreflejos.com.ar\/2021\/pedido-de-audiencia-urgente-de-las-farmacias-a-las-nuevas-autoridades-del-pami\/#primaryimage\",\"url\":\"https:\/\/www.noticiasradioreflejos.com.ar\/2021\/wp-content\/uploads\/2023\/12\/farmacias-que-cubre-pami.jpg\",\"contentUrl\":\"https:\/\/www.noticiasradioreflejos.com.ar\/2021\/wp-content\/uploads\/2023\/12\/farmacias-que-cubre-pami.jpg\",\"width\":1496,\"height\":950},{\"@type\":\"BreadcrumbList\",\"@id\":\"https:\/\/www.noticiasradioreflejos.com.ar\/2021\/pedido-de-audiencia-urgente-de-las-farmacias-a-las-nuevas-autoridades-del-pami\/#breadcrumb\",\"itemListElement\":[{\"@type\":\"ListItem\",\"position\":1,\"name\":\"Portada\",\"item\":\"https:\/\/www.noticiasradioreflejos.com.ar\/2021\/\"},{\"@type\":\"ListItem\",\"position\":2,\"name\":\"Pedido de audiencia \u201curgente\u201d de las farmacias a las nuevas autoridades del PAMI\"}]},{\"@type\":\"WebSite\",\"@id\":\"https:\/\/www.noticiasradioreflejos.com.ar\/2021\/#website\",\"url\":\"https:\/\/www.noticiasradioreflejos.com.ar\/2021\/\",\"name\":\"Noticias Radio Reflejos\",\"description\":\"Las noticias de mi comarca\",\"potentialAction\":[{\"@type\":\"SearchAction\",\"target\":{\"@type\":\"EntryPoint\",\"urlTemplate\":\"https:\/\/www.noticiasradioreflejos.com.ar\/2021\/?s={search_term_string}\"},\"query-input\":{\"@type\":\"PropertyValueSpecification\",\"valueRequired\":true,\"valueName\":\"search_term_string\"}}],\"inLanguage\":\"es\"},{\"@type\":\"Person\",\"@id\":\"https:\/\/www.noticiasradioreflejos.com.ar\/2021\/#\/schema\/person\/ad82545263dcc5ec0996818884fd5fb1\",\"name\":\"Arnaldo Botto\",\"image\":{\"@type\":\"ImageObject\",\"inLanguage\":\"es\",\"@id\":\"https:\/\/www.noticiasradioreflejos.com.ar\/2021\/#\/schema\/person\/image\/\",\"url\":\"https:\/\/secure.gravatar.com\/avatar\/55cb5e37c1efa326397366e6974cb338056df65cb50e7d64d1cf314e87504837?s=96&d=mm&r=g\",\"contentUrl\":\"https:\/\/secure.gravatar.com\/avatar\/55cb5e37c1efa326397366e6974cb338056df65cb50e7d64d1cf314e87504837?s=96&d=mm&r=g\",\"caption\":\"Arnaldo Botto\"},\"url\":\"https:\/\/www.noticiasradioreflejos.com.ar\/2021\/author\/arnaldo\/\"}]}<\/script>\n<!-- \/ Yoast SEO plugin. -->","yoast_head_json":{"title":"Pedido de audiencia \u201curgente\u201d de las farmacias a las nuevas autoridades del PAMI - Noticias Radio Reflejos","robots":{"index":"index","follow":"follow","max-snippet":"max-snippet:-1","max-image-preview":"max-image-preview:large","max-video-preview":"max-video-preview:-1"},"canonical":"https:\/\/www.noticiasradioreflejos.com.ar\/2021\/pedido-de-audiencia-urgente-de-las-farmacias-a-las-nuevas-autoridades-del-pami\/","og_locale":"es_ES","og_type":"article","og_title":"Pedido de audiencia \u201curgente\u201d de las farmacias a las nuevas autoridades del PAMI - Noticias Radio Reflejos","og_description":"La Federaci\u00f3n Argentina de C\u00e1maras de Farmacias (FACAF) junto a otras entidades con representaci\u00f3n en m\u00e1s de 14.000 farmacias en todo el pa\u00eds pidieron una audiencia \u201curgente\u201d con las nuevas autoridades del PAMI con la finalidad de abrir una instancia de di\u00e1logo y acci\u00f3n \u201cnecesaria\u201d para sostener los mecanismos operativos vigentes que \u201cgaranticen la continuidad [&hellip;]","og_url":"https:\/\/www.noticiasradioreflejos.com.ar\/2021\/pedido-de-audiencia-urgente-de-las-farmacias-a-las-nuevas-autoridades-del-pami\/","og_site_name":"Noticias Radio Reflejos","article_published_time":"2023-12-11T23:21:37+00:00","og_image":[{"width":1496,"height":950,"url":"https:\/\/www.noticiasradioreflejos.com.ar\/2021\/wp-content\/uploads\/2023\/12\/farmacias-que-cubre-pami.jpg","type":"image\/jpeg"}],"author":"Arnaldo Botto","twitter_card":"summary_large_image","schema":{"@context":"https:\/\/schema.org","@graph":[{"@type":"WebPage","@id":"https:\/\/www.noticiasradioreflejos.com.ar\/2021\/pedido-de-audiencia-urgente-de-las-farmacias-a-las-nuevas-autoridades-del-pami\/","url":"https:\/\/www.noticiasradioreflejos.com.ar\/2021\/pedido-de-audiencia-urgente-de-las-farmacias-a-las-nuevas-autoridades-del-pami\/","name":"Pedido de audiencia \u201curgente\u201d de las farmacias a las nuevas autoridades del PAMI - Noticias Radio Reflejos","isPartOf":{"@id":"https:\/\/www.noticiasradioreflejos.com.ar\/2021\/#website"},"primaryImageOfPage":{"@id":"https:\/\/www.noticiasradioreflejos.com.ar\/2021\/pedido-de-audiencia-urgente-de-las-farmacias-a-las-nuevas-autoridades-del-pami\/#primaryimage"},"image":{"@id":"https:\/\/www.noticiasradioreflejos.com.ar\/2021\/pedido-de-audiencia-urgente-de-las-farmacias-a-las-nuevas-autoridades-del-pami\/#primaryimage"},"thumbnailUrl":"https:\/\/www.noticiasradioreflejos.com.ar\/2021\/wp-content\/uploads\/2023\/12\/farmacias-que-cubre-pami.jpg","datePublished":"2023-12-11T23:21:37+00:00","author":{"@id":"https:\/\/www.noticiasradioreflejos.com.ar\/2021\/#\/schema\/person\/ad82545263dcc5ec0996818884fd5fb1"},"breadcrumb":{"@id":"https:\/\/www.noticiasradioreflejos.com.ar\/2021\/pedido-de-audiencia-urgente-de-las-farmacias-a-las-nuevas-autoridades-del-pami\/#breadcrumb"},"inLanguage":"es","potentialAction":[{"@type":"ReadAction","target":["https:\/\/www.noticiasradioreflejos.com.ar\/2021\/pedido-de-audiencia-urgente-de-las-farmacias-a-las-nuevas-autoridades-del-pami\/"]}]},{"@type":"ImageObject","inLanguage":"es","@id":"https:\/\/www.noticiasradioreflejos.com.ar\/2021\/pedido-de-audiencia-urgente-de-las-farmacias-a-las-nuevas-autoridades-del-pami\/#primaryimage","url":"https:\/\/www.noticiasradioreflejos.com.ar\/2021\/wp-content\/uploads\/2023\/12\/farmacias-que-cubre-pami.jpg","contentUrl":"https:\/\/www.noticiasradioreflejos.com.ar\/2021\/wp-content\/uploads\/2023\/12\/farmacias-que-cubre-pami.jpg","width":1496,"height":950},{"@type":"BreadcrumbList","@id":"https:\/\/www.noticiasradioreflejos.com.ar\/2021\/pedido-de-audiencia-urgente-de-las-farmacias-a-las-nuevas-autoridades-del-pami\/#breadcrumb","itemListElement":[{"@type":"ListItem","position":1,"name":"Portada","item":"https:\/\/www.noticiasradioreflejos.com.ar\/2021\/"},{"@type":"ListItem","position":2,"name":"Pedido de audiencia \u201curgente\u201d de las farmacias a las nuevas autoridades del PAMI"}]},{"@type":"WebSite","@id":"https:\/\/www.noticiasradioreflejos.com.ar\/2021\/#website","url":"https:\/\/www.noticiasradioreflejos.com.ar\/2021\/","name":"Noticias Radio Reflejos","description":"Las noticias de mi comarca","potentialAction":[{"@type":"SearchAction","target":{"@type":"EntryPoint","urlTemplate":"https:\/\/www.noticiasradioreflejos.com.ar\/2021\/?s={search_term_string}"},"query-input":{"@type":"PropertyValueSpecification","valueRequired":true,"valueName":"search_term_string"}}],"inLanguage":"es"},{"@type":"Person","@id":"https:\/\/www.noticiasradioreflejos.com.ar\/2021\/#\/schema\/person\/ad82545263dcc5ec0996818884fd5fb1","name":"Arnaldo Botto","image":{"@type":"ImageObject","inLanguage":"es","@id":"https:\/\/www.noticiasradioreflejos.com.ar\/2021\/#\/schema\/person\/image\/","url":"https:\/\/secure.gravatar.com\/avatar\/55cb5e37c1efa326397366e6974cb338056df65cb50e7d64d1cf314e87504837?s=96&d=mm&r=g","contentUrl":"https:\/\/secure.gravatar.com\/avatar\/55cb5e37c1efa326397366e6974cb338056df65cb50e7d64d1cf314e87504837?s=96&d=mm&r=g","caption":"Arnaldo Botto"},"url":"https:\/\/www.noticiasradioreflejos.com.ar\/2021\/author\/arnaldo\/"}]}},"_links":{"self":[{"href":"https:\/\/www.noticiasradioreflejos.com.ar\/2021\/wp-json\/wp\/v2\/posts\/96291","targetHints":{"allow":["GET"]}}],"collection":[{"href":"https:\/\/www.noticiasradioreflejos.com.ar\/2021\/wp-json\/wp\/v2\/posts"}],"about":[{"href":"https:\/\/www.noticiasradioreflejos.com.ar\/2021\/wp-json\/wp\/v2\/types\/post"}],"author":[{"embeddable":true,"href":"https:\/\/www.noticiasradioreflejos.com.ar\/2021\/wp-json\/wp\/v2\/users\/3"}],"replies":[{"embeddable":true,"href":"https:\/\/www.noticiasradioreflejos.com.ar\/2021\/wp-json\/wp\/v2\/comments?post=96291"}],"version-history":[{"count":1,"href":"https:\/\/www.noticiasradioreflejos.com.ar\/2021\/wp-json\/wp\/v2\/posts\/96291\/revisions"}],"predecessor-version":[{"id":96293,"href":"https:\/\/www.noticiasradioreflejos.com.ar\/2021\/wp-json\/wp\/v2\/posts\/96291\/revisions\/96293"}],"wp:featuredmedia":[{"embeddable":true,"href":"https:\/\/www.noticiasradioreflejos.com.ar\/2021\/wp-json\/wp\/v2\/media\/96292"}],"wp:attachment":[{"href":"https:\/\/www.noticiasradioreflejos.com.ar\/2021\/wp-json\/wp\/v2\/media?parent=96291"}],"wp:term":[{"taxonomy":"category","embeddable":true,"href":"https:\/\/www.noticiasradioreflejos.com.ar\/2021\/wp-json\/wp\/v2\/categories?post=96291"},{"taxonomy":"post_tag","embeddable":true,"href":"https:\/\/www.noticiasradioreflejos.com.ar\/2021\/wp-json\/wp\/v2\/tags?post=96291"}],"curies":[{"name":"wp","href":"https:\/\/api.w.org\/{rel}","templated":true}]}}