{"id":96287,"date":"2023-12-11T23:16:40","date_gmt":"2023-12-11T23:16:40","guid":{"rendered":"https:\/\/www.noticiasradioreflejos.com.ar\/2021\/?p=96287"},"modified":"2023-12-11T23:16:40","modified_gmt":"2023-12-11T23:16:40","slug":"el-departamento-de-arbolado-de-tornquist-municipio-continua-con-su-plan-de-mantenimiento-del-arbolado-publico","status":"publish","type":"post","link":"https:\/\/www.noticiasradioreflejos.com.ar\/2021\/el-departamento-de-arbolado-de-tornquist-municipio-continua-con-su-plan-de-mantenimiento-del-arbolado-publico\/","title":{"rendered":"El departamento de arbolado de Tornquist Municipio contin\u00faa con su plan de mantenimiento del arbolado p\u00fablico"},"content":{"rendered":"<p>Con el objetivo de preservar y mejorar cada una de las localidades del distrito el Departamento de Arbolado de Tornquist Municipio, avanza con las tareas de mantenimiento. En esta oportunidad, se llevaron a cabo distintas labores en Villa Ventana. <!--more--><\/p>\n<p>Junto a Cooperativa El\u00e9ctrica se trabaj\u00f3 sobre Pillahuinco y Paloma, quitando un gajo de gran tama\u00f1o que se encontraba sobre el transformador. Adem\u00e1s, a pedido de la instituci\u00f3n, los trabajadores del \u00e1rea comenzaron con tareas de despeje sobre preensamblado en Pillahuinco entre Piquito de Oro y Gorri\u00f3n.  <\/p>\n<p>Asimismo, se procedi\u00f3 a extraer ejemplares secos en diversos sectores de la localidad. <\/p>\n<p>Es importante destacar que estas tareas son solicitudes realizadas por los vecinos e instituciones, que fueron evaluadas por la ingeniera del departamento, con el fin de garantizar la vitalidad de cada uno de los ejemplares. <\/p>\n<p>Estas acciones son parte del compromiso de la gesti\u00f3n municipal de continuar preservando y cuidando responsablemente el arbolado urbano.<\/p>\n","protected":false},"excerpt":{"rendered":"<p>Con el objetivo de preservar y mejorar cada una de las localidades del distrito el Departamento de Arbolado de Tornquist Municipio, avanza con las tareas de mantenimiento. En esta oportunidad, se llevaron a cabo distintas labores en Villa Ventana.<\/p>\n","protected":false},"author":3,"featured_media":0,"comment_status":"closed","ping_status":"closed","sticky":false,"template":"","format":"standard","meta":{"footnotes":""},"categories":[28],"tags":[],"class_list":["post-96287","post","type-post","status-publish","format-standard","hentry","category-municipales"],"yoast_head":"<!-- This site is optimized with the Yoast SEO plugin v25.9 - https:\/\/yoast.com\/wordpress\/plugins\/seo\/ -->\n<title>El departamento de arbolado de Tornquist Municipio contin\u00faa con su plan de mantenimiento del arbolado p\u00fablico - Noticias Radio Reflejos<\/title>\n<meta name=\"robots\" content=\"index, follow, max-snippet:-1, max-image-preview:large, max-video-preview:-1\" \/>\n<link rel=\"canonical\" href=\"https:\/\/www.noticiasradioreflejos.com.ar\/2021\/el-departamento-de-arbolado-de-tornquist-municipio-continua-con-su-plan-de-mantenimiento-del-arbolado-publico\/\" \/>\n<meta property=\"og:locale\" content=\"es_ES\" \/>\n<meta property=\"og:type\" content=\"article\" \/>\n<meta property=\"og:title\" content=\"El departamento de arbolado de Tornquist Municipio contin\u00faa con su plan de mantenimiento del arbolado p\u00fablico - Noticias Radio Reflejos\" \/>\n<meta property=\"og:description\" content=\"Con el objetivo de preservar y mejorar cada una de las localidades del distrito el Departamento de Arbolado de Tornquist Municipio, avanza con las tareas de mantenimiento. En esta oportunidad, se llevaron a cabo distintas labores en Villa Ventana.\" \/>\n<meta property=\"og:url\" content=\"https:\/\/www.noticiasradioreflejos.com.ar\/2021\/el-departamento-de-arbolado-de-tornquist-municipio-continua-con-su-plan-de-mantenimiento-del-arbolado-publico\/\" \/>\n<meta property=\"og:site_name\" content=\"Noticias Radio Reflejos\" \/>\n<meta property=\"article:published_time\" content=\"2023-12-11T23:16:40+00:00\" \/>\n<meta property=\"og:image\" content=\"https:\/\/www.noticiasradioreflejos.com.ar\/2021\/wp-content\/uploads\/2021\/07\/logosol300x200.png\" \/>\n\t<meta property=\"og:image:width\" content=\"300\" \/>\n\t<meta property=\"og:image:height\" content=\"200\" \/>\n\t<meta property=\"og:image:type\" content=\"image\/png\" \/>\n<meta name=\"author\" content=\"Arnaldo Botto\" \/>\n<meta name=\"twitter:card\" content=\"summary_large_image\" \/>\n<script type=\"application\/ld+json\" class=\"yoast-schema-graph\">{\"@context\":\"https:\/\/schema.org\",\"@graph\":[{\"@type\":\"WebPage\",\"@id\":\"https:\/\/www.noticiasradioreflejos.com.ar\/2021\/el-departamento-de-arbolado-de-tornquist-municipio-continua-con-su-plan-de-mantenimiento-del-arbolado-publico\/\",\"url\":\"https:\/\/www.noticiasradioreflejos.com.ar\/2021\/el-departamento-de-arbolado-de-tornquist-municipio-continua-con-su-plan-de-mantenimiento-del-arbolado-publico\/\",\"name\":\"El departamento de arbolado de Tornquist Municipio contin\u00faa con su plan de mantenimiento del arbolado p\u00fablico - Noticias Radio Reflejos\",\"isPartOf\":{\"@id\":\"https:\/\/www.noticiasradioreflejos.com.ar\/2021\/#website\"},\"datePublished\":\"2023-12-11T23:16:40+00:00\",\"author\":{\"@id\":\"https:\/\/www.noticiasradioreflejos.com.ar\/2021\/#\/schema\/person\/ad82545263dcc5ec0996818884fd5fb1\"},\"breadcrumb\":{\"@id\":\"https:\/\/www.noticiasradioreflejos.com.ar\/2021\/el-departamento-de-arbolado-de-tornquist-municipio-continua-con-su-plan-de-mantenimiento-del-arbolado-publico\/#breadcrumb\"},\"inLanguage\":\"es\",\"potentialAction\":[{\"@type\":\"ReadAction\",\"target\":[\"https:\/\/www.noticiasradioreflejos.com.ar\/2021\/el-departamento-de-arbolado-de-tornquist-municipio-continua-con-su-plan-de-mantenimiento-del-arbolado-publico\/\"]}]},{\"@type\":\"BreadcrumbList\",\"@id\":\"https:\/\/www.noticiasradioreflejos.com.ar\/2021\/el-departamento-de-arbolado-de-tornquist-municipio-continua-con-su-plan-de-mantenimiento-del-arbolado-publico\/#breadcrumb\",\"itemListElement\":[{\"@type\":\"ListItem\",\"position\":1,\"name\":\"Portada\",\"item\":\"https:\/\/www.noticiasradioreflejos.com.ar\/2021\/\"},{\"@type\":\"ListItem\",\"position\":2,\"name\":\"El departamento de arbolado de Tornquist Municipio contin\u00faa con su plan de mantenimiento del arbolado p\u00fablico\"}]},{\"@type\":\"WebSite\",\"@id\":\"https:\/\/www.noticiasradioreflejos.com.ar\/2021\/#website\",\"url\":\"https:\/\/www.noticiasradioreflejos.com.ar\/2021\/\",\"name\":\"Noticias Radio Reflejos\",\"description\":\"Las noticias de mi comarca\",\"potentialAction\":[{\"@type\":\"SearchAction\",\"target\":{\"@type\":\"EntryPoint\",\"urlTemplate\":\"https:\/\/www.noticiasradioreflejos.com.ar\/2021\/?s={search_term_string}\"},\"query-input\":{\"@type\":\"PropertyValueSpecification\",\"valueRequired\":true,\"valueName\":\"search_term_string\"}}],\"inLanguage\":\"es\"},{\"@type\":\"Person\",\"@id\":\"https:\/\/www.noticiasradioreflejos.com.ar\/2021\/#\/schema\/person\/ad82545263dcc5ec0996818884fd5fb1\",\"name\":\"Arnaldo Botto\",\"image\":{\"@type\":\"ImageObject\",\"inLanguage\":\"es\",\"@id\":\"https:\/\/www.noticiasradioreflejos.com.ar\/2021\/#\/schema\/person\/image\/\",\"url\":\"https:\/\/secure.gravatar.com\/avatar\/55cb5e37c1efa326397366e6974cb338056df65cb50e7d64d1cf314e87504837?s=96&d=mm&r=g\",\"contentUrl\":\"https:\/\/secure.gravatar.com\/avatar\/55cb5e37c1efa326397366e6974cb338056df65cb50e7d64d1cf314e87504837?s=96&d=mm&r=g\",\"caption\":\"Arnaldo Botto\"},\"url\":\"https:\/\/www.noticiasradioreflejos.com.ar\/2021\/author\/arnaldo\/\"}]}<\/script>\n<!-- \/ Yoast SEO plugin. -->","yoast_head_json":{"title":"El departamento de arbolado de Tornquist Municipio contin\u00faa con su plan de mantenimiento del arbolado p\u00fablico - Noticias Radio Reflejos","robots":{"index":"index","follow":"follow","max-snippet":"max-snippet:-1","max-image-preview":"max-image-preview:large","max-video-preview":"max-video-preview:-1"},"canonical":"https:\/\/www.noticiasradioreflejos.com.ar\/2021\/el-departamento-de-arbolado-de-tornquist-municipio-continua-con-su-plan-de-mantenimiento-del-arbolado-publico\/","og_locale":"es_ES","og_type":"article","og_title":"El departamento de arbolado de Tornquist Municipio contin\u00faa con su plan de mantenimiento del arbolado p\u00fablico - Noticias Radio Reflejos","og_description":"Con el objetivo de preservar y mejorar cada una de las localidades del distrito el Departamento de Arbolado de Tornquist Municipio, avanza con las tareas de mantenimiento. En esta oportunidad, se llevaron a cabo distintas labores en Villa Ventana.","og_url":"https:\/\/www.noticiasradioreflejos.com.ar\/2021\/el-departamento-de-arbolado-de-tornquist-municipio-continua-con-su-plan-de-mantenimiento-del-arbolado-publico\/","og_site_name":"Noticias Radio Reflejos","article_published_time":"2023-12-11T23:16:40+00:00","og_image":[{"width":300,"height":200,"url":"https:\/\/www.noticiasradioreflejos.com.ar\/2021\/wp-content\/uploads\/2021\/07\/logosol300x200.png","type":"image\/png"}],"author":"Arnaldo Botto","twitter_card":"summary_large_image","schema":{"@context":"https:\/\/schema.org","@graph":[{"@type":"WebPage","@id":"https:\/\/www.noticiasradioreflejos.com.ar\/2021\/el-departamento-de-arbolado-de-tornquist-municipio-continua-con-su-plan-de-mantenimiento-del-arbolado-publico\/","url":"https:\/\/www.noticiasradioreflejos.com.ar\/2021\/el-departamento-de-arbolado-de-tornquist-municipio-continua-con-su-plan-de-mantenimiento-del-arbolado-publico\/","name":"El departamento de arbolado de Tornquist Municipio contin\u00faa con su plan de mantenimiento del arbolado p\u00fablico - Noticias Radio Reflejos","isPartOf":{"@id":"https:\/\/www.noticiasradioreflejos.com.ar\/2021\/#website"},"datePublished":"2023-12-11T23:16:40+00:00","author":{"@id":"https:\/\/www.noticiasradioreflejos.com.ar\/2021\/#\/schema\/person\/ad82545263dcc5ec0996818884fd5fb1"},"breadcrumb":{"@id":"https:\/\/www.noticiasradioreflejos.com.ar\/2021\/el-departamento-de-arbolado-de-tornquist-municipio-continua-con-su-plan-de-mantenimiento-del-arbolado-publico\/#breadcrumb"},"inLanguage":"es","potentialAction":[{"@type":"ReadAction","target":["https:\/\/www.noticiasradioreflejos.com.ar\/2021\/el-departamento-de-arbolado-de-tornquist-municipio-continua-con-su-plan-de-mantenimiento-del-arbolado-publico\/"]}]},{"@type":"BreadcrumbList","@id":"https:\/\/www.noticiasradioreflejos.com.ar\/2021\/el-departamento-de-arbolado-de-tornquist-municipio-continua-con-su-plan-de-mantenimiento-del-arbolado-publico\/#breadcrumb","itemListElement":[{"@type":"ListItem","position":1,"name":"Portada","item":"https:\/\/www.noticiasradioreflejos.com.ar\/2021\/"},{"@type":"ListItem","position":2,"name":"El departamento de arbolado de Tornquist Municipio contin\u00faa con su plan de mantenimiento del arbolado p\u00fablico"}]},{"@type":"WebSite","@id":"https:\/\/www.noticiasradioreflejos.com.ar\/2021\/#website","url":"https:\/\/www.noticiasradioreflejos.com.ar\/2021\/","name":"Noticias Radio Reflejos","description":"Las noticias de mi comarca","potentialAction":[{"@type":"SearchAction","target":{"@type":"EntryPoint","urlTemplate":"https:\/\/www.noticiasradioreflejos.com.ar\/2021\/?s={search_term_string}"},"query-input":{"@type":"PropertyValueSpecification","valueRequired":true,"valueName":"search_term_string"}}],"inLanguage":"es"},{"@type":"Person","@id":"https:\/\/www.noticiasradioreflejos.com.ar\/2021\/#\/schema\/person\/ad82545263dcc5ec0996818884fd5fb1","name":"Arnaldo Botto","image":{"@type":"ImageObject","inLanguage":"es","@id":"https:\/\/www.noticiasradioreflejos.com.ar\/2021\/#\/schema\/person\/image\/","url":"https:\/\/secure.gravatar.com\/avatar\/55cb5e37c1efa326397366e6974cb338056df65cb50e7d64d1cf314e87504837?s=96&d=mm&r=g","contentUrl":"https:\/\/secure.gravatar.com\/avatar\/55cb5e37c1efa326397366e6974cb338056df65cb50e7d64d1cf314e87504837?s=96&d=mm&r=g","caption":"Arnaldo Botto"},"url":"https:\/\/www.noticiasradioreflejos.com.ar\/2021\/author\/arnaldo\/"}]}},"_links":{"self":[{"href":"https:\/\/www.noticiasradioreflejos.com.ar\/2021\/wp-json\/wp\/v2\/posts\/96287","targetHints":{"allow":["GET"]}}],"collection":[{"href":"https:\/\/www.noticiasradioreflejos.com.ar\/2021\/wp-json\/wp\/v2\/posts"}],"about":[{"href":"https:\/\/www.noticiasradioreflejos.com.ar\/2021\/wp-json\/wp\/v2\/types\/post"}],"author":[{"embeddable":true,"href":"https:\/\/www.noticiasradioreflejos.com.ar\/2021\/wp-json\/wp\/v2\/users\/3"}],"replies":[{"embeddable":true,"href":"https:\/\/www.noticiasradioreflejos.com.ar\/2021\/wp-json\/wp\/v2\/comments?post=96287"}],"version-history":[{"count":1,"href":"https:\/\/www.noticiasradioreflejos.com.ar\/2021\/wp-json\/wp\/v2\/posts\/96287\/revisions"}],"predecessor-version":[{"id":96289,"href":"https:\/\/www.noticiasradioreflejos.com.ar\/2021\/wp-json\/wp\/v2\/posts\/96287\/revisions\/96289"}],"wp:attachment":[{"href":"https:\/\/www.noticiasradioreflejos.com.ar\/2021\/wp-json\/wp\/v2\/media?parent=96287"}],"wp:term":[{"taxonomy":"category","embeddable":true,"href":"https:\/\/www.noticiasradioreflejos.com.ar\/2021\/wp-json\/wp\/v2\/categories?post=96287"},{"taxonomy":"post_tag","embeddable":true,"href":"https:\/\/www.noticiasradioreflejos.com.ar\/2021\/wp-json\/wp\/v2\/tags?post=96287"}],"curies":[{"name":"wp","href":"https:\/\/api.w.org\/{rel}","templated":true}]}}