{"id":96122,"date":"2023-12-06T20:02:54","date_gmt":"2023-12-06T20:02:54","guid":{"rendered":"https:\/\/www.noticiasradioreflejos.com.ar\/2021\/?p=96122"},"modified":"2023-12-06T20:02:54","modified_gmt":"2023-12-06T20:02:54","slug":"hcd-convocatoria-a-sesion-preparatoria-a-los-as-sres-as-concejales-7-12-23","status":"publish","type":"post","link":"https:\/\/www.noticiasradioreflejos.com.ar\/2021\/hcd-convocatoria-a-sesion-preparatoria-a-los-as-sres-as-concejales-7-12-23\/","title":{"rendered":"HCD: Convocatoria a Sesi\u00f3n Preparatoria a los\/as Sres.\/as. Concejales 7-12-23"},"content":{"rendered":"<p>El Honorable Concejo Deliberante convoca a Sesi\u00f3n Preparatoria a los\/as Se\u00f1ores\/as Concejales que no cesan en sus mandatos y a los\/as electos\/as el 22 de Octubre de 2023 y diplomados por la Honorable Junta Electoral de la Provincia de Buenos Aires.<\/p>\n<p>La misma se llevar\u00e1 a cabo el d\u00eda 7 de Diciembre de 2023, a partir de la hora 10 en el Recinto del Honorable Concejo Deliberante. Decreto de convocatoria a continuaci\u00f3n.<\/p>\n<p>DECRETO  N\u00ba 17\/23<\/p>\n<p>VISTO:                                                             <\/p>\n<p>La Resoluci\u00f3n recibida de la Honorable Junta Electoral de la Provincia de Buenos Aires para el inicio de las Sesiones Preparatorias, y;<\/p>\n<p>CONSIDERANDO:<\/p>\n<p>Que la mencionada notificaci\u00f3n informa la fecha en la cual deber\u00e1 llevarse a cabo la Sesi\u00f3n Preparatoria, como asimismo, la n\u00f3mina de Concejales titulares y suplentes, que han resultado electos en los comicios del 22 de octubre pr\u00f3ximo pasado y como consecuencia de ello, diplomados por dicho organismo;<br \/>\nQue de conformidad al Art\u00edculo 18\u00ba de la Ley Org\u00e1nica de las Municipalidades (Decreto Ley N\u00ba 6.769\/58), procede la presente convocatoria;<\/p>\n<p>POR ELLO:<\/p>\n<p>LA PRESIDENTE del HONORABLE CONCEJO DELIBERANTE,<br \/>\nen uso de sus facultades,<br \/>\nD E C R E T A<\/p>\n<p>ARTICULO 1\u00ba: Convocase a Sesi\u00f3n Preparatoria a los Se\u00f1ores Concejales que no cesan en sus mandatos y a los Se\u00f1ores Concejales electos el 22 de Octubre de 2023 y diplomados por la Honorable Junta Electoral de la Provincia de Buenos Aires; la que se llevar\u00e1 a cabo el d\u00eda7 de Diciembre de 2023, a partir de la hora 10 en el Recinto de este Honorable Concejo Deliberante.<\/p>\n<p>ARTICULO 2\u00ba: Los temas a considerar ser\u00e1n los siguientes: <\/p>\n<p>1.- Constituci\u00f3n de la Comisi\u00f3n de Poderes, la que estar\u00e1 integrada por los se\u00f1ores Concejales que no cesan en sus mandatos y deber\u00e1 expedirse sobre las condiciones legales de los nuevos electos para asumir sus funciones (Art\u00edculo 18\u00ba L.O.M.).<\/p>\n<p>2.- Elecci\u00f3n de Autoridades del H. Concejo Deliberante: Presidente, Vicepresidente Primero, Vicepresidente Segundo, Secretario (Art\u00edculo 19\u00ba L.O.M.) y Prosecretario.<\/p>\n<p>ARTICULO 3\u00ba: Comun\u00edquese, Publ\u00edquese, Reg\u00edstrese y Cumplido: ARCH\u00cdVESE.-<\/p>\n<p>Tornquist, 6 de diciembre de 2023.-<\/p>\n<p>                 Jos\u00e9 M. Castro                                   Sandra Gabriela Kifer<br \/>\n                     Secretario                                                Presidente<br \/>\n                         H.C.D.                                                       H.C.D.<\/p>\n","protected":false},"excerpt":{"rendered":"<p>El Honorable Concejo Deliberante convoca a Sesi\u00f3n Preparatoria a los\/as Se\u00f1ores\/as Concejales que no cesan en sus mandatos y a los\/as electos\/as el 22 de Octubre de 2023 y diplomados por la Honorable Junta Electoral de la Provincia de Buenos Aires. La misma se llevar\u00e1 a cabo el d\u00eda 7 de Diciembre de 2023, a [&hellip;]<\/p>\n","protected":false},"author":3,"featured_media":94977,"comment_status":"closed","ping_status":"closed","sticky":false,"template":"","format":"standard","meta":{"footnotes":""},"categories":[59],"tags":[],"class_list":["post-96122","post","type-post","status-publish","format-standard","has-post-thumbnail","hentry","category-concejo-deliberante"],"yoast_head":"<!-- This site is optimized with the Yoast SEO plugin v25.9 - https:\/\/yoast.com\/wordpress\/plugins\/seo\/ -->\n<title>HCD: Convocatoria a Sesi\u00f3n Preparatoria a los\/as Sres.\/as. Concejales 7-12-23 - Noticias Radio Reflejos<\/title>\n<meta name=\"robots\" content=\"index, follow, max-snippet:-1, max-image-preview:large, max-video-preview:-1\" \/>\n<link rel=\"canonical\" href=\"https:\/\/www.noticiasradioreflejos.com.ar\/2021\/hcd-convocatoria-a-sesion-preparatoria-a-los-as-sres-as-concejales-7-12-23\/\" \/>\n<meta property=\"og:locale\" content=\"es_ES\" \/>\n<meta property=\"og:type\" content=\"article\" \/>\n<meta property=\"og:title\" content=\"HCD: Convocatoria a Sesi\u00f3n Preparatoria a los\/as Sres.\/as. Concejales 7-12-23 - Noticias Radio Reflejos\" \/>\n<meta property=\"og:description\" content=\"El Honorable Concejo Deliberante convoca a Sesi\u00f3n Preparatoria a los\/as Se\u00f1ores\/as Concejales que no cesan en sus mandatos y a los\/as electos\/as el 22 de Octubre de 2023 y diplomados por la Honorable Junta Electoral de la Provincia de Buenos Aires. La misma se llevar\u00e1 a cabo el d\u00eda 7 de Diciembre de 2023, a [&hellip;]\" \/>\n<meta property=\"og:url\" content=\"https:\/\/www.noticiasradioreflejos.com.ar\/2021\/hcd-convocatoria-a-sesion-preparatoria-a-los-as-sres-as-concejales-7-12-23\/\" \/>\n<meta property=\"og:site_name\" content=\"Noticias Radio Reflejos\" \/>\n<meta property=\"article:published_time\" content=\"2023-12-06T20:02:54+00:00\" \/>\n<meta property=\"og:image\" content=\"https:\/\/www.noticiasradioreflejos.com.ar\/2021\/wp-content\/uploads\/2023\/11\/HCD.png\" \/>\n\t<meta property=\"og:image:width\" content=\"500\" \/>\n\t<meta property=\"og:image:height\" content=\"500\" \/>\n\t<meta property=\"og:image:type\" content=\"image\/png\" \/>\n<meta name=\"author\" content=\"Arnaldo Botto\" \/>\n<meta name=\"twitter:card\" content=\"summary_large_image\" \/>\n<script type=\"application\/ld+json\" class=\"yoast-schema-graph\">{\"@context\":\"https:\/\/schema.org\",\"@graph\":[{\"@type\":\"WebPage\",\"@id\":\"https:\/\/www.noticiasradioreflejos.com.ar\/2021\/hcd-convocatoria-a-sesion-preparatoria-a-los-as-sres-as-concejales-7-12-23\/\",\"url\":\"https:\/\/www.noticiasradioreflejos.com.ar\/2021\/hcd-convocatoria-a-sesion-preparatoria-a-los-as-sres-as-concejales-7-12-23\/\",\"name\":\"HCD: Convocatoria a Sesi\u00f3n Preparatoria a los\/as Sres.\/as. Concejales 7-12-23 - Noticias Radio Reflejos\",\"isPartOf\":{\"@id\":\"https:\/\/www.noticiasradioreflejos.com.ar\/2021\/#website\"},\"primaryImageOfPage\":{\"@id\":\"https:\/\/www.noticiasradioreflejos.com.ar\/2021\/hcd-convocatoria-a-sesion-preparatoria-a-los-as-sres-as-concejales-7-12-23\/#primaryimage\"},\"image\":{\"@id\":\"https:\/\/www.noticiasradioreflejos.com.ar\/2021\/hcd-convocatoria-a-sesion-preparatoria-a-los-as-sres-as-concejales-7-12-23\/#primaryimage\"},\"thumbnailUrl\":\"https:\/\/www.noticiasradioreflejos.com.ar\/2021\/wp-content\/uploads\/2023\/11\/HCD.png\",\"datePublished\":\"2023-12-06T20:02:54+00:00\",\"author\":{\"@id\":\"https:\/\/www.noticiasradioreflejos.com.ar\/2021\/#\/schema\/person\/ad82545263dcc5ec0996818884fd5fb1\"},\"breadcrumb\":{\"@id\":\"https:\/\/www.noticiasradioreflejos.com.ar\/2021\/hcd-convocatoria-a-sesion-preparatoria-a-los-as-sres-as-concejales-7-12-23\/#breadcrumb\"},\"inLanguage\":\"es\",\"potentialAction\":[{\"@type\":\"ReadAction\",\"target\":[\"https:\/\/www.noticiasradioreflejos.com.ar\/2021\/hcd-convocatoria-a-sesion-preparatoria-a-los-as-sres-as-concejales-7-12-23\/\"]}]},{\"@type\":\"ImageObject\",\"inLanguage\":\"es\",\"@id\":\"https:\/\/www.noticiasradioreflejos.com.ar\/2021\/hcd-convocatoria-a-sesion-preparatoria-a-los-as-sres-as-concejales-7-12-23\/#primaryimage\",\"url\":\"https:\/\/www.noticiasradioreflejos.com.ar\/2021\/wp-content\/uploads\/2023\/11\/HCD.png\",\"contentUrl\":\"https:\/\/www.noticiasradioreflejos.com.ar\/2021\/wp-content\/uploads\/2023\/11\/HCD.png\",\"width\":500,\"height\":500},{\"@type\":\"BreadcrumbList\",\"@id\":\"https:\/\/www.noticiasradioreflejos.com.ar\/2021\/hcd-convocatoria-a-sesion-preparatoria-a-los-as-sres-as-concejales-7-12-23\/#breadcrumb\",\"itemListElement\":[{\"@type\":\"ListItem\",\"position\":1,\"name\":\"Portada\",\"item\":\"https:\/\/www.noticiasradioreflejos.com.ar\/2021\/\"},{\"@type\":\"ListItem\",\"position\":2,\"name\":\"HCD: Convocatoria a Sesi\u00f3n Preparatoria a los\/as Sres.\/as. Concejales 7-12-23\"}]},{\"@type\":\"WebSite\",\"@id\":\"https:\/\/www.noticiasradioreflejos.com.ar\/2021\/#website\",\"url\":\"https:\/\/www.noticiasradioreflejos.com.ar\/2021\/\",\"name\":\"Noticias Radio Reflejos\",\"description\":\"Las noticias de mi comarca\",\"potentialAction\":[{\"@type\":\"SearchAction\",\"target\":{\"@type\":\"EntryPoint\",\"urlTemplate\":\"https:\/\/www.noticiasradioreflejos.com.ar\/2021\/?s={search_term_string}\"},\"query-input\":{\"@type\":\"PropertyValueSpecification\",\"valueRequired\":true,\"valueName\":\"search_term_string\"}}],\"inLanguage\":\"es\"},{\"@type\":\"Person\",\"@id\":\"https:\/\/www.noticiasradioreflejos.com.ar\/2021\/#\/schema\/person\/ad82545263dcc5ec0996818884fd5fb1\",\"name\":\"Arnaldo Botto\",\"image\":{\"@type\":\"ImageObject\",\"inLanguage\":\"es\",\"@id\":\"https:\/\/www.noticiasradioreflejos.com.ar\/2021\/#\/schema\/person\/image\/\",\"url\":\"https:\/\/secure.gravatar.com\/avatar\/55cb5e37c1efa326397366e6974cb338056df65cb50e7d64d1cf314e87504837?s=96&d=mm&r=g\",\"contentUrl\":\"https:\/\/secure.gravatar.com\/avatar\/55cb5e37c1efa326397366e6974cb338056df65cb50e7d64d1cf314e87504837?s=96&d=mm&r=g\",\"caption\":\"Arnaldo Botto\"},\"url\":\"https:\/\/www.noticiasradioreflejos.com.ar\/2021\/author\/arnaldo\/\"}]}<\/script>\n<!-- \/ Yoast SEO plugin. -->","yoast_head_json":{"title":"HCD: Convocatoria a Sesi\u00f3n Preparatoria a los\/as Sres.\/as. Concejales 7-12-23 - Noticias Radio Reflejos","robots":{"index":"index","follow":"follow","max-snippet":"max-snippet:-1","max-image-preview":"max-image-preview:large","max-video-preview":"max-video-preview:-1"},"canonical":"https:\/\/www.noticiasradioreflejos.com.ar\/2021\/hcd-convocatoria-a-sesion-preparatoria-a-los-as-sres-as-concejales-7-12-23\/","og_locale":"es_ES","og_type":"article","og_title":"HCD: Convocatoria a Sesi\u00f3n Preparatoria a los\/as Sres.\/as. Concejales 7-12-23 - Noticias Radio Reflejos","og_description":"El Honorable Concejo Deliberante convoca a Sesi\u00f3n Preparatoria a los\/as Se\u00f1ores\/as Concejales que no cesan en sus mandatos y a los\/as electos\/as el 22 de Octubre de 2023 y diplomados por la Honorable Junta Electoral de la Provincia de Buenos Aires. La misma se llevar\u00e1 a cabo el d\u00eda 7 de Diciembre de 2023, a [&hellip;]","og_url":"https:\/\/www.noticiasradioreflejos.com.ar\/2021\/hcd-convocatoria-a-sesion-preparatoria-a-los-as-sres-as-concejales-7-12-23\/","og_site_name":"Noticias Radio Reflejos","article_published_time":"2023-12-06T20:02:54+00:00","og_image":[{"width":500,"height":500,"url":"https:\/\/www.noticiasradioreflejos.com.ar\/2021\/wp-content\/uploads\/2023\/11\/HCD.png","type":"image\/png"}],"author":"Arnaldo Botto","twitter_card":"summary_large_image","schema":{"@context":"https:\/\/schema.org","@graph":[{"@type":"WebPage","@id":"https:\/\/www.noticiasradioreflejos.com.ar\/2021\/hcd-convocatoria-a-sesion-preparatoria-a-los-as-sres-as-concejales-7-12-23\/","url":"https:\/\/www.noticiasradioreflejos.com.ar\/2021\/hcd-convocatoria-a-sesion-preparatoria-a-los-as-sres-as-concejales-7-12-23\/","name":"HCD: Convocatoria a Sesi\u00f3n Preparatoria a los\/as Sres.\/as. Concejales 7-12-23 - Noticias Radio Reflejos","isPartOf":{"@id":"https:\/\/www.noticiasradioreflejos.com.ar\/2021\/#website"},"primaryImageOfPage":{"@id":"https:\/\/www.noticiasradioreflejos.com.ar\/2021\/hcd-convocatoria-a-sesion-preparatoria-a-los-as-sres-as-concejales-7-12-23\/#primaryimage"},"image":{"@id":"https:\/\/www.noticiasradioreflejos.com.ar\/2021\/hcd-convocatoria-a-sesion-preparatoria-a-los-as-sres-as-concejales-7-12-23\/#primaryimage"},"thumbnailUrl":"https:\/\/www.noticiasradioreflejos.com.ar\/2021\/wp-content\/uploads\/2023\/11\/HCD.png","datePublished":"2023-12-06T20:02:54+00:00","author":{"@id":"https:\/\/www.noticiasradioreflejos.com.ar\/2021\/#\/schema\/person\/ad82545263dcc5ec0996818884fd5fb1"},"breadcrumb":{"@id":"https:\/\/www.noticiasradioreflejos.com.ar\/2021\/hcd-convocatoria-a-sesion-preparatoria-a-los-as-sres-as-concejales-7-12-23\/#breadcrumb"},"inLanguage":"es","potentialAction":[{"@type":"ReadAction","target":["https:\/\/www.noticiasradioreflejos.com.ar\/2021\/hcd-convocatoria-a-sesion-preparatoria-a-los-as-sres-as-concejales-7-12-23\/"]}]},{"@type":"ImageObject","inLanguage":"es","@id":"https:\/\/www.noticiasradioreflejos.com.ar\/2021\/hcd-convocatoria-a-sesion-preparatoria-a-los-as-sres-as-concejales-7-12-23\/#primaryimage","url":"https:\/\/www.noticiasradioreflejos.com.ar\/2021\/wp-content\/uploads\/2023\/11\/HCD.png","contentUrl":"https:\/\/www.noticiasradioreflejos.com.ar\/2021\/wp-content\/uploads\/2023\/11\/HCD.png","width":500,"height":500},{"@type":"BreadcrumbList","@id":"https:\/\/www.noticiasradioreflejos.com.ar\/2021\/hcd-convocatoria-a-sesion-preparatoria-a-los-as-sres-as-concejales-7-12-23\/#breadcrumb","itemListElement":[{"@type":"ListItem","position":1,"name":"Portada","item":"https:\/\/www.noticiasradioreflejos.com.ar\/2021\/"},{"@type":"ListItem","position":2,"name":"HCD: Convocatoria a Sesi\u00f3n Preparatoria a los\/as Sres.\/as. Concejales 7-12-23"}]},{"@type":"WebSite","@id":"https:\/\/www.noticiasradioreflejos.com.ar\/2021\/#website","url":"https:\/\/www.noticiasradioreflejos.com.ar\/2021\/","name":"Noticias Radio Reflejos","description":"Las noticias de mi comarca","potentialAction":[{"@type":"SearchAction","target":{"@type":"EntryPoint","urlTemplate":"https:\/\/www.noticiasradioreflejos.com.ar\/2021\/?s={search_term_string}"},"query-input":{"@type":"PropertyValueSpecification","valueRequired":true,"valueName":"search_term_string"}}],"inLanguage":"es"},{"@type":"Person","@id":"https:\/\/www.noticiasradioreflejos.com.ar\/2021\/#\/schema\/person\/ad82545263dcc5ec0996818884fd5fb1","name":"Arnaldo Botto","image":{"@type":"ImageObject","inLanguage":"es","@id":"https:\/\/www.noticiasradioreflejos.com.ar\/2021\/#\/schema\/person\/image\/","url":"https:\/\/secure.gravatar.com\/avatar\/55cb5e37c1efa326397366e6974cb338056df65cb50e7d64d1cf314e87504837?s=96&d=mm&r=g","contentUrl":"https:\/\/secure.gravatar.com\/avatar\/55cb5e37c1efa326397366e6974cb338056df65cb50e7d64d1cf314e87504837?s=96&d=mm&r=g","caption":"Arnaldo Botto"},"url":"https:\/\/www.noticiasradioreflejos.com.ar\/2021\/author\/arnaldo\/"}]}},"_links":{"self":[{"href":"https:\/\/www.noticiasradioreflejos.com.ar\/2021\/wp-json\/wp\/v2\/posts\/96122","targetHints":{"allow":["GET"]}}],"collection":[{"href":"https:\/\/www.noticiasradioreflejos.com.ar\/2021\/wp-json\/wp\/v2\/posts"}],"about":[{"href":"https:\/\/www.noticiasradioreflejos.com.ar\/2021\/wp-json\/wp\/v2\/types\/post"}],"author":[{"embeddable":true,"href":"https:\/\/www.noticiasradioreflejos.com.ar\/2021\/wp-json\/wp\/v2\/users\/3"}],"replies":[{"embeddable":true,"href":"https:\/\/www.noticiasradioreflejos.com.ar\/2021\/wp-json\/wp\/v2\/comments?post=96122"}],"version-history":[{"count":1,"href":"https:\/\/www.noticiasradioreflejos.com.ar\/2021\/wp-json\/wp\/v2\/posts\/96122\/revisions"}],"predecessor-version":[{"id":96123,"href":"https:\/\/www.noticiasradioreflejos.com.ar\/2021\/wp-json\/wp\/v2\/posts\/96122\/revisions\/96123"}],"wp:featuredmedia":[{"embeddable":true,"href":"https:\/\/www.noticiasradioreflejos.com.ar\/2021\/wp-json\/wp\/v2\/media\/94977"}],"wp:attachment":[{"href":"https:\/\/www.noticiasradioreflejos.com.ar\/2021\/wp-json\/wp\/v2\/media?parent=96122"}],"wp:term":[{"taxonomy":"category","embeddable":true,"href":"https:\/\/www.noticiasradioreflejos.com.ar\/2021\/wp-json\/wp\/v2\/categories?post=96122"},{"taxonomy":"post_tag","embeddable":true,"href":"https:\/\/www.noticiasradioreflejos.com.ar\/2021\/wp-json\/wp\/v2\/tags?post=96122"}],"curies":[{"name":"wp","href":"https:\/\/api.w.org\/{rel}","templated":true}]}}