{"id":96111,"date":"2023-12-06T12:05:16","date_gmt":"2023-12-06T12:05:16","guid":{"rendered":"https:\/\/www.noticiasradioreflejos.com.ar\/2021\/?p=96111"},"modified":"2023-12-06T12:05:16","modified_gmt":"2023-12-06T12:05:16","slug":"el-hcd-aprobo-nuevas-tarifas-para-parque-norte-y-camping-las-acacias","status":"publish","type":"post","link":"https:\/\/www.noticiasradioreflejos.com.ar\/2021\/el-hcd-aprobo-nuevas-tarifas-para-parque-norte-y-camping-las-acacias\/","title":{"rendered":"El HCD aprob\u00f3 nuevas tarifas para Parque Norte y Camping las Acacias."},"content":{"rendered":"<p>Para la temporada 2023\/2024, el concejo deliberante aprob\u00f3 las tarifas de ingreso al balneario Municipal \u00abParque Norte\u00bb de Tornquist y el camping de Sierra de la Ventana.<!--more--><\/p>\n<p>Ahora resta la promulgaci\u00f3n del ejecutivo.<\/p>\n<h4>\nParque Norte<\/h4>\n<p><strong>Entradas<\/strong><\/p>\n<p>Residentes del distrito mayores a partir de 12 a\u00f1os $ 600<\/p>\n<p>No residentes en el distrito mayores a partir de 12 a\u00f1os $ 1000<\/p>\n<p>Residentes en el distrito menores hasta 11 a\u00f1os $ 250<\/p>\n<p>No residentes en el distrito menores hasta 11 a\u00f1os $ 500<\/p>\n<p>Derecho de acampe<\/p>\n<p>Por \u00fanica vez (Carpa) $ 4.000 \u2013 No abonan entrada<\/p>\n<p>Por d\u00eda por persona a partir de 12 a\u00f1os $ 2.000<\/p>\n<p>Por d\u00eda por persona hasta 11 a\u00f1os $ 1.000<\/p>\n<p>Derecho a Casilla<\/p>\n<p>Por \u00fanica vez $ 6.000 \u2013 No abonan entrada<\/p>\n<p>Por d\u00eda por persona a partir de 12 a\u00f1os $ 2.000<\/p>\n<p>Por d\u00eda por persona hasta 11 a\u00f1os $ 1.000<\/p>\n<p>Derecho a Motor Home<\/p>\n<p>Por \u00fanica Vez $ 8.000 \u2013 No abonan entrada<\/p>\n<p>Por d\u00eda por p\u00e8rsona a partir de 12 a\u00f1os $ 2.000<\/p>\n<p>Por d\u00eda por persona hasta 11 a\u00f1os $ 1.000<\/p>\n<p>Derecho Bajada de Kayaks $ 1500<\/p>\n<p>Derecho a ingreso gratuito a entidades educativas y participantes de clubes del distrito con propuestas de actividades programadas y coordinadas por dicha instituci\u00f3n, durante el per\u00edodo marzo a noviembre de 2024.<\/p>\n<p>&nbsp;<\/p>\n<h4>Camping Las Acacias &#8211; Sierra de la Ventana<\/h4>\n<p>El Concejo Deliberante, aprob\u00f3 este martes las nuevas tarifas enviadas en su oportunidad por la se\u00f1ora Alejandra Marino del Camping \u201cLas acacias\u201d, ubicado en el Barrio Valle Hermoso, en el ingreso a Sierra de la Ventana.<\/p>\n<p>La ordenanza aprobada por los concejales autoriza a la contratista a cobrar las tarifas de la temporada 2023\/2024.<\/p>\n<p>Carpa por d\u00eda $ 5.000<\/p>\n<p>Casilla\/Trafic\/Camper\/trailers por d\u00eda $ 7.000<\/p>\n<p>Motorhome\/Colectivos por d\u00eda $ 9.000<\/p>\n<p>Personas por d\u00eda $ 1.500<\/p>\n<p>De tres a\u00f1os sin costo.<\/p>\n","protected":false},"excerpt":{"rendered":"<p>Para la temporada 2023\/2024, el concejo deliberante aprob\u00f3 las tarifas de ingreso al balneario Municipal \u00abParque Norte\u00bb de Tornquist y el camping de Sierra de la Ventana.<\/p>\n","protected":false},"author":3,"featured_media":0,"comment_status":"closed","ping_status":"closed","sticky":false,"template":"","format":"standard","meta":{"footnotes":""},"categories":[59,28],"tags":[],"class_list":["post-96111","post","type-post","status-publish","format-standard","hentry","category-concejo-deliberante","category-municipales"],"yoast_head":"<!-- This site is optimized with the Yoast SEO plugin v25.9 - https:\/\/yoast.com\/wordpress\/plugins\/seo\/ -->\n<title>El HCD aprob\u00f3 nuevas tarifas para Parque Norte y Camping las Acacias. - Noticias Radio Reflejos<\/title>\n<meta name=\"robots\" content=\"index, follow, max-snippet:-1, max-image-preview:large, max-video-preview:-1\" \/>\n<link rel=\"canonical\" href=\"https:\/\/www.noticiasradioreflejos.com.ar\/2021\/el-hcd-aprobo-nuevas-tarifas-para-parque-norte-y-camping-las-acacias\/\" \/>\n<meta property=\"og:locale\" content=\"es_ES\" \/>\n<meta property=\"og:type\" content=\"article\" \/>\n<meta property=\"og:title\" content=\"El HCD aprob\u00f3 nuevas tarifas para Parque Norte y Camping las Acacias. - Noticias Radio Reflejos\" \/>\n<meta property=\"og:description\" content=\"Para la temporada 2023\/2024, el concejo deliberante aprob\u00f3 las tarifas de ingreso al balneario Municipal \u00abParque Norte\u00bb de Tornquist y el camping de Sierra de la Ventana.\" \/>\n<meta property=\"og:url\" content=\"https:\/\/www.noticiasradioreflejos.com.ar\/2021\/el-hcd-aprobo-nuevas-tarifas-para-parque-norte-y-camping-las-acacias\/\" \/>\n<meta property=\"og:site_name\" content=\"Noticias Radio Reflejos\" \/>\n<meta property=\"article:published_time\" content=\"2023-12-06T12:05:16+00:00\" \/>\n<meta property=\"og:image\" content=\"https:\/\/www.noticiasradioreflejos.com.ar\/2021\/wp-content\/uploads\/2021\/07\/logosol300x200.png\" \/>\n\t<meta property=\"og:image:width\" content=\"300\" \/>\n\t<meta property=\"og:image:height\" content=\"200\" \/>\n\t<meta property=\"og:image:type\" content=\"image\/png\" \/>\n<meta name=\"author\" content=\"Arnaldo Botto\" \/>\n<meta name=\"twitter:card\" content=\"summary_large_image\" \/>\n<script type=\"application\/ld+json\" class=\"yoast-schema-graph\">{\"@context\":\"https:\/\/schema.org\",\"@graph\":[{\"@type\":\"WebPage\",\"@id\":\"https:\/\/www.noticiasradioreflejos.com.ar\/2021\/el-hcd-aprobo-nuevas-tarifas-para-parque-norte-y-camping-las-acacias\/\",\"url\":\"https:\/\/www.noticiasradioreflejos.com.ar\/2021\/el-hcd-aprobo-nuevas-tarifas-para-parque-norte-y-camping-las-acacias\/\",\"name\":\"El HCD aprob\u00f3 nuevas tarifas para Parque Norte y Camping las Acacias. - Noticias Radio Reflejos\",\"isPartOf\":{\"@id\":\"https:\/\/www.noticiasradioreflejos.com.ar\/2021\/#website\"},\"datePublished\":\"2023-12-06T12:05:16+00:00\",\"author\":{\"@id\":\"https:\/\/www.noticiasradioreflejos.com.ar\/2021\/#\/schema\/person\/ad82545263dcc5ec0996818884fd5fb1\"},\"breadcrumb\":{\"@id\":\"https:\/\/www.noticiasradioreflejos.com.ar\/2021\/el-hcd-aprobo-nuevas-tarifas-para-parque-norte-y-camping-las-acacias\/#breadcrumb\"},\"inLanguage\":\"es\",\"potentialAction\":[{\"@type\":\"ReadAction\",\"target\":[\"https:\/\/www.noticiasradioreflejos.com.ar\/2021\/el-hcd-aprobo-nuevas-tarifas-para-parque-norte-y-camping-las-acacias\/\"]}]},{\"@type\":\"BreadcrumbList\",\"@id\":\"https:\/\/www.noticiasradioreflejos.com.ar\/2021\/el-hcd-aprobo-nuevas-tarifas-para-parque-norte-y-camping-las-acacias\/#breadcrumb\",\"itemListElement\":[{\"@type\":\"ListItem\",\"position\":1,\"name\":\"Portada\",\"item\":\"https:\/\/www.noticiasradioreflejos.com.ar\/2021\/\"},{\"@type\":\"ListItem\",\"position\":2,\"name\":\"El HCD aprob\u00f3 nuevas tarifas para Parque Norte y Camping las Acacias.\"}]},{\"@type\":\"WebSite\",\"@id\":\"https:\/\/www.noticiasradioreflejos.com.ar\/2021\/#website\",\"url\":\"https:\/\/www.noticiasradioreflejos.com.ar\/2021\/\",\"name\":\"Noticias Radio Reflejos\",\"description\":\"Las noticias de mi comarca\",\"potentialAction\":[{\"@type\":\"SearchAction\",\"target\":{\"@type\":\"EntryPoint\",\"urlTemplate\":\"https:\/\/www.noticiasradioreflejos.com.ar\/2021\/?s={search_term_string}\"},\"query-input\":{\"@type\":\"PropertyValueSpecification\",\"valueRequired\":true,\"valueName\":\"search_term_string\"}}],\"inLanguage\":\"es\"},{\"@type\":\"Person\",\"@id\":\"https:\/\/www.noticiasradioreflejos.com.ar\/2021\/#\/schema\/person\/ad82545263dcc5ec0996818884fd5fb1\",\"name\":\"Arnaldo Botto\",\"image\":{\"@type\":\"ImageObject\",\"inLanguage\":\"es\",\"@id\":\"https:\/\/www.noticiasradioreflejos.com.ar\/2021\/#\/schema\/person\/image\/\",\"url\":\"https:\/\/secure.gravatar.com\/avatar\/55cb5e37c1efa326397366e6974cb338056df65cb50e7d64d1cf314e87504837?s=96&d=mm&r=g\",\"contentUrl\":\"https:\/\/secure.gravatar.com\/avatar\/55cb5e37c1efa326397366e6974cb338056df65cb50e7d64d1cf314e87504837?s=96&d=mm&r=g\",\"caption\":\"Arnaldo Botto\"},\"url\":\"https:\/\/www.noticiasradioreflejos.com.ar\/2021\/author\/arnaldo\/\"}]}<\/script>\n<!-- \/ Yoast SEO plugin. -->","yoast_head_json":{"title":"El HCD aprob\u00f3 nuevas tarifas para Parque Norte y Camping las Acacias. - Noticias Radio Reflejos","robots":{"index":"index","follow":"follow","max-snippet":"max-snippet:-1","max-image-preview":"max-image-preview:large","max-video-preview":"max-video-preview:-1"},"canonical":"https:\/\/www.noticiasradioreflejos.com.ar\/2021\/el-hcd-aprobo-nuevas-tarifas-para-parque-norte-y-camping-las-acacias\/","og_locale":"es_ES","og_type":"article","og_title":"El HCD aprob\u00f3 nuevas tarifas para Parque Norte y Camping las Acacias. - Noticias Radio Reflejos","og_description":"Para la temporada 2023\/2024, el concejo deliberante aprob\u00f3 las tarifas de ingreso al balneario Municipal \u00abParque Norte\u00bb de Tornquist y el camping de Sierra de la Ventana.","og_url":"https:\/\/www.noticiasradioreflejos.com.ar\/2021\/el-hcd-aprobo-nuevas-tarifas-para-parque-norte-y-camping-las-acacias\/","og_site_name":"Noticias Radio Reflejos","article_published_time":"2023-12-06T12:05:16+00:00","og_image":[{"width":300,"height":200,"url":"https:\/\/www.noticiasradioreflejos.com.ar\/2021\/wp-content\/uploads\/2021\/07\/logosol300x200.png","type":"image\/png"}],"author":"Arnaldo Botto","twitter_card":"summary_large_image","schema":{"@context":"https:\/\/schema.org","@graph":[{"@type":"WebPage","@id":"https:\/\/www.noticiasradioreflejos.com.ar\/2021\/el-hcd-aprobo-nuevas-tarifas-para-parque-norte-y-camping-las-acacias\/","url":"https:\/\/www.noticiasradioreflejos.com.ar\/2021\/el-hcd-aprobo-nuevas-tarifas-para-parque-norte-y-camping-las-acacias\/","name":"El HCD aprob\u00f3 nuevas tarifas para Parque Norte y Camping las Acacias. - Noticias Radio Reflejos","isPartOf":{"@id":"https:\/\/www.noticiasradioreflejos.com.ar\/2021\/#website"},"datePublished":"2023-12-06T12:05:16+00:00","author":{"@id":"https:\/\/www.noticiasradioreflejos.com.ar\/2021\/#\/schema\/person\/ad82545263dcc5ec0996818884fd5fb1"},"breadcrumb":{"@id":"https:\/\/www.noticiasradioreflejos.com.ar\/2021\/el-hcd-aprobo-nuevas-tarifas-para-parque-norte-y-camping-las-acacias\/#breadcrumb"},"inLanguage":"es","potentialAction":[{"@type":"ReadAction","target":["https:\/\/www.noticiasradioreflejos.com.ar\/2021\/el-hcd-aprobo-nuevas-tarifas-para-parque-norte-y-camping-las-acacias\/"]}]},{"@type":"BreadcrumbList","@id":"https:\/\/www.noticiasradioreflejos.com.ar\/2021\/el-hcd-aprobo-nuevas-tarifas-para-parque-norte-y-camping-las-acacias\/#breadcrumb","itemListElement":[{"@type":"ListItem","position":1,"name":"Portada","item":"https:\/\/www.noticiasradioreflejos.com.ar\/2021\/"},{"@type":"ListItem","position":2,"name":"El HCD aprob\u00f3 nuevas tarifas para Parque Norte y Camping las Acacias."}]},{"@type":"WebSite","@id":"https:\/\/www.noticiasradioreflejos.com.ar\/2021\/#website","url":"https:\/\/www.noticiasradioreflejos.com.ar\/2021\/","name":"Noticias Radio Reflejos","description":"Las noticias de mi comarca","potentialAction":[{"@type":"SearchAction","target":{"@type":"EntryPoint","urlTemplate":"https:\/\/www.noticiasradioreflejos.com.ar\/2021\/?s={search_term_string}"},"query-input":{"@type":"PropertyValueSpecification","valueRequired":true,"valueName":"search_term_string"}}],"inLanguage":"es"},{"@type":"Person","@id":"https:\/\/www.noticiasradioreflejos.com.ar\/2021\/#\/schema\/person\/ad82545263dcc5ec0996818884fd5fb1","name":"Arnaldo Botto","image":{"@type":"ImageObject","inLanguage":"es","@id":"https:\/\/www.noticiasradioreflejos.com.ar\/2021\/#\/schema\/person\/image\/","url":"https:\/\/secure.gravatar.com\/avatar\/55cb5e37c1efa326397366e6974cb338056df65cb50e7d64d1cf314e87504837?s=96&d=mm&r=g","contentUrl":"https:\/\/secure.gravatar.com\/avatar\/55cb5e37c1efa326397366e6974cb338056df65cb50e7d64d1cf314e87504837?s=96&d=mm&r=g","caption":"Arnaldo Botto"},"url":"https:\/\/www.noticiasradioreflejos.com.ar\/2021\/author\/arnaldo\/"}]}},"_links":{"self":[{"href":"https:\/\/www.noticiasradioreflejos.com.ar\/2021\/wp-json\/wp\/v2\/posts\/96111","targetHints":{"allow":["GET"]}}],"collection":[{"href":"https:\/\/www.noticiasradioreflejos.com.ar\/2021\/wp-json\/wp\/v2\/posts"}],"about":[{"href":"https:\/\/www.noticiasradioreflejos.com.ar\/2021\/wp-json\/wp\/v2\/types\/post"}],"author":[{"embeddable":true,"href":"https:\/\/www.noticiasradioreflejos.com.ar\/2021\/wp-json\/wp\/v2\/users\/3"}],"replies":[{"embeddable":true,"href":"https:\/\/www.noticiasradioreflejos.com.ar\/2021\/wp-json\/wp\/v2\/comments?post=96111"}],"version-history":[{"count":1,"href":"https:\/\/www.noticiasradioreflejos.com.ar\/2021\/wp-json\/wp\/v2\/posts\/96111\/revisions"}],"predecessor-version":[{"id":96113,"href":"https:\/\/www.noticiasradioreflejos.com.ar\/2021\/wp-json\/wp\/v2\/posts\/96111\/revisions\/96113"}],"wp:attachment":[{"href":"https:\/\/www.noticiasradioreflejos.com.ar\/2021\/wp-json\/wp\/v2\/media?parent=96111"}],"wp:term":[{"taxonomy":"category","embeddable":true,"href":"https:\/\/www.noticiasradioreflejos.com.ar\/2021\/wp-json\/wp\/v2\/categories?post=96111"},{"taxonomy":"post_tag","embeddable":true,"href":"https:\/\/www.noticiasradioreflejos.com.ar\/2021\/wp-json\/wp\/v2\/tags?post=96111"}],"curies":[{"name":"wp","href":"https:\/\/api.w.org\/{rel}","templated":true}]}}