{"id":96106,"date":"2023-12-06T11:09:31","date_gmt":"2023-12-06T11:09:31","guid":{"rendered":"https:\/\/www.noticiasradioreflejos.com.ar\/2021\/?p=96106"},"modified":"2023-12-06T11:09:31","modified_gmt":"2023-12-06T11:09:31","slug":"mas-de-100-allanamientos-y-siete-detenidos-por-abuso-sexual-infantil-y-grooming","status":"publish","type":"post","link":"https:\/\/www.noticiasradioreflejos.com.ar\/2021\/mas-de-100-allanamientos-y-siete-detenidos-por-abuso-sexual-infantil-y-grooming\/","title":{"rendered":"M\u00e1s de 100 allanamientos y siete detenidos por abuso sexual infantil y grooming"},"content":{"rendered":"<p>Durante el operativo -del que participaron unos 800 polic\u00edas bonaerenses se encontraron, adem\u00e1s de material f\u00edlmico, 61 ni\u00f1os y ni\u00f1as en los domicilios allanados.<!--more--><\/p>\n<p>Unos\u00a0<strong>800 polic\u00edas bonaerenses<\/strong>, junto a integrantes de la Polic\u00eda Federal, participaron este martes de 107 allanamientos en 62 localidades de la provincia de Buenos Aires, Chaco y Santa Fe en los que fueron detenidas siete personas acusadas de distribuir material de abuso infantil y grooming, inform\u00f3 la\u00a0<strong>Procuraci\u00f3n General de la Suprema Corte de Justicia bonaerense.<\/strong><\/p>\n<p>Durante el operativo<strong>\u00a0se encontraron, adem\u00e1s, 61 ni\u00f1os y ni\u00f1as en los domicilios allanados<\/strong>, y dieron intervenci\u00f3n a 22 fiscal\u00edas oficinas\/departamentos especializados y 22 Referentes en Delitos de Material de Abuso Sexual Infantil Y Grooming.<\/p>\n<p><strong>Se trata del Operativo Protecci\u00f3n de las Infancias II<\/strong>\u00a0que es la continuidad del Protecci\u00f3n de las Infancias I que se realiz\u00f3 en junio \u00faltimo como parte del compromiso asumido por el Ministerio P\u00fablico bonaerense con el objetivo de desbaratar redes de transmisi\u00f3n y producci\u00f3n de material de abuso sexual infantil a nivel global.<\/p>\n<p>En esta ocasi\u00f3n se realiz\u00f3 una tarea conjunta y coordinada entre tres Nodos del territorio bonaerense, de forma simult\u00e1nea en etapas y en red, junto con el\u00a0<strong>Departamento de Delitos Conexos.<\/strong><\/p>\n<p>Seg\u00fan indicaron, se solicit\u00f3 la colaboraci\u00f3n en la detecci\u00f3n de objetivos en la provincia de Buenos Aires\u00a0<strong>mediante la herramienta P2P \u00abIccacops\u00bb<\/strong>\u00a0a \u00e1reas judiciales especializadas en Delitos Conexos a la Trata de Personas, Ciberpedofilia y Grooming a los efectos de verificar el tr\u00e1fico de material de abuso y explotaci\u00f3n sexual de ni\u00f1os, ni\u00f1as y adolescentes (previsto en el art\u00edculo 128 del C\u00f3digo Penal Argentino) en plataformas de intercambio Peer to Peer, dentro del territorio bonaerense durante el per\u00edodo comprendido entre el 30 de agosto y el 6 de octubre de 2023.<\/p>\n<p><strong>Los allanamientos se llevaron a cabo en la provincia de Buenos Aires en Avellaneda-Lan\u00fas, Azul, Bah\u00eda Blanca, Dolores, Jun\u00edn, La Matanza, La Plata, Lomas de Zamora, Mar del Plata, Mercedes, Moreno-Gral. Rodr\u00edguez, Mor\u00f3n, Necochea, Pergamino, Quilmes, San Isidro, San Mart\u00edn, San Nicol\u00e1s y Z\u00e1rate Campana.<\/strong><\/p>\n<blockquote class=\"\"><p>Participaron m\u00e1s de 80 Funcionarios\/as y Agentes Judiciales; 88 integrantes de la Polic\u00eda Federal y 800 integrantes de la Polic\u00eda de la provincia de Buenos Aires<\/p><\/blockquote>\n<figure class=\"mb-3\"><img decoding=\"async\" class=\" lazy \" src=\"https:\/\/www.telam.com.ar\/thumbs\/bluesteel\/advf\/imagenes\/2023\/12\/656f90f45ae1c_1200.jpg\" alt=\"Durante el operativo se encontraron adems 61 nios y nias en los domicilios allanados\" width=\"100%\" height=\"100%\" \/><\/p>\n<div class=\"media-icons\"><\/div><figcaption>Durante el operativo se encontraron, adem\u00e1s, 61 ni\u00f1os y ni\u00f1as en los domicilios allanados.<\/figcaption><\/figure>\n<p>La ejecuci\u00f3n fue coordinada por el Departamento de Delitos Conexos a la Trata de Personas, Pornograf\u00eda Infantil y Grooming (en adelante Departamento de Delitos Conexos), a cargo de la Dra. Eleonora Weingast, que se encuentra en la \u00f3rbita de la Secretar\u00eda de Pol\u00edtica Criminal de la Procuraci\u00f3n General, a cargo del Dr. Francisco Pont Verg\u00e9s.<\/p>\n<p>Adem\u00e1s del delito de descarga y distribuci\u00f3n de material de abuso sexual infantil, se incluyen entre los investigados la tenencia, su posible producci\u00f3n y\u00a0<strong>el acoso sexual en l\u00ednea (grooming)<\/strong>, contemplados en los Art. 128 y 131 del C\u00f3digo Penal Argentino.<\/p>\n<p>Los 107 allanamientos efectuados en la provincia de Buenos Aires, Chaco y Santa Fe, contaron con la participaci\u00f3n de efectivos y expertos pertenecientes de distintas fuerzas, destac\u00e1ndose principalmente la Direcci\u00f3n de Investigaciones en Cibercrimen de la Polic\u00eda de la provincia de Buenos Aires, a cargo del Comisario Mayor Norberto Gabott y la Divisi\u00f3n de Delitos cibern\u00e9ticos contra la ni\u00f1ez y adolescencia de la Polic\u00eda Federal Argentina, a cargo del Crio. Gustavo Cabada, dependiente de la Superintendencia de Investigaciones Federales.<\/p>\n","protected":false},"excerpt":{"rendered":"<p>Durante el operativo -del que participaron unos 800 polic\u00edas bonaerenses se encontraron, adem\u00e1s de material f\u00edlmico, 61 ni\u00f1os y ni\u00f1as en los domicilios allanados.<\/p>\n","protected":false},"author":3,"featured_media":0,"comment_status":"closed","ping_status":"closed","sticky":false,"template":"","format":"standard","meta":{"footnotes":""},"categories":[29],"tags":[],"class_list":["post-96106","post","type-post","status-publish","format-standard","hentry","category-policiales"],"yoast_head":"<!-- This site is optimized with the Yoast SEO plugin v25.9 - https:\/\/yoast.com\/wordpress\/plugins\/seo\/ -->\n<title>M\u00e1s de 100 allanamientos y siete detenidos por abuso sexual infantil y grooming - Noticias Radio Reflejos<\/title>\n<meta name=\"robots\" content=\"index, follow, max-snippet:-1, max-image-preview:large, max-video-preview:-1\" \/>\n<link rel=\"canonical\" href=\"https:\/\/www.noticiasradioreflejos.com.ar\/2021\/mas-de-100-allanamientos-y-siete-detenidos-por-abuso-sexual-infantil-y-grooming\/\" \/>\n<meta property=\"og:locale\" content=\"es_ES\" \/>\n<meta property=\"og:type\" content=\"article\" \/>\n<meta property=\"og:title\" content=\"M\u00e1s de 100 allanamientos y siete detenidos por abuso sexual infantil y grooming - Noticias Radio Reflejos\" \/>\n<meta property=\"og:description\" content=\"Durante el operativo -del que participaron unos 800 polic\u00edas bonaerenses se encontraron, adem\u00e1s de material f\u00edlmico, 61 ni\u00f1os y ni\u00f1as en los domicilios allanados.\" \/>\n<meta property=\"og:url\" content=\"https:\/\/www.noticiasradioreflejos.com.ar\/2021\/mas-de-100-allanamientos-y-siete-detenidos-por-abuso-sexual-infantil-y-grooming\/\" \/>\n<meta property=\"og:site_name\" content=\"Noticias Radio Reflejos\" \/>\n<meta property=\"article:published_time\" content=\"2023-12-06T11:09:31+00:00\" \/>\n<meta property=\"og:image\" content=\"https:\/\/www.noticiasradioreflejos.com.ar\/2021\/wp-content\/uploads\/2023\/12\/delitos-complejos.jpg\" \/>\n\t<meta property=\"og:image:width\" content=\"1200\" \/>\n\t<meta property=\"og:image:height\" content=\"675\" \/>\n\t<meta property=\"og:image:type\" content=\"image\/jpeg\" \/>\n<meta name=\"author\" content=\"Arnaldo Botto\" \/>\n<meta name=\"twitter:card\" content=\"summary_large_image\" \/>\n<script type=\"application\/ld+json\" class=\"yoast-schema-graph\">{\"@context\":\"https:\/\/schema.org\",\"@graph\":[{\"@type\":\"WebPage\",\"@id\":\"https:\/\/www.noticiasradioreflejos.com.ar\/2021\/mas-de-100-allanamientos-y-siete-detenidos-por-abuso-sexual-infantil-y-grooming\/\",\"url\":\"https:\/\/www.noticiasradioreflejos.com.ar\/2021\/mas-de-100-allanamientos-y-siete-detenidos-por-abuso-sexual-infantil-y-grooming\/\",\"name\":\"M\u00e1s de 100 allanamientos y siete detenidos por abuso sexual infantil y grooming - Noticias Radio Reflejos\",\"isPartOf\":{\"@id\":\"https:\/\/www.noticiasradioreflejos.com.ar\/2021\/#website\"},\"primaryImageOfPage\":{\"@id\":\"https:\/\/www.noticiasradioreflejos.com.ar\/2021\/mas-de-100-allanamientos-y-siete-detenidos-por-abuso-sexual-infantil-y-grooming\/#primaryimage\"},\"image\":{\"@id\":\"https:\/\/www.noticiasradioreflejos.com.ar\/2021\/mas-de-100-allanamientos-y-siete-detenidos-por-abuso-sexual-infantil-y-grooming\/#primaryimage\"},\"thumbnailUrl\":\"https:\/\/www.telam.com.ar\/thumbs\/bluesteel\/advf\/imagenes\/2023\/12\/656f90f45ae1c_1200.jpg\",\"datePublished\":\"2023-12-06T11:09:31+00:00\",\"author\":{\"@id\":\"https:\/\/www.noticiasradioreflejos.com.ar\/2021\/#\/schema\/person\/ad82545263dcc5ec0996818884fd5fb1\"},\"breadcrumb\":{\"@id\":\"https:\/\/www.noticiasradioreflejos.com.ar\/2021\/mas-de-100-allanamientos-y-siete-detenidos-por-abuso-sexual-infantil-y-grooming\/#breadcrumb\"},\"inLanguage\":\"es\",\"potentialAction\":[{\"@type\":\"ReadAction\",\"target\":[\"https:\/\/www.noticiasradioreflejos.com.ar\/2021\/mas-de-100-allanamientos-y-siete-detenidos-por-abuso-sexual-infantil-y-grooming\/\"]}]},{\"@type\":\"ImageObject\",\"inLanguage\":\"es\",\"@id\":\"https:\/\/www.noticiasradioreflejos.com.ar\/2021\/mas-de-100-allanamientos-y-siete-detenidos-por-abuso-sexual-infantil-y-grooming\/#primaryimage\",\"url\":\"https:\/\/www.telam.com.ar\/thumbs\/bluesteel\/advf\/imagenes\/2023\/12\/656f90f45ae1c_1200.jpg\",\"contentUrl\":\"https:\/\/www.telam.com.ar\/thumbs\/bluesteel\/advf\/imagenes\/2023\/12\/656f90f45ae1c_1200.jpg\"},{\"@type\":\"BreadcrumbList\",\"@id\":\"https:\/\/www.noticiasradioreflejos.com.ar\/2021\/mas-de-100-allanamientos-y-siete-detenidos-por-abuso-sexual-infantil-y-grooming\/#breadcrumb\",\"itemListElement\":[{\"@type\":\"ListItem\",\"position\":1,\"name\":\"Portada\",\"item\":\"https:\/\/www.noticiasradioreflejos.com.ar\/2021\/\"},{\"@type\":\"ListItem\",\"position\":2,\"name\":\"M\u00e1s de 100 allanamientos y siete detenidos por abuso sexual infantil y grooming\"}]},{\"@type\":\"WebSite\",\"@id\":\"https:\/\/www.noticiasradioreflejos.com.ar\/2021\/#website\",\"url\":\"https:\/\/www.noticiasradioreflejos.com.ar\/2021\/\",\"name\":\"Noticias Radio Reflejos\",\"description\":\"Las noticias de mi comarca\",\"potentialAction\":[{\"@type\":\"SearchAction\",\"target\":{\"@type\":\"EntryPoint\",\"urlTemplate\":\"https:\/\/www.noticiasradioreflejos.com.ar\/2021\/?s={search_term_string}\"},\"query-input\":{\"@type\":\"PropertyValueSpecification\",\"valueRequired\":true,\"valueName\":\"search_term_string\"}}],\"inLanguage\":\"es\"},{\"@type\":\"Person\",\"@id\":\"https:\/\/www.noticiasradioreflejos.com.ar\/2021\/#\/schema\/person\/ad82545263dcc5ec0996818884fd5fb1\",\"name\":\"Arnaldo Botto\",\"image\":{\"@type\":\"ImageObject\",\"inLanguage\":\"es\",\"@id\":\"https:\/\/www.noticiasradioreflejos.com.ar\/2021\/#\/schema\/person\/image\/\",\"url\":\"https:\/\/secure.gravatar.com\/avatar\/55cb5e37c1efa326397366e6974cb338056df65cb50e7d64d1cf314e87504837?s=96&d=mm&r=g\",\"contentUrl\":\"https:\/\/secure.gravatar.com\/avatar\/55cb5e37c1efa326397366e6974cb338056df65cb50e7d64d1cf314e87504837?s=96&d=mm&r=g\",\"caption\":\"Arnaldo Botto\"},\"url\":\"https:\/\/www.noticiasradioreflejos.com.ar\/2021\/author\/arnaldo\/\"}]}<\/script>\n<!-- \/ Yoast SEO plugin. -->","yoast_head_json":{"title":"M\u00e1s de 100 allanamientos y siete detenidos por abuso sexual infantil y grooming - Noticias Radio Reflejos","robots":{"index":"index","follow":"follow","max-snippet":"max-snippet:-1","max-image-preview":"max-image-preview:large","max-video-preview":"max-video-preview:-1"},"canonical":"https:\/\/www.noticiasradioreflejos.com.ar\/2021\/mas-de-100-allanamientos-y-siete-detenidos-por-abuso-sexual-infantil-y-grooming\/","og_locale":"es_ES","og_type":"article","og_title":"M\u00e1s de 100 allanamientos y siete detenidos por abuso sexual infantil y grooming - Noticias Radio Reflejos","og_description":"Durante el operativo -del que participaron unos 800 polic\u00edas bonaerenses se encontraron, adem\u00e1s de material f\u00edlmico, 61 ni\u00f1os y ni\u00f1as en los domicilios allanados.","og_url":"https:\/\/www.noticiasradioreflejos.com.ar\/2021\/mas-de-100-allanamientos-y-siete-detenidos-por-abuso-sexual-infantil-y-grooming\/","og_site_name":"Noticias Radio Reflejos","article_published_time":"2023-12-06T11:09:31+00:00","og_image":[{"width":1200,"height":675,"url":"https:\/\/www.noticiasradioreflejos.com.ar\/2021\/wp-content\/uploads\/2023\/12\/delitos-complejos.jpg","type":"image\/jpeg"}],"author":"Arnaldo Botto","twitter_card":"summary_large_image","schema":{"@context":"https:\/\/schema.org","@graph":[{"@type":"WebPage","@id":"https:\/\/www.noticiasradioreflejos.com.ar\/2021\/mas-de-100-allanamientos-y-siete-detenidos-por-abuso-sexual-infantil-y-grooming\/","url":"https:\/\/www.noticiasradioreflejos.com.ar\/2021\/mas-de-100-allanamientos-y-siete-detenidos-por-abuso-sexual-infantil-y-grooming\/","name":"M\u00e1s de 100 allanamientos y siete detenidos por abuso sexual infantil y grooming - Noticias Radio Reflejos","isPartOf":{"@id":"https:\/\/www.noticiasradioreflejos.com.ar\/2021\/#website"},"primaryImageOfPage":{"@id":"https:\/\/www.noticiasradioreflejos.com.ar\/2021\/mas-de-100-allanamientos-y-siete-detenidos-por-abuso-sexual-infantil-y-grooming\/#primaryimage"},"image":{"@id":"https:\/\/www.noticiasradioreflejos.com.ar\/2021\/mas-de-100-allanamientos-y-siete-detenidos-por-abuso-sexual-infantil-y-grooming\/#primaryimage"},"thumbnailUrl":"https:\/\/www.telam.com.ar\/thumbs\/bluesteel\/advf\/imagenes\/2023\/12\/656f90f45ae1c_1200.jpg","datePublished":"2023-12-06T11:09:31+00:00","author":{"@id":"https:\/\/www.noticiasradioreflejos.com.ar\/2021\/#\/schema\/person\/ad82545263dcc5ec0996818884fd5fb1"},"breadcrumb":{"@id":"https:\/\/www.noticiasradioreflejos.com.ar\/2021\/mas-de-100-allanamientos-y-siete-detenidos-por-abuso-sexual-infantil-y-grooming\/#breadcrumb"},"inLanguage":"es","potentialAction":[{"@type":"ReadAction","target":["https:\/\/www.noticiasradioreflejos.com.ar\/2021\/mas-de-100-allanamientos-y-siete-detenidos-por-abuso-sexual-infantil-y-grooming\/"]}]},{"@type":"ImageObject","inLanguage":"es","@id":"https:\/\/www.noticiasradioreflejos.com.ar\/2021\/mas-de-100-allanamientos-y-siete-detenidos-por-abuso-sexual-infantil-y-grooming\/#primaryimage","url":"https:\/\/www.telam.com.ar\/thumbs\/bluesteel\/advf\/imagenes\/2023\/12\/656f90f45ae1c_1200.jpg","contentUrl":"https:\/\/www.telam.com.ar\/thumbs\/bluesteel\/advf\/imagenes\/2023\/12\/656f90f45ae1c_1200.jpg"},{"@type":"BreadcrumbList","@id":"https:\/\/www.noticiasradioreflejos.com.ar\/2021\/mas-de-100-allanamientos-y-siete-detenidos-por-abuso-sexual-infantil-y-grooming\/#breadcrumb","itemListElement":[{"@type":"ListItem","position":1,"name":"Portada","item":"https:\/\/www.noticiasradioreflejos.com.ar\/2021\/"},{"@type":"ListItem","position":2,"name":"M\u00e1s de 100 allanamientos y siete detenidos por abuso sexual infantil y grooming"}]},{"@type":"WebSite","@id":"https:\/\/www.noticiasradioreflejos.com.ar\/2021\/#website","url":"https:\/\/www.noticiasradioreflejos.com.ar\/2021\/","name":"Noticias Radio Reflejos","description":"Las noticias de mi comarca","potentialAction":[{"@type":"SearchAction","target":{"@type":"EntryPoint","urlTemplate":"https:\/\/www.noticiasradioreflejos.com.ar\/2021\/?s={search_term_string}"},"query-input":{"@type":"PropertyValueSpecification","valueRequired":true,"valueName":"search_term_string"}}],"inLanguage":"es"},{"@type":"Person","@id":"https:\/\/www.noticiasradioreflejos.com.ar\/2021\/#\/schema\/person\/ad82545263dcc5ec0996818884fd5fb1","name":"Arnaldo Botto","image":{"@type":"ImageObject","inLanguage":"es","@id":"https:\/\/www.noticiasradioreflejos.com.ar\/2021\/#\/schema\/person\/image\/","url":"https:\/\/secure.gravatar.com\/avatar\/55cb5e37c1efa326397366e6974cb338056df65cb50e7d64d1cf314e87504837?s=96&d=mm&r=g","contentUrl":"https:\/\/secure.gravatar.com\/avatar\/55cb5e37c1efa326397366e6974cb338056df65cb50e7d64d1cf314e87504837?s=96&d=mm&r=g","caption":"Arnaldo Botto"},"url":"https:\/\/www.noticiasradioreflejos.com.ar\/2021\/author\/arnaldo\/"}]}},"_links":{"self":[{"href":"https:\/\/www.noticiasradioreflejos.com.ar\/2021\/wp-json\/wp\/v2\/posts\/96106","targetHints":{"allow":["GET"]}}],"collection":[{"href":"https:\/\/www.noticiasradioreflejos.com.ar\/2021\/wp-json\/wp\/v2\/posts"}],"about":[{"href":"https:\/\/www.noticiasradioreflejos.com.ar\/2021\/wp-json\/wp\/v2\/types\/post"}],"author":[{"embeddable":true,"href":"https:\/\/www.noticiasradioreflejos.com.ar\/2021\/wp-json\/wp\/v2\/users\/3"}],"replies":[{"embeddable":true,"href":"https:\/\/www.noticiasradioreflejos.com.ar\/2021\/wp-json\/wp\/v2\/comments?post=96106"}],"version-history":[{"count":1,"href":"https:\/\/www.noticiasradioreflejos.com.ar\/2021\/wp-json\/wp\/v2\/posts\/96106\/revisions"}],"predecessor-version":[{"id":96108,"href":"https:\/\/www.noticiasradioreflejos.com.ar\/2021\/wp-json\/wp\/v2\/posts\/96106\/revisions\/96108"}],"wp:attachment":[{"href":"https:\/\/www.noticiasradioreflejos.com.ar\/2021\/wp-json\/wp\/v2\/media?parent=96106"}],"wp:term":[{"taxonomy":"category","embeddable":true,"href":"https:\/\/www.noticiasradioreflejos.com.ar\/2021\/wp-json\/wp\/v2\/categories?post=96106"},{"taxonomy":"post_tag","embeddable":true,"href":"https:\/\/www.noticiasradioreflejos.com.ar\/2021\/wp-json\/wp\/v2\/tags?post=96106"}],"curies":[{"name":"wp","href":"https:\/\/api.w.org\/{rel}","templated":true}]}}