{"id":96103,"date":"2023-12-06T11:06:06","date_gmt":"2023-12-06T11:06:06","guid":{"rendered":"https:\/\/www.noticiasradioreflejos.com.ar\/2021\/?p=96103"},"modified":"2023-12-06T11:06:06","modified_gmt":"2023-12-06T11:06:06","slug":"maximiliano-guerra-renuncio-a-su-banca-en-diputados-por-estrictos-motivos-personales","status":"publish","type":"post","link":"https:\/\/www.noticiasradioreflejos.com.ar\/2021\/maximiliano-guerra-renuncio-a-su-banca-en-diputados-por-estrictos-motivos-personales\/","title":{"rendered":"Maximiliano Guerra renunci\u00f3 a su banca en Diputados por \u00abestrictos motivos personales\u00bb"},"content":{"rendered":"<p>El bailar\u00edn hab\u00eda desmentido hace unos d\u00edas rumores sobre su salida a los que calific\u00f3 como \u00aboperaciones\u00bb<!--more--><\/p>\n<p><strong>El diputado nacional electo de Juntos por el Cambio (JxC) Maximiliano Guerra<\/strong>\u00a0renunci\u00f3 este martes a su banca en el Congreso por\u00a0<strong>\u00abestrictos motivos personales\u00bb,<\/strong>\u00a0d\u00edas despu\u00e9s de desmentir su salida y tras calificar de \u00aboperaciones\u00bb los rumores sobre esa decisi\u00f3n, y ser\u00e1 reemplazado por el actual diputado del PRO \u00c1lvaro Gonz\u00e1lez, el primer suplente en la lista.<\/p>\n<p><strong>\u00abDejo constancia que no asumir\u00e9 la banca de primer Diputado Nacional por la Ciudad Aut\u00f3noma de Buenos aires en la pr\u00f3xima jura del 7 de diciembre del corriente; motivan esta decisi\u00f3n estrictos motivos personales\u00bb<\/strong>, argument\u00f3 el exbailar\u00edn en la carta que present\u00f3 en Diputados.<\/p>\n<p>Con esta decisi\u00f3n,\u00a0<strong>Guerra -que encabez\u00f3 la lista de diputados de la candidata presidencial Patricia Bullrich, vencedora en la interna de JxC- ser\u00e1 reemplazado por el siguiente dirigente en la l\u00ednea sucesoria<\/strong>, el actual diputado Gonz\u00e1lez, quien adem\u00e1s de ser af\u00edn al jefe de Gobierno porte\u00f1o, Horacio Rodr\u00edguez Larreta, tambi\u00e9n es integrante del Consejo de la Magistratura con mandato por cuatro a\u00f1os m\u00e1s.<\/p>\n<p>En caso de que Guerra hubiera asumido la banca, Gonz\u00e1lez deber\u00eda haber dejado su representaci\u00f3n por la C\u00e1mara de Diputados en el Consejo de la Magistratura.<\/p>\n<p>D\u00edas atr\u00e1s, al trascender la presunta salida de Guerra,\u00a0<strong>el propio diputado electo se encarg\u00f3 de desmentirlo en sus redes sociales y calific\u00f3 a esos rumores de \u00aboperaciones\u00bb.<\/strong><\/p>\n<p>\u00abDesde temprano hay rumores de que no voy a asumir como Diputado, y que estoy residiendo en Miami. Nada m\u00e1s lejos de la realidad\u00bb, aclar\u00f3 Maximiliano Guerra en su cuenta de X.<\/p>\n<div class=\"twitter-tweet twitter-tweet-rendered\"><iframe id=\"twitter-widget-0\" class=\"\" title=\"Twitter Tweet\" src=\"https:\/\/platform.twitter.com\/embed\/Tweet.html?creatorScreenName=agenciatelam&amp;dnt=false&amp;embedId=twitter-widget-0&amp;features=eyJ0ZndfdGltZWxpbmVfbGlzdCI6eyJidWNrZXQiOltdLCJ2ZXJzaW9uIjpudWxsfSwidGZ3X2ZvbGxvd2VyX2NvdW50X3N1bnNldCI6eyJidWNrZXQiOnRydWUsInZlcnNpb24iOm51bGx9LCJ0ZndfdHdlZXRfZWRpdF9iYWNrZW5kIjp7ImJ1Y2tldCI6Im9uIiwidmVyc2lvbiI6bnVsbH0sInRmd19yZWZzcmNfc2Vzc2lvbiI6eyJidWNrZXQiOiJvbiIsInZlcnNpb24iOm51bGx9LCJ0ZndfZm9zbnJfc29mdF9pbnRlcnZlbnRpb25zX2VuYWJsZWQiOnsiYnVja2V0Ijoib24iLCJ2ZXJzaW9uIjpudWxsfSwidGZ3X21peGVkX21lZGlhXzE1ODk3Ijp7ImJ1Y2tldCI6InRyZWF0bWVudCIsInZlcnNpb24iOm51bGx9LCJ0ZndfZXhwZXJpbWVudHNfY29va2llX2V4cGlyYXRpb24iOnsiYnVja2V0IjoxMjA5NjAwLCJ2ZXJzaW9uIjpudWxsfSwidGZ3X3Nob3dfYmlyZHdhdGNoX3Bpdm90c19lbmFibGVkIjp7ImJ1Y2tldCI6Im9uIiwidmVyc2lvbiI6bnVsbH0sInRmd19kdXBsaWNhdGVfc2NyaWJlc190b19zZXR0aW5ncyI6eyJidWNrZXQiOiJvbiIsInZlcnNpb24iOm51bGx9LCJ0ZndfdXNlX3Byb2ZpbGVfaW1hZ2Vfc2hhcGVfZW5hYmxlZCI6eyJidWNrZXQiOiJvbiIsInZlcnNpb24iOm51bGx9LCJ0ZndfdmlkZW9faGxzX2R5bmFtaWNfbWFuaWZlc3RzXzE1MDgyIjp7ImJ1Y2tldCI6InRydWVfYml0cmF0ZSIsInZlcnNpb24iOm51bGx9LCJ0ZndfbGVnYWN5X3RpbWVsaW5lX3N1bnNldCI6eyJidWNrZXQiOnRydWUsInZlcnNpb24iOm51bGx9LCJ0ZndfdHdlZXRfZWRpdF9mcm9udGVuZCI6eyJidWNrZXQiOiJvbiIsInZlcnNpb24iOm51bGx9fQ%3D%3D&amp;frame=false&amp;hideCard=false&amp;hideThread=false&amp;id=1730617157527261540&amp;lang=es&amp;origin=https%3A%2F%2Fwww.telam.com.ar%2Fnotas%2F202312%2F648661-maximiliano-guerra-renuncia-banca-diputado.html&amp;sessionId=0f63735116e66e590d8b0323f9b2323111b6cafd&amp;siteScreenName=agenciatelam&amp;theme=light&amp;widgetsVersion=01917f4d1d4cb%3A1696883169554&amp;width=550px\" frameborder=\"0\" scrolling=\"no\" allowfullscreen=\"allowfullscreen\" data-tweet-id=\"1730617157527261540\" data-mce-fragment=\"1\"><\/iframe><\/div>\n<p>Y agreg\u00f3 en ese momento:\u00a0<strong>\u00abMi compromiso con la sociedad sigue siendo una prioridad para construir la Argentina que so\u00f1amos. \u00a1Paren las operaciones! \u00a1El cambio est\u00e1 en marcha!\u00bb.<\/strong><\/p>\n<p>Guerra tiene una dilatada y laureada trayectoria como bailar\u00edn cl\u00e1sico y fue director estable del Ballet Estable del Teatro Col\u00f3n de Buenos Aires. Adem\u00e1s, cre\u00f3 la Fundaci\u00f3n Maximiliano Guerra.<\/p>\n<p>En su breve carrera pol\u00edtica form\u00f3 parte de los sectores m\u00e1s radicalizados de Juntos por el Cambio, en la l\u00ednea conocida como los \u00abhalcones\u00bb, desde donde tuvo duras intervenciones y manifestaciones contra el gobierno del Frente de Todos.<\/p>\n","protected":false},"excerpt":{"rendered":"<p>El bailar\u00edn hab\u00eda desmentido hace unos d\u00edas rumores sobre su salida a los que calific\u00f3 como \u00aboperaciones\u00bb<\/p>\n","protected":false},"author":3,"featured_media":0,"comment_status":"closed","ping_status":"closed","sticky":false,"template":"","format":"standard","meta":{"footnotes":""},"categories":[24],"tags":[],"class_list":["post-96103","post","type-post","status-publish","format-standard","hentry","category-politica"],"yoast_head":"<!-- This site is optimized with the Yoast SEO plugin v25.9 - https:\/\/yoast.com\/wordpress\/plugins\/seo\/ -->\n<title>Maximiliano Guerra renunci\u00f3 a su banca en Diputados por &quot;estrictos motivos personales&quot; - Noticias Radio Reflejos<\/title>\n<meta name=\"robots\" content=\"index, follow, max-snippet:-1, max-image-preview:large, max-video-preview:-1\" \/>\n<link rel=\"canonical\" href=\"https:\/\/www.noticiasradioreflejos.com.ar\/2021\/maximiliano-guerra-renuncio-a-su-banca-en-diputados-por-estrictos-motivos-personales\/\" \/>\n<meta property=\"og:locale\" content=\"es_ES\" \/>\n<meta property=\"og:type\" content=\"article\" \/>\n<meta property=\"og:title\" content=\"Maximiliano Guerra renunci\u00f3 a su banca en Diputados por &quot;estrictos motivos personales&quot; - Noticias Radio Reflejos\" \/>\n<meta property=\"og:description\" content=\"El bailar\u00edn hab\u00eda desmentido hace unos d\u00edas rumores sobre su salida a los que calific\u00f3 como \u00aboperaciones\u00bb\" \/>\n<meta property=\"og:url\" content=\"https:\/\/www.noticiasradioreflejos.com.ar\/2021\/maximiliano-guerra-renuncio-a-su-banca-en-diputados-por-estrictos-motivos-personales\/\" \/>\n<meta property=\"og:site_name\" content=\"Noticias Radio Reflejos\" \/>\n<meta property=\"article:published_time\" content=\"2023-12-06T11:06:06+00:00\" \/>\n<meta property=\"og:image\" content=\"https:\/\/www.noticiasradioreflejos.com.ar\/2021\/wp-content\/uploads\/2021\/07\/logosol300x200.png\" \/>\n\t<meta property=\"og:image:width\" content=\"300\" \/>\n\t<meta property=\"og:image:height\" content=\"200\" \/>\n\t<meta property=\"og:image:type\" content=\"image\/png\" \/>\n<meta name=\"author\" content=\"Arnaldo Botto\" \/>\n<meta name=\"twitter:card\" content=\"summary_large_image\" \/>\n<script type=\"application\/ld+json\" class=\"yoast-schema-graph\">{\"@context\":\"https:\/\/schema.org\",\"@graph\":[{\"@type\":\"WebPage\",\"@id\":\"https:\/\/www.noticiasradioreflejos.com.ar\/2021\/maximiliano-guerra-renuncio-a-su-banca-en-diputados-por-estrictos-motivos-personales\/\",\"url\":\"https:\/\/www.noticiasradioreflejos.com.ar\/2021\/maximiliano-guerra-renuncio-a-su-banca-en-diputados-por-estrictos-motivos-personales\/\",\"name\":\"Maximiliano Guerra renunci\u00f3 a su banca en Diputados por \\\"estrictos motivos personales\\\" - Noticias Radio Reflejos\",\"isPartOf\":{\"@id\":\"https:\/\/www.noticiasradioreflejos.com.ar\/2021\/#website\"},\"datePublished\":\"2023-12-06T11:06:06+00:00\",\"author\":{\"@id\":\"https:\/\/www.noticiasradioreflejos.com.ar\/2021\/#\/schema\/person\/ad82545263dcc5ec0996818884fd5fb1\"},\"breadcrumb\":{\"@id\":\"https:\/\/www.noticiasradioreflejos.com.ar\/2021\/maximiliano-guerra-renuncio-a-su-banca-en-diputados-por-estrictos-motivos-personales\/#breadcrumb\"},\"inLanguage\":\"es\",\"potentialAction\":[{\"@type\":\"ReadAction\",\"target\":[\"https:\/\/www.noticiasradioreflejos.com.ar\/2021\/maximiliano-guerra-renuncio-a-su-banca-en-diputados-por-estrictos-motivos-personales\/\"]}]},{\"@type\":\"BreadcrumbList\",\"@id\":\"https:\/\/www.noticiasradioreflejos.com.ar\/2021\/maximiliano-guerra-renuncio-a-su-banca-en-diputados-por-estrictos-motivos-personales\/#breadcrumb\",\"itemListElement\":[{\"@type\":\"ListItem\",\"position\":1,\"name\":\"Portada\",\"item\":\"https:\/\/www.noticiasradioreflejos.com.ar\/2021\/\"},{\"@type\":\"ListItem\",\"position\":2,\"name\":\"Maximiliano Guerra renunci\u00f3 a su banca en Diputados por \u00abestrictos motivos personales\u00bb\"}]},{\"@type\":\"WebSite\",\"@id\":\"https:\/\/www.noticiasradioreflejos.com.ar\/2021\/#website\",\"url\":\"https:\/\/www.noticiasradioreflejos.com.ar\/2021\/\",\"name\":\"Noticias Radio Reflejos\",\"description\":\"Las noticias de mi comarca\",\"potentialAction\":[{\"@type\":\"SearchAction\",\"target\":{\"@type\":\"EntryPoint\",\"urlTemplate\":\"https:\/\/www.noticiasradioreflejos.com.ar\/2021\/?s={search_term_string}\"},\"query-input\":{\"@type\":\"PropertyValueSpecification\",\"valueRequired\":true,\"valueName\":\"search_term_string\"}}],\"inLanguage\":\"es\"},{\"@type\":\"Person\",\"@id\":\"https:\/\/www.noticiasradioreflejos.com.ar\/2021\/#\/schema\/person\/ad82545263dcc5ec0996818884fd5fb1\",\"name\":\"Arnaldo Botto\",\"image\":{\"@type\":\"ImageObject\",\"inLanguage\":\"es\",\"@id\":\"https:\/\/www.noticiasradioreflejos.com.ar\/2021\/#\/schema\/person\/image\/\",\"url\":\"https:\/\/secure.gravatar.com\/avatar\/55cb5e37c1efa326397366e6974cb338056df65cb50e7d64d1cf314e87504837?s=96&d=mm&r=g\",\"contentUrl\":\"https:\/\/secure.gravatar.com\/avatar\/55cb5e37c1efa326397366e6974cb338056df65cb50e7d64d1cf314e87504837?s=96&d=mm&r=g\",\"caption\":\"Arnaldo Botto\"},\"url\":\"https:\/\/www.noticiasradioreflejos.com.ar\/2021\/author\/arnaldo\/\"}]}<\/script>\n<!-- \/ Yoast SEO plugin. -->","yoast_head_json":{"title":"Maximiliano Guerra renunci\u00f3 a su banca en Diputados por \"estrictos motivos personales\" - Noticias Radio Reflejos","robots":{"index":"index","follow":"follow","max-snippet":"max-snippet:-1","max-image-preview":"max-image-preview:large","max-video-preview":"max-video-preview:-1"},"canonical":"https:\/\/www.noticiasradioreflejos.com.ar\/2021\/maximiliano-guerra-renuncio-a-su-banca-en-diputados-por-estrictos-motivos-personales\/","og_locale":"es_ES","og_type":"article","og_title":"Maximiliano Guerra renunci\u00f3 a su banca en Diputados por \"estrictos motivos personales\" - Noticias Radio Reflejos","og_description":"El bailar\u00edn hab\u00eda desmentido hace unos d\u00edas rumores sobre su salida a los que calific\u00f3 como \u00aboperaciones\u00bb","og_url":"https:\/\/www.noticiasradioreflejos.com.ar\/2021\/maximiliano-guerra-renuncio-a-su-banca-en-diputados-por-estrictos-motivos-personales\/","og_site_name":"Noticias Radio Reflejos","article_published_time":"2023-12-06T11:06:06+00:00","og_image":[{"width":300,"height":200,"url":"https:\/\/www.noticiasradioreflejos.com.ar\/2021\/wp-content\/uploads\/2021\/07\/logosol300x200.png","type":"image\/png"}],"author":"Arnaldo Botto","twitter_card":"summary_large_image","schema":{"@context":"https:\/\/schema.org","@graph":[{"@type":"WebPage","@id":"https:\/\/www.noticiasradioreflejos.com.ar\/2021\/maximiliano-guerra-renuncio-a-su-banca-en-diputados-por-estrictos-motivos-personales\/","url":"https:\/\/www.noticiasradioreflejos.com.ar\/2021\/maximiliano-guerra-renuncio-a-su-banca-en-diputados-por-estrictos-motivos-personales\/","name":"Maximiliano Guerra renunci\u00f3 a su banca en Diputados por \"estrictos motivos personales\" - Noticias Radio Reflejos","isPartOf":{"@id":"https:\/\/www.noticiasradioreflejos.com.ar\/2021\/#website"},"datePublished":"2023-12-06T11:06:06+00:00","author":{"@id":"https:\/\/www.noticiasradioreflejos.com.ar\/2021\/#\/schema\/person\/ad82545263dcc5ec0996818884fd5fb1"},"breadcrumb":{"@id":"https:\/\/www.noticiasradioreflejos.com.ar\/2021\/maximiliano-guerra-renuncio-a-su-banca-en-diputados-por-estrictos-motivos-personales\/#breadcrumb"},"inLanguage":"es","potentialAction":[{"@type":"ReadAction","target":["https:\/\/www.noticiasradioreflejos.com.ar\/2021\/maximiliano-guerra-renuncio-a-su-banca-en-diputados-por-estrictos-motivos-personales\/"]}]},{"@type":"BreadcrumbList","@id":"https:\/\/www.noticiasradioreflejos.com.ar\/2021\/maximiliano-guerra-renuncio-a-su-banca-en-diputados-por-estrictos-motivos-personales\/#breadcrumb","itemListElement":[{"@type":"ListItem","position":1,"name":"Portada","item":"https:\/\/www.noticiasradioreflejos.com.ar\/2021\/"},{"@type":"ListItem","position":2,"name":"Maximiliano Guerra renunci\u00f3 a su banca en Diputados por \u00abestrictos motivos personales\u00bb"}]},{"@type":"WebSite","@id":"https:\/\/www.noticiasradioreflejos.com.ar\/2021\/#website","url":"https:\/\/www.noticiasradioreflejos.com.ar\/2021\/","name":"Noticias Radio Reflejos","description":"Las noticias de mi comarca","potentialAction":[{"@type":"SearchAction","target":{"@type":"EntryPoint","urlTemplate":"https:\/\/www.noticiasradioreflejos.com.ar\/2021\/?s={search_term_string}"},"query-input":{"@type":"PropertyValueSpecification","valueRequired":true,"valueName":"search_term_string"}}],"inLanguage":"es"},{"@type":"Person","@id":"https:\/\/www.noticiasradioreflejos.com.ar\/2021\/#\/schema\/person\/ad82545263dcc5ec0996818884fd5fb1","name":"Arnaldo Botto","image":{"@type":"ImageObject","inLanguage":"es","@id":"https:\/\/www.noticiasradioreflejos.com.ar\/2021\/#\/schema\/person\/image\/","url":"https:\/\/secure.gravatar.com\/avatar\/55cb5e37c1efa326397366e6974cb338056df65cb50e7d64d1cf314e87504837?s=96&d=mm&r=g","contentUrl":"https:\/\/secure.gravatar.com\/avatar\/55cb5e37c1efa326397366e6974cb338056df65cb50e7d64d1cf314e87504837?s=96&d=mm&r=g","caption":"Arnaldo Botto"},"url":"https:\/\/www.noticiasradioreflejos.com.ar\/2021\/author\/arnaldo\/"}]}},"_links":{"self":[{"href":"https:\/\/www.noticiasradioreflejos.com.ar\/2021\/wp-json\/wp\/v2\/posts\/96103","targetHints":{"allow":["GET"]}}],"collection":[{"href":"https:\/\/www.noticiasradioreflejos.com.ar\/2021\/wp-json\/wp\/v2\/posts"}],"about":[{"href":"https:\/\/www.noticiasradioreflejos.com.ar\/2021\/wp-json\/wp\/v2\/types\/post"}],"author":[{"embeddable":true,"href":"https:\/\/www.noticiasradioreflejos.com.ar\/2021\/wp-json\/wp\/v2\/users\/3"}],"replies":[{"embeddable":true,"href":"https:\/\/www.noticiasradioreflejos.com.ar\/2021\/wp-json\/wp\/v2\/comments?post=96103"}],"version-history":[{"count":1,"href":"https:\/\/www.noticiasradioreflejos.com.ar\/2021\/wp-json\/wp\/v2\/posts\/96103\/revisions"}],"predecessor-version":[{"id":96105,"href":"https:\/\/www.noticiasradioreflejos.com.ar\/2021\/wp-json\/wp\/v2\/posts\/96103\/revisions\/96105"}],"wp:attachment":[{"href":"https:\/\/www.noticiasradioreflejos.com.ar\/2021\/wp-json\/wp\/v2\/media?parent=96103"}],"wp:term":[{"taxonomy":"category","embeddable":true,"href":"https:\/\/www.noticiasradioreflejos.com.ar\/2021\/wp-json\/wp\/v2\/categories?post=96103"},{"taxonomy":"post_tag","embeddable":true,"href":"https:\/\/www.noticiasradioreflejos.com.ar\/2021\/wp-json\/wp\/v2\/tags?post=96103"}],"curies":[{"name":"wp","href":"https:\/\/api.w.org\/{rel}","templated":true}]}}