{"id":96099,"date":"2023-12-06T11:01:34","date_gmt":"2023-12-06T11:01:34","guid":{"rendered":"https:\/\/www.noticiasradioreflejos.com.ar\/2021\/?p=96099"},"modified":"2023-12-06T11:01:34","modified_gmt":"2023-12-06T11:01:34","slug":"milei-termina-de-cubrir-el-futuro-gabinete-y-convoca-a-la-ciudadania-para-la-asuncion","status":"publish","type":"post","link":"https:\/\/www.noticiasradioreflejos.com.ar\/2021\/milei-termina-de-cubrir-el-futuro-gabinete-y-convoca-a-la-ciudadania-para-la-asuncion\/","title":{"rendered":"Milei termina de cubrir el futuro gabinete y convoca a la ciudadan\u00eda para la asunci\u00f3n"},"content":{"rendered":"<p>La Asamblea Legislativa comenzar\u00e1 a las 11 y, posteriormente, el presidente electo recibir\u00e1 del mandatario saliente, Alberto Fern\u00e1ndez, los atributos del mando.<!--more--><\/p>\n<figure class=\"mb-3\"><img decoding=\"async\" class=\" lazy \" src=\"https:\/\/www.telam.com.ar\/thumbs\/bluesteel\/advf\/imagenes\/editadas\/65704f1c6a601_1200.jpg\" alt=\"Foto Pablo Aeli\" width=\"100%\" height=\"100%\" \/><\/p>\n<div class=\"media-icons\">Foto: Pablo A\u00f1eli.<\/div>\n<\/figure>\n<p>El presidente electo, Javier Milei, contin\u00fao con m\u00faltiples reuniones en el Hotel Libertador de Buenos Aires, donde ultima los detalles para su asunci\u00f3n del pr\u00f3ximo 10 de diciembre, y<strong>\u00a0llam\u00f3 a la ciudadan\u00eda a asistir este domingo a la ceremonia en las inmediaciones del Congreso con banderas de Argentina<\/strong>.<\/p>\n<h2 class=\"\">El pr\u00f3ximo gobierno<\/h2>\n<p>El economista\u00a0<strong>se reuni\u00f3 con el designado ministro de Econom\u00eda, Nicol\u00e1s Caputo, y el economista Santiago Bausili<\/strong>, que suena para ocupar la direcci\u00f3n del Banco Central, en el Hotel Libertador, en el centro porte\u00f1o, donde Milei est\u00e1 viviendo desde las elecciones generales y usa de punto de encuentro con quienes formar\u00e1n parte del Gabinete.<\/p>\n<p>Tras la reuni\u00f3n,\u00a0<strong>Caputo consider\u00f3 que fue \u00abmuy buena\u00bb y que pr\u00f3ximamente \u00abse anunciar\u00e1 el equipo\u00bb del Banco Central<\/strong>.<\/p>\n<p><strong>\u00abLa reuni\u00f3n estuvo muy bien. El programa econ\u00f3mico ser\u00e1 anunciado en su momento, esa es la realidad. El equipo est\u00e1 trabajando para comunicarse de la mejor manera posible\u00bb, indic\u00f3 Caputo<\/strong>\u00a0en declaraciones a la prensa.<\/p>\n<p>El ministro designado opin\u00f3 sobre la posible designaci\u00f3n de Santiago Bausili en el Banco Central y afirm\u00f3 que \u00abel presidente del banco central ser\u00e1 anunciado hoy o ma\u00f1ana\u00bb.<\/p>\n<p>Durante la ma\u00f1ana,\u00a0<strong>el futuro jefe de Estado mantuvo reuniones para terminar de definir los nombramientos de su gabinete y ultimar detalles de las primeras medidas de su gesti\u00f3n<\/strong>.<\/p>\n<p><strong>All\u00ed se discutieron \u00abcuestiones operativas\u00bb<\/strong>\u00a0sobre c\u00f3mo se llevar\u00e1 adelante el desembarco en los distintos ministerios, el reordenamiento burocr\u00e1tico necesario y los principales lineamientos a seguir en las primeras semanas de gobierno, seg\u00fan informaron a T\u00e9lam fuentes de La Libertad Avanza que participaron del encuentro.<\/p>\n<p>Se habl\u00f3 tambi\u00e9n de la anunciada reestructuraci\u00f3n del Estado que encarar\u00e1 la nueva administraci\u00f3n y de los nombres del futuro gabinete y equipo de gobierno que a\u00fan restan por anunciar, dijeron las fuentes.<\/p>\n<p>De la reuni\u00f3n con el presidente electo participaron\u00a0<strong>los futuros ministros Patricia Bullrich (Seguridad), Luis Petri (Defensa), Mariano C\u00faneo Libarona (Justicia), Sandra Pettovello (Capital Humano), Diana Mondino (Canciller\u00eda) y Guillermo Francos (Interior)<\/strong>.<\/p>\n<figure class=\"mb-3\"><img decoding=\"async\" class=\" lazy \" src=\"https:\/\/www.telam.com.ar\/thumbs\/bluesteel\/advf\/imagenes\/2023\/12\/656f4cb5556a7.12.2023%20foto%20daniel%20dabove_1200.jpg\" alt=\"Guillermo Francos Foto Pablo Aeli\" width=\"100%\" height=\"100%\" \/><\/p>\n<div class=\"media-icons\"><\/div><figcaption>Guillermo Francos. Foto: Pablo A\u00f1eli.<\/figcaption><\/figure>\n<p>Pasado el mediod\u00eda, Milei se retir\u00f3 de las oficinas de Retiro e ingresaron dirigentes cercanos a Bullrich como el diputado Hern\u00e1n Lombardi, Dami\u00e1n Arabia, Federico Pinedo y Federico Angelini para mantener una reuni\u00f3n con la presidenta del PRO.<\/p>\n<p>Entre los casilleros que a\u00fan falta conocer del pr\u00f3ximo gabinete, destaca\u00a0<strong>qui\u00e9n quedar\u00e1 a cargo de la AFIP: \u00abSer\u00e1 una mujer de la pol\u00edtica\u00bb<\/strong>, dijeron los voceros.<\/p>\n<p>En tanto,\u00a0<strong>se confirm\u00f3 que el ministerio de Salud ser\u00e1 convertido en una secretaria que quedar\u00e1 bajo la \u00f3rbita de la Jefatura de Gabinete, al igual que el de Ciencia y Tecnolog\u00eda<\/strong>, que pasar\u00eda a ser una subsecretar\u00eda.<\/p>\n<p>Adem\u00e1s, se eliminar\u00e1 el Ministerio de la Mujer, G\u00e9neros y Diversidades y se precis\u00f3 que todav\u00eda no hay fecha prevista para la designaci\u00f3n de un funcionario al frente del Banco Central.<\/p>\n<p>En la jornada,<strong>\u00a0Milei tambi\u00e9n recibi\u00f3 la visita del diputado nacional de Alianza Libertad, Jose Luis Espert<\/strong>, quien afirm\u00f3 que su objetivo es \u00abconvencer\u00bb a legisladores de todo el arco pol\u00edtico de que \u00abhay que hacer un ajuste fiscal\u00bb y de que \u00abel Estado no tiene plata\u00bb, y asegur\u00f3 que el presidente electo no le \u00abofreci\u00f3 ning\u00fan cargo\u00bb, reafirmando que su trabajo \u00abest\u00e1 en el Congreso\u00bb.<\/p>\n<p>\u00abYo soy Avanza Libertad dentro de JxC. La idea es convencer a todos aquellos que no est\u00e9n convencidos, no solo de JxC sino tambi\u00e9n por afuera, de la necesidad de que se entienda que el Estado no tiene plata y que hay hacer un ajuste fiscal y que ese ajuste lo tiene que hacer la pol\u00edtica\u00bb, dijo Espert.<\/p>\n<div class=\"twitter-tweet twitter-tweet-rendered\"><iframe id=\"twitter-widget-0\" class=\"\" title=\"Twitter Tweet\" src=\"https:\/\/platform.twitter.com\/embed\/Tweet.html?creatorScreenName=agenciatelam&amp;dnt=false&amp;embedId=twitter-widget-0&amp;features=eyJ0ZndfdGltZWxpbmVfbGlzdCI6eyJidWNrZXQiOltdLCJ2ZXJzaW9uIjpudWxsfSwidGZ3X2ZvbGxvd2VyX2NvdW50X3N1bnNldCI6eyJidWNrZXQiOnRydWUsInZlcnNpb24iOm51bGx9LCJ0ZndfdHdlZXRfZWRpdF9iYWNrZW5kIjp7ImJ1Y2tldCI6Im9uIiwidmVyc2lvbiI6bnVsbH0sInRmd19yZWZzcmNfc2Vzc2lvbiI6eyJidWNrZXQiOiJvbiIsInZlcnNpb24iOm51bGx9LCJ0ZndfZm9zbnJfc29mdF9pbnRlcnZlbnRpb25zX2VuYWJsZWQiOnsiYnVja2V0Ijoib24iLCJ2ZXJzaW9uIjpudWxsfSwidGZ3X21peGVkX21lZGlhXzE1ODk3Ijp7ImJ1Y2tldCI6InRyZWF0bWVudCIsInZlcnNpb24iOm51bGx9LCJ0ZndfZXhwZXJpbWVudHNfY29va2llX2V4cGlyYXRpb24iOnsiYnVja2V0IjoxMjA5NjAwLCJ2ZXJzaW9uIjpudWxsfSwidGZ3X3Nob3dfYmlyZHdhdGNoX3Bpdm90c19lbmFibGVkIjp7ImJ1Y2tldCI6Im9uIiwidmVyc2lvbiI6bnVsbH0sInRmd19kdXBsaWNhdGVfc2NyaWJlc190b19zZXR0aW5ncyI6eyJidWNrZXQiOiJvbiIsInZlcnNpb24iOm51bGx9LCJ0ZndfdXNlX3Byb2ZpbGVfaW1hZ2Vfc2hhcGVfZW5hYmxlZCI6eyJidWNrZXQiOiJvbiIsInZlcnNpb24iOm51bGx9LCJ0ZndfdmlkZW9faGxzX2R5bmFtaWNfbWFuaWZlc3RzXzE1MDgyIjp7ImJ1Y2tldCI6InRydWVfYml0cmF0ZSIsInZlcnNpb24iOm51bGx9LCJ0ZndfbGVnYWN5X3RpbWVsaW5lX3N1bnNldCI6eyJidWNrZXQiOnRydWUsInZlcnNpb24iOm51bGx9LCJ0ZndfdHdlZXRfZWRpdF9mcm9udGVuZCI6eyJidWNrZXQiOiJvbiIsInZlcnNpb24iOm51bGx9fQ%3D%3D&amp;frame=false&amp;hideCard=false&amp;hideThread=false&amp;id=1732114600923922591&amp;lang=es&amp;origin=https%3A%2F%2Fwww.telam.com.ar%2Fnotas%2F202312%2F648674-javier-milei-asuncion-presidencial.html&amp;sessionId=90733a4951939dbf1c6900779ef967278e6d0cb3&amp;siteScreenName=agenciatelam&amp;theme=light&amp;widgetsVersion=01917f4d1d4cb%3A1696883169554&amp;width=550px\" frameborder=\"0\" scrolling=\"no\" allowfullscreen=\"allowfullscreen\" data-tweet-id=\"1732114600923922591\"><\/iframe><\/div>\n<h2 class=\"\">El 10 de diciembre<\/h2>\n<p>\u00abAsunci\u00f3n presidencial. Domingo 10 de diciembre 11 horas. Congreso de la Naci\u00f3n. Trae tu bandera argentina\u00bb, dice el flyer publicado esta ma\u00f1ana por Milei en su cuenta de la red social X (antes Twitter), junto a la leyenda \u00abViva la libertad carajo\u00bb .<\/p>\n<p>El presidente electo saldr\u00e1 a las 10:30 del Hotel Libertador, en un auto convertible, marca Valiant III hacia el Congreso Nacional.<\/p>\n<p>Seg\u00fan est\u00e1 previsto, a las 11 comenzar\u00e1 la Asamblea Legislativa en el interior del Congreso, ante la cual Milei har\u00e1 el juramento de rigor y luego recibir\u00e1 del presidente saliente, Alberto Fern\u00e1ndez, los atributos del mando.<\/p>\n<p>Fuentes de La Libertad Avanza (LLA) anticiparon que cerca de las 12 Milei \u00abno brindar\u00e1 un discurso frente a la asamblea, sino que lo har\u00e1 en la plaza Dos Congresos\u00bb.<\/p>\n<p>A las 13, el mandatario electo participar\u00e1 de una Misa Interreligiosa en la Catedral Metropolitana de Buenos Aires.<\/p>\n<p>Luego, Milei se dirigir\u00e1 en un auto hacia la Casa de Gobierno, donde recibir\u00e1 el saludo de las delegaciones extranjeras que llegar\u00e1n al pa\u00eds y, por la tarde, le tomar\u00e1 juramento a su gabinete en el Sal\u00f3n Blanco.<\/p>\n<p>Desde las 18.30, el presidente electo participar\u00e1 de un cocktail en su honor y a las 20 asistir\u00e1 a una gala del Teatro Colon, en donde se presentar\u00e1 la obra Madame Butterfly.<\/p>\n<h2 class=\"\">La transici\u00f3n<\/h2>\n<p>Por su parte,\u00a0<strong>la vicepresidenta electa Victoria Villarruel mantuvo una reuni\u00f3n con el bloque de senadores radicales en la C\u00e1mara alta, que describi\u00f3 como \u00abmuy cordial\u00bb y se\u00f1al\u00f3 que \u201chace al sistema democr\u00e1tico\u201d que la Presidencia Provisional del Senado sea ocupada por un senador del oficialismo<\/strong>\u00a0.<\/p>\n<p>Villarruel opin\u00f3 en declaraciones a la prensa sobre la designaciones de Patricia Bullrich en el ministerio de Seguridad y Luis Petri en Defensa, dos carteras en los que la abogada tuvo un gran inter\u00e9s y afirm\u00f3: \u00abSon decisiones que ocurren en la pol\u00edtica y fue una decisi\u00f3n del presidente Milei. Como vicepresidenta y amiga lo acompa\u00f1o\u00bb.<\/p>\n<p>Por su parte, el actual ministro de Defensa, Jorge Taiana, recibi\u00f3 a Luis Petri, para \u00abiniciar el proceso de transici\u00f3n\u00bb en esa \u00e1rea, a cuatro d\u00edas de que el Gobierno electo, encabezado por Javier Milei, asuma sus funciones.<\/p>\n<p>\u00abRecib\u00ed al doctor Luis Petri para iniciar el proceso de transici\u00f3n en el Ministerio de Defensa\u00bb, indic\u00f3 Taiana en su cuenta de X y confi\u00f3 que en la reuni\u00f3n hablaron sobre \u00ablas distintas \u00e1reas de trabajo de la cartera, las Fuerzas Armadas y la defensa nacional\u00bb.<\/p>\n","protected":false},"excerpt":{"rendered":"<p>La Asamblea Legislativa comenzar\u00e1 a las 11 y, posteriormente, el presidente electo recibir\u00e1 del mandatario saliente, Alberto Fern\u00e1ndez, los atributos del mando.<\/p>\n","protected":false},"author":3,"featured_media":0,"comment_status":"closed","ping_status":"closed","sticky":false,"template":"","format":"standard","meta":{"footnotes":""},"categories":[24],"tags":[],"class_list":["post-96099","post","type-post","status-publish","format-standard","hentry","category-politica"],"yoast_head":"<!-- This site is optimized with the Yoast SEO plugin v25.9 - https:\/\/yoast.com\/wordpress\/plugins\/seo\/ -->\n<title>Milei termina de cubrir el futuro gabinete y convoca a la ciudadan\u00eda para la asunci\u00f3n - Noticias Radio Reflejos<\/title>\n<meta name=\"robots\" content=\"index, follow, max-snippet:-1, max-image-preview:large, max-video-preview:-1\" \/>\n<link rel=\"canonical\" href=\"https:\/\/www.noticiasradioreflejos.com.ar\/2021\/milei-termina-de-cubrir-el-futuro-gabinete-y-convoca-a-la-ciudadania-para-la-asuncion\/\" \/>\n<meta property=\"og:locale\" content=\"es_ES\" \/>\n<meta property=\"og:type\" content=\"article\" \/>\n<meta property=\"og:title\" content=\"Milei termina de cubrir el futuro gabinete y convoca a la ciudadan\u00eda para la asunci\u00f3n - Noticias Radio Reflejos\" \/>\n<meta property=\"og:description\" content=\"La Asamblea Legislativa comenzar\u00e1 a las 11 y, posteriormente, el presidente electo recibir\u00e1 del mandatario saliente, Alberto Fern\u00e1ndez, los atributos del mando.\" \/>\n<meta property=\"og:url\" content=\"https:\/\/www.noticiasradioreflejos.com.ar\/2021\/milei-termina-de-cubrir-el-futuro-gabinete-y-convoca-a-la-ciudadania-para-la-asuncion\/\" \/>\n<meta property=\"og:site_name\" content=\"Noticias Radio Reflejos\" \/>\n<meta property=\"article:published_time\" content=\"2023-12-06T11:01:34+00:00\" \/>\n<meta property=\"og:image\" content=\"https:\/\/www.telam.com.ar\/thumbs\/bluesteel\/advf\/imagenes\/editadas\/65704f1c6a601_1200.jpg\" \/>\n<meta name=\"author\" content=\"Arnaldo Botto\" \/>\n<meta name=\"twitter:card\" content=\"summary_large_image\" \/>\n<script type=\"application\/ld+json\" class=\"yoast-schema-graph\">{\"@context\":\"https:\/\/schema.org\",\"@graph\":[{\"@type\":\"WebPage\",\"@id\":\"https:\/\/www.noticiasradioreflejos.com.ar\/2021\/milei-termina-de-cubrir-el-futuro-gabinete-y-convoca-a-la-ciudadania-para-la-asuncion\/\",\"url\":\"https:\/\/www.noticiasradioreflejos.com.ar\/2021\/milei-termina-de-cubrir-el-futuro-gabinete-y-convoca-a-la-ciudadania-para-la-asuncion\/\",\"name\":\"Milei termina de cubrir el futuro gabinete y convoca a la ciudadan\u00eda para la asunci\u00f3n - Noticias Radio Reflejos\",\"isPartOf\":{\"@id\":\"https:\/\/www.noticiasradioreflejos.com.ar\/2021\/#website\"},\"primaryImageOfPage\":{\"@id\":\"https:\/\/www.noticiasradioreflejos.com.ar\/2021\/milei-termina-de-cubrir-el-futuro-gabinete-y-convoca-a-la-ciudadania-para-la-asuncion\/#primaryimage\"},\"image\":{\"@id\":\"https:\/\/www.noticiasradioreflejos.com.ar\/2021\/milei-termina-de-cubrir-el-futuro-gabinete-y-convoca-a-la-ciudadania-para-la-asuncion\/#primaryimage\"},\"thumbnailUrl\":\"https:\/\/www.telam.com.ar\/thumbs\/bluesteel\/advf\/imagenes\/editadas\/65704f1c6a601_1200.jpg\",\"datePublished\":\"2023-12-06T11:01:34+00:00\",\"author\":{\"@id\":\"https:\/\/www.noticiasradioreflejos.com.ar\/2021\/#\/schema\/person\/ad82545263dcc5ec0996818884fd5fb1\"},\"breadcrumb\":{\"@id\":\"https:\/\/www.noticiasradioreflejos.com.ar\/2021\/milei-termina-de-cubrir-el-futuro-gabinete-y-convoca-a-la-ciudadania-para-la-asuncion\/#breadcrumb\"},\"inLanguage\":\"es\",\"potentialAction\":[{\"@type\":\"ReadAction\",\"target\":[\"https:\/\/www.noticiasradioreflejos.com.ar\/2021\/milei-termina-de-cubrir-el-futuro-gabinete-y-convoca-a-la-ciudadania-para-la-asuncion\/\"]}]},{\"@type\":\"ImageObject\",\"inLanguage\":\"es\",\"@id\":\"https:\/\/www.noticiasradioreflejos.com.ar\/2021\/milei-termina-de-cubrir-el-futuro-gabinete-y-convoca-a-la-ciudadania-para-la-asuncion\/#primaryimage\",\"url\":\"https:\/\/www.telam.com.ar\/thumbs\/bluesteel\/advf\/imagenes\/editadas\/65704f1c6a601_1200.jpg\",\"contentUrl\":\"https:\/\/www.telam.com.ar\/thumbs\/bluesteel\/advf\/imagenes\/editadas\/65704f1c6a601_1200.jpg\"},{\"@type\":\"BreadcrumbList\",\"@id\":\"https:\/\/www.noticiasradioreflejos.com.ar\/2021\/milei-termina-de-cubrir-el-futuro-gabinete-y-convoca-a-la-ciudadania-para-la-asuncion\/#breadcrumb\",\"itemListElement\":[{\"@type\":\"ListItem\",\"position\":1,\"name\":\"Portada\",\"item\":\"https:\/\/www.noticiasradioreflejos.com.ar\/2021\/\"},{\"@type\":\"ListItem\",\"position\":2,\"name\":\"Milei termina de cubrir el futuro gabinete y convoca a la ciudadan\u00eda para la asunci\u00f3n\"}]},{\"@type\":\"WebSite\",\"@id\":\"https:\/\/www.noticiasradioreflejos.com.ar\/2021\/#website\",\"url\":\"https:\/\/www.noticiasradioreflejos.com.ar\/2021\/\",\"name\":\"Noticias Radio Reflejos\",\"description\":\"Las noticias de mi comarca\",\"potentialAction\":[{\"@type\":\"SearchAction\",\"target\":{\"@type\":\"EntryPoint\",\"urlTemplate\":\"https:\/\/www.noticiasradioreflejos.com.ar\/2021\/?s={search_term_string}\"},\"query-input\":{\"@type\":\"PropertyValueSpecification\",\"valueRequired\":true,\"valueName\":\"search_term_string\"}}],\"inLanguage\":\"es\"},{\"@type\":\"Person\",\"@id\":\"https:\/\/www.noticiasradioreflejos.com.ar\/2021\/#\/schema\/person\/ad82545263dcc5ec0996818884fd5fb1\",\"name\":\"Arnaldo Botto\",\"image\":{\"@type\":\"ImageObject\",\"inLanguage\":\"es\",\"@id\":\"https:\/\/www.noticiasradioreflejos.com.ar\/2021\/#\/schema\/person\/image\/\",\"url\":\"https:\/\/secure.gravatar.com\/avatar\/55cb5e37c1efa326397366e6974cb338056df65cb50e7d64d1cf314e87504837?s=96&d=mm&r=g\",\"contentUrl\":\"https:\/\/secure.gravatar.com\/avatar\/55cb5e37c1efa326397366e6974cb338056df65cb50e7d64d1cf314e87504837?s=96&d=mm&r=g\",\"caption\":\"Arnaldo Botto\"},\"url\":\"https:\/\/www.noticiasradioreflejos.com.ar\/2021\/author\/arnaldo\/\"}]}<\/script>\n<!-- \/ Yoast SEO plugin. -->","yoast_head_json":{"title":"Milei termina de cubrir el futuro gabinete y convoca a la ciudadan\u00eda para la asunci\u00f3n - Noticias Radio Reflejos","robots":{"index":"index","follow":"follow","max-snippet":"max-snippet:-1","max-image-preview":"max-image-preview:large","max-video-preview":"max-video-preview:-1"},"canonical":"https:\/\/www.noticiasradioreflejos.com.ar\/2021\/milei-termina-de-cubrir-el-futuro-gabinete-y-convoca-a-la-ciudadania-para-la-asuncion\/","og_locale":"es_ES","og_type":"article","og_title":"Milei termina de cubrir el futuro gabinete y convoca a la ciudadan\u00eda para la asunci\u00f3n - Noticias Radio Reflejos","og_description":"La Asamblea Legislativa comenzar\u00e1 a las 11 y, posteriormente, el presidente electo recibir\u00e1 del mandatario saliente, Alberto Fern\u00e1ndez, los atributos del mando.","og_url":"https:\/\/www.noticiasradioreflejos.com.ar\/2021\/milei-termina-de-cubrir-el-futuro-gabinete-y-convoca-a-la-ciudadania-para-la-asuncion\/","og_site_name":"Noticias Radio Reflejos","article_published_time":"2023-12-06T11:01:34+00:00","og_image":[{"url":"https:\/\/www.telam.com.ar\/thumbs\/bluesteel\/advf\/imagenes\/editadas\/65704f1c6a601_1200.jpg","type":"","width":"","height":""}],"author":"Arnaldo Botto","twitter_card":"summary_large_image","schema":{"@context":"https:\/\/schema.org","@graph":[{"@type":"WebPage","@id":"https:\/\/www.noticiasradioreflejos.com.ar\/2021\/milei-termina-de-cubrir-el-futuro-gabinete-y-convoca-a-la-ciudadania-para-la-asuncion\/","url":"https:\/\/www.noticiasradioreflejos.com.ar\/2021\/milei-termina-de-cubrir-el-futuro-gabinete-y-convoca-a-la-ciudadania-para-la-asuncion\/","name":"Milei termina de cubrir el futuro gabinete y convoca a la ciudadan\u00eda para la asunci\u00f3n - Noticias Radio Reflejos","isPartOf":{"@id":"https:\/\/www.noticiasradioreflejos.com.ar\/2021\/#website"},"primaryImageOfPage":{"@id":"https:\/\/www.noticiasradioreflejos.com.ar\/2021\/milei-termina-de-cubrir-el-futuro-gabinete-y-convoca-a-la-ciudadania-para-la-asuncion\/#primaryimage"},"image":{"@id":"https:\/\/www.noticiasradioreflejos.com.ar\/2021\/milei-termina-de-cubrir-el-futuro-gabinete-y-convoca-a-la-ciudadania-para-la-asuncion\/#primaryimage"},"thumbnailUrl":"https:\/\/www.telam.com.ar\/thumbs\/bluesteel\/advf\/imagenes\/editadas\/65704f1c6a601_1200.jpg","datePublished":"2023-12-06T11:01:34+00:00","author":{"@id":"https:\/\/www.noticiasradioreflejos.com.ar\/2021\/#\/schema\/person\/ad82545263dcc5ec0996818884fd5fb1"},"breadcrumb":{"@id":"https:\/\/www.noticiasradioreflejos.com.ar\/2021\/milei-termina-de-cubrir-el-futuro-gabinete-y-convoca-a-la-ciudadania-para-la-asuncion\/#breadcrumb"},"inLanguage":"es","potentialAction":[{"@type":"ReadAction","target":["https:\/\/www.noticiasradioreflejos.com.ar\/2021\/milei-termina-de-cubrir-el-futuro-gabinete-y-convoca-a-la-ciudadania-para-la-asuncion\/"]}]},{"@type":"ImageObject","inLanguage":"es","@id":"https:\/\/www.noticiasradioreflejos.com.ar\/2021\/milei-termina-de-cubrir-el-futuro-gabinete-y-convoca-a-la-ciudadania-para-la-asuncion\/#primaryimage","url":"https:\/\/www.telam.com.ar\/thumbs\/bluesteel\/advf\/imagenes\/editadas\/65704f1c6a601_1200.jpg","contentUrl":"https:\/\/www.telam.com.ar\/thumbs\/bluesteel\/advf\/imagenes\/editadas\/65704f1c6a601_1200.jpg"},{"@type":"BreadcrumbList","@id":"https:\/\/www.noticiasradioreflejos.com.ar\/2021\/milei-termina-de-cubrir-el-futuro-gabinete-y-convoca-a-la-ciudadania-para-la-asuncion\/#breadcrumb","itemListElement":[{"@type":"ListItem","position":1,"name":"Portada","item":"https:\/\/www.noticiasradioreflejos.com.ar\/2021\/"},{"@type":"ListItem","position":2,"name":"Milei termina de cubrir el futuro gabinete y convoca a la ciudadan\u00eda para la asunci\u00f3n"}]},{"@type":"WebSite","@id":"https:\/\/www.noticiasradioreflejos.com.ar\/2021\/#website","url":"https:\/\/www.noticiasradioreflejos.com.ar\/2021\/","name":"Noticias Radio Reflejos","description":"Las noticias de mi comarca","potentialAction":[{"@type":"SearchAction","target":{"@type":"EntryPoint","urlTemplate":"https:\/\/www.noticiasradioreflejos.com.ar\/2021\/?s={search_term_string}"},"query-input":{"@type":"PropertyValueSpecification","valueRequired":true,"valueName":"search_term_string"}}],"inLanguage":"es"},{"@type":"Person","@id":"https:\/\/www.noticiasradioreflejos.com.ar\/2021\/#\/schema\/person\/ad82545263dcc5ec0996818884fd5fb1","name":"Arnaldo Botto","image":{"@type":"ImageObject","inLanguage":"es","@id":"https:\/\/www.noticiasradioreflejos.com.ar\/2021\/#\/schema\/person\/image\/","url":"https:\/\/secure.gravatar.com\/avatar\/55cb5e37c1efa326397366e6974cb338056df65cb50e7d64d1cf314e87504837?s=96&d=mm&r=g","contentUrl":"https:\/\/secure.gravatar.com\/avatar\/55cb5e37c1efa326397366e6974cb338056df65cb50e7d64d1cf314e87504837?s=96&d=mm&r=g","caption":"Arnaldo Botto"},"url":"https:\/\/www.noticiasradioreflejos.com.ar\/2021\/author\/arnaldo\/"}]}},"_links":{"self":[{"href":"https:\/\/www.noticiasradioreflejos.com.ar\/2021\/wp-json\/wp\/v2\/posts\/96099","targetHints":{"allow":["GET"]}}],"collection":[{"href":"https:\/\/www.noticiasradioreflejos.com.ar\/2021\/wp-json\/wp\/v2\/posts"}],"about":[{"href":"https:\/\/www.noticiasradioreflejos.com.ar\/2021\/wp-json\/wp\/v2\/types\/post"}],"author":[{"embeddable":true,"href":"https:\/\/www.noticiasradioreflejos.com.ar\/2021\/wp-json\/wp\/v2\/users\/3"}],"replies":[{"embeddable":true,"href":"https:\/\/www.noticiasradioreflejos.com.ar\/2021\/wp-json\/wp\/v2\/comments?post=96099"}],"version-history":[{"count":1,"href":"https:\/\/www.noticiasradioreflejos.com.ar\/2021\/wp-json\/wp\/v2\/posts\/96099\/revisions"}],"predecessor-version":[{"id":96101,"href":"https:\/\/www.noticiasradioreflejos.com.ar\/2021\/wp-json\/wp\/v2\/posts\/96099\/revisions\/96101"}],"wp:attachment":[{"href":"https:\/\/www.noticiasradioreflejos.com.ar\/2021\/wp-json\/wp\/v2\/media?parent=96099"}],"wp:term":[{"taxonomy":"category","embeddable":true,"href":"https:\/\/www.noticiasradioreflejos.com.ar\/2021\/wp-json\/wp\/v2\/categories?post=96099"},{"taxonomy":"post_tag","embeddable":true,"href":"https:\/\/www.noticiasradioreflejos.com.ar\/2021\/wp-json\/wp\/v2\/tags?post=96099"}],"curies":[{"name":"wp","href":"https:\/\/api.w.org\/{rel}","templated":true}]}}