{"id":96097,"date":"2023-12-06T10:57:17","date_gmt":"2023-12-06T10:57:17","guid":{"rendered":"https:\/\/www.noticiasradioreflejos.com.ar\/2021\/?p=96097"},"modified":"2023-12-06T10:57:17","modified_gmt":"2023-12-06T10:57:17","slug":"asumen-este-jueves-los-concejales-electos-consejeros-y-el-intendente-municipal","status":"publish","type":"post","link":"https:\/\/www.noticiasradioreflejos.com.ar\/2021\/asumen-este-jueves-los-concejales-electos-consejeros-y-el-intendente-municipal\/","title":{"rendered":"Asumen este jueves los concejales electos, consejeros y el Intendente municipal"},"content":{"rendered":"<p>La Sesi\u00f3n preparatoria que consagrar\u00e1 a las autoridades en el Honorable Concejo Deliberante, se llevar\u00e1  a cabo este jueves 7 de diciembre a las 10 de la ma\u00f1ana y cerca del mediod\u00eda se les tomar\u00e1 juramento a los concejales electos.<!--more--><\/p>\n<p>Recordemos que para el per\u00edodo 2023\/2027, asumir\u00e1n en Uni\u00f3n por la patria, Estefan\u00eda Bordoni que luego pedir\u00e1 licencia para continuar con su tarea en el departamento ejecutivo y en la sesi\u00f3n venidera, asumir\u00eda Mat\u00edas \u201cCayu\u201d Rojas de Saldungaray, tambi\u00e9n lo har\u00e1 Carmen Soverchia (Tornquist) y Martin Olhaberry (Sierra de la Ventana).<\/p>\n<p>Por Juntos dentro de la UCR lo har\u00e1n Susana Marcolini (Tornquist) y Facundo Marzialetti (Saldungaray), completando la n\u00f3mina Daiana Juan  de la Libertad Avanza por Sierra de la Ventana.<\/p>\n<p>Presidir\u00e1 la preparatoria en este caso por ser el concejal de mayor edad de la lista ganadora, Martin Olhaberry (Sierra de la Ventana).<\/p>\n<p>Ser\u00eda casi n\u00famero puesto que la presidencia la ocupe Carmen Soverchia(Uni\u00f3n por la patria), la candidata que tendr\u00eda el aval del Intendente Sergio Bordoni.<\/p>\n<p>Recordemos que adem\u00e1s a las 10 de la ma\u00f1ana est\u00e1n convocados los consejeros escolares electos Jorgelina Mariela Lencinas (Juntos) y Alfonsina Sagredo (Uni\u00f3n por la patria).<\/p>\n<p>A prop\u00f3sito del Jefe Comunal, asumir\u00e1 su tercer mandato hasta 2027 al frente del municipio, en un acto que se desarrollar\u00e1 tambi\u00e9n este jueves 7 a la hora 19.30 en el Teatro Municipal \u201cRodolfo Funke\u201d.<\/p>\n","protected":false},"excerpt":{"rendered":"<p>La Sesi\u00f3n preparatoria que consagrar\u00e1 a las autoridades en el Honorable Concejo Deliberante, se llevar\u00e1 a cabo este jueves 7 de diciembre a las 10 de la ma\u00f1ana y cerca del mediod\u00eda se les tomar\u00e1 juramento a los concejales electos.<\/p>\n","protected":false},"author":3,"featured_media":0,"comment_status":"closed","ping_status":"closed","sticky":false,"template":"","format":"standard","meta":{"footnotes":""},"categories":[59],"tags":[48],"class_list":["post-96097","post","type-post","status-publish","format-standard","hentry","category-concejo-deliberante","tag-destacada"],"yoast_head":"<!-- This site is optimized with the Yoast SEO plugin v25.9 - https:\/\/yoast.com\/wordpress\/plugins\/seo\/ -->\n<title>Asumen este jueves los concejales electos, consejeros y el Intendente municipal - Noticias Radio Reflejos<\/title>\n<meta name=\"robots\" content=\"index, follow, max-snippet:-1, max-image-preview:large, max-video-preview:-1\" \/>\n<link rel=\"canonical\" href=\"https:\/\/www.noticiasradioreflejos.com.ar\/2021\/asumen-este-jueves-los-concejales-electos-consejeros-y-el-intendente-municipal\/\" \/>\n<meta property=\"og:locale\" content=\"es_ES\" \/>\n<meta property=\"og:type\" content=\"article\" \/>\n<meta property=\"og:title\" content=\"Asumen este jueves los concejales electos, consejeros y el Intendente municipal - Noticias Radio Reflejos\" \/>\n<meta property=\"og:description\" content=\"La Sesi\u00f3n preparatoria que consagrar\u00e1 a las autoridades en el Honorable Concejo Deliberante, se llevar\u00e1 a cabo este jueves 7 de diciembre a las 10 de la ma\u00f1ana y cerca del mediod\u00eda se les tomar\u00e1 juramento a los concejales electos.\" \/>\n<meta property=\"og:url\" content=\"https:\/\/www.noticiasradioreflejos.com.ar\/2021\/asumen-este-jueves-los-concejales-electos-consejeros-y-el-intendente-municipal\/\" \/>\n<meta property=\"og:site_name\" content=\"Noticias Radio Reflejos\" \/>\n<meta property=\"article:published_time\" content=\"2023-12-06T10:57:17+00:00\" \/>\n<meta property=\"og:image\" content=\"https:\/\/www.noticiasradioreflejos.com.ar\/2021\/wp-content\/uploads\/2021\/07\/logosol300x200.png\" \/>\n\t<meta property=\"og:image:width\" content=\"300\" \/>\n\t<meta property=\"og:image:height\" content=\"200\" \/>\n\t<meta property=\"og:image:type\" content=\"image\/png\" \/>\n<meta name=\"author\" content=\"Arnaldo Botto\" \/>\n<meta name=\"twitter:card\" content=\"summary_large_image\" \/>\n<script type=\"application\/ld+json\" class=\"yoast-schema-graph\">{\"@context\":\"https:\/\/schema.org\",\"@graph\":[{\"@type\":\"WebPage\",\"@id\":\"https:\/\/www.noticiasradioreflejos.com.ar\/2021\/asumen-este-jueves-los-concejales-electos-consejeros-y-el-intendente-municipal\/\",\"url\":\"https:\/\/www.noticiasradioreflejos.com.ar\/2021\/asumen-este-jueves-los-concejales-electos-consejeros-y-el-intendente-municipal\/\",\"name\":\"Asumen este jueves los concejales electos, consejeros y el Intendente municipal - Noticias Radio Reflejos\",\"isPartOf\":{\"@id\":\"https:\/\/www.noticiasradioreflejos.com.ar\/2021\/#website\"},\"datePublished\":\"2023-12-06T10:57:17+00:00\",\"author\":{\"@id\":\"https:\/\/www.noticiasradioreflejos.com.ar\/2021\/#\/schema\/person\/ad82545263dcc5ec0996818884fd5fb1\"},\"breadcrumb\":{\"@id\":\"https:\/\/www.noticiasradioreflejos.com.ar\/2021\/asumen-este-jueves-los-concejales-electos-consejeros-y-el-intendente-municipal\/#breadcrumb\"},\"inLanguage\":\"es\",\"potentialAction\":[{\"@type\":\"ReadAction\",\"target\":[\"https:\/\/www.noticiasradioreflejos.com.ar\/2021\/asumen-este-jueves-los-concejales-electos-consejeros-y-el-intendente-municipal\/\"]}]},{\"@type\":\"BreadcrumbList\",\"@id\":\"https:\/\/www.noticiasradioreflejos.com.ar\/2021\/asumen-este-jueves-los-concejales-electos-consejeros-y-el-intendente-municipal\/#breadcrumb\",\"itemListElement\":[{\"@type\":\"ListItem\",\"position\":1,\"name\":\"Portada\",\"item\":\"https:\/\/www.noticiasradioreflejos.com.ar\/2021\/\"},{\"@type\":\"ListItem\",\"position\":2,\"name\":\"Asumen este jueves los concejales electos, consejeros y el Intendente municipal\"}]},{\"@type\":\"WebSite\",\"@id\":\"https:\/\/www.noticiasradioreflejos.com.ar\/2021\/#website\",\"url\":\"https:\/\/www.noticiasradioreflejos.com.ar\/2021\/\",\"name\":\"Noticias Radio Reflejos\",\"description\":\"Las noticias de mi comarca\",\"potentialAction\":[{\"@type\":\"SearchAction\",\"target\":{\"@type\":\"EntryPoint\",\"urlTemplate\":\"https:\/\/www.noticiasradioreflejos.com.ar\/2021\/?s={search_term_string}\"},\"query-input\":{\"@type\":\"PropertyValueSpecification\",\"valueRequired\":true,\"valueName\":\"search_term_string\"}}],\"inLanguage\":\"es\"},{\"@type\":\"Person\",\"@id\":\"https:\/\/www.noticiasradioreflejos.com.ar\/2021\/#\/schema\/person\/ad82545263dcc5ec0996818884fd5fb1\",\"name\":\"Arnaldo Botto\",\"image\":{\"@type\":\"ImageObject\",\"inLanguage\":\"es\",\"@id\":\"https:\/\/www.noticiasradioreflejos.com.ar\/2021\/#\/schema\/person\/image\/\",\"url\":\"https:\/\/secure.gravatar.com\/avatar\/55cb5e37c1efa326397366e6974cb338056df65cb50e7d64d1cf314e87504837?s=96&d=mm&r=g\",\"contentUrl\":\"https:\/\/secure.gravatar.com\/avatar\/55cb5e37c1efa326397366e6974cb338056df65cb50e7d64d1cf314e87504837?s=96&d=mm&r=g\",\"caption\":\"Arnaldo Botto\"},\"url\":\"https:\/\/www.noticiasradioreflejos.com.ar\/2021\/author\/arnaldo\/\"}]}<\/script>\n<!-- \/ Yoast SEO plugin. -->","yoast_head_json":{"title":"Asumen este jueves los concejales electos, consejeros y el Intendente municipal - Noticias Radio Reflejos","robots":{"index":"index","follow":"follow","max-snippet":"max-snippet:-1","max-image-preview":"max-image-preview:large","max-video-preview":"max-video-preview:-1"},"canonical":"https:\/\/www.noticiasradioreflejos.com.ar\/2021\/asumen-este-jueves-los-concejales-electos-consejeros-y-el-intendente-municipal\/","og_locale":"es_ES","og_type":"article","og_title":"Asumen este jueves los concejales electos, consejeros y el Intendente municipal - Noticias Radio Reflejos","og_description":"La Sesi\u00f3n preparatoria que consagrar\u00e1 a las autoridades en el Honorable Concejo Deliberante, se llevar\u00e1 a cabo este jueves 7 de diciembre a las 10 de la ma\u00f1ana y cerca del mediod\u00eda se les tomar\u00e1 juramento a los concejales electos.","og_url":"https:\/\/www.noticiasradioreflejos.com.ar\/2021\/asumen-este-jueves-los-concejales-electos-consejeros-y-el-intendente-municipal\/","og_site_name":"Noticias Radio Reflejos","article_published_time":"2023-12-06T10:57:17+00:00","og_image":[{"width":300,"height":200,"url":"https:\/\/www.noticiasradioreflejos.com.ar\/2021\/wp-content\/uploads\/2021\/07\/logosol300x200.png","type":"image\/png"}],"author":"Arnaldo Botto","twitter_card":"summary_large_image","schema":{"@context":"https:\/\/schema.org","@graph":[{"@type":"WebPage","@id":"https:\/\/www.noticiasradioreflejos.com.ar\/2021\/asumen-este-jueves-los-concejales-electos-consejeros-y-el-intendente-municipal\/","url":"https:\/\/www.noticiasradioreflejos.com.ar\/2021\/asumen-este-jueves-los-concejales-electos-consejeros-y-el-intendente-municipal\/","name":"Asumen este jueves los concejales electos, consejeros y el Intendente municipal - Noticias Radio Reflejos","isPartOf":{"@id":"https:\/\/www.noticiasradioreflejos.com.ar\/2021\/#website"},"datePublished":"2023-12-06T10:57:17+00:00","author":{"@id":"https:\/\/www.noticiasradioreflejos.com.ar\/2021\/#\/schema\/person\/ad82545263dcc5ec0996818884fd5fb1"},"breadcrumb":{"@id":"https:\/\/www.noticiasradioreflejos.com.ar\/2021\/asumen-este-jueves-los-concejales-electos-consejeros-y-el-intendente-municipal\/#breadcrumb"},"inLanguage":"es","potentialAction":[{"@type":"ReadAction","target":["https:\/\/www.noticiasradioreflejos.com.ar\/2021\/asumen-este-jueves-los-concejales-electos-consejeros-y-el-intendente-municipal\/"]}]},{"@type":"BreadcrumbList","@id":"https:\/\/www.noticiasradioreflejos.com.ar\/2021\/asumen-este-jueves-los-concejales-electos-consejeros-y-el-intendente-municipal\/#breadcrumb","itemListElement":[{"@type":"ListItem","position":1,"name":"Portada","item":"https:\/\/www.noticiasradioreflejos.com.ar\/2021\/"},{"@type":"ListItem","position":2,"name":"Asumen este jueves los concejales electos, consejeros y el Intendente municipal"}]},{"@type":"WebSite","@id":"https:\/\/www.noticiasradioreflejos.com.ar\/2021\/#website","url":"https:\/\/www.noticiasradioreflejos.com.ar\/2021\/","name":"Noticias Radio Reflejos","description":"Las noticias de mi comarca","potentialAction":[{"@type":"SearchAction","target":{"@type":"EntryPoint","urlTemplate":"https:\/\/www.noticiasradioreflejos.com.ar\/2021\/?s={search_term_string}"},"query-input":{"@type":"PropertyValueSpecification","valueRequired":true,"valueName":"search_term_string"}}],"inLanguage":"es"},{"@type":"Person","@id":"https:\/\/www.noticiasradioreflejos.com.ar\/2021\/#\/schema\/person\/ad82545263dcc5ec0996818884fd5fb1","name":"Arnaldo Botto","image":{"@type":"ImageObject","inLanguage":"es","@id":"https:\/\/www.noticiasradioreflejos.com.ar\/2021\/#\/schema\/person\/image\/","url":"https:\/\/secure.gravatar.com\/avatar\/55cb5e37c1efa326397366e6974cb338056df65cb50e7d64d1cf314e87504837?s=96&d=mm&r=g","contentUrl":"https:\/\/secure.gravatar.com\/avatar\/55cb5e37c1efa326397366e6974cb338056df65cb50e7d64d1cf314e87504837?s=96&d=mm&r=g","caption":"Arnaldo Botto"},"url":"https:\/\/www.noticiasradioreflejos.com.ar\/2021\/author\/arnaldo\/"}]}},"_links":{"self":[{"href":"https:\/\/www.noticiasradioreflejos.com.ar\/2021\/wp-json\/wp\/v2\/posts\/96097","targetHints":{"allow":["GET"]}}],"collection":[{"href":"https:\/\/www.noticiasradioreflejos.com.ar\/2021\/wp-json\/wp\/v2\/posts"}],"about":[{"href":"https:\/\/www.noticiasradioreflejos.com.ar\/2021\/wp-json\/wp\/v2\/types\/post"}],"author":[{"embeddable":true,"href":"https:\/\/www.noticiasradioreflejos.com.ar\/2021\/wp-json\/wp\/v2\/users\/3"}],"replies":[{"embeddable":true,"href":"https:\/\/www.noticiasradioreflejos.com.ar\/2021\/wp-json\/wp\/v2\/comments?post=96097"}],"version-history":[{"count":1,"href":"https:\/\/www.noticiasradioreflejos.com.ar\/2021\/wp-json\/wp\/v2\/posts\/96097\/revisions"}],"predecessor-version":[{"id":96098,"href":"https:\/\/www.noticiasradioreflejos.com.ar\/2021\/wp-json\/wp\/v2\/posts\/96097\/revisions\/96098"}],"wp:attachment":[{"href":"https:\/\/www.noticiasradioreflejos.com.ar\/2021\/wp-json\/wp\/v2\/media?parent=96097"}],"wp:term":[{"taxonomy":"category","embeddable":true,"href":"https:\/\/www.noticiasradioreflejos.com.ar\/2021\/wp-json\/wp\/v2\/categories?post=96097"},{"taxonomy":"post_tag","embeddable":true,"href":"https:\/\/www.noticiasradioreflejos.com.ar\/2021\/wp-json\/wp\/v2\/tags?post=96097"}],"curies":[{"name":"wp","href":"https:\/\/api.w.org\/{rel}","templated":true}]}}