{"id":96090,"date":"2023-12-05T20:39:59","date_gmt":"2023-12-05T20:39:59","guid":{"rendered":"https:\/\/www.noticiasradioreflejos.com.ar\/2021\/?p=96090"},"modified":"2023-12-05T20:39:59","modified_gmt":"2023-12-05T20:39:59","slug":"como-los-probioticos-te-pueden-cambiar-la-vida","status":"publish","type":"post","link":"https:\/\/www.noticiasradioreflejos.com.ar\/2021\/como-los-probioticos-te-pueden-cambiar-la-vida\/","title":{"rendered":"C\u00f3mo los probi\u00f3ticos te pueden cambiar la vida"},"content":{"rendered":"<p>La especialista en medicina natural Anabella Botto comenz\u00f3 a desarrollar el apasionante mundo de los probi\u00f3ticos, y como estos, bien utilizados, pueden generar un cambio positivo en nuestro organismo.<!--more--><\/p>\n<p>La especialista en medicina natural Anabella Botto utiliz\u00f3 su micro semanal para comenzar a detallar los beneficios de ingerir probi\u00f3ticos, haciendo especial incapi\u00e9 en como estos pueden generar cambios positivos en nuestro organismo.<\/p>\n<p>Iniciando la charla afirm\u00f3 que \u201chay alimentos que se denominan probi\u00f3ticos. El que m\u00e1s conocemos es la leche. La m\u00e1s saludable es la materna. Al mismo tiempo hay suplementos especiales preparados para esta funci\u00f3n\u201d.<\/p>\n<p>Seg\u00fan explic\u00f3, \u201cesta palabra viene del griego. Pro significa a favor de, y bi\u00f3ticos, bacterias y levaduras. En realidad el t\u00e9rmino etimol\u00f3gicamente viene del griego probios, que significa por la vida, y la primera vez que se us\u00f3 fue en 1954\u201d.<\/p>\n<p>Continuando en esa l\u00ednea sostuvo que \u201cestos son microorganismos vivos, que al consumirlos benefician a nuestra salud. Est\u00e1n presente principalmente en forma natural en algunos alimentos fermentados, tambi\u00e9n se suelen agregar en algunos productos alimenticios y tambi\u00e9n se pueden encontrar como suplementos diet\u00e9ticos\u201d.<\/p>\n<p>Al mismo tiempo enfatiz\u00f3 que \u201clos probi\u00f3ticos act\u00faan principalmente en el aparato digestivo. La microflora que ah\u00ed habita est\u00e1 conformado por bacterias que principalmente viven en el intestino grueso. Cuando una persona ingiere suficiente probi\u00f3ticos estos ayudan a proteger el aparato digestivo, mejoran la digesti\u00f3n y la funci\u00f3n intestinal\u201d.<\/p>\n<p>Por \u00faltimo y dando ejemplos pr\u00e1cticos, \u201cde los microorganismos vivos se incluyen el vinagre de manzana sin pasteurizar y el repollo fermentada entre los m\u00e1s conocidos, o bien a algunos no fermentados se le agregan microorganismos, como los jugos, las leches, los batidos, la leche en polvo para bebes, pero dependen de su composici\u00f3n\u201d.<\/p>\n<p><iframe loading=\"lazy\" width=\"100%\" height=\"166\" scrolling=\"no\" frameborder=\"no\" allow=\"autoplay\" src=\"https:\/\/w.soundcloud.com\/player\/?url=https%3A\/\/api.soundcloud.com\/tracks\/1682878791&#038;color=%23ff5500&#038;auto_play=false&#038;hide_related=false&#038;show_comments=true&#038;show_user=true&#038;show_reposts=false&#038;show_teaser=true\"><\/iframe><\/p>\n<div style=\"font-size: 10px; color: #cccccc;line-break: anywhere;word-break: normal;overflow: hidden;white-space: nowrap;text-overflow: ellipsis; font-family: Interstate,Lucida Grande,Lucida Sans Unicode,Lucida Sans,Garuda,Verdana,Tahoma,sans-serif;font-weight: 100;\"><a href=\"https:\/\/soundcloud.com\/fmreflejos-103-7\" title=\"fmreflejos 103.7\" target=\"_blank\" style=\"color: #cccccc; text-decoration: none;\" rel=\"noopener\">fmreflejos 103.7<\/a> \u00b7 <a href=\"https:\/\/soundcloud.com\/fmreflejos-103-7\/probioticos-son-beneficiosos-ayur\" title=\"Probi\u00f3ticos \u00bfson beneficiosos? ayur\" target=\"_blank\" style=\"color: #cccccc; text-decoration: none;\" rel=\"noopener\">Probi\u00f3ticos \u00bfson beneficiosos? ayur<\/a><\/div>\n","protected":false},"excerpt":{"rendered":"<p>La especialista en medicina natural Anabella Botto comenz\u00f3 a desarrollar el apasionante mundo de los probi\u00f3ticos, y como estos, bien utilizados, pueden generar un cambio positivo en nuestro organismo.<\/p>\n","protected":false},"author":3,"featured_media":0,"comment_status":"closed","ping_status":"closed","sticky":false,"template":"","format":"standard","meta":{"footnotes":""},"categories":[30,26],"tags":[48],"class_list":["post-96090","post","type-post","status-publish","format-standard","hentry","category-salud","category-sociedad","tag-destacada"],"yoast_head":"<!-- This site is optimized with the Yoast SEO plugin v25.9 - https:\/\/yoast.com\/wordpress\/plugins\/seo\/ -->\n<title>C\u00f3mo los probi\u00f3ticos te pueden cambiar la vida - Noticias Radio Reflejos<\/title>\n<meta name=\"robots\" content=\"index, follow, max-snippet:-1, max-image-preview:large, max-video-preview:-1\" \/>\n<link rel=\"canonical\" href=\"https:\/\/www.noticiasradioreflejos.com.ar\/2021\/como-los-probioticos-te-pueden-cambiar-la-vida\/\" \/>\n<meta property=\"og:locale\" content=\"es_ES\" \/>\n<meta property=\"og:type\" content=\"article\" \/>\n<meta property=\"og:title\" content=\"C\u00f3mo los probi\u00f3ticos te pueden cambiar la vida - Noticias Radio Reflejos\" \/>\n<meta property=\"og:description\" content=\"La especialista en medicina natural Anabella Botto comenz\u00f3 a desarrollar el apasionante mundo de los probi\u00f3ticos, y como estos, bien utilizados, pueden generar un cambio positivo en nuestro organismo.\" \/>\n<meta property=\"og:url\" content=\"https:\/\/www.noticiasradioreflejos.com.ar\/2021\/como-los-probioticos-te-pueden-cambiar-la-vida\/\" \/>\n<meta property=\"og:site_name\" content=\"Noticias Radio Reflejos\" \/>\n<meta property=\"article:published_time\" content=\"2023-12-05T20:39:59+00:00\" \/>\n<meta property=\"og:image\" content=\"https:\/\/www.noticiasradioreflejos.com.ar\/2021\/wp-content\/uploads\/2021\/07\/logosol300x200.png\" \/>\n\t<meta property=\"og:image:width\" content=\"300\" \/>\n\t<meta property=\"og:image:height\" content=\"200\" \/>\n\t<meta property=\"og:image:type\" content=\"image\/png\" \/>\n<meta name=\"author\" content=\"Arnaldo Botto\" \/>\n<meta name=\"twitter:card\" content=\"summary_large_image\" \/>\n<script type=\"application\/ld+json\" class=\"yoast-schema-graph\">{\"@context\":\"https:\/\/schema.org\",\"@graph\":[{\"@type\":\"WebPage\",\"@id\":\"https:\/\/www.noticiasradioreflejos.com.ar\/2021\/como-los-probioticos-te-pueden-cambiar-la-vida\/\",\"url\":\"https:\/\/www.noticiasradioreflejos.com.ar\/2021\/como-los-probioticos-te-pueden-cambiar-la-vida\/\",\"name\":\"C\u00f3mo los probi\u00f3ticos te pueden cambiar la vida - Noticias Radio Reflejos\",\"isPartOf\":{\"@id\":\"https:\/\/www.noticiasradioreflejos.com.ar\/2021\/#website\"},\"datePublished\":\"2023-12-05T20:39:59+00:00\",\"author\":{\"@id\":\"https:\/\/www.noticiasradioreflejos.com.ar\/2021\/#\/schema\/person\/ad82545263dcc5ec0996818884fd5fb1\"},\"breadcrumb\":{\"@id\":\"https:\/\/www.noticiasradioreflejos.com.ar\/2021\/como-los-probioticos-te-pueden-cambiar-la-vida\/#breadcrumb\"},\"inLanguage\":\"es\",\"potentialAction\":[{\"@type\":\"ReadAction\",\"target\":[\"https:\/\/www.noticiasradioreflejos.com.ar\/2021\/como-los-probioticos-te-pueden-cambiar-la-vida\/\"]}]},{\"@type\":\"BreadcrumbList\",\"@id\":\"https:\/\/www.noticiasradioreflejos.com.ar\/2021\/como-los-probioticos-te-pueden-cambiar-la-vida\/#breadcrumb\",\"itemListElement\":[{\"@type\":\"ListItem\",\"position\":1,\"name\":\"Portada\",\"item\":\"https:\/\/www.noticiasradioreflejos.com.ar\/2021\/\"},{\"@type\":\"ListItem\",\"position\":2,\"name\":\"C\u00f3mo los probi\u00f3ticos te pueden cambiar la vida\"}]},{\"@type\":\"WebSite\",\"@id\":\"https:\/\/www.noticiasradioreflejos.com.ar\/2021\/#website\",\"url\":\"https:\/\/www.noticiasradioreflejos.com.ar\/2021\/\",\"name\":\"Noticias Radio Reflejos\",\"description\":\"Las noticias de mi comarca\",\"potentialAction\":[{\"@type\":\"SearchAction\",\"target\":{\"@type\":\"EntryPoint\",\"urlTemplate\":\"https:\/\/www.noticiasradioreflejos.com.ar\/2021\/?s={search_term_string}\"},\"query-input\":{\"@type\":\"PropertyValueSpecification\",\"valueRequired\":true,\"valueName\":\"search_term_string\"}}],\"inLanguage\":\"es\"},{\"@type\":\"Person\",\"@id\":\"https:\/\/www.noticiasradioreflejos.com.ar\/2021\/#\/schema\/person\/ad82545263dcc5ec0996818884fd5fb1\",\"name\":\"Arnaldo Botto\",\"image\":{\"@type\":\"ImageObject\",\"inLanguage\":\"es\",\"@id\":\"https:\/\/www.noticiasradioreflejos.com.ar\/2021\/#\/schema\/person\/image\/\",\"url\":\"https:\/\/secure.gravatar.com\/avatar\/55cb5e37c1efa326397366e6974cb338056df65cb50e7d64d1cf314e87504837?s=96&d=mm&r=g\",\"contentUrl\":\"https:\/\/secure.gravatar.com\/avatar\/55cb5e37c1efa326397366e6974cb338056df65cb50e7d64d1cf314e87504837?s=96&d=mm&r=g\",\"caption\":\"Arnaldo Botto\"},\"url\":\"https:\/\/www.noticiasradioreflejos.com.ar\/2021\/author\/arnaldo\/\"}]}<\/script>\n<!-- \/ Yoast SEO plugin. -->","yoast_head_json":{"title":"C\u00f3mo los probi\u00f3ticos te pueden cambiar la vida - Noticias Radio Reflejos","robots":{"index":"index","follow":"follow","max-snippet":"max-snippet:-1","max-image-preview":"max-image-preview:large","max-video-preview":"max-video-preview:-1"},"canonical":"https:\/\/www.noticiasradioreflejos.com.ar\/2021\/como-los-probioticos-te-pueden-cambiar-la-vida\/","og_locale":"es_ES","og_type":"article","og_title":"C\u00f3mo los probi\u00f3ticos te pueden cambiar la vida - Noticias Radio Reflejos","og_description":"La especialista en medicina natural Anabella Botto comenz\u00f3 a desarrollar el apasionante mundo de los probi\u00f3ticos, y como estos, bien utilizados, pueden generar un cambio positivo en nuestro organismo.","og_url":"https:\/\/www.noticiasradioreflejos.com.ar\/2021\/como-los-probioticos-te-pueden-cambiar-la-vida\/","og_site_name":"Noticias Radio Reflejos","article_published_time":"2023-12-05T20:39:59+00:00","og_image":[{"width":300,"height":200,"url":"https:\/\/www.noticiasradioreflejos.com.ar\/2021\/wp-content\/uploads\/2021\/07\/logosol300x200.png","type":"image\/png"}],"author":"Arnaldo Botto","twitter_card":"summary_large_image","schema":{"@context":"https:\/\/schema.org","@graph":[{"@type":"WebPage","@id":"https:\/\/www.noticiasradioreflejos.com.ar\/2021\/como-los-probioticos-te-pueden-cambiar-la-vida\/","url":"https:\/\/www.noticiasradioreflejos.com.ar\/2021\/como-los-probioticos-te-pueden-cambiar-la-vida\/","name":"C\u00f3mo los probi\u00f3ticos te pueden cambiar la vida - Noticias Radio Reflejos","isPartOf":{"@id":"https:\/\/www.noticiasradioreflejos.com.ar\/2021\/#website"},"datePublished":"2023-12-05T20:39:59+00:00","author":{"@id":"https:\/\/www.noticiasradioreflejos.com.ar\/2021\/#\/schema\/person\/ad82545263dcc5ec0996818884fd5fb1"},"breadcrumb":{"@id":"https:\/\/www.noticiasradioreflejos.com.ar\/2021\/como-los-probioticos-te-pueden-cambiar-la-vida\/#breadcrumb"},"inLanguage":"es","potentialAction":[{"@type":"ReadAction","target":["https:\/\/www.noticiasradioreflejos.com.ar\/2021\/como-los-probioticos-te-pueden-cambiar-la-vida\/"]}]},{"@type":"BreadcrumbList","@id":"https:\/\/www.noticiasradioreflejos.com.ar\/2021\/como-los-probioticos-te-pueden-cambiar-la-vida\/#breadcrumb","itemListElement":[{"@type":"ListItem","position":1,"name":"Portada","item":"https:\/\/www.noticiasradioreflejos.com.ar\/2021\/"},{"@type":"ListItem","position":2,"name":"C\u00f3mo los probi\u00f3ticos te pueden cambiar la vida"}]},{"@type":"WebSite","@id":"https:\/\/www.noticiasradioreflejos.com.ar\/2021\/#website","url":"https:\/\/www.noticiasradioreflejos.com.ar\/2021\/","name":"Noticias Radio Reflejos","description":"Las noticias de mi comarca","potentialAction":[{"@type":"SearchAction","target":{"@type":"EntryPoint","urlTemplate":"https:\/\/www.noticiasradioreflejos.com.ar\/2021\/?s={search_term_string}"},"query-input":{"@type":"PropertyValueSpecification","valueRequired":true,"valueName":"search_term_string"}}],"inLanguage":"es"},{"@type":"Person","@id":"https:\/\/www.noticiasradioreflejos.com.ar\/2021\/#\/schema\/person\/ad82545263dcc5ec0996818884fd5fb1","name":"Arnaldo Botto","image":{"@type":"ImageObject","inLanguage":"es","@id":"https:\/\/www.noticiasradioreflejos.com.ar\/2021\/#\/schema\/person\/image\/","url":"https:\/\/secure.gravatar.com\/avatar\/55cb5e37c1efa326397366e6974cb338056df65cb50e7d64d1cf314e87504837?s=96&d=mm&r=g","contentUrl":"https:\/\/secure.gravatar.com\/avatar\/55cb5e37c1efa326397366e6974cb338056df65cb50e7d64d1cf314e87504837?s=96&d=mm&r=g","caption":"Arnaldo Botto"},"url":"https:\/\/www.noticiasradioreflejos.com.ar\/2021\/author\/arnaldo\/"}]}},"_links":{"self":[{"href":"https:\/\/www.noticiasradioreflejos.com.ar\/2021\/wp-json\/wp\/v2\/posts\/96090","targetHints":{"allow":["GET"]}}],"collection":[{"href":"https:\/\/www.noticiasradioreflejos.com.ar\/2021\/wp-json\/wp\/v2\/posts"}],"about":[{"href":"https:\/\/www.noticiasradioreflejos.com.ar\/2021\/wp-json\/wp\/v2\/types\/post"}],"author":[{"embeddable":true,"href":"https:\/\/www.noticiasradioreflejos.com.ar\/2021\/wp-json\/wp\/v2\/users\/3"}],"replies":[{"embeddable":true,"href":"https:\/\/www.noticiasradioreflejos.com.ar\/2021\/wp-json\/wp\/v2\/comments?post=96090"}],"version-history":[{"count":2,"href":"https:\/\/www.noticiasradioreflejos.com.ar\/2021\/wp-json\/wp\/v2\/posts\/96090\/revisions"}],"predecessor-version":[{"id":96093,"href":"https:\/\/www.noticiasradioreflejos.com.ar\/2021\/wp-json\/wp\/v2\/posts\/96090\/revisions\/96093"}],"wp:attachment":[{"href":"https:\/\/www.noticiasradioreflejos.com.ar\/2021\/wp-json\/wp\/v2\/media?parent=96090"}],"wp:term":[{"taxonomy":"category","embeddable":true,"href":"https:\/\/www.noticiasradioreflejos.com.ar\/2021\/wp-json\/wp\/v2\/categories?post=96090"},{"taxonomy":"post_tag","embeddable":true,"href":"https:\/\/www.noticiasradioreflejos.com.ar\/2021\/wp-json\/wp\/v2\/tags?post=96090"}],"curies":[{"name":"wp","href":"https:\/\/api.w.org\/{rel}","templated":true}]}}