{"id":96081,"date":"2023-12-05T17:05:27","date_gmt":"2023-12-05T17:05:27","guid":{"rendered":"https:\/\/www.noticiasradioreflejos.com.ar\/2021\/?p=96081"},"modified":"2023-12-05T17:05:27","modified_gmt":"2023-12-05T17:05:27","slug":"informe-sobre-situaciones-de-violencia-por-razones-de-genero-en-el-distrito-hasta-noviembre-de-2023","status":"publish","type":"post","link":"https:\/\/www.noticiasradioreflejos.com.ar\/2021\/informe-sobre-situaciones-de-violencia-por-razones-de-genero-en-el-distrito-hasta-noviembre-de-2023\/","title":{"rendered":"Informe sobre Situaciones de Violencia por Razones de G\u00e9nero en el distrito hasta noviembre de 2023"},"content":{"rendered":"<p>El \u00e1rea municipal de Violencia por Razones de G\u00e9nero (VPRG), da a conocer los datos estad\u00edsticos de enero 2022 hasta noviembre 2023 del distrito de Tornquist.<!--more--><\/p>\n<p>Durante este per\u00edodo ingresaron 170 nuevas situaciones de violencia por razones de g\u00e9nero que fueron registradas en las oficinas de Tornquist y Sierra de la Ventana.<\/p>\n<p><a data-flickr-embed=\"true\" href=\"https:\/\/www.flickr.com\/photos\/182279889@N02\/53378012170\/in\/dateposted-public\/\" title=\"Estad\u00edsticas Noviembre23 - Estad\u00edsticas Noviembre23.2\"><img loading=\"lazy\" decoding=\"async\" src=\"https:\/\/live.staticflickr.com\/65535\/53378012170_985e2986e7.jpg\" width=\"500\" height=\"500\" alt=\"Estad\u00edsticas Noviembre23 - Estad\u00edsticas Noviembre23.2\"\/><\/a><script async src=\"\/\/embedr.flickr.com\/assets\/client-code.js\" charset=\"utf-8\"><\/script><\/p>\n<p>Adem\u00e1s de haberse registrado situaciones en las localidades de Tornquist y Saldungaray el \u00faltimo mes, se realizaron diversas intervenciones a personas en situaci\u00f3n de violencia con origen en otros municipios. De esta manera, el \u00e1rea de G\u00e9nero de Tornquist ha funcionado como soporte a otros equipos interdisciplinarios.<\/p>\n<p><a data-flickr-embed=\"true\" href=\"https:\/\/www.flickr.com\/photos\/182279889@N02\/53377564506\/in\/dateposted-public\/\" title=\"Estad\u00edsticas Noviembre23 - Estad\u00edsticas Noviembre23.3\"><img loading=\"lazy\" decoding=\"async\" src=\"https:\/\/live.staticflickr.com\/65535\/53377564506_65aa95ac0a.jpg\" width=\"500\" height=\"500\" alt=\"Estad\u00edsticas Noviembre23 - Estad\u00edsticas Noviembre23.3\"\/><\/a><script async src=\"\/\/embedr.flickr.com\/assets\/client-code.js\" charset=\"utf-8\"><\/script><\/p>\n<p>Se registraron situaciones de violencia psicol\u00f3gica, f\u00edsica, simb\u00f3lica, digital, econ\u00f3mica, espacial, ambiental y sexual.<\/p>\n<p><a data-flickr-embed=\"true\" href=\"https:\/\/www.flickr.com\/photos\/182279889@N02\/53377564531\/in\/dateposted-public\/\" title=\"Estad\u00edsticas Noviembre23 - Estad\u00edsticas Noviembre23.4\"><img loading=\"lazy\" decoding=\"async\" src=\"https:\/\/live.staticflickr.com\/65535\/53377564531_4af7bbb8fb.jpg\" width=\"500\" height=\"500\" alt=\"Estad\u00edsticas Noviembre23 - Estad\u00edsticas Noviembre23.4\"\/><\/a><script async src=\"\/\/embedr.flickr.com\/assets\/client-code.js\" charset=\"utf-8\"><\/script><\/p>\n<p>Estas violencias tomaron lugar, mayormente, en el \u00e1mbito dom\u00e9stico. Tambi\u00e9n, se registraron situaciones de VPRG en el \u00e1mbito laboral, en los medios de comunicaci\u00f3n y en los espacios p\u00fablicos.<\/p>\n<p><a data-flickr-embed=\"true\" href=\"https:\/\/www.flickr.com\/photos\/182279889@N02\/53377742008\/in\/dateposted-public\/\" title=\"Estad\u00edsticas Noviembre23 - Estad\u00edsticas Noviembre23.5\"><img loading=\"lazy\" decoding=\"async\" src=\"https:\/\/live.staticflickr.com\/65535\/53377742008_01d2cde48b.jpg\" width=\"500\" height=\"500\" alt=\"Estad\u00edsticas Noviembre23 - Estad\u00edsticas Noviembre23.5\"\/><\/a><script async src=\"\/\/embedr.flickr.com\/assets\/client-code.js\" charset=\"utf-8\"><\/script><\/p>\n<p>El mayor porcentaje de Personas que Ejercen Agresi\u00f3n (PeA) est\u00e1 ocupado por la ex pareja y la pareja actual. Sin embargo, puede considerarse PeA cualquier persona que, en una relaci\u00f3n desigual de poder, ejerce violencia hacia una mujer o una persona LGBTIQ+ por motivos de g\u00e9nero en cualquier \u00e1mbito.<\/p>\n<p><a data-flickr-embed=\"true\" href=\"https:\/\/www.flickr.com\/photos\/182279889@N02\/53377564556\/in\/dateposted-public\/\" title=\"Estad\u00edsticas Noviembre23 - Estad\u00edsticas Noviembre23.6\"><img loading=\"lazy\" decoding=\"async\" src=\"https:\/\/live.staticflickr.com\/65535\/53377564556_1a57232350.jpg\" width=\"500\" height=\"500\" alt=\"Estad\u00edsticas Noviembre23 - Estad\u00edsticas Noviembre23.6\"\/><\/a><script async src=\"\/\/embedr.flickr.com\/assets\/client-code.js\" charset=\"utf-8\"><\/script><\/p>\n<p>De las personas agresoras registradas, el 28.3 % son reincidentes. Esto significa que tienen antecedentes de violencia de g\u00e9nero con otras mujeres o con la misma mujer.<\/p>\n<p><a data-flickr-embed=\"true\" href=\"https:\/\/www.flickr.com\/photos\/182279889@N02\/53376641017\/in\/dateposted-public\/\" title=\"Estad\u00edsticas Noviembre23 - Estad\u00edsticas Noviembre23.7\"><img loading=\"lazy\" decoding=\"async\" src=\"https:\/\/live.staticflickr.com\/65535\/53376641017_b4e7c63227.jpg\" width=\"500\" height=\"500\" alt=\"Estad\u00edsticas Noviembre23 - Estad\u00edsticas Noviembre23.7\"\/><\/a><script async src=\"\/\/embedr.flickr.com\/assets\/client-code.js\" charset=\"utf-8\"><\/script><\/p>\n<p>El 88.1 % de las situaciones ingresadas en las oficinas cuenta con denuncia formal radicada en Comisar\u00eda de la Mujer y Familia de Tornquist. Cabe destacar que las situaciones de violencia no denunciadas son abordadas de igual manera que las que s\u00ed. De estas situaciones con denuncia formal en Comisar\u00eda, el 86.9% de las situaciones fue denunciada por la v\u00edctima, el 9.8% de los casos los denunci\u00f3 alguien del c\u00edrculo vincular de la v\u00edctima y el 3.3% de las situaciones las denunci\u00f3 la misma polic\u00eda, luego de acudir a un llamado de urgencia.<\/p>\n<p>Es necesario aclarar que existen muchas otras situaciones que est\u00e1n siendo abordadas por ambos equipos interdisciplinarios, pero las mismas han ingresado en a\u00f1os anteriores y no est\u00e1n comprendidas dentro de estas estad\u00edsticas. Hay m\u00e1s de 250 personas que han sido acompa\u00f1adas por los equipos desde que se inauguraron las oficinas.<\/p>\n<p>Que estos n\u00fameros crezcan, no significa que haya \u201cm\u00e1s violencia\u201d, sino que hay muchas m\u00e1s situaciones de violencia que se han podido registrar y, por lo tanto, intervenir.<\/p>\n<p><strong><em>Si sufr\u00eds violencia por razones de g\u00e9nero o conoces a alguna persona que est\u00e9 en esta situaci\u00f3n, podes comunicarte con nuestro equipo para que te asesoremos sobre qu\u00e9 podes hacer.<\/em><\/p>\n<p>Tornquist y todo el distrito:<br \/>\nVentura Picado 111, Tornquist<br \/>\nHorario de atenci\u00f3n: 7 a 13hs<br \/>\nTel. 2915759320<\/p>\n<p>Sierra de la Ventana y Saldungaray:<br \/>\nRoca 145, Sierra de la Ventana<br \/>\nHorario de atenci\u00f3n: 13 a 18hs<br \/>\nTel. 2915759315<\/strong><\/p>\n","protected":false},"excerpt":{"rendered":"<p>El \u00e1rea municipal de Violencia por Razones de G\u00e9nero (VPRG), da a conocer los datos estad\u00edsticos de enero 2022 hasta noviembre 2023 del distrito de Tornquist.<\/p>\n","protected":false},"author":3,"featured_media":0,"comment_status":"closed","ping_status":"closed","sticky":false,"template":"","format":"standard","meta":{"footnotes":""},"categories":[1],"tags":[],"class_list":["post-96081","post","type-post","status-publish","format-standard","hentry","category-sin-categoria"],"yoast_head":"<!-- This site is optimized with the Yoast SEO plugin v25.9 - https:\/\/yoast.com\/wordpress\/plugins\/seo\/ -->\n<title>Informe sobre Situaciones de Violencia por Razones de G\u00e9nero en el distrito hasta noviembre de 2023 - Noticias Radio Reflejos<\/title>\n<meta name=\"robots\" content=\"index, follow, max-snippet:-1, max-image-preview:large, max-video-preview:-1\" \/>\n<link rel=\"canonical\" href=\"https:\/\/www.noticiasradioreflejos.com.ar\/2021\/informe-sobre-situaciones-de-violencia-por-razones-de-genero-en-el-distrito-hasta-noviembre-de-2023\/\" \/>\n<meta property=\"og:locale\" content=\"es_ES\" \/>\n<meta property=\"og:type\" content=\"article\" \/>\n<meta property=\"og:title\" content=\"Informe sobre Situaciones de Violencia por Razones de G\u00e9nero en el distrito hasta noviembre de 2023 - Noticias Radio Reflejos\" \/>\n<meta property=\"og:description\" content=\"El \u00e1rea municipal de Violencia por Razones de G\u00e9nero (VPRG), da a conocer los datos estad\u00edsticos de enero 2022 hasta noviembre 2023 del distrito de Tornquist.\" \/>\n<meta property=\"og:url\" content=\"https:\/\/www.noticiasradioreflejos.com.ar\/2021\/informe-sobre-situaciones-de-violencia-por-razones-de-genero-en-el-distrito-hasta-noviembre-de-2023\/\" \/>\n<meta property=\"og:site_name\" content=\"Noticias Radio Reflejos\" \/>\n<meta property=\"article:published_time\" content=\"2023-12-05T17:05:27+00:00\" \/>\n<meta property=\"og:image\" content=\"https:\/\/live.staticflickr.com\/65535\/53378012170_985e2986e7.jpg\" \/>\n<meta name=\"author\" content=\"Arnaldo Botto\" \/>\n<meta name=\"twitter:card\" content=\"summary_large_image\" \/>\n<script type=\"application\/ld+json\" class=\"yoast-schema-graph\">{\"@context\":\"https:\/\/schema.org\",\"@graph\":[{\"@type\":\"WebPage\",\"@id\":\"https:\/\/www.noticiasradioreflejos.com.ar\/2021\/informe-sobre-situaciones-de-violencia-por-razones-de-genero-en-el-distrito-hasta-noviembre-de-2023\/\",\"url\":\"https:\/\/www.noticiasradioreflejos.com.ar\/2021\/informe-sobre-situaciones-de-violencia-por-razones-de-genero-en-el-distrito-hasta-noviembre-de-2023\/\",\"name\":\"Informe sobre Situaciones de Violencia por Razones de G\u00e9nero en el distrito hasta noviembre de 2023 - Noticias Radio Reflejos\",\"isPartOf\":{\"@id\":\"https:\/\/www.noticiasradioreflejos.com.ar\/2021\/#website\"},\"primaryImageOfPage\":{\"@id\":\"https:\/\/www.noticiasradioreflejos.com.ar\/2021\/informe-sobre-situaciones-de-violencia-por-razones-de-genero-en-el-distrito-hasta-noviembre-de-2023\/#primaryimage\"},\"image\":{\"@id\":\"https:\/\/www.noticiasradioreflejos.com.ar\/2021\/informe-sobre-situaciones-de-violencia-por-razones-de-genero-en-el-distrito-hasta-noviembre-de-2023\/#primaryimage\"},\"thumbnailUrl\":\"https:\/\/live.staticflickr.com\/65535\/53378012170_985e2986e7.jpg\",\"datePublished\":\"2023-12-05T17:05:27+00:00\",\"author\":{\"@id\":\"https:\/\/www.noticiasradioreflejos.com.ar\/2021\/#\/schema\/person\/ad82545263dcc5ec0996818884fd5fb1\"},\"breadcrumb\":{\"@id\":\"https:\/\/www.noticiasradioreflejos.com.ar\/2021\/informe-sobre-situaciones-de-violencia-por-razones-de-genero-en-el-distrito-hasta-noviembre-de-2023\/#breadcrumb\"},\"inLanguage\":\"es\",\"potentialAction\":[{\"@type\":\"ReadAction\",\"target\":[\"https:\/\/www.noticiasradioreflejos.com.ar\/2021\/informe-sobre-situaciones-de-violencia-por-razones-de-genero-en-el-distrito-hasta-noviembre-de-2023\/\"]}]},{\"@type\":\"ImageObject\",\"inLanguage\":\"es\",\"@id\":\"https:\/\/www.noticiasradioreflejos.com.ar\/2021\/informe-sobre-situaciones-de-violencia-por-razones-de-genero-en-el-distrito-hasta-noviembre-de-2023\/#primaryimage\",\"url\":\"https:\/\/live.staticflickr.com\/65535\/53378012170_985e2986e7.jpg\",\"contentUrl\":\"https:\/\/live.staticflickr.com\/65535\/53378012170_985e2986e7.jpg\"},{\"@type\":\"BreadcrumbList\",\"@id\":\"https:\/\/www.noticiasradioreflejos.com.ar\/2021\/informe-sobre-situaciones-de-violencia-por-razones-de-genero-en-el-distrito-hasta-noviembre-de-2023\/#breadcrumb\",\"itemListElement\":[{\"@type\":\"ListItem\",\"position\":1,\"name\":\"Portada\",\"item\":\"https:\/\/www.noticiasradioreflejos.com.ar\/2021\/\"},{\"@type\":\"ListItem\",\"position\":2,\"name\":\"Informe sobre Situaciones de Violencia por Razones de G\u00e9nero en el distrito hasta noviembre de 2023\"}]},{\"@type\":\"WebSite\",\"@id\":\"https:\/\/www.noticiasradioreflejos.com.ar\/2021\/#website\",\"url\":\"https:\/\/www.noticiasradioreflejos.com.ar\/2021\/\",\"name\":\"Noticias Radio Reflejos\",\"description\":\"Las noticias de mi comarca\",\"potentialAction\":[{\"@type\":\"SearchAction\",\"target\":{\"@type\":\"EntryPoint\",\"urlTemplate\":\"https:\/\/www.noticiasradioreflejos.com.ar\/2021\/?s={search_term_string}\"},\"query-input\":{\"@type\":\"PropertyValueSpecification\",\"valueRequired\":true,\"valueName\":\"search_term_string\"}}],\"inLanguage\":\"es\"},{\"@type\":\"Person\",\"@id\":\"https:\/\/www.noticiasradioreflejos.com.ar\/2021\/#\/schema\/person\/ad82545263dcc5ec0996818884fd5fb1\",\"name\":\"Arnaldo Botto\",\"image\":{\"@type\":\"ImageObject\",\"inLanguage\":\"es\",\"@id\":\"https:\/\/www.noticiasradioreflejos.com.ar\/2021\/#\/schema\/person\/image\/\",\"url\":\"https:\/\/secure.gravatar.com\/avatar\/55cb5e37c1efa326397366e6974cb338056df65cb50e7d64d1cf314e87504837?s=96&d=mm&r=g\",\"contentUrl\":\"https:\/\/secure.gravatar.com\/avatar\/55cb5e37c1efa326397366e6974cb338056df65cb50e7d64d1cf314e87504837?s=96&d=mm&r=g\",\"caption\":\"Arnaldo Botto\"},\"url\":\"https:\/\/www.noticiasradioreflejos.com.ar\/2021\/author\/arnaldo\/\"}]}<\/script>\n<!-- \/ Yoast SEO plugin. -->","yoast_head_json":{"title":"Informe sobre Situaciones de Violencia por Razones de G\u00e9nero en el distrito hasta noviembre de 2023 - Noticias Radio Reflejos","robots":{"index":"index","follow":"follow","max-snippet":"max-snippet:-1","max-image-preview":"max-image-preview:large","max-video-preview":"max-video-preview:-1"},"canonical":"https:\/\/www.noticiasradioreflejos.com.ar\/2021\/informe-sobre-situaciones-de-violencia-por-razones-de-genero-en-el-distrito-hasta-noviembre-de-2023\/","og_locale":"es_ES","og_type":"article","og_title":"Informe sobre Situaciones de Violencia por Razones de G\u00e9nero en el distrito hasta noviembre de 2023 - Noticias Radio Reflejos","og_description":"El \u00e1rea municipal de Violencia por Razones de G\u00e9nero (VPRG), da a conocer los datos estad\u00edsticos de enero 2022 hasta noviembre 2023 del distrito de Tornquist.","og_url":"https:\/\/www.noticiasradioreflejos.com.ar\/2021\/informe-sobre-situaciones-de-violencia-por-razones-de-genero-en-el-distrito-hasta-noviembre-de-2023\/","og_site_name":"Noticias Radio Reflejos","article_published_time":"2023-12-05T17:05:27+00:00","og_image":[{"url":"https:\/\/live.staticflickr.com\/65535\/53378012170_985e2986e7.jpg","type":"","width":"","height":""}],"author":"Arnaldo Botto","twitter_card":"summary_large_image","schema":{"@context":"https:\/\/schema.org","@graph":[{"@type":"WebPage","@id":"https:\/\/www.noticiasradioreflejos.com.ar\/2021\/informe-sobre-situaciones-de-violencia-por-razones-de-genero-en-el-distrito-hasta-noviembre-de-2023\/","url":"https:\/\/www.noticiasradioreflejos.com.ar\/2021\/informe-sobre-situaciones-de-violencia-por-razones-de-genero-en-el-distrito-hasta-noviembre-de-2023\/","name":"Informe sobre Situaciones de Violencia por Razones de G\u00e9nero en el distrito hasta noviembre de 2023 - Noticias Radio Reflejos","isPartOf":{"@id":"https:\/\/www.noticiasradioreflejos.com.ar\/2021\/#website"},"primaryImageOfPage":{"@id":"https:\/\/www.noticiasradioreflejos.com.ar\/2021\/informe-sobre-situaciones-de-violencia-por-razones-de-genero-en-el-distrito-hasta-noviembre-de-2023\/#primaryimage"},"image":{"@id":"https:\/\/www.noticiasradioreflejos.com.ar\/2021\/informe-sobre-situaciones-de-violencia-por-razones-de-genero-en-el-distrito-hasta-noviembre-de-2023\/#primaryimage"},"thumbnailUrl":"https:\/\/live.staticflickr.com\/65535\/53378012170_985e2986e7.jpg","datePublished":"2023-12-05T17:05:27+00:00","author":{"@id":"https:\/\/www.noticiasradioreflejos.com.ar\/2021\/#\/schema\/person\/ad82545263dcc5ec0996818884fd5fb1"},"breadcrumb":{"@id":"https:\/\/www.noticiasradioreflejos.com.ar\/2021\/informe-sobre-situaciones-de-violencia-por-razones-de-genero-en-el-distrito-hasta-noviembre-de-2023\/#breadcrumb"},"inLanguage":"es","potentialAction":[{"@type":"ReadAction","target":["https:\/\/www.noticiasradioreflejos.com.ar\/2021\/informe-sobre-situaciones-de-violencia-por-razones-de-genero-en-el-distrito-hasta-noviembre-de-2023\/"]}]},{"@type":"ImageObject","inLanguage":"es","@id":"https:\/\/www.noticiasradioreflejos.com.ar\/2021\/informe-sobre-situaciones-de-violencia-por-razones-de-genero-en-el-distrito-hasta-noviembre-de-2023\/#primaryimage","url":"https:\/\/live.staticflickr.com\/65535\/53378012170_985e2986e7.jpg","contentUrl":"https:\/\/live.staticflickr.com\/65535\/53378012170_985e2986e7.jpg"},{"@type":"BreadcrumbList","@id":"https:\/\/www.noticiasradioreflejos.com.ar\/2021\/informe-sobre-situaciones-de-violencia-por-razones-de-genero-en-el-distrito-hasta-noviembre-de-2023\/#breadcrumb","itemListElement":[{"@type":"ListItem","position":1,"name":"Portada","item":"https:\/\/www.noticiasradioreflejos.com.ar\/2021\/"},{"@type":"ListItem","position":2,"name":"Informe sobre Situaciones de Violencia por Razones de G\u00e9nero en el distrito hasta noviembre de 2023"}]},{"@type":"WebSite","@id":"https:\/\/www.noticiasradioreflejos.com.ar\/2021\/#website","url":"https:\/\/www.noticiasradioreflejos.com.ar\/2021\/","name":"Noticias Radio Reflejos","description":"Las noticias de mi comarca","potentialAction":[{"@type":"SearchAction","target":{"@type":"EntryPoint","urlTemplate":"https:\/\/www.noticiasradioreflejos.com.ar\/2021\/?s={search_term_string}"},"query-input":{"@type":"PropertyValueSpecification","valueRequired":true,"valueName":"search_term_string"}}],"inLanguage":"es"},{"@type":"Person","@id":"https:\/\/www.noticiasradioreflejos.com.ar\/2021\/#\/schema\/person\/ad82545263dcc5ec0996818884fd5fb1","name":"Arnaldo Botto","image":{"@type":"ImageObject","inLanguage":"es","@id":"https:\/\/www.noticiasradioreflejos.com.ar\/2021\/#\/schema\/person\/image\/","url":"https:\/\/secure.gravatar.com\/avatar\/55cb5e37c1efa326397366e6974cb338056df65cb50e7d64d1cf314e87504837?s=96&d=mm&r=g","contentUrl":"https:\/\/secure.gravatar.com\/avatar\/55cb5e37c1efa326397366e6974cb338056df65cb50e7d64d1cf314e87504837?s=96&d=mm&r=g","caption":"Arnaldo Botto"},"url":"https:\/\/www.noticiasradioreflejos.com.ar\/2021\/author\/arnaldo\/"}]}},"_links":{"self":[{"href":"https:\/\/www.noticiasradioreflejos.com.ar\/2021\/wp-json\/wp\/v2\/posts\/96081","targetHints":{"allow":["GET"]}}],"collection":[{"href":"https:\/\/www.noticiasradioreflejos.com.ar\/2021\/wp-json\/wp\/v2\/posts"}],"about":[{"href":"https:\/\/www.noticiasradioreflejos.com.ar\/2021\/wp-json\/wp\/v2\/types\/post"}],"author":[{"embeddable":true,"href":"https:\/\/www.noticiasradioreflejos.com.ar\/2021\/wp-json\/wp\/v2\/users\/3"}],"replies":[{"embeddable":true,"href":"https:\/\/www.noticiasradioreflejos.com.ar\/2021\/wp-json\/wp\/v2\/comments?post=96081"}],"version-history":[{"count":1,"href":"https:\/\/www.noticiasradioreflejos.com.ar\/2021\/wp-json\/wp\/v2\/posts\/96081\/revisions"}],"predecessor-version":[{"id":96083,"href":"https:\/\/www.noticiasradioreflejos.com.ar\/2021\/wp-json\/wp\/v2\/posts\/96081\/revisions\/96083"}],"wp:attachment":[{"href":"https:\/\/www.noticiasradioreflejos.com.ar\/2021\/wp-json\/wp\/v2\/media?parent=96081"}],"wp:term":[{"taxonomy":"category","embeddable":true,"href":"https:\/\/www.noticiasradioreflejos.com.ar\/2021\/wp-json\/wp\/v2\/categories?post=96081"},{"taxonomy":"post_tag","embeddable":true,"href":"https:\/\/www.noticiasradioreflejos.com.ar\/2021\/wp-json\/wp\/v2\/tags?post=96081"}],"curies":[{"name":"wp","href":"https:\/\/api.w.org\/{rel}","templated":true}]}}