{"id":95996,"date":"2023-12-03T23:52:26","date_gmt":"2023-12-03T23:52:26","guid":{"rendered":"https:\/\/www.noticiasradioreflejos.com.ar\/2021\/?p=95996"},"modified":"2023-12-04T12:51:13","modified_gmt":"2023-12-04T12:51:13","slug":"se-desato-un-gran-incendio-en-el-parque-paso-de-las-piedras","status":"publish","type":"post","link":"https:\/\/www.noticiasradioreflejos.com.ar\/2021\/se-desato-un-gran-incendio-en-el-parque-paso-de-las-piedras\/","title":{"rendered":"Se desat\u00f3 un gran incendio en el Parque Paso de las Piedras"},"content":{"rendered":"<p>Bomberos voluntarios de Cabildo, Saldungaray y Sierra de la Ventana\u00a0 trabajan en condiciones muy adversas por los fuertes vientos que se registran en la zona.<!--more--><\/p>\n<p>El fuego se inici\u00f3 en horas de esta tarde y consume bosques y pastizales naturales a la vera del lago que embalsa el Dique Paso de las Piedras.<\/p>\n<p><a title=\"incendio forestal dique\" href=\"https:\/\/www.flickr.com\/photos\/182279889@N02\/53374106053\/in\/dateposted-public\/\" data-flickr-embed=\"true\"><img loading=\"lazy\" decoding=\"async\" class=\"alignleft\" src=\"https:\/\/live.staticflickr.com\/31337\/53374106053_649b590a16_o.jpg\" alt=\"incendio forestal dique\" width=\"439\" height=\"775\" \/><\/a><script async src=\"\/\/embedr.flickr.com\/assets\/client-code.js\" charset=\"utf-8\"><\/script><\/p>\n<p>Varias dotaciones de bomberos trabajan incansablemente para tratar de parar las llamas que se extienden en una importante franja de terreno y afectan pastos naturales, y montes de pinos y eucaliptos dentro del Parque Provincial Paso de las Piedras.<\/p>\n<p>El sector del fuego\u00a0 se localiza a unos 5 km de la hoster\u00eda del dique entre el camino vecinal y el espejo de agua.<\/p>\n<p>En estos momentos, las autoridades del parque han convocado a m\u00e1s cuarteles de la regi\u00f3n ante la magnitud y las dificultades que se viven en el lugar, especialmente por las r\u00e1fagas de vientos que alcanzan los 60 km\/h.<\/p>\n<p>Se convocaron a bomberos de Bah\u00eda Blanca, Ing. White y Gral. Daniel Cerri para ayudar a los cuarteles que actualmente est\u00e1n trabajando en el incendio.<\/p>\n<p><a title=\"Fuego en el Dique Paso de las Piedras\" href=\"https:\/\/www.flickr.com\/photos\/182279889@N02\/53374132855\/in\/dateposted-public\/\" data-flickr-embed=\"true\"><img loading=\"lazy\" decoding=\"async\" src=\"https:\/\/live.staticflickr.com\/31337\/53374132855_748a1e9c82_o.jpg\" alt=\"Fuego en el Dique Paso de las Piedras\" width=\"640\" height=\"356\" \/><\/a><script async src=\"\/\/embedr.flickr.com\/assets\/client-code.js\" charset=\"utf-8\"><\/script><\/p>\n","protected":false},"excerpt":{"rendered":"<p>Bomberos voluntarios de Cabildo, Saldungaray y Sierra de la Ventana\u00a0 trabajan en condiciones muy adversas por los fuertes vientos que se registran en la zona.<\/p>\n","protected":false},"author":3,"featured_media":95997,"comment_status":"closed","ping_status":"closed","sticky":false,"template":"","format":"standard","meta":{"footnotes":""},"categories":[29],"tags":[48],"class_list":["post-95996","post","type-post","status-publish","format-standard","has-post-thumbnail","hentry","category-policiales","tag-destacada"],"yoast_head":"<!-- This site is optimized with the Yoast SEO plugin v25.9 - https:\/\/yoast.com\/wordpress\/plugins\/seo\/ -->\n<title>Se desat\u00f3 un gran incendio en el Parque Paso de las Piedras - Noticias Radio Reflejos<\/title>\n<meta name=\"robots\" content=\"index, follow, max-snippet:-1, max-image-preview:large, max-video-preview:-1\" \/>\n<link rel=\"canonical\" href=\"https:\/\/www.noticiasradioreflejos.com.ar\/2021\/se-desato-un-gran-incendio-en-el-parque-paso-de-las-piedras\/\" \/>\n<meta property=\"og:locale\" content=\"es_ES\" \/>\n<meta property=\"og:type\" content=\"article\" \/>\n<meta property=\"og:title\" content=\"Se desat\u00f3 un gran incendio en el Parque Paso de las Piedras - Noticias Radio Reflejos\" \/>\n<meta property=\"og:description\" content=\"Bomberos voluntarios de Cabildo, Saldungaray y Sierra de la Ventana\u00a0 trabajan en condiciones muy adversas por los fuertes vientos que se registran en la zona.\" \/>\n<meta property=\"og:url\" content=\"https:\/\/www.noticiasradioreflejos.com.ar\/2021\/se-desato-un-gran-incendio-en-el-parque-paso-de-las-piedras\/\" \/>\n<meta property=\"og:site_name\" content=\"Noticias Radio Reflejos\" \/>\n<meta property=\"article:published_time\" content=\"2023-12-03T23:52:26+00:00\" \/>\n<meta property=\"article:modified_time\" content=\"2023-12-04T12:51:13+00:00\" \/>\n<meta property=\"og:image\" content=\"https:\/\/www.noticiasradioreflejos.com.ar\/2021\/wp-content\/uploads\/2023\/12\/fuego-en-el-dique.png\" \/>\n\t<meta property=\"og:image:width\" content=\"1366\" \/>\n\t<meta property=\"og:image:height\" content=\"768\" \/>\n\t<meta property=\"og:image:type\" content=\"image\/png\" \/>\n<meta name=\"author\" content=\"Arnaldo Botto\" \/>\n<meta name=\"twitter:card\" content=\"summary_large_image\" \/>\n<script type=\"application\/ld+json\" class=\"yoast-schema-graph\">{\"@context\":\"https:\/\/schema.org\",\"@graph\":[{\"@type\":\"WebPage\",\"@id\":\"https:\/\/www.noticiasradioreflejos.com.ar\/2021\/se-desato-un-gran-incendio-en-el-parque-paso-de-las-piedras\/\",\"url\":\"https:\/\/www.noticiasradioreflejos.com.ar\/2021\/se-desato-un-gran-incendio-en-el-parque-paso-de-las-piedras\/\",\"name\":\"Se desat\u00f3 un gran incendio en el Parque Paso de las Piedras - Noticias Radio Reflejos\",\"isPartOf\":{\"@id\":\"https:\/\/www.noticiasradioreflejos.com.ar\/2021\/#website\"},\"primaryImageOfPage\":{\"@id\":\"https:\/\/www.noticiasradioreflejos.com.ar\/2021\/se-desato-un-gran-incendio-en-el-parque-paso-de-las-piedras\/#primaryimage\"},\"image\":{\"@id\":\"https:\/\/www.noticiasradioreflejos.com.ar\/2021\/se-desato-un-gran-incendio-en-el-parque-paso-de-las-piedras\/#primaryimage\"},\"thumbnailUrl\":\"https:\/\/www.noticiasradioreflejos.com.ar\/2021\/wp-content\/uploads\/2023\/12\/fuego-en-el-dique.png\",\"datePublished\":\"2023-12-03T23:52:26+00:00\",\"dateModified\":\"2023-12-04T12:51:13+00:00\",\"author\":{\"@id\":\"https:\/\/www.noticiasradioreflejos.com.ar\/2021\/#\/schema\/person\/ad82545263dcc5ec0996818884fd5fb1\"},\"breadcrumb\":{\"@id\":\"https:\/\/www.noticiasradioreflejos.com.ar\/2021\/se-desato-un-gran-incendio-en-el-parque-paso-de-las-piedras\/#breadcrumb\"},\"inLanguage\":\"es\",\"potentialAction\":[{\"@type\":\"ReadAction\",\"target\":[\"https:\/\/www.noticiasradioreflejos.com.ar\/2021\/se-desato-un-gran-incendio-en-el-parque-paso-de-las-piedras\/\"]}]},{\"@type\":\"ImageObject\",\"inLanguage\":\"es\",\"@id\":\"https:\/\/www.noticiasradioreflejos.com.ar\/2021\/se-desato-un-gran-incendio-en-el-parque-paso-de-las-piedras\/#primaryimage\",\"url\":\"https:\/\/www.noticiasradioreflejos.com.ar\/2021\/wp-content\/uploads\/2023\/12\/fuego-en-el-dique.png\",\"contentUrl\":\"https:\/\/www.noticiasradioreflejos.com.ar\/2021\/wp-content\/uploads\/2023\/12\/fuego-en-el-dique.png\",\"width\":1366,\"height\":768},{\"@type\":\"BreadcrumbList\",\"@id\":\"https:\/\/www.noticiasradioreflejos.com.ar\/2021\/se-desato-un-gran-incendio-en-el-parque-paso-de-las-piedras\/#breadcrumb\",\"itemListElement\":[{\"@type\":\"ListItem\",\"position\":1,\"name\":\"Portada\",\"item\":\"https:\/\/www.noticiasradioreflejos.com.ar\/2021\/\"},{\"@type\":\"ListItem\",\"position\":2,\"name\":\"Se desat\u00f3 un gran incendio en el Parque Paso de las Piedras\"}]},{\"@type\":\"WebSite\",\"@id\":\"https:\/\/www.noticiasradioreflejos.com.ar\/2021\/#website\",\"url\":\"https:\/\/www.noticiasradioreflejos.com.ar\/2021\/\",\"name\":\"Noticias Radio Reflejos\",\"description\":\"Las noticias de mi comarca\",\"potentialAction\":[{\"@type\":\"SearchAction\",\"target\":{\"@type\":\"EntryPoint\",\"urlTemplate\":\"https:\/\/www.noticiasradioreflejos.com.ar\/2021\/?s={search_term_string}\"},\"query-input\":{\"@type\":\"PropertyValueSpecification\",\"valueRequired\":true,\"valueName\":\"search_term_string\"}}],\"inLanguage\":\"es\"},{\"@type\":\"Person\",\"@id\":\"https:\/\/www.noticiasradioreflejos.com.ar\/2021\/#\/schema\/person\/ad82545263dcc5ec0996818884fd5fb1\",\"name\":\"Arnaldo Botto\",\"image\":{\"@type\":\"ImageObject\",\"inLanguage\":\"es\",\"@id\":\"https:\/\/www.noticiasradioreflejos.com.ar\/2021\/#\/schema\/person\/image\/\",\"url\":\"https:\/\/secure.gravatar.com\/avatar\/55cb5e37c1efa326397366e6974cb338056df65cb50e7d64d1cf314e87504837?s=96&d=mm&r=g\",\"contentUrl\":\"https:\/\/secure.gravatar.com\/avatar\/55cb5e37c1efa326397366e6974cb338056df65cb50e7d64d1cf314e87504837?s=96&d=mm&r=g\",\"caption\":\"Arnaldo Botto\"},\"url\":\"https:\/\/www.noticiasradioreflejos.com.ar\/2021\/author\/arnaldo\/\"}]}<\/script>\n<!-- \/ Yoast SEO plugin. -->","yoast_head_json":{"title":"Se desat\u00f3 un gran incendio en el Parque Paso de las Piedras - Noticias Radio Reflejos","robots":{"index":"index","follow":"follow","max-snippet":"max-snippet:-1","max-image-preview":"max-image-preview:large","max-video-preview":"max-video-preview:-1"},"canonical":"https:\/\/www.noticiasradioreflejos.com.ar\/2021\/se-desato-un-gran-incendio-en-el-parque-paso-de-las-piedras\/","og_locale":"es_ES","og_type":"article","og_title":"Se desat\u00f3 un gran incendio en el Parque Paso de las Piedras - Noticias Radio Reflejos","og_description":"Bomberos voluntarios de Cabildo, Saldungaray y Sierra de la Ventana\u00a0 trabajan en condiciones muy adversas por los fuertes vientos que se registran en la zona.","og_url":"https:\/\/www.noticiasradioreflejos.com.ar\/2021\/se-desato-un-gran-incendio-en-el-parque-paso-de-las-piedras\/","og_site_name":"Noticias Radio Reflejos","article_published_time":"2023-12-03T23:52:26+00:00","article_modified_time":"2023-12-04T12:51:13+00:00","og_image":[{"width":1366,"height":768,"url":"https:\/\/www.noticiasradioreflejos.com.ar\/2021\/wp-content\/uploads\/2023\/12\/fuego-en-el-dique.png","type":"image\/png"}],"author":"Arnaldo Botto","twitter_card":"summary_large_image","schema":{"@context":"https:\/\/schema.org","@graph":[{"@type":"WebPage","@id":"https:\/\/www.noticiasradioreflejos.com.ar\/2021\/se-desato-un-gran-incendio-en-el-parque-paso-de-las-piedras\/","url":"https:\/\/www.noticiasradioreflejos.com.ar\/2021\/se-desato-un-gran-incendio-en-el-parque-paso-de-las-piedras\/","name":"Se desat\u00f3 un gran incendio en el Parque Paso de las Piedras - Noticias Radio Reflejos","isPartOf":{"@id":"https:\/\/www.noticiasradioreflejos.com.ar\/2021\/#website"},"primaryImageOfPage":{"@id":"https:\/\/www.noticiasradioreflejos.com.ar\/2021\/se-desato-un-gran-incendio-en-el-parque-paso-de-las-piedras\/#primaryimage"},"image":{"@id":"https:\/\/www.noticiasradioreflejos.com.ar\/2021\/se-desato-un-gran-incendio-en-el-parque-paso-de-las-piedras\/#primaryimage"},"thumbnailUrl":"https:\/\/www.noticiasradioreflejos.com.ar\/2021\/wp-content\/uploads\/2023\/12\/fuego-en-el-dique.png","datePublished":"2023-12-03T23:52:26+00:00","dateModified":"2023-12-04T12:51:13+00:00","author":{"@id":"https:\/\/www.noticiasradioreflejos.com.ar\/2021\/#\/schema\/person\/ad82545263dcc5ec0996818884fd5fb1"},"breadcrumb":{"@id":"https:\/\/www.noticiasradioreflejos.com.ar\/2021\/se-desato-un-gran-incendio-en-el-parque-paso-de-las-piedras\/#breadcrumb"},"inLanguage":"es","potentialAction":[{"@type":"ReadAction","target":["https:\/\/www.noticiasradioreflejos.com.ar\/2021\/se-desato-un-gran-incendio-en-el-parque-paso-de-las-piedras\/"]}]},{"@type":"ImageObject","inLanguage":"es","@id":"https:\/\/www.noticiasradioreflejos.com.ar\/2021\/se-desato-un-gran-incendio-en-el-parque-paso-de-las-piedras\/#primaryimage","url":"https:\/\/www.noticiasradioreflejos.com.ar\/2021\/wp-content\/uploads\/2023\/12\/fuego-en-el-dique.png","contentUrl":"https:\/\/www.noticiasradioreflejos.com.ar\/2021\/wp-content\/uploads\/2023\/12\/fuego-en-el-dique.png","width":1366,"height":768},{"@type":"BreadcrumbList","@id":"https:\/\/www.noticiasradioreflejos.com.ar\/2021\/se-desato-un-gran-incendio-en-el-parque-paso-de-las-piedras\/#breadcrumb","itemListElement":[{"@type":"ListItem","position":1,"name":"Portada","item":"https:\/\/www.noticiasradioreflejos.com.ar\/2021\/"},{"@type":"ListItem","position":2,"name":"Se desat\u00f3 un gran incendio en el Parque Paso de las Piedras"}]},{"@type":"WebSite","@id":"https:\/\/www.noticiasradioreflejos.com.ar\/2021\/#website","url":"https:\/\/www.noticiasradioreflejos.com.ar\/2021\/","name":"Noticias Radio Reflejos","description":"Las noticias de mi comarca","potentialAction":[{"@type":"SearchAction","target":{"@type":"EntryPoint","urlTemplate":"https:\/\/www.noticiasradioreflejos.com.ar\/2021\/?s={search_term_string}"},"query-input":{"@type":"PropertyValueSpecification","valueRequired":true,"valueName":"search_term_string"}}],"inLanguage":"es"},{"@type":"Person","@id":"https:\/\/www.noticiasradioreflejos.com.ar\/2021\/#\/schema\/person\/ad82545263dcc5ec0996818884fd5fb1","name":"Arnaldo Botto","image":{"@type":"ImageObject","inLanguage":"es","@id":"https:\/\/www.noticiasradioreflejos.com.ar\/2021\/#\/schema\/person\/image\/","url":"https:\/\/secure.gravatar.com\/avatar\/55cb5e37c1efa326397366e6974cb338056df65cb50e7d64d1cf314e87504837?s=96&d=mm&r=g","contentUrl":"https:\/\/secure.gravatar.com\/avatar\/55cb5e37c1efa326397366e6974cb338056df65cb50e7d64d1cf314e87504837?s=96&d=mm&r=g","caption":"Arnaldo Botto"},"url":"https:\/\/www.noticiasradioreflejos.com.ar\/2021\/author\/arnaldo\/"}]}},"_links":{"self":[{"href":"https:\/\/www.noticiasradioreflejos.com.ar\/2021\/wp-json\/wp\/v2\/posts\/95996","targetHints":{"allow":["GET"]}}],"collection":[{"href":"https:\/\/www.noticiasradioreflejos.com.ar\/2021\/wp-json\/wp\/v2\/posts"}],"about":[{"href":"https:\/\/www.noticiasradioreflejos.com.ar\/2021\/wp-json\/wp\/v2\/types\/post"}],"author":[{"embeddable":true,"href":"https:\/\/www.noticiasradioreflejos.com.ar\/2021\/wp-json\/wp\/v2\/users\/3"}],"replies":[{"embeddable":true,"href":"https:\/\/www.noticiasradioreflejos.com.ar\/2021\/wp-json\/wp\/v2\/comments?post=95996"}],"version-history":[{"count":5,"href":"https:\/\/www.noticiasradioreflejos.com.ar\/2021\/wp-json\/wp\/v2\/posts\/95996\/revisions"}],"predecessor-version":[{"id":96024,"href":"https:\/\/www.noticiasradioreflejos.com.ar\/2021\/wp-json\/wp\/v2\/posts\/95996\/revisions\/96024"}],"wp:featuredmedia":[{"embeddable":true,"href":"https:\/\/www.noticiasradioreflejos.com.ar\/2021\/wp-json\/wp\/v2\/media\/95997"}],"wp:attachment":[{"href":"https:\/\/www.noticiasradioreflejos.com.ar\/2021\/wp-json\/wp\/v2\/media?parent=95996"}],"wp:term":[{"taxonomy":"category","embeddable":true,"href":"https:\/\/www.noticiasradioreflejos.com.ar\/2021\/wp-json\/wp\/v2\/categories?post=95996"},{"taxonomy":"post_tag","embeddable":true,"href":"https:\/\/www.noticiasradioreflejos.com.ar\/2021\/wp-json\/wp\/v2\/tags?post=95996"}],"curies":[{"name":"wp","href":"https:\/\/api.w.org\/{rel}","templated":true}]}}