{"id":95955,"date":"2023-12-01T11:12:21","date_gmt":"2023-12-01T11:12:21","guid":{"rendered":"https:\/\/www.noticiasradioreflejos.com.ar\/2021\/?p=95955"},"modified":"2023-12-01T11:12:21","modified_gmt":"2023-12-01T11:12:21","slug":"amanecer-con-lluvias-en-la-comarca-y-la-zona","status":"publish","type":"post","link":"https:\/\/www.noticiasradioreflejos.com.ar\/2021\/amanecer-con-lluvias-en-la-comarca-y-la-zona\/","title":{"rendered":"Amanecer con lluvias en la comarca y la zona"},"content":{"rendered":"<p> mm en El PantaLa zona serrana tuvo precipitaciones durante la madrugada que alcanzaron\u00a0 5 mm en Sierra de la Ventana. <!--more--><\/p>\n<p>Entre la 4,30 y 5 de esta ma\u00f1ana la zona urbana de Sierra tuvo una leve lluvia que sum\u00f3 5 mm al total de 663 mm en lo que va del a\u00f1o. Toda la regi\u00f3n sudoeste tuvo registros similares y algunos alcanzaron los 18 mm como el caso de Espartillar.<\/p>\n<p>La inestabilidad se mantendr\u00e1 durante este viernes y ma\u00f1ana s\u00e1bado. Para hoy se espera una m\u00e1xima de 32\u00b0, cielos cubiertos hasta el mediod\u00eda, vientos rotando al sudoeste para la tarde con velocidades moderas y despejando.<\/p>\n<p>Ma\u00f1ana s\u00e1bado, m\u00ednima 13 m\u00e1xima 26 grados, cielos nublados con probabilidad de chaparrones aislados en horas de la ma\u00f1ana y mediod\u00eda, vientos moderados a fuertes predominantes del sur. Domingo con amanecer fr\u00edo, m\u00ednima 5\u00b0 m\u00e1xima de 26\u00b0 y cielos despejados<\/p>\n<p><strong>Algunos registros de la zona<\/strong><\/p>\n<p>5 mm en Sierra de la Ventana<br \/>\n3,5 mm en Villa Ventana<br \/>\n7 mm en Calqu\u00edn.<br \/>\n4 mm en Tornquist.<br \/>\n8 mm en Pig\u00fc\u00e9<br \/>\n7 mm en San Eloy<br \/>\n9 mm en El Pantanoso<br \/>\n18 mm en Espartillar<br \/>\n9 mm en Saavedra<br \/>\n10 mm en Huanguel\u00e9n<br \/>\n10 mm en Pasman<br \/>\n9 mm en Cura Malal<br \/>\n9 mm en Coronel Su\u00e1rez<\/p>\n","protected":false},"excerpt":{"rendered":"<p>mm en El PantaLa zona serrana tuvo precipitaciones durante la madrugada que alcanzaron\u00a0 5 mm en Sierra de la Ventana.<\/p>\n","protected":false},"author":3,"featured_media":67263,"comment_status":"closed","ping_status":"closed","sticky":false,"template":"","format":"standard","meta":{"footnotes":""},"categories":[46],"tags":[48],"class_list":["post-95955","post","type-post","status-publish","format-standard","has-post-thumbnail","hentry","category-ciencia-y-tecnologia","tag-destacada"],"yoast_head":"<!-- This site is optimized with the Yoast SEO plugin v25.9 - https:\/\/yoast.com\/wordpress\/plugins\/seo\/ -->\n<title>Amanecer con lluvias en la comarca y la zona - Noticias Radio Reflejos<\/title>\n<meta name=\"robots\" content=\"index, follow, max-snippet:-1, max-image-preview:large, max-video-preview:-1\" \/>\n<link rel=\"canonical\" href=\"https:\/\/www.noticiasradioreflejos.com.ar\/2021\/amanecer-con-lluvias-en-la-comarca-y-la-zona\/\" \/>\n<meta property=\"og:locale\" content=\"es_ES\" \/>\n<meta property=\"og:type\" content=\"article\" \/>\n<meta property=\"og:title\" content=\"Amanecer con lluvias en la comarca y la zona - Noticias Radio Reflejos\" \/>\n<meta property=\"og:description\" content=\"mm en El PantaLa zona serrana tuvo precipitaciones durante la madrugada que alcanzaron\u00a0 5 mm en Sierra de la Ventana.\" \/>\n<meta property=\"og:url\" content=\"https:\/\/www.noticiasradioreflejos.com.ar\/2021\/amanecer-con-lluvias-en-la-comarca-y-la-zona\/\" \/>\n<meta property=\"og:site_name\" content=\"Noticias Radio Reflejos\" \/>\n<meta property=\"article:published_time\" content=\"2023-12-01T11:12:21+00:00\" \/>\n<meta property=\"og:image\" content=\"https:\/\/www.noticiasradioreflejos.com.ar\/2021\/wp-content\/uploads\/2022\/01\/Av-Roca-con-lluvias.jpg\" \/>\n\t<meta property=\"og:image:width\" content=\"2048\" \/>\n\t<meta property=\"og:image:height\" content=\"1365\" \/>\n\t<meta property=\"og:image:type\" content=\"image\/jpeg\" \/>\n<meta name=\"author\" content=\"Arnaldo Botto\" \/>\n<meta name=\"twitter:card\" content=\"summary_large_image\" \/>\n<script type=\"application\/ld+json\" class=\"yoast-schema-graph\">{\"@context\":\"https:\/\/schema.org\",\"@graph\":[{\"@type\":\"WebPage\",\"@id\":\"https:\/\/www.noticiasradioreflejos.com.ar\/2021\/amanecer-con-lluvias-en-la-comarca-y-la-zona\/\",\"url\":\"https:\/\/www.noticiasradioreflejos.com.ar\/2021\/amanecer-con-lluvias-en-la-comarca-y-la-zona\/\",\"name\":\"Amanecer con lluvias en la comarca y la zona - Noticias Radio Reflejos\",\"isPartOf\":{\"@id\":\"https:\/\/www.noticiasradioreflejos.com.ar\/2021\/#website\"},\"primaryImageOfPage\":{\"@id\":\"https:\/\/www.noticiasradioreflejos.com.ar\/2021\/amanecer-con-lluvias-en-la-comarca-y-la-zona\/#primaryimage\"},\"image\":{\"@id\":\"https:\/\/www.noticiasradioreflejos.com.ar\/2021\/amanecer-con-lluvias-en-la-comarca-y-la-zona\/#primaryimage\"},\"thumbnailUrl\":\"https:\/\/www.noticiasradioreflejos.com.ar\/2021\/wp-content\/uploads\/2022\/01\/Av-Roca-con-lluvias.jpg\",\"datePublished\":\"2023-12-01T11:12:21+00:00\",\"author\":{\"@id\":\"https:\/\/www.noticiasradioreflejos.com.ar\/2021\/#\/schema\/person\/ad82545263dcc5ec0996818884fd5fb1\"},\"breadcrumb\":{\"@id\":\"https:\/\/www.noticiasradioreflejos.com.ar\/2021\/amanecer-con-lluvias-en-la-comarca-y-la-zona\/#breadcrumb\"},\"inLanguage\":\"es\",\"potentialAction\":[{\"@type\":\"ReadAction\",\"target\":[\"https:\/\/www.noticiasradioreflejos.com.ar\/2021\/amanecer-con-lluvias-en-la-comarca-y-la-zona\/\"]}]},{\"@type\":\"ImageObject\",\"inLanguage\":\"es\",\"@id\":\"https:\/\/www.noticiasradioreflejos.com.ar\/2021\/amanecer-con-lluvias-en-la-comarca-y-la-zona\/#primaryimage\",\"url\":\"https:\/\/www.noticiasradioreflejos.com.ar\/2021\/wp-content\/uploads\/2022\/01\/Av-Roca-con-lluvias.jpg\",\"contentUrl\":\"https:\/\/www.noticiasradioreflejos.com.ar\/2021\/wp-content\/uploads\/2022\/01\/Av-Roca-con-lluvias.jpg\",\"width\":2048,\"height\":1365},{\"@type\":\"BreadcrumbList\",\"@id\":\"https:\/\/www.noticiasradioreflejos.com.ar\/2021\/amanecer-con-lluvias-en-la-comarca-y-la-zona\/#breadcrumb\",\"itemListElement\":[{\"@type\":\"ListItem\",\"position\":1,\"name\":\"Portada\",\"item\":\"https:\/\/www.noticiasradioreflejos.com.ar\/2021\/\"},{\"@type\":\"ListItem\",\"position\":2,\"name\":\"Amanecer con lluvias en la comarca y la zona\"}]},{\"@type\":\"WebSite\",\"@id\":\"https:\/\/www.noticiasradioreflejos.com.ar\/2021\/#website\",\"url\":\"https:\/\/www.noticiasradioreflejos.com.ar\/2021\/\",\"name\":\"Noticias Radio Reflejos\",\"description\":\"Las noticias de mi comarca\",\"potentialAction\":[{\"@type\":\"SearchAction\",\"target\":{\"@type\":\"EntryPoint\",\"urlTemplate\":\"https:\/\/www.noticiasradioreflejos.com.ar\/2021\/?s={search_term_string}\"},\"query-input\":{\"@type\":\"PropertyValueSpecification\",\"valueRequired\":true,\"valueName\":\"search_term_string\"}}],\"inLanguage\":\"es\"},{\"@type\":\"Person\",\"@id\":\"https:\/\/www.noticiasradioreflejos.com.ar\/2021\/#\/schema\/person\/ad82545263dcc5ec0996818884fd5fb1\",\"name\":\"Arnaldo Botto\",\"image\":{\"@type\":\"ImageObject\",\"inLanguage\":\"es\",\"@id\":\"https:\/\/www.noticiasradioreflejos.com.ar\/2021\/#\/schema\/person\/image\/\",\"url\":\"https:\/\/secure.gravatar.com\/avatar\/55cb5e37c1efa326397366e6974cb338056df65cb50e7d64d1cf314e87504837?s=96&d=mm&r=g\",\"contentUrl\":\"https:\/\/secure.gravatar.com\/avatar\/55cb5e37c1efa326397366e6974cb338056df65cb50e7d64d1cf314e87504837?s=96&d=mm&r=g\",\"caption\":\"Arnaldo Botto\"},\"url\":\"https:\/\/www.noticiasradioreflejos.com.ar\/2021\/author\/arnaldo\/\"}]}<\/script>\n<!-- \/ Yoast SEO plugin. -->","yoast_head_json":{"title":"Amanecer con lluvias en la comarca y la zona - Noticias Radio Reflejos","robots":{"index":"index","follow":"follow","max-snippet":"max-snippet:-1","max-image-preview":"max-image-preview:large","max-video-preview":"max-video-preview:-1"},"canonical":"https:\/\/www.noticiasradioreflejos.com.ar\/2021\/amanecer-con-lluvias-en-la-comarca-y-la-zona\/","og_locale":"es_ES","og_type":"article","og_title":"Amanecer con lluvias en la comarca y la zona - Noticias Radio Reflejos","og_description":"mm en El PantaLa zona serrana tuvo precipitaciones durante la madrugada que alcanzaron\u00a0 5 mm en Sierra de la Ventana.","og_url":"https:\/\/www.noticiasradioreflejos.com.ar\/2021\/amanecer-con-lluvias-en-la-comarca-y-la-zona\/","og_site_name":"Noticias Radio Reflejos","article_published_time":"2023-12-01T11:12:21+00:00","og_image":[{"width":2048,"height":1365,"url":"https:\/\/www.noticiasradioreflejos.com.ar\/2021\/wp-content\/uploads\/2022\/01\/Av-Roca-con-lluvias.jpg","type":"image\/jpeg"}],"author":"Arnaldo Botto","twitter_card":"summary_large_image","schema":{"@context":"https:\/\/schema.org","@graph":[{"@type":"WebPage","@id":"https:\/\/www.noticiasradioreflejos.com.ar\/2021\/amanecer-con-lluvias-en-la-comarca-y-la-zona\/","url":"https:\/\/www.noticiasradioreflejos.com.ar\/2021\/amanecer-con-lluvias-en-la-comarca-y-la-zona\/","name":"Amanecer con lluvias en la comarca y la zona - Noticias Radio Reflejos","isPartOf":{"@id":"https:\/\/www.noticiasradioreflejos.com.ar\/2021\/#website"},"primaryImageOfPage":{"@id":"https:\/\/www.noticiasradioreflejos.com.ar\/2021\/amanecer-con-lluvias-en-la-comarca-y-la-zona\/#primaryimage"},"image":{"@id":"https:\/\/www.noticiasradioreflejos.com.ar\/2021\/amanecer-con-lluvias-en-la-comarca-y-la-zona\/#primaryimage"},"thumbnailUrl":"https:\/\/www.noticiasradioreflejos.com.ar\/2021\/wp-content\/uploads\/2022\/01\/Av-Roca-con-lluvias.jpg","datePublished":"2023-12-01T11:12:21+00:00","author":{"@id":"https:\/\/www.noticiasradioreflejos.com.ar\/2021\/#\/schema\/person\/ad82545263dcc5ec0996818884fd5fb1"},"breadcrumb":{"@id":"https:\/\/www.noticiasradioreflejos.com.ar\/2021\/amanecer-con-lluvias-en-la-comarca-y-la-zona\/#breadcrumb"},"inLanguage":"es","potentialAction":[{"@type":"ReadAction","target":["https:\/\/www.noticiasradioreflejos.com.ar\/2021\/amanecer-con-lluvias-en-la-comarca-y-la-zona\/"]}]},{"@type":"ImageObject","inLanguage":"es","@id":"https:\/\/www.noticiasradioreflejos.com.ar\/2021\/amanecer-con-lluvias-en-la-comarca-y-la-zona\/#primaryimage","url":"https:\/\/www.noticiasradioreflejos.com.ar\/2021\/wp-content\/uploads\/2022\/01\/Av-Roca-con-lluvias.jpg","contentUrl":"https:\/\/www.noticiasradioreflejos.com.ar\/2021\/wp-content\/uploads\/2022\/01\/Av-Roca-con-lluvias.jpg","width":2048,"height":1365},{"@type":"BreadcrumbList","@id":"https:\/\/www.noticiasradioreflejos.com.ar\/2021\/amanecer-con-lluvias-en-la-comarca-y-la-zona\/#breadcrumb","itemListElement":[{"@type":"ListItem","position":1,"name":"Portada","item":"https:\/\/www.noticiasradioreflejos.com.ar\/2021\/"},{"@type":"ListItem","position":2,"name":"Amanecer con lluvias en la comarca y la zona"}]},{"@type":"WebSite","@id":"https:\/\/www.noticiasradioreflejos.com.ar\/2021\/#website","url":"https:\/\/www.noticiasradioreflejos.com.ar\/2021\/","name":"Noticias Radio Reflejos","description":"Las noticias de mi comarca","potentialAction":[{"@type":"SearchAction","target":{"@type":"EntryPoint","urlTemplate":"https:\/\/www.noticiasradioreflejos.com.ar\/2021\/?s={search_term_string}"},"query-input":{"@type":"PropertyValueSpecification","valueRequired":true,"valueName":"search_term_string"}}],"inLanguage":"es"},{"@type":"Person","@id":"https:\/\/www.noticiasradioreflejos.com.ar\/2021\/#\/schema\/person\/ad82545263dcc5ec0996818884fd5fb1","name":"Arnaldo Botto","image":{"@type":"ImageObject","inLanguage":"es","@id":"https:\/\/www.noticiasradioreflejos.com.ar\/2021\/#\/schema\/person\/image\/","url":"https:\/\/secure.gravatar.com\/avatar\/55cb5e37c1efa326397366e6974cb338056df65cb50e7d64d1cf314e87504837?s=96&d=mm&r=g","contentUrl":"https:\/\/secure.gravatar.com\/avatar\/55cb5e37c1efa326397366e6974cb338056df65cb50e7d64d1cf314e87504837?s=96&d=mm&r=g","caption":"Arnaldo Botto"},"url":"https:\/\/www.noticiasradioreflejos.com.ar\/2021\/author\/arnaldo\/"}]}},"_links":{"self":[{"href":"https:\/\/www.noticiasradioreflejos.com.ar\/2021\/wp-json\/wp\/v2\/posts\/95955","targetHints":{"allow":["GET"]}}],"collection":[{"href":"https:\/\/www.noticiasradioreflejos.com.ar\/2021\/wp-json\/wp\/v2\/posts"}],"about":[{"href":"https:\/\/www.noticiasradioreflejos.com.ar\/2021\/wp-json\/wp\/v2\/types\/post"}],"author":[{"embeddable":true,"href":"https:\/\/www.noticiasradioreflejos.com.ar\/2021\/wp-json\/wp\/v2\/users\/3"}],"replies":[{"embeddable":true,"href":"https:\/\/www.noticiasradioreflejos.com.ar\/2021\/wp-json\/wp\/v2\/comments?post=95955"}],"version-history":[{"count":1,"href":"https:\/\/www.noticiasradioreflejos.com.ar\/2021\/wp-json\/wp\/v2\/posts\/95955\/revisions"}],"predecessor-version":[{"id":95956,"href":"https:\/\/www.noticiasradioreflejos.com.ar\/2021\/wp-json\/wp\/v2\/posts\/95955\/revisions\/95956"}],"wp:featuredmedia":[{"embeddable":true,"href":"https:\/\/www.noticiasradioreflejos.com.ar\/2021\/wp-json\/wp\/v2\/media\/67263"}],"wp:attachment":[{"href":"https:\/\/www.noticiasradioreflejos.com.ar\/2021\/wp-json\/wp\/v2\/media?parent=95955"}],"wp:term":[{"taxonomy":"category","embeddable":true,"href":"https:\/\/www.noticiasradioreflejos.com.ar\/2021\/wp-json\/wp\/v2\/categories?post=95955"},{"taxonomy":"post_tag","embeddable":true,"href":"https:\/\/www.noticiasradioreflejos.com.ar\/2021\/wp-json\/wp\/v2\/tags?post=95955"}],"curies":[{"name":"wp","href":"https:\/\/api.w.org\/{rel}","templated":true}]}}