{"id":95683,"date":"2023-11-24T10:57:28","date_gmt":"2023-11-24T10:57:28","guid":{"rendered":"https:\/\/www.noticiasradioreflejos.com.ar\/2021\/?p=95683"},"modified":"2023-11-24T10:57:28","modified_gmt":"2023-11-24T10:57:28","slug":"25-de-noviembre-dia-internacional-de-la-no-violencia-contra-la-mujer","status":"publish","type":"post","link":"https:\/\/www.noticiasradioreflejos.com.ar\/2021\/25-de-noviembre-dia-internacional-de-la-no-violencia-contra-la-mujer\/","title":{"rendered":"25 de Noviembre: \u201cDia internacional de la no violencia contra la mujer\u201d"},"content":{"rendered":"<p style=\"font-weight: 400;\">La Resoluci\u00f3n 48\/104 adoptada en 1993 por la Asamblea General de las Naciones Unidas para la Eliminaci\u00f3n de la Violencia contra la Mujer define este tipo de violencia como \u00abtodo acto de violencia basado en la pertenencia al sexo femenino que tenga o pueda tener como resultado un da\u00f1o o sufrimiento f\u00edsico, sexual o psicol\u00f3gico para la mujer, as\u00ed como las amenazas de tales actos, la coacci\u00f3n o la privaci\u00f3n arbitraria de la libertad, tanto si se producen en la vida p\u00fablica como en la vida privada\u00bb.<!--more--><\/p>\n<p style=\"font-weight: 400;\">El Encuentro Feminista Latinoamericano y del Caribe realizado en Bogot\u00e1 en el a\u00f1o 1981 fue el primer paso para lograr que en 1999 la Asamblea General proclamara el 25 de noviembre como el D\u00eda Internacional de la Eliminaci\u00f3n de la Violencia contra la Mujer en homenaje a las hermanas Patria, Minerva y Mar\u00eda Teresa Mirabal conocidas como Las Mariposas que, el 25 de noviembre de 1960, fueron brutalmente asesinadas por ser mujeres y activistas luchando por sus derechos contra el dictador dominicano Rafael Le\u00f3nidas Trujillo (1930-1961).<\/p>\n<p style=\"font-weight: 400;\">En la Argentina, la Ley 26.485\/09 de Protecci\u00f3n Integral a las Mujeres,\u00a0 para prevenir, sancionar y erradicar la violencia contra las mujeres en los \u00e1mbitos en los que desarrollen sus relaciones interpersonales, es una herramienta fundamental en la lucha contra las violencias.<\/p>\n<p style=\"font-weight: 400;\">En el Consejo de las Mujeres Tornquist, cada 25 de noviembre, reafirmamos nuestra militancia en el feminismo popular, nuestra convicci\u00f3n de que la igualdad de g\u00e9nero s\u00f3lo es posible con justicia social y un estado presente que ampl\u00eda y defiende nuestros derechos adquiridos y, tambi\u00e9n, convocamos a la participaci\u00f3n de todos los sectores de la comunidad en la transformaci\u00f3n de las reglas sociales que tiendan a la erradicaci\u00f3n de la discriminaci\u00f3n y las m\u00faltiples formas de violencia\u00a0por razones de g\u00e9nero.<\/p>\n<p style=\"font-weight: 400;\">En la democracia que venimos construyendo desde hace 40 a\u00f1os, todos somos parte de la soluci\u00f3n. El derecho a una vida libre de violencia es un Derecho Humano.<\/p>\n","protected":false},"excerpt":{"rendered":"<p>La Resoluci\u00f3n 48\/104 adoptada en 1993 por la Asamblea General de las Naciones Unidas para la Eliminaci\u00f3n de la Violencia contra la Mujer define este tipo de violencia como \u00abtodo acto de violencia basado en la pertenencia al sexo femenino que tenga o pueda tener como resultado un da\u00f1o o sufrimiento f\u00edsico, sexual o psicol\u00f3gico [&hellip;]<\/p>\n","protected":false},"author":3,"featured_media":0,"comment_status":"closed","ping_status":"closed","sticky":false,"template":"","format":"standard","meta":{"footnotes":""},"categories":[24],"tags":[],"class_list":["post-95683","post","type-post","status-publish","format-standard","hentry","category-politica"],"yoast_head":"<!-- This site is optimized with the Yoast SEO plugin v25.9 - https:\/\/yoast.com\/wordpress\/plugins\/seo\/ -->\n<title>25 de Noviembre: \u201cDia internacional de la no violencia contra la mujer\u201d - Noticias Radio Reflejos<\/title>\n<meta name=\"robots\" content=\"index, follow, max-snippet:-1, max-image-preview:large, max-video-preview:-1\" \/>\n<link rel=\"canonical\" href=\"https:\/\/www.noticiasradioreflejos.com.ar\/2021\/25-de-noviembre-dia-internacional-de-la-no-violencia-contra-la-mujer\/\" \/>\n<meta property=\"og:locale\" content=\"es_ES\" \/>\n<meta property=\"og:type\" content=\"article\" \/>\n<meta property=\"og:title\" content=\"25 de Noviembre: \u201cDia internacional de la no violencia contra la mujer\u201d - Noticias Radio Reflejos\" \/>\n<meta property=\"og:description\" content=\"La Resoluci\u00f3n 48\/104 adoptada en 1993 por la Asamblea General de las Naciones Unidas para la Eliminaci\u00f3n de la Violencia contra la Mujer define este tipo de violencia como \u00abtodo acto de violencia basado en la pertenencia al sexo femenino que tenga o pueda tener como resultado un da\u00f1o o sufrimiento f\u00edsico, sexual o psicol\u00f3gico [&hellip;]\" \/>\n<meta property=\"og:url\" content=\"https:\/\/www.noticiasradioreflejos.com.ar\/2021\/25-de-noviembre-dia-internacional-de-la-no-violencia-contra-la-mujer\/\" \/>\n<meta property=\"og:site_name\" content=\"Noticias Radio Reflejos\" \/>\n<meta property=\"article:published_time\" content=\"2023-11-24T10:57:28+00:00\" \/>\n<meta property=\"og:image\" content=\"https:\/\/www.noticiasradioreflejos.com.ar\/2021\/wp-content\/uploads\/2021\/07\/logosol300x200.png\" \/>\n\t<meta property=\"og:image:width\" content=\"300\" \/>\n\t<meta property=\"og:image:height\" content=\"200\" \/>\n\t<meta property=\"og:image:type\" content=\"image\/png\" \/>\n<meta name=\"author\" content=\"Arnaldo Botto\" \/>\n<meta name=\"twitter:card\" content=\"summary_large_image\" \/>\n<script type=\"application\/ld+json\" class=\"yoast-schema-graph\">{\"@context\":\"https:\/\/schema.org\",\"@graph\":[{\"@type\":\"WebPage\",\"@id\":\"https:\/\/www.noticiasradioreflejos.com.ar\/2021\/25-de-noviembre-dia-internacional-de-la-no-violencia-contra-la-mujer\/\",\"url\":\"https:\/\/www.noticiasradioreflejos.com.ar\/2021\/25-de-noviembre-dia-internacional-de-la-no-violencia-contra-la-mujer\/\",\"name\":\"25 de Noviembre: \u201cDia internacional de la no violencia contra la mujer\u201d - Noticias Radio Reflejos\",\"isPartOf\":{\"@id\":\"https:\/\/www.noticiasradioreflejos.com.ar\/2021\/#website\"},\"datePublished\":\"2023-11-24T10:57:28+00:00\",\"author\":{\"@id\":\"https:\/\/www.noticiasradioreflejos.com.ar\/2021\/#\/schema\/person\/ad82545263dcc5ec0996818884fd5fb1\"},\"breadcrumb\":{\"@id\":\"https:\/\/www.noticiasradioreflejos.com.ar\/2021\/25-de-noviembre-dia-internacional-de-la-no-violencia-contra-la-mujer\/#breadcrumb\"},\"inLanguage\":\"es\",\"potentialAction\":[{\"@type\":\"ReadAction\",\"target\":[\"https:\/\/www.noticiasradioreflejos.com.ar\/2021\/25-de-noviembre-dia-internacional-de-la-no-violencia-contra-la-mujer\/\"]}]},{\"@type\":\"BreadcrumbList\",\"@id\":\"https:\/\/www.noticiasradioreflejos.com.ar\/2021\/25-de-noviembre-dia-internacional-de-la-no-violencia-contra-la-mujer\/#breadcrumb\",\"itemListElement\":[{\"@type\":\"ListItem\",\"position\":1,\"name\":\"Portada\",\"item\":\"https:\/\/www.noticiasradioreflejos.com.ar\/2021\/\"},{\"@type\":\"ListItem\",\"position\":2,\"name\":\"25 de Noviembre: \u201cDia internacional de la no violencia contra la mujer\u201d\"}]},{\"@type\":\"WebSite\",\"@id\":\"https:\/\/www.noticiasradioreflejos.com.ar\/2021\/#website\",\"url\":\"https:\/\/www.noticiasradioreflejos.com.ar\/2021\/\",\"name\":\"Noticias Radio Reflejos\",\"description\":\"Las noticias de mi comarca\",\"potentialAction\":[{\"@type\":\"SearchAction\",\"target\":{\"@type\":\"EntryPoint\",\"urlTemplate\":\"https:\/\/www.noticiasradioreflejos.com.ar\/2021\/?s={search_term_string}\"},\"query-input\":{\"@type\":\"PropertyValueSpecification\",\"valueRequired\":true,\"valueName\":\"search_term_string\"}}],\"inLanguage\":\"es\"},{\"@type\":\"Person\",\"@id\":\"https:\/\/www.noticiasradioreflejos.com.ar\/2021\/#\/schema\/person\/ad82545263dcc5ec0996818884fd5fb1\",\"name\":\"Arnaldo Botto\",\"image\":{\"@type\":\"ImageObject\",\"inLanguage\":\"es\",\"@id\":\"https:\/\/www.noticiasradioreflejos.com.ar\/2021\/#\/schema\/person\/image\/\",\"url\":\"https:\/\/secure.gravatar.com\/avatar\/55cb5e37c1efa326397366e6974cb338056df65cb50e7d64d1cf314e87504837?s=96&d=mm&r=g\",\"contentUrl\":\"https:\/\/secure.gravatar.com\/avatar\/55cb5e37c1efa326397366e6974cb338056df65cb50e7d64d1cf314e87504837?s=96&d=mm&r=g\",\"caption\":\"Arnaldo Botto\"},\"url\":\"https:\/\/www.noticiasradioreflejos.com.ar\/2021\/author\/arnaldo\/\"}]}<\/script>\n<!-- \/ Yoast SEO plugin. -->","yoast_head_json":{"title":"25 de Noviembre: \u201cDia internacional de la no violencia contra la mujer\u201d - Noticias Radio Reflejos","robots":{"index":"index","follow":"follow","max-snippet":"max-snippet:-1","max-image-preview":"max-image-preview:large","max-video-preview":"max-video-preview:-1"},"canonical":"https:\/\/www.noticiasradioreflejos.com.ar\/2021\/25-de-noviembre-dia-internacional-de-la-no-violencia-contra-la-mujer\/","og_locale":"es_ES","og_type":"article","og_title":"25 de Noviembre: \u201cDia internacional de la no violencia contra la mujer\u201d - Noticias Radio Reflejos","og_description":"La Resoluci\u00f3n 48\/104 adoptada en 1993 por la Asamblea General de las Naciones Unidas para la Eliminaci\u00f3n de la Violencia contra la Mujer define este tipo de violencia como \u00abtodo acto de violencia basado en la pertenencia al sexo femenino que tenga o pueda tener como resultado un da\u00f1o o sufrimiento f\u00edsico, sexual o psicol\u00f3gico [&hellip;]","og_url":"https:\/\/www.noticiasradioreflejos.com.ar\/2021\/25-de-noviembre-dia-internacional-de-la-no-violencia-contra-la-mujer\/","og_site_name":"Noticias Radio Reflejos","article_published_time":"2023-11-24T10:57:28+00:00","og_image":[{"width":300,"height":200,"url":"https:\/\/www.noticiasradioreflejos.com.ar\/2021\/wp-content\/uploads\/2021\/07\/logosol300x200.png","type":"image\/png"}],"author":"Arnaldo Botto","twitter_card":"summary_large_image","schema":{"@context":"https:\/\/schema.org","@graph":[{"@type":"WebPage","@id":"https:\/\/www.noticiasradioreflejos.com.ar\/2021\/25-de-noviembre-dia-internacional-de-la-no-violencia-contra-la-mujer\/","url":"https:\/\/www.noticiasradioreflejos.com.ar\/2021\/25-de-noviembre-dia-internacional-de-la-no-violencia-contra-la-mujer\/","name":"25 de Noviembre: \u201cDia internacional de la no violencia contra la mujer\u201d - Noticias Radio Reflejos","isPartOf":{"@id":"https:\/\/www.noticiasradioreflejos.com.ar\/2021\/#website"},"datePublished":"2023-11-24T10:57:28+00:00","author":{"@id":"https:\/\/www.noticiasradioreflejos.com.ar\/2021\/#\/schema\/person\/ad82545263dcc5ec0996818884fd5fb1"},"breadcrumb":{"@id":"https:\/\/www.noticiasradioreflejos.com.ar\/2021\/25-de-noviembre-dia-internacional-de-la-no-violencia-contra-la-mujer\/#breadcrumb"},"inLanguage":"es","potentialAction":[{"@type":"ReadAction","target":["https:\/\/www.noticiasradioreflejos.com.ar\/2021\/25-de-noviembre-dia-internacional-de-la-no-violencia-contra-la-mujer\/"]}]},{"@type":"BreadcrumbList","@id":"https:\/\/www.noticiasradioreflejos.com.ar\/2021\/25-de-noviembre-dia-internacional-de-la-no-violencia-contra-la-mujer\/#breadcrumb","itemListElement":[{"@type":"ListItem","position":1,"name":"Portada","item":"https:\/\/www.noticiasradioreflejos.com.ar\/2021\/"},{"@type":"ListItem","position":2,"name":"25 de Noviembre: \u201cDia internacional de la no violencia contra la mujer\u201d"}]},{"@type":"WebSite","@id":"https:\/\/www.noticiasradioreflejos.com.ar\/2021\/#website","url":"https:\/\/www.noticiasradioreflejos.com.ar\/2021\/","name":"Noticias Radio Reflejos","description":"Las noticias de mi comarca","potentialAction":[{"@type":"SearchAction","target":{"@type":"EntryPoint","urlTemplate":"https:\/\/www.noticiasradioreflejos.com.ar\/2021\/?s={search_term_string}"},"query-input":{"@type":"PropertyValueSpecification","valueRequired":true,"valueName":"search_term_string"}}],"inLanguage":"es"},{"@type":"Person","@id":"https:\/\/www.noticiasradioreflejos.com.ar\/2021\/#\/schema\/person\/ad82545263dcc5ec0996818884fd5fb1","name":"Arnaldo Botto","image":{"@type":"ImageObject","inLanguage":"es","@id":"https:\/\/www.noticiasradioreflejos.com.ar\/2021\/#\/schema\/person\/image\/","url":"https:\/\/secure.gravatar.com\/avatar\/55cb5e37c1efa326397366e6974cb338056df65cb50e7d64d1cf314e87504837?s=96&d=mm&r=g","contentUrl":"https:\/\/secure.gravatar.com\/avatar\/55cb5e37c1efa326397366e6974cb338056df65cb50e7d64d1cf314e87504837?s=96&d=mm&r=g","caption":"Arnaldo Botto"},"url":"https:\/\/www.noticiasradioreflejos.com.ar\/2021\/author\/arnaldo\/"}]}},"_links":{"self":[{"href":"https:\/\/www.noticiasradioreflejos.com.ar\/2021\/wp-json\/wp\/v2\/posts\/95683","targetHints":{"allow":["GET"]}}],"collection":[{"href":"https:\/\/www.noticiasradioreflejos.com.ar\/2021\/wp-json\/wp\/v2\/posts"}],"about":[{"href":"https:\/\/www.noticiasradioreflejos.com.ar\/2021\/wp-json\/wp\/v2\/types\/post"}],"author":[{"embeddable":true,"href":"https:\/\/www.noticiasradioreflejos.com.ar\/2021\/wp-json\/wp\/v2\/users\/3"}],"replies":[{"embeddable":true,"href":"https:\/\/www.noticiasradioreflejos.com.ar\/2021\/wp-json\/wp\/v2\/comments?post=95683"}],"version-history":[{"count":1,"href":"https:\/\/www.noticiasradioreflejos.com.ar\/2021\/wp-json\/wp\/v2\/posts\/95683\/revisions"}],"predecessor-version":[{"id":95685,"href":"https:\/\/www.noticiasradioreflejos.com.ar\/2021\/wp-json\/wp\/v2\/posts\/95683\/revisions\/95685"}],"wp:attachment":[{"href":"https:\/\/www.noticiasradioreflejos.com.ar\/2021\/wp-json\/wp\/v2\/media?parent=95683"}],"wp:term":[{"taxonomy":"category","embeddable":true,"href":"https:\/\/www.noticiasradioreflejos.com.ar\/2021\/wp-json\/wp\/v2\/categories?post=95683"},{"taxonomy":"post_tag","embeddable":true,"href":"https:\/\/www.noticiasradioreflejos.com.ar\/2021\/wp-json\/wp\/v2\/tags?post=95683"}],"curies":[{"name":"wp","href":"https:\/\/api.w.org\/{rel}","templated":true}]}}