{"id":95673,"date":"2023-11-23T19:45:42","date_gmt":"2023-11-23T19:45:42","guid":{"rendered":"https:\/\/www.noticiasradioreflejos.com.ar\/2021\/?p=95673"},"modified":"2023-11-23T19:45:42","modified_gmt":"2023-11-23T19:45:42","slug":"di-maria-confirmo-que-contra-brasil-fue-su-ultimo-partido-por-eliminatorias","status":"publish","type":"post","link":"https:\/\/www.noticiasradioreflejos.com.ar\/2021\/di-maria-confirmo-que-contra-brasil-fue-su-ultimo-partido-por-eliminatorias\/","title":{"rendered":"Di Mar\u00eda confirm\u00f3 que contra Brasil fue su \u00faltimo partido por Eliminatorias"},"content":{"rendered":"<p>El jugador de Benfica de Portugal\u00a0cerr\u00f3 su etapa en clasificatorias mundialistas y se convirti\u00f3 en el segundo jugador con m\u00e1s partidos disputados, con 52, s\u00f3lo por detr\u00e1s del capit\u00e1n Lionel Messi que tiene 65.<!--more--><\/p>\n<div class=\"paragraph\">\n<figure class=\"mb-3\"><img decoding=\"async\" class=\" lazy \" src=\"https:\/\/www.telam.com.ar\/thumbs\/bluesteel\/advf\/imagenes\/2023\/11\/655fa14eefc6f_1200.jpg\" alt=\"Foto Alfredo Luna\" width=\"100%\" height=\"100%\" \/><figcaption><em>Foto: Alfredo Luna.<\/em><\/figcaption><\/figure>\n<p>\u00c1ngel Di Mar\u00eda, referente e \u00eddolo del seleccionado argentino, confirm\u00f3 este jueves con un sentido mensaje en redes sociales que contra Brasil fue su \u00faltimo partido por Eliminatorias sudamericanas y ratific\u00f3 que se despedir\u00e1 despu\u00e9s de la Copa Am\u00e9rica.<\/p>\n<p>\u00abBueno, lleg\u00f3 el \u00faltimo partido de eliminatorias para m\u00ed\u00bb, expres\u00f3 \u00abFideo\u00bb en el inicio del texto que public\u00f3 en su cuenta oficial de Instagram.<\/p>\n<p>\u00ab<strong>No puedo expresar con palabras lo que me llena el alma la ovaci\u00f3n de la gente en este \u00faltimo tiempo, disfruto cada segundo de ese cari\u00f1o y el de mis compa\u00f1eros, ellos, mis amigos, sin ellos esta historia no tendr\u00eda el mismo sentido.<\/strong>\u00a0El cari\u00f1o de cada uno de ellos hizo que tambi\u00e9n hoy fuera quien soy\u00bb, continu\u00f3 el autor de los goles m\u00e1s importantes de la \u00abScaloneta\u00bb.<\/p>\n<p>En medio del mensaje de despedida, Di Mar\u00eda tambi\u00e9n repudi\u00f3 los hechos de violencia que se produjeron en la previa del hist\u00f3rico triunfo del seleccionado argentino ante Brasil.<\/p>\n<p>\u00abLastimosamente no podemos dejar pasar los hechos que surgieron en el estadio, nadie merece ese maltrato ni los golpes. Familias y ni\u00f1os asustados en medio de un estadio donde lo \u00fanico que deber\u00eda haber pasado es ver y disfrutar un partido dentro de lo que es folclore del f\u00fatbol. Ojal\u00e1 no vuelvan a pasar este tipo de cosas. Nosotros como jugadores siempre siempre vamos a defender a nuestra gente sin duda alguna\u00bb, afirm\u00f3 el rosarino.<\/p>\n<blockquote class=\"instagram-media\" data-instgrm-captioned=\"\" data-instgrm-permalink=\"https:\/\/www.instagram.com\/p\/Cz_qSfjtL8u\/?utm_source=ig_embed&amp;utm_campaign=loading\" data-instgrm-version=\"14\">\n<div>\n<div>\n<div><\/div>\n<div>\n<div><\/div>\n<div><\/div>\n<\/div>\n<\/div>\n<div><\/div>\n<div><\/div>\n<div>\n<div>Ver esta publicaci\u00f3n en Instagram<\/div>\n<\/div>\n<div><\/div>\n<div>\n<div>\n<div><\/div>\n<div><\/div>\n<div><\/div>\n<\/div>\n<div>\n<div><\/div>\n<div><\/div>\n<\/div>\n<div>\n<div><\/div>\n<div><\/div>\n<div><\/div>\n<\/div>\n<\/div>\n<div>\n<div><\/div>\n<div><\/div>\n<\/div>\n<p><a href=\"https:\/\/www.instagram.com\/p\/Cz_qSfjtL8u\/?utm_source=ig_embed&amp;utm_campaign=loading\" target=\"_blank\" rel=\"noopener\">Una publicaci\u00f3n compartida de A\u0301ngel Di Mari\u0301a (@angeldimariajm)<\/a><\/p>\n<\/div>\n<\/blockquote>\n<p>\u00ab<strong>La Copa Am\u00e9rica ser\u00e1 la \u00faltima vez que vista la camiseta Argentina, con todo el dolor del alma y sintiendo un nudo en la garganta<\/strong>\u00a0me despido de lo m\u00e1s hermoso que me pas\u00f3 en mi carrera: vestirla, sudarla y SENTIRLA con todo el orgullo\u00bb, remarc\u00f3.<\/p>\n<p>\u00ab<strong>Gracias hinchada, gracias familia, gracias amigos y compa\u00f1eros de selecci\u00f3n,<\/strong>\u00a0seguimos haciendo historia y eso quedar\u00e1 por toda la eternidad \u00a1Vamos Argentina carajo!\u00bb, cerr\u00f3 Di Mar\u00eda desde Portugal, luego de participar de la \u00faltima doble fecha del a\u00f1o ante Uruguay, en La Bombonera, y contra Brasil en el estadio Maracan\u00e1.<\/p>\n<p>Di Mar\u00eda cerr\u00f3 su etapa en Eliminatorias sudamericanas como el segundo jugador con m\u00e1s partidos jugados (52) solo por detr\u00e1s del capit\u00e1n Lionel Messi (65).<\/p>\n<p>Adem\u00e1s, en \u00e9sta competencia, el zurdo convirti\u00f3 8 goles y aport\u00f3 11 asistencias.<\/p>\n<p><strong>El campe\u00f3n de Am\u00e9rica, Finalissima y del Mundo cerrar\u00e1 su ciclo en el seleccionado argentino en la Copa Am\u00e9rica de Estados Unidos<\/strong>\u00a0que se disputar\u00e1 del 20 de junio al 14 de julio del 2024.<\/p>\n<\/div>\n","protected":false},"excerpt":{"rendered":"<p>El jugador de Benfica de Portugal\u00a0cerr\u00f3 su etapa en clasificatorias mundialistas y se convirti\u00f3 en el segundo jugador con m\u00e1s partidos disputados, con 52, s\u00f3lo por detr\u00e1s del capit\u00e1n Lionel Messi que tiene 65.<\/p>\n","protected":false},"author":3,"featured_media":0,"comment_status":"closed","ping_status":"closed","sticky":false,"template":"","format":"standard","meta":{"footnotes":""},"categories":[27],"tags":[],"class_list":["post-95673","post","type-post","status-publish","format-standard","hentry","category-deportes"],"yoast_head":"<!-- This site is optimized with the Yoast SEO plugin v25.9 - https:\/\/yoast.com\/wordpress\/plugins\/seo\/ -->\n<title>Di Mar\u00eda confirm\u00f3 que contra Brasil fue su \u00faltimo partido por Eliminatorias - Noticias Radio Reflejos<\/title>\n<meta name=\"robots\" content=\"index, follow, max-snippet:-1, max-image-preview:large, max-video-preview:-1\" \/>\n<link rel=\"canonical\" href=\"https:\/\/www.noticiasradioreflejos.com.ar\/2021\/di-maria-confirmo-que-contra-brasil-fue-su-ultimo-partido-por-eliminatorias\/\" \/>\n<meta property=\"og:locale\" content=\"es_ES\" \/>\n<meta property=\"og:type\" content=\"article\" \/>\n<meta property=\"og:title\" content=\"Di Mar\u00eda confirm\u00f3 que contra Brasil fue su \u00faltimo partido por Eliminatorias - Noticias Radio Reflejos\" \/>\n<meta property=\"og:description\" content=\"El jugador de Benfica de Portugal\u00a0cerr\u00f3 su etapa en clasificatorias mundialistas y se convirti\u00f3 en el segundo jugador con m\u00e1s partidos disputados, con 52, s\u00f3lo por detr\u00e1s del capit\u00e1n Lionel Messi que tiene 65.\" \/>\n<meta property=\"og:url\" content=\"https:\/\/www.noticiasradioreflejos.com.ar\/2021\/di-maria-confirmo-que-contra-brasil-fue-su-ultimo-partido-por-eliminatorias\/\" \/>\n<meta property=\"og:site_name\" content=\"Noticias Radio Reflejos\" \/>\n<meta property=\"article:published_time\" content=\"2023-11-23T19:45:42+00:00\" \/>\n<meta property=\"og:image\" content=\"https:\/\/www.telam.com.ar\/thumbs\/bluesteel\/advf\/imagenes\/2023\/11\/655fa14eefc6f_1200.jpg\" \/>\n<meta name=\"author\" content=\"Arnaldo Botto\" \/>\n<meta name=\"twitter:card\" content=\"summary_large_image\" \/>\n<script type=\"application\/ld+json\" class=\"yoast-schema-graph\">{\"@context\":\"https:\/\/schema.org\",\"@graph\":[{\"@type\":\"WebPage\",\"@id\":\"https:\/\/www.noticiasradioreflejos.com.ar\/2021\/di-maria-confirmo-que-contra-brasil-fue-su-ultimo-partido-por-eliminatorias\/\",\"url\":\"https:\/\/www.noticiasradioreflejos.com.ar\/2021\/di-maria-confirmo-que-contra-brasil-fue-su-ultimo-partido-por-eliminatorias\/\",\"name\":\"Di Mar\u00eda confirm\u00f3 que contra Brasil fue su \u00faltimo partido por Eliminatorias - Noticias Radio Reflejos\",\"isPartOf\":{\"@id\":\"https:\/\/www.noticiasradioreflejos.com.ar\/2021\/#website\"},\"primaryImageOfPage\":{\"@id\":\"https:\/\/www.noticiasradioreflejos.com.ar\/2021\/di-maria-confirmo-que-contra-brasil-fue-su-ultimo-partido-por-eliminatorias\/#primaryimage\"},\"image\":{\"@id\":\"https:\/\/www.noticiasradioreflejos.com.ar\/2021\/di-maria-confirmo-que-contra-brasil-fue-su-ultimo-partido-por-eliminatorias\/#primaryimage\"},\"thumbnailUrl\":\"https:\/\/www.telam.com.ar\/thumbs\/bluesteel\/advf\/imagenes\/2023\/11\/655fa14eefc6f_1200.jpg\",\"datePublished\":\"2023-11-23T19:45:42+00:00\",\"author\":{\"@id\":\"https:\/\/www.noticiasradioreflejos.com.ar\/2021\/#\/schema\/person\/ad82545263dcc5ec0996818884fd5fb1\"},\"breadcrumb\":{\"@id\":\"https:\/\/www.noticiasradioreflejos.com.ar\/2021\/di-maria-confirmo-que-contra-brasil-fue-su-ultimo-partido-por-eliminatorias\/#breadcrumb\"},\"inLanguage\":\"es\",\"potentialAction\":[{\"@type\":\"ReadAction\",\"target\":[\"https:\/\/www.noticiasradioreflejos.com.ar\/2021\/di-maria-confirmo-que-contra-brasil-fue-su-ultimo-partido-por-eliminatorias\/\"]}]},{\"@type\":\"ImageObject\",\"inLanguage\":\"es\",\"@id\":\"https:\/\/www.noticiasradioreflejos.com.ar\/2021\/di-maria-confirmo-que-contra-brasil-fue-su-ultimo-partido-por-eliminatorias\/#primaryimage\",\"url\":\"https:\/\/www.telam.com.ar\/thumbs\/bluesteel\/advf\/imagenes\/2023\/11\/655fa14eefc6f_1200.jpg\",\"contentUrl\":\"https:\/\/www.telam.com.ar\/thumbs\/bluesteel\/advf\/imagenes\/2023\/11\/655fa14eefc6f_1200.jpg\"},{\"@type\":\"BreadcrumbList\",\"@id\":\"https:\/\/www.noticiasradioreflejos.com.ar\/2021\/di-maria-confirmo-que-contra-brasil-fue-su-ultimo-partido-por-eliminatorias\/#breadcrumb\",\"itemListElement\":[{\"@type\":\"ListItem\",\"position\":1,\"name\":\"Portada\",\"item\":\"https:\/\/www.noticiasradioreflejos.com.ar\/2021\/\"},{\"@type\":\"ListItem\",\"position\":2,\"name\":\"Di Mar\u00eda confirm\u00f3 que contra Brasil fue su \u00faltimo partido por Eliminatorias\"}]},{\"@type\":\"WebSite\",\"@id\":\"https:\/\/www.noticiasradioreflejos.com.ar\/2021\/#website\",\"url\":\"https:\/\/www.noticiasradioreflejos.com.ar\/2021\/\",\"name\":\"Noticias Radio Reflejos\",\"description\":\"Las noticias de mi comarca\",\"potentialAction\":[{\"@type\":\"SearchAction\",\"target\":{\"@type\":\"EntryPoint\",\"urlTemplate\":\"https:\/\/www.noticiasradioreflejos.com.ar\/2021\/?s={search_term_string}\"},\"query-input\":{\"@type\":\"PropertyValueSpecification\",\"valueRequired\":true,\"valueName\":\"search_term_string\"}}],\"inLanguage\":\"es\"},{\"@type\":\"Person\",\"@id\":\"https:\/\/www.noticiasradioreflejos.com.ar\/2021\/#\/schema\/person\/ad82545263dcc5ec0996818884fd5fb1\",\"name\":\"Arnaldo Botto\",\"image\":{\"@type\":\"ImageObject\",\"inLanguage\":\"es\",\"@id\":\"https:\/\/www.noticiasradioreflejos.com.ar\/2021\/#\/schema\/person\/image\/\",\"url\":\"https:\/\/secure.gravatar.com\/avatar\/55cb5e37c1efa326397366e6974cb338056df65cb50e7d64d1cf314e87504837?s=96&d=mm&r=g\",\"contentUrl\":\"https:\/\/secure.gravatar.com\/avatar\/55cb5e37c1efa326397366e6974cb338056df65cb50e7d64d1cf314e87504837?s=96&d=mm&r=g\",\"caption\":\"Arnaldo Botto\"},\"url\":\"https:\/\/www.noticiasradioreflejos.com.ar\/2021\/author\/arnaldo\/\"}]}<\/script>\n<!-- \/ Yoast SEO plugin. -->","yoast_head_json":{"title":"Di Mar\u00eda confirm\u00f3 que contra Brasil fue su \u00faltimo partido por Eliminatorias - Noticias Radio Reflejos","robots":{"index":"index","follow":"follow","max-snippet":"max-snippet:-1","max-image-preview":"max-image-preview:large","max-video-preview":"max-video-preview:-1"},"canonical":"https:\/\/www.noticiasradioreflejos.com.ar\/2021\/di-maria-confirmo-que-contra-brasil-fue-su-ultimo-partido-por-eliminatorias\/","og_locale":"es_ES","og_type":"article","og_title":"Di Mar\u00eda confirm\u00f3 que contra Brasil fue su \u00faltimo partido por Eliminatorias - Noticias Radio Reflejos","og_description":"El jugador de Benfica de Portugal\u00a0cerr\u00f3 su etapa en clasificatorias mundialistas y se convirti\u00f3 en el segundo jugador con m\u00e1s partidos disputados, con 52, s\u00f3lo por detr\u00e1s del capit\u00e1n Lionel Messi que tiene 65.","og_url":"https:\/\/www.noticiasradioreflejos.com.ar\/2021\/di-maria-confirmo-que-contra-brasil-fue-su-ultimo-partido-por-eliminatorias\/","og_site_name":"Noticias Radio Reflejos","article_published_time":"2023-11-23T19:45:42+00:00","og_image":[{"url":"https:\/\/www.telam.com.ar\/thumbs\/bluesteel\/advf\/imagenes\/2023\/11\/655fa14eefc6f_1200.jpg","type":"","width":"","height":""}],"author":"Arnaldo Botto","twitter_card":"summary_large_image","schema":{"@context":"https:\/\/schema.org","@graph":[{"@type":"WebPage","@id":"https:\/\/www.noticiasradioreflejos.com.ar\/2021\/di-maria-confirmo-que-contra-brasil-fue-su-ultimo-partido-por-eliminatorias\/","url":"https:\/\/www.noticiasradioreflejos.com.ar\/2021\/di-maria-confirmo-que-contra-brasil-fue-su-ultimo-partido-por-eliminatorias\/","name":"Di Mar\u00eda confirm\u00f3 que contra Brasil fue su \u00faltimo partido por Eliminatorias - Noticias Radio Reflejos","isPartOf":{"@id":"https:\/\/www.noticiasradioreflejos.com.ar\/2021\/#website"},"primaryImageOfPage":{"@id":"https:\/\/www.noticiasradioreflejos.com.ar\/2021\/di-maria-confirmo-que-contra-brasil-fue-su-ultimo-partido-por-eliminatorias\/#primaryimage"},"image":{"@id":"https:\/\/www.noticiasradioreflejos.com.ar\/2021\/di-maria-confirmo-que-contra-brasil-fue-su-ultimo-partido-por-eliminatorias\/#primaryimage"},"thumbnailUrl":"https:\/\/www.telam.com.ar\/thumbs\/bluesteel\/advf\/imagenes\/2023\/11\/655fa14eefc6f_1200.jpg","datePublished":"2023-11-23T19:45:42+00:00","author":{"@id":"https:\/\/www.noticiasradioreflejos.com.ar\/2021\/#\/schema\/person\/ad82545263dcc5ec0996818884fd5fb1"},"breadcrumb":{"@id":"https:\/\/www.noticiasradioreflejos.com.ar\/2021\/di-maria-confirmo-que-contra-brasil-fue-su-ultimo-partido-por-eliminatorias\/#breadcrumb"},"inLanguage":"es","potentialAction":[{"@type":"ReadAction","target":["https:\/\/www.noticiasradioreflejos.com.ar\/2021\/di-maria-confirmo-que-contra-brasil-fue-su-ultimo-partido-por-eliminatorias\/"]}]},{"@type":"ImageObject","inLanguage":"es","@id":"https:\/\/www.noticiasradioreflejos.com.ar\/2021\/di-maria-confirmo-que-contra-brasil-fue-su-ultimo-partido-por-eliminatorias\/#primaryimage","url":"https:\/\/www.telam.com.ar\/thumbs\/bluesteel\/advf\/imagenes\/2023\/11\/655fa14eefc6f_1200.jpg","contentUrl":"https:\/\/www.telam.com.ar\/thumbs\/bluesteel\/advf\/imagenes\/2023\/11\/655fa14eefc6f_1200.jpg"},{"@type":"BreadcrumbList","@id":"https:\/\/www.noticiasradioreflejos.com.ar\/2021\/di-maria-confirmo-que-contra-brasil-fue-su-ultimo-partido-por-eliminatorias\/#breadcrumb","itemListElement":[{"@type":"ListItem","position":1,"name":"Portada","item":"https:\/\/www.noticiasradioreflejos.com.ar\/2021\/"},{"@type":"ListItem","position":2,"name":"Di Mar\u00eda confirm\u00f3 que contra Brasil fue su \u00faltimo partido por Eliminatorias"}]},{"@type":"WebSite","@id":"https:\/\/www.noticiasradioreflejos.com.ar\/2021\/#website","url":"https:\/\/www.noticiasradioreflejos.com.ar\/2021\/","name":"Noticias Radio Reflejos","description":"Las noticias de mi comarca","potentialAction":[{"@type":"SearchAction","target":{"@type":"EntryPoint","urlTemplate":"https:\/\/www.noticiasradioreflejos.com.ar\/2021\/?s={search_term_string}"},"query-input":{"@type":"PropertyValueSpecification","valueRequired":true,"valueName":"search_term_string"}}],"inLanguage":"es"},{"@type":"Person","@id":"https:\/\/www.noticiasradioreflejos.com.ar\/2021\/#\/schema\/person\/ad82545263dcc5ec0996818884fd5fb1","name":"Arnaldo Botto","image":{"@type":"ImageObject","inLanguage":"es","@id":"https:\/\/www.noticiasradioreflejos.com.ar\/2021\/#\/schema\/person\/image\/","url":"https:\/\/secure.gravatar.com\/avatar\/55cb5e37c1efa326397366e6974cb338056df65cb50e7d64d1cf314e87504837?s=96&d=mm&r=g","contentUrl":"https:\/\/secure.gravatar.com\/avatar\/55cb5e37c1efa326397366e6974cb338056df65cb50e7d64d1cf314e87504837?s=96&d=mm&r=g","caption":"Arnaldo Botto"},"url":"https:\/\/www.noticiasradioreflejos.com.ar\/2021\/author\/arnaldo\/"}]}},"_links":{"self":[{"href":"https:\/\/www.noticiasradioreflejos.com.ar\/2021\/wp-json\/wp\/v2\/posts\/95673","targetHints":{"allow":["GET"]}}],"collection":[{"href":"https:\/\/www.noticiasradioreflejos.com.ar\/2021\/wp-json\/wp\/v2\/posts"}],"about":[{"href":"https:\/\/www.noticiasradioreflejos.com.ar\/2021\/wp-json\/wp\/v2\/types\/post"}],"author":[{"embeddable":true,"href":"https:\/\/www.noticiasradioreflejos.com.ar\/2021\/wp-json\/wp\/v2\/users\/3"}],"replies":[{"embeddable":true,"href":"https:\/\/www.noticiasradioreflejos.com.ar\/2021\/wp-json\/wp\/v2\/comments?post=95673"}],"version-history":[{"count":1,"href":"https:\/\/www.noticiasradioreflejos.com.ar\/2021\/wp-json\/wp\/v2\/posts\/95673\/revisions"}],"predecessor-version":[{"id":95675,"href":"https:\/\/www.noticiasradioreflejos.com.ar\/2021\/wp-json\/wp\/v2\/posts\/95673\/revisions\/95675"}],"wp:attachment":[{"href":"https:\/\/www.noticiasradioreflejos.com.ar\/2021\/wp-json\/wp\/v2\/media?parent=95673"}],"wp:term":[{"taxonomy":"category","embeddable":true,"href":"https:\/\/www.noticiasradioreflejos.com.ar\/2021\/wp-json\/wp\/v2\/categories?post=95673"},{"taxonomy":"post_tag","embeddable":true,"href":"https:\/\/www.noticiasradioreflejos.com.ar\/2021\/wp-json\/wp\/v2\/tags?post=95673"}],"curies":[{"name":"wp","href":"https:\/\/api.w.org\/{rel}","templated":true}]}}