{"id":95670,"date":"2023-11-23T19:40:53","date_gmt":"2023-11-23T19:40:53","guid":{"rendered":"https:\/\/www.noticiasradioreflejos.com.ar\/2021\/?p=95670"},"modified":"2023-11-23T19:42:10","modified_gmt":"2023-11-23T19:42:10","slug":"milei-se-reunio-con-sus-equipos-tecnicos-y-viajara-a-eeuu-en-las-proximas-horas","status":"publish","type":"post","link":"https:\/\/www.noticiasradioreflejos.com.ar\/2021\/milei-se-reunio-con-sus-equipos-tecnicos-y-viajara-a-eeuu-en-las-proximas-horas\/","title":{"rendered":"Milei se reuni\u00f3 con sus equipos t\u00e9cnicos y viajar\u00e1 a EEUU en las pr\u00f3ximas horas"},"content":{"rendered":"<p>\u00abTengo planeado viajar a Estados Unidos, a Nueva York, es una cuesti\u00f3n espiritual. Voy a ir donde rezaba el rebe\u00bb, anunci\u00f3 el presidente electo. Ser\u00e1 una estad\u00eda corta ya que la semana pr\u00f3xima debe estar en Buenos Aires para asumir.<!--more--><\/p>\n<div>\n<div class=\"wrapper-editable-content\">\n<div>\n<div class=\"container-md\">\n<div class=\"row\">\n<div class=\"col-md-12 speak\">\n<div class=\"paragraph\">\n<figure class=\"mb-3\"><img decoding=\"async\" class=\" lazy \" src=\"https:\/\/www.telam.com.ar\/thumbs\/bluesteel\/advf\/imagenes\/2023\/11\/655f5958573a2_1200.jpg\" alt=\"Foto Daniel Davobe\" width=\"100%\" height=\"100%\" \/><em>Foto: Daniel Davobe.<\/em><\/figure>\n<\/div>\n<\/div>\n<\/div>\n<\/div>\n<\/div>\n<\/div>\n<\/div>\n<p>El presidente electo Javier Milei mantuvo la ma\u00f1ana de este jueves reuniones con sus equipos t\u00e9cnicos y partir\u00e1 en las pr\u00f3ximas horas a Estados Unidos en el marco de \u00abun viaje espiritual\u00bb, tal como lo defini\u00f3 la noche del mi\u00e9rcoles.<\/p>\n<p>Desde la oficina del presidente electo se inform\u00f3 que Milei\u00a0<strong>se reuni\u00f3\u00a0<\/strong>la ma\u00f1ana de este jueves en el hotel Libertador<strong>\u00a0con sus \u00abequipos t\u00e9cnicos\u00bb y estuvo acompa\u00f1ado por los dirigentes que integrar\u00e1n su gabinete Nicol\u00e1s Posse (Jefatura de Gabinete), Diana Mondino (Canciller\u00eda), Guillermo Francos (Ministerio del Interior) y su hermana Karina Milei.<\/strong><\/p>\n<p>Asimismo, la oficina confirm\u00f3 -a trav\u00e9s de una publicaci\u00f3n en su cuenta de la plataforma X- que el presidente electo recibi\u00f3 la noche de este mi\u00e9rcoles\u00a0<a href=\"https:\/\/www.telam.com.ar\/notas\/202311\/647493-donald-trump-milei-estados-unidos-elecciones.html\" target=\"_blank\" rel=\"noopener\">el llamado del exmandatario de Estados Unidos, Donald Trump, quien lo felicit\u00f3<\/a>\u00a0y se\u00f1al\u00f3 que \u00abel triunfo por amplia diferencia en la elecci\u00f3n del domingo pasado tuvo gran impacto a nivel mundial\u00bb<\/p>\n<p>Indicaron tambi\u00e9n que\u00a0<strong>Trump \u00abanticip\u00f3 que viajar\u00e1 a la Ciudad de Buenos Aires para reunirse\u00bb con Milei<\/strong>, pero no se precis\u00f3 si lo har\u00e1 el 10 de diciembre, para participar de la asunci\u00f3n del mandatario electo.<\/p>\n<p>Seg\u00fan informaron desde La Libertad Avanza,\u00a0<strong>el contacto del presidente electo con el expresidente estadounidense se realiz\u00f3 gracias a la conexi\u00f3n realizada por Eduardo Bolsonaro<\/strong>, hijo del expresidente brasile\u00f1o Jair Bolsonaro.<\/p>\n<p>Adem\u00e1s, seg\u00fan indicaron voceros de La Libertad Avanza (LLA) a esta agencia, el economista mantuvo tambi\u00e9n una reuni\u00f3n informal de 15 minutos en el Hotel Libertador con el gobernador de Salta\u00a0<strong>Gustavo Sa\u00e9nz<\/strong>.<\/p>\n<h2 class=\"\">La asamblea que lo proclamar\u00e1 Presidente<\/h2>\n<p>Por otra parte, Milei viajar\u00eda en las pr\u00f3ximas horas a los Estados Unidos, pero ser\u00e1\u00a0<strong>una estad\u00eda corta ya que la semana pr\u00f3xima debe estar en Buenos Aires para participar -junto a Victoria Villarruel- de la Asamblea Legislativa\u00a0<\/strong>que los proclamar\u00e1 como Presidente y Vicepresidente de la Naci\u00f3n.<\/p>\n<p>La asamblea est\u00e1 prevista para el\u00a0<strong>mi\u00e9rcoles 29<\/strong>, aunque no se descarta que pueda realizarse el martes 28, ya que depende de cu\u00e1ndo termine el escrutinio definitivo, informaron\u00a0 fuentes parlamentarias.<\/p>\n<p><strong>\u00abTengo planeado viajar a Estados Unidos, a Nueva York, es una cuesti\u00f3n espiritual. Voy a ir donde rezaba el rebe\u00bb<\/strong>, cont\u00f3 la noche de este mi\u00e9rcoles Milei en declaraciones al programa \u00abA dos Voces\u00bb de Todo Noticias (TN).<\/p>\n<p>Se trata de la tumba del rabino Menachem Mendel Schneerson, conocido como\u00a0<strong>\u201cel rebe de Lubavitch\u201d\u00a0<\/strong>y considerado milagroso, que se encuentra en Queens, Nueva York, a donde Milei ya hab\u00eda viajado antes de las PASO de agosto.<\/p>\n<p>Milei tambi\u00e9n dijo que, ya como presidente en ejercicio viajar\u00e1 a Israel, y\u00a0<strong>-si el papa Francisco lo \u00abacepta ir\u00e9 a visitarlo a Roma\u00bb.<\/strong><\/p>\n<p>\u00abNo lo habl\u00e9 con el Papa, pero lo vamos a intentar, veremos como podemos enlazar los viajes para pasar y manifestarle las cosas que le manifest\u00e9 por tel\u00e9fono en vivo\u00bb, agreg\u00f3 el libertario, tras el llamado telef\u00f3nico que recibi\u00f3 esta semana de parte de Jorge Bergoglio.<\/p>\n<p>Por su parte, la diputada electa y futura canciller Mondino dijo que la agenda de Milei continuar\u00e1 con \u00abcontactos internacionales\u00bb y\u00a0<strong>se\u00f1al\u00f3 que el viaje a Estados Unidos del presidente electo es por razones \u00abenteramente personales\u00bb<\/strong>.<\/p>\n<p><strong>\u00abEntre las prioridades est\u00e1 un convenio entre la Uni\u00f3n Europea y el Mercosur. Debemos analizar las relaciones de Argentina con muchos pa\u00edses\u00bb<\/strong>, expres\u00f3 Mondino desde la puerta del Hotel Libertador, ubicado en avenida C\u00f3rdoba 690.<\/p>\n","protected":false},"excerpt":{"rendered":"<p>\u00abTengo planeado viajar a Estados Unidos, a Nueva York, es una cuesti\u00f3n espiritual. Voy a ir donde rezaba el rebe\u00bb, anunci\u00f3 el presidente electo. Ser\u00e1 una estad\u00eda corta ya que la semana pr\u00f3xima debe estar en Buenos Aires para asumir.<\/p>\n","protected":false},"author":3,"featured_media":0,"comment_status":"closed","ping_status":"closed","sticky":false,"template":"","format":"standard","meta":{"footnotes":""},"categories":[36,24],"tags":[],"class_list":["post-95670","post","type-post","status-publish","format-standard","hentry","category-economia","category-politica"],"yoast_head":"<!-- This site is optimized with the Yoast SEO plugin v25.9 - https:\/\/yoast.com\/wordpress\/plugins\/seo\/ -->\n<title>Milei se reuni\u00f3 con sus equipos t\u00e9cnicos y viajar\u00e1 a EEUU en las pr\u00f3ximas horas - Noticias Radio Reflejos<\/title>\n<meta name=\"robots\" content=\"index, follow, max-snippet:-1, max-image-preview:large, max-video-preview:-1\" \/>\n<link rel=\"canonical\" href=\"https:\/\/www.noticiasradioreflejos.com.ar\/2021\/milei-se-reunio-con-sus-equipos-tecnicos-y-viajara-a-eeuu-en-las-proximas-horas\/\" \/>\n<meta property=\"og:locale\" content=\"es_ES\" \/>\n<meta property=\"og:type\" content=\"article\" \/>\n<meta property=\"og:title\" content=\"Milei se reuni\u00f3 con sus equipos t\u00e9cnicos y viajar\u00e1 a EEUU en las pr\u00f3ximas horas - Noticias Radio Reflejos\" \/>\n<meta property=\"og:description\" content=\"\u00abTengo planeado viajar a Estados Unidos, a Nueva York, es una cuesti\u00f3n espiritual. Voy a ir donde rezaba el rebe\u00bb, anunci\u00f3 el presidente electo. Ser\u00e1 una estad\u00eda corta ya que la semana pr\u00f3xima debe estar en Buenos Aires para asumir.\" \/>\n<meta property=\"og:url\" content=\"https:\/\/www.noticiasradioreflejos.com.ar\/2021\/milei-se-reunio-con-sus-equipos-tecnicos-y-viajara-a-eeuu-en-las-proximas-horas\/\" \/>\n<meta property=\"og:site_name\" content=\"Noticias Radio Reflejos\" \/>\n<meta property=\"article:published_time\" content=\"2023-11-23T19:40:53+00:00\" \/>\n<meta property=\"article:modified_time\" content=\"2023-11-23T19:42:10+00:00\" \/>\n<meta property=\"og:image\" content=\"https:\/\/www.telam.com.ar\/thumbs\/bluesteel\/advf\/imagenes\/2023\/11\/655f5958573a2_1200.jpg\" \/>\n<meta name=\"author\" content=\"Arnaldo Botto\" \/>\n<meta name=\"twitter:card\" content=\"summary_large_image\" \/>\n<script type=\"application\/ld+json\" class=\"yoast-schema-graph\">{\"@context\":\"https:\/\/schema.org\",\"@graph\":[{\"@type\":\"WebPage\",\"@id\":\"https:\/\/www.noticiasradioreflejos.com.ar\/2021\/milei-se-reunio-con-sus-equipos-tecnicos-y-viajara-a-eeuu-en-las-proximas-horas\/\",\"url\":\"https:\/\/www.noticiasradioreflejos.com.ar\/2021\/milei-se-reunio-con-sus-equipos-tecnicos-y-viajara-a-eeuu-en-las-proximas-horas\/\",\"name\":\"Milei se reuni\u00f3 con sus equipos t\u00e9cnicos y viajar\u00e1 a EEUU en las pr\u00f3ximas horas - Noticias Radio Reflejos\",\"isPartOf\":{\"@id\":\"https:\/\/www.noticiasradioreflejos.com.ar\/2021\/#website\"},\"primaryImageOfPage\":{\"@id\":\"https:\/\/www.noticiasradioreflejos.com.ar\/2021\/milei-se-reunio-con-sus-equipos-tecnicos-y-viajara-a-eeuu-en-las-proximas-horas\/#primaryimage\"},\"image\":{\"@id\":\"https:\/\/www.noticiasradioreflejos.com.ar\/2021\/milei-se-reunio-con-sus-equipos-tecnicos-y-viajara-a-eeuu-en-las-proximas-horas\/#primaryimage\"},\"thumbnailUrl\":\"https:\/\/www.telam.com.ar\/thumbs\/bluesteel\/advf\/imagenes\/2023\/11\/655f5958573a2_1200.jpg\",\"datePublished\":\"2023-11-23T19:40:53+00:00\",\"dateModified\":\"2023-11-23T19:42:10+00:00\",\"author\":{\"@id\":\"https:\/\/www.noticiasradioreflejos.com.ar\/2021\/#\/schema\/person\/ad82545263dcc5ec0996818884fd5fb1\"},\"breadcrumb\":{\"@id\":\"https:\/\/www.noticiasradioreflejos.com.ar\/2021\/milei-se-reunio-con-sus-equipos-tecnicos-y-viajara-a-eeuu-en-las-proximas-horas\/#breadcrumb\"},\"inLanguage\":\"es\",\"potentialAction\":[{\"@type\":\"ReadAction\",\"target\":[\"https:\/\/www.noticiasradioreflejos.com.ar\/2021\/milei-se-reunio-con-sus-equipos-tecnicos-y-viajara-a-eeuu-en-las-proximas-horas\/\"]}]},{\"@type\":\"ImageObject\",\"inLanguage\":\"es\",\"@id\":\"https:\/\/www.noticiasradioreflejos.com.ar\/2021\/milei-se-reunio-con-sus-equipos-tecnicos-y-viajara-a-eeuu-en-las-proximas-horas\/#primaryimage\",\"url\":\"https:\/\/www.telam.com.ar\/thumbs\/bluesteel\/advf\/imagenes\/2023\/11\/655f5958573a2_1200.jpg\",\"contentUrl\":\"https:\/\/www.telam.com.ar\/thumbs\/bluesteel\/advf\/imagenes\/2023\/11\/655f5958573a2_1200.jpg\"},{\"@type\":\"BreadcrumbList\",\"@id\":\"https:\/\/www.noticiasradioreflejos.com.ar\/2021\/milei-se-reunio-con-sus-equipos-tecnicos-y-viajara-a-eeuu-en-las-proximas-horas\/#breadcrumb\",\"itemListElement\":[{\"@type\":\"ListItem\",\"position\":1,\"name\":\"Portada\",\"item\":\"https:\/\/www.noticiasradioreflejos.com.ar\/2021\/\"},{\"@type\":\"ListItem\",\"position\":2,\"name\":\"Milei se reuni\u00f3 con sus equipos t\u00e9cnicos y viajar\u00e1 a EEUU en las pr\u00f3ximas horas\"}]},{\"@type\":\"WebSite\",\"@id\":\"https:\/\/www.noticiasradioreflejos.com.ar\/2021\/#website\",\"url\":\"https:\/\/www.noticiasradioreflejos.com.ar\/2021\/\",\"name\":\"Noticias Radio Reflejos\",\"description\":\"Las noticias de mi comarca\",\"potentialAction\":[{\"@type\":\"SearchAction\",\"target\":{\"@type\":\"EntryPoint\",\"urlTemplate\":\"https:\/\/www.noticiasradioreflejos.com.ar\/2021\/?s={search_term_string}\"},\"query-input\":{\"@type\":\"PropertyValueSpecification\",\"valueRequired\":true,\"valueName\":\"search_term_string\"}}],\"inLanguage\":\"es\"},{\"@type\":\"Person\",\"@id\":\"https:\/\/www.noticiasradioreflejos.com.ar\/2021\/#\/schema\/person\/ad82545263dcc5ec0996818884fd5fb1\",\"name\":\"Arnaldo Botto\",\"image\":{\"@type\":\"ImageObject\",\"inLanguage\":\"es\",\"@id\":\"https:\/\/www.noticiasradioreflejos.com.ar\/2021\/#\/schema\/person\/image\/\",\"url\":\"https:\/\/secure.gravatar.com\/avatar\/55cb5e37c1efa326397366e6974cb338056df65cb50e7d64d1cf314e87504837?s=96&d=mm&r=g\",\"contentUrl\":\"https:\/\/secure.gravatar.com\/avatar\/55cb5e37c1efa326397366e6974cb338056df65cb50e7d64d1cf314e87504837?s=96&d=mm&r=g\",\"caption\":\"Arnaldo Botto\"},\"url\":\"https:\/\/www.noticiasradioreflejos.com.ar\/2021\/author\/arnaldo\/\"}]}<\/script>\n<!-- \/ Yoast SEO plugin. -->","yoast_head_json":{"title":"Milei se reuni\u00f3 con sus equipos t\u00e9cnicos y viajar\u00e1 a EEUU en las pr\u00f3ximas horas - Noticias Radio Reflejos","robots":{"index":"index","follow":"follow","max-snippet":"max-snippet:-1","max-image-preview":"max-image-preview:large","max-video-preview":"max-video-preview:-1"},"canonical":"https:\/\/www.noticiasradioreflejos.com.ar\/2021\/milei-se-reunio-con-sus-equipos-tecnicos-y-viajara-a-eeuu-en-las-proximas-horas\/","og_locale":"es_ES","og_type":"article","og_title":"Milei se reuni\u00f3 con sus equipos t\u00e9cnicos y viajar\u00e1 a EEUU en las pr\u00f3ximas horas - Noticias Radio Reflejos","og_description":"\u00abTengo planeado viajar a Estados Unidos, a Nueva York, es una cuesti\u00f3n espiritual. Voy a ir donde rezaba el rebe\u00bb, anunci\u00f3 el presidente electo. Ser\u00e1 una estad\u00eda corta ya que la semana pr\u00f3xima debe estar en Buenos Aires para asumir.","og_url":"https:\/\/www.noticiasradioreflejos.com.ar\/2021\/milei-se-reunio-con-sus-equipos-tecnicos-y-viajara-a-eeuu-en-las-proximas-horas\/","og_site_name":"Noticias Radio Reflejos","article_published_time":"2023-11-23T19:40:53+00:00","article_modified_time":"2023-11-23T19:42:10+00:00","og_image":[{"url":"https:\/\/www.telam.com.ar\/thumbs\/bluesteel\/advf\/imagenes\/2023\/11\/655f5958573a2_1200.jpg","type":"","width":"","height":""}],"author":"Arnaldo Botto","twitter_card":"summary_large_image","schema":{"@context":"https:\/\/schema.org","@graph":[{"@type":"WebPage","@id":"https:\/\/www.noticiasradioreflejos.com.ar\/2021\/milei-se-reunio-con-sus-equipos-tecnicos-y-viajara-a-eeuu-en-las-proximas-horas\/","url":"https:\/\/www.noticiasradioreflejos.com.ar\/2021\/milei-se-reunio-con-sus-equipos-tecnicos-y-viajara-a-eeuu-en-las-proximas-horas\/","name":"Milei se reuni\u00f3 con sus equipos t\u00e9cnicos y viajar\u00e1 a EEUU en las pr\u00f3ximas horas - Noticias Radio Reflejos","isPartOf":{"@id":"https:\/\/www.noticiasradioreflejos.com.ar\/2021\/#website"},"primaryImageOfPage":{"@id":"https:\/\/www.noticiasradioreflejos.com.ar\/2021\/milei-se-reunio-con-sus-equipos-tecnicos-y-viajara-a-eeuu-en-las-proximas-horas\/#primaryimage"},"image":{"@id":"https:\/\/www.noticiasradioreflejos.com.ar\/2021\/milei-se-reunio-con-sus-equipos-tecnicos-y-viajara-a-eeuu-en-las-proximas-horas\/#primaryimage"},"thumbnailUrl":"https:\/\/www.telam.com.ar\/thumbs\/bluesteel\/advf\/imagenes\/2023\/11\/655f5958573a2_1200.jpg","datePublished":"2023-11-23T19:40:53+00:00","dateModified":"2023-11-23T19:42:10+00:00","author":{"@id":"https:\/\/www.noticiasradioreflejos.com.ar\/2021\/#\/schema\/person\/ad82545263dcc5ec0996818884fd5fb1"},"breadcrumb":{"@id":"https:\/\/www.noticiasradioreflejos.com.ar\/2021\/milei-se-reunio-con-sus-equipos-tecnicos-y-viajara-a-eeuu-en-las-proximas-horas\/#breadcrumb"},"inLanguage":"es","potentialAction":[{"@type":"ReadAction","target":["https:\/\/www.noticiasradioreflejos.com.ar\/2021\/milei-se-reunio-con-sus-equipos-tecnicos-y-viajara-a-eeuu-en-las-proximas-horas\/"]}]},{"@type":"ImageObject","inLanguage":"es","@id":"https:\/\/www.noticiasradioreflejos.com.ar\/2021\/milei-se-reunio-con-sus-equipos-tecnicos-y-viajara-a-eeuu-en-las-proximas-horas\/#primaryimage","url":"https:\/\/www.telam.com.ar\/thumbs\/bluesteel\/advf\/imagenes\/2023\/11\/655f5958573a2_1200.jpg","contentUrl":"https:\/\/www.telam.com.ar\/thumbs\/bluesteel\/advf\/imagenes\/2023\/11\/655f5958573a2_1200.jpg"},{"@type":"BreadcrumbList","@id":"https:\/\/www.noticiasradioreflejos.com.ar\/2021\/milei-se-reunio-con-sus-equipos-tecnicos-y-viajara-a-eeuu-en-las-proximas-horas\/#breadcrumb","itemListElement":[{"@type":"ListItem","position":1,"name":"Portada","item":"https:\/\/www.noticiasradioreflejos.com.ar\/2021\/"},{"@type":"ListItem","position":2,"name":"Milei se reuni\u00f3 con sus equipos t\u00e9cnicos y viajar\u00e1 a EEUU en las pr\u00f3ximas horas"}]},{"@type":"WebSite","@id":"https:\/\/www.noticiasradioreflejos.com.ar\/2021\/#website","url":"https:\/\/www.noticiasradioreflejos.com.ar\/2021\/","name":"Noticias Radio Reflejos","description":"Las noticias de mi comarca","potentialAction":[{"@type":"SearchAction","target":{"@type":"EntryPoint","urlTemplate":"https:\/\/www.noticiasradioreflejos.com.ar\/2021\/?s={search_term_string}"},"query-input":{"@type":"PropertyValueSpecification","valueRequired":true,"valueName":"search_term_string"}}],"inLanguage":"es"},{"@type":"Person","@id":"https:\/\/www.noticiasradioreflejos.com.ar\/2021\/#\/schema\/person\/ad82545263dcc5ec0996818884fd5fb1","name":"Arnaldo Botto","image":{"@type":"ImageObject","inLanguage":"es","@id":"https:\/\/www.noticiasradioreflejos.com.ar\/2021\/#\/schema\/person\/image\/","url":"https:\/\/secure.gravatar.com\/avatar\/55cb5e37c1efa326397366e6974cb338056df65cb50e7d64d1cf314e87504837?s=96&d=mm&r=g","contentUrl":"https:\/\/secure.gravatar.com\/avatar\/55cb5e37c1efa326397366e6974cb338056df65cb50e7d64d1cf314e87504837?s=96&d=mm&r=g","caption":"Arnaldo Botto"},"url":"https:\/\/www.noticiasradioreflejos.com.ar\/2021\/author\/arnaldo\/"}]}},"_links":{"self":[{"href":"https:\/\/www.noticiasradioreflejos.com.ar\/2021\/wp-json\/wp\/v2\/posts\/95670","targetHints":{"allow":["GET"]}}],"collection":[{"href":"https:\/\/www.noticiasradioreflejos.com.ar\/2021\/wp-json\/wp\/v2\/posts"}],"about":[{"href":"https:\/\/www.noticiasradioreflejos.com.ar\/2021\/wp-json\/wp\/v2\/types\/post"}],"author":[{"embeddable":true,"href":"https:\/\/www.noticiasradioreflejos.com.ar\/2021\/wp-json\/wp\/v2\/users\/3"}],"replies":[{"embeddable":true,"href":"https:\/\/www.noticiasradioreflejos.com.ar\/2021\/wp-json\/wp\/v2\/comments?post=95670"}],"version-history":[{"count":1,"href":"https:\/\/www.noticiasradioreflejos.com.ar\/2021\/wp-json\/wp\/v2\/posts\/95670\/revisions"}],"predecessor-version":[{"id":95671,"href":"https:\/\/www.noticiasradioreflejos.com.ar\/2021\/wp-json\/wp\/v2\/posts\/95670\/revisions\/95671"}],"wp:attachment":[{"href":"https:\/\/www.noticiasradioreflejos.com.ar\/2021\/wp-json\/wp\/v2\/media?parent=95670"}],"wp:term":[{"taxonomy":"category","embeddable":true,"href":"https:\/\/www.noticiasradioreflejos.com.ar\/2021\/wp-json\/wp\/v2\/categories?post=95670"},{"taxonomy":"post_tag","embeddable":true,"href":"https:\/\/www.noticiasradioreflejos.com.ar\/2021\/wp-json\/wp\/v2\/tags?post=95670"}],"curies":[{"name":"wp","href":"https:\/\/api.w.org\/{rel}","templated":true}]}}